{"id":20595,"date":"2021-09-14T17:03:31","date_gmt":"2021-09-14T20:03:31","guid":{"rendered":"http:\/\/ubanews.com\/site\/?p=20595"},"modified":"2021-09-14T17:03:31","modified_gmt":"2021-09-14T20:03:31","slug":"dores-do-turvo-policia-militar-prende-autor-por-trafico-ilicito-de-drogas","status":"publish","type":"post","link":"https:\/\/ubanews.com\/site\/2021\/09\/14\/dores-do-turvo-policia-militar-prende-autor-por-trafico-ilicito-de-drogas\/","title":{"rendered":"DORES DO TURVO: POL\u00cdCIA MILITAR PRENDE AUTOR POR TR\u00c1FICO IL\u00cdCITO DE DROGAS"},"content":{"rendered":"<p>13\/09\/2021<\/p>\n<p><strong>DORES DO TURVO<\/strong> &#8211; Rua Vereador Levindo Grossi, Centro<\/p>\n<p>Policiais Militares receberam den\u00fancia que um indiv\u00edduo estava comercializando drogas na Rua Vereador Levindo Grossi, Centro.<\/p>\n<p>Foi realizado um monitoramento, e logo ap\u00f3s abordagem, momento em que &nbsp;foram localizados 21 papelotes com subst\u00e2ncia an\u00e1loga \u00e0 coca\u00edna, 01 celular, 01 caderno de anota\u00e7\u00f5es, possivelmente sobre o tr\u00e1fico de drogas, material pl\u00e1stico para dolagem e a quantia de R$ 350,00 em moeda corrente.<\/p>\n<div id=\"metaslider-id-17652\" style=\"max-width: 1000px;\" class=\"ml-slider-3-110-0 metaslider metaslider-nivo metaslider-17652 ml-slider ms-theme-outline\" role=\"region\" aria-label=\"Texto\" data-height=\"200\" data-width=\"1000\">\n    <div id=\"metaslider_container_17652\">\n        <div class='slider-wrapper theme-default'><div class='ribbon'><\/div><div id='metaslider_17652' class='nivoSlider'><\/div><\/div>\n        \n    <\/div>\n<\/div>\n<p>O autor, um homem de 18 anos, foi preso e conduzido para a Delegacia de Pol\u00edcia, assim como os entorpecentes e demais materiais que seguiram apreendidos.<\/p>\n<p><strong>ASSESSORIA DE COMUNICA\u00c7\u00c3O ORGANIZACIONAL<\/strong><br \/>\n<strong>Vig\u00e9simo Primeiro Batalh\u00e3o de Pol\u00edcia Militar<\/strong><\/p>\n<div style=\"width: 840px;\" class=\"wp-video\"><video class=\"wp-video-shortcode\" id=\"video-20595-1\" width=\"840\" height=\"473\" autoplay preload=\"auto\" controls=\"controls\"><source type=\"video\/mp4\" src=\"https:\/\/ubanews.com\/site\/wp-content\/uploads\/2020\/12\/01020002.00_00_53_25.mp4?_=1\" \/><a href=\"https:\/\/ubanews.com\/site\/wp-content\/uploads\/2020\/12\/01020002.00_00_53_25.mp4\">https:\/\/ubanews.com\/site\/wp-content\/uploads\/2020\/12\/01020002.00_00_53_25.mp4<\/a><\/video><\/div>\n","protected":false},"excerpt":{"rendered":"<p>13\/09\/2021 DORES DO TURVO &#8211; Rua Vereador Levindo Grossi, Centro<\/p>\n","protected":false},"author":2,"featured_media":20596,"comment_status":"open","ping_status":"open","sticky":false,"template":"","format":"standard","meta":{"footnotes":""},"categories":[13],"tags":[],"class_list":["post-20595","post","type-post","status-publish","format-standard","has-post-thumbnail","hentry","category-sintese-das-ocorrencias"],"_links":{"self":[{"href":"https:\/\/ubanews.com\/site\/wp-json\/wp\/v2\/posts\/20595","targetHints":{"allow":["GET"]}}],"collection":[{"href":"https:\/\/ubanews.com\/site\/wp-json\/wp\/v2\/posts"}],"about":[{"href":"https:\/\/ubanews.com\/site\/wp-json\/wp\/v2\/types\/post"}],"author":[{"embeddable":true,"href":"https:\/\/ubanews.com\/site\/wp-json\/wp\/v2\/users\/2"}],"replies":[{"embeddable":true,"href":"https:\/\/ubanews.com\/site\/wp-json\/wp\/v2\/comments?post=20595"}],"version-history":[{"count":0,"href":"https:\/\/ubanews.com\/site\/wp-json\/wp\/v2\/posts\/20595\/revisions"}],"wp:featuredmedia":[{"embeddable":true,"href":"https:\/\/ubanews.com\/site\/wp-json\/wp\/v2\/media\/20596"}],"wp:attachment":[{"href":"https:\/\/ubanews.com\/site\/wp-json\/wp\/v2\/media?parent=20595"}],"wp:term":[{"taxonomy":"category","embeddable":true,"href":"https:\/\/ubanews.com\/site\/wp-json\/wp\/v2\/categories?post=20595"},{"taxonomy":"post_tag","embeddable":true,"href":"https:\/\/ubanews.com\/site\/wp-json\/wp\/v2\/tags?post=20595"}],"curies":[{"name":"wp","href":"https:\/\/api.w.org\/{rel}","templated":true}]}}