{"id":20593,"date":"2021-09-13T17:09:25","date_gmt":"2021-09-13T20:09:25","guid":{"rendered":"http:\/\/ubanews.com\/site\/?p=20593"},"modified":"2021-09-13T17:09:25","modified_gmt":"2021-09-13T20:09:25","slug":"vacinometro-adolescentes-acima-de-16-anos-sao-vacinados-em-uba","status":"publish","type":"post","link":"https:\/\/ubanews.com\/site\/2021\/09\/13\/vacinometro-adolescentes-acima-de-16-anos-sao-vacinados-em-uba\/","title":{"rendered":"Vacin\u00f4metro: adolescentes acima de 16 anos s\u00e3o vacinados em Ub\u00e1"},"content":{"rendered":"<div class=\"kvgmc6g5 cxmmr5t8 oygrvhab hcukyx3x c1et5uql ii04i59q\">&nbsp;<\/div>\n<div class=\"o9v6fnle cxmmr5t8 oygrvhab hcukyx3x c1et5uql ii04i59q\">\n<div dir=\"auto\">Ub\u00e1 avan\u00e7a na campanha de imuniza\u00e7\u00e3o contra a Covid-19 e j\u00e1 vacinou adolescentes acima dos 16 anos. Neste s\u00e1bado (11), 780 jovens acima de 16 anos, al\u00e9m de 12 adolescentes de 12 a 17 anos com defici\u00eancia permanente, gestantes e pu\u00e9rperas, foram vacinados com a primeira dose. Na sexta-feira (10), 345 adolescentes de 17 anos e 16 adolescentes de 12 a 17 anos com defici\u00eancia permanente, gestantes e pu\u00e9rperas tamb\u00e9m receberam a primeira dose.<\/div>\n<\/div>\n<div class=\"o9v6fnle cxmmr5t8 oygrvhab hcukyx3x c1et5uql ii04i59q\">\n<div dir=\"auto\">Considerando outras faixas et\u00e1rias, ao todo, 1.388 pessoas compareceram aos pontos de vacina\u00e7\u00e3o para receber a primeira dose neste fim de semana. Com a segunda dose, 1.369 ubaenses completaram o esquema vacinal nesta sexta e s\u00e1bado.<\/div>\n<\/div>\n<div class=\"o9v6fnle cxmmr5t8 oygrvhab hcukyx3x c1et5uql ii04i59q\">\n<div dir=\"auto\">Em Ub\u00e1, at\u00e9 o momento, o p\u00fablico total vacinado com a primeira dose \u00e9 de 72.303 pessoas e o n\u00famero de pessoas vacinadas com a segunda dose ou dose \u00fanica \u00e9 de 37.172. Com isso, a cobertura vacinal em Ub\u00e1 chegou a 62% da popula\u00e7\u00e3o com a primeira dose e 31,8% dos ubaenses com a segunda dose ou dose \u00fanica. O percentual considera a popula\u00e7\u00e3o total do munic\u00edpio, estimada em 116.797 habitantes (IBGE 2020).<\/div>\n<\/div>\n<div dir=\"auto\">&nbsp;<\/div>\n<div dir=\"auto\"><div id=\"metaslider-id-17652\" style=\"max-width: 1000px;\" class=\"ml-slider-3-106-0 metaslider metaslider-nivo metaslider-17652 ml-slider ms-theme-outline\" role=\"region\" aria-label=\"Texto\" data-height=\"200\" data-width=\"1000\">\n    <div id=\"metaslider_container_17652\">\n        <div class='slider-wrapper theme-default'><div class='ribbon'><\/div><div id='metaslider_17652' class='nivoSlider'><\/div><\/div>\n        \n    <\/div>\n<\/div><\/div>\n<div dir=\"auto\">&nbsp;<\/div>\n<div class=\"o9v6fnle cxmmr5t8 oygrvhab hcukyx3x c1et5uql ii04i59q\">\n<div dir=\"auto\">Levando em conta apenas o p\u00fablico acima de 18 anos, estimado em 87.076 habitantes, o total de vacinados com a primeira dose (71.150 pessoas) representa 81,7% dos ubaenses e a popula\u00e7\u00e3o totalmente imunizada contra a Covid chegou a 42,6%, com 34.866 pessoas imunizadas com a segunda dose e 2.306 vacinadas com imunizante de dose \u00fanica.<\/div>\n<\/div>\n<div class=\"o9v6fnle cxmmr5t8 oygrvhab hcukyx3x c1et5uql ii04i59q\">\n<div dir=\"auto\">Desde o in\u00edcio da vacina\u00e7\u00e3o contra Covid-19, em janeiro, foram aplicadas 109.475 doses no munic\u00edpio, levando em conta as primeiras e as segundas doses, al\u00e9m das vacinas de dose \u00fanica.<\/div>\n<\/div>\n<div class=\"o9v6fnle cxmmr5t8 oygrvhab hcukyx3x c1et5uql ii04i59q\">\n<div dir=\"auto\">&nbsp;<\/div>\n<div dir=\"auto\"><strong>Novas doses<\/strong><\/div>\n<\/div>\n<div class=\"o9v6fnle cxmmr5t8 oygrvhab hcukyx3x c1et5uql ii04i59q\">\n<div dir=\"auto\">No dia 07\/09, Ub\u00e1 recebeu mais 1.832 dose de vacina contra a Covid-19. Destas, 1.010 doses s\u00e3o da Astrazeneca e 822 doses s\u00e3o da Pfizer.<\/div>\n<\/div>\n<div dir=\"auto\">&nbsp;<\/div>\n<div dir=\"auto\"><strong>Assessoria de Comunica\u00e7\u00e3o Prefeitura de Ub\u00e1<\/strong><\/div>\n<div dir=\"auto\">&nbsp;<\/div>\n<div dir=\"auto\">\n<div style=\"width: 840px;\" class=\"wp-video\"><video class=\"wp-video-shortcode\" id=\"video-20593-1\" width=\"840\" height=\"473\" autoplay preload=\"auto\" controls=\"controls\"><source type=\"video\/mp4\" src=\"https:\/\/ubanews.com\/site\/wp-content\/uploads\/2020\/12\/01020002.00_00_53_25.mp4?_=1\" \/><a href=\"https:\/\/ubanews.com\/site\/wp-content\/uploads\/2020\/12\/01020002.00_00_53_25.mp4\">https:\/\/ubanews.com\/site\/wp-content\/uploads\/2020\/12\/01020002.00_00_53_25.mp4<\/a><\/video><\/div>\n<\/div>\n","protected":false},"excerpt":{"rendered":"<p>&nbsp; Ub\u00e1 avan\u00e7a na campanha de imuniza\u00e7\u00e3o contra a Covid-19<\/p>\n","protected":false},"author":2,"featured_media":19572,"comment_status":"open","ping_status":"open","sticky":false,"template":"","format":"standard","meta":{"footnotes":""},"categories":[15],"tags":[],"class_list":["post-20593","post","type-post","status-publish","format-standard","has-post-thumbnail","hentry","category-prefeitura-municipal"],"yoast_head":"<!-- This site is optimized with the Yoast SEO plugin v27.2 - https:\/\/yoast.com\/product\/yoast-seo-wordpress\/ -->\n<title>Vacin\u00f4metro: adolescentes acima de 16 anos s\u00e3o vacinados em Ub\u00e1 - Ub\u00e1 News<\/title>\n<meta name=\"robots\" content=\"index, follow, max-snippet:-1, max-image-preview:large, max-video-preview:-1\" \/>\n<link rel=\"canonical\" href=\"https:\/\/ubanews.com\/site\/2021\/09\/13\/vacinometro-adolescentes-acima-de-16-anos-sao-vacinados-em-uba\/\" \/>\n<meta property=\"og:locale\" content=\"pt_BR\" \/>\n<meta property=\"og:type\" content=\"article\" \/>\n<meta property=\"og:title\" content=\"Vacin\u00f4metro: adolescentes acima de 16 anos s\u00e3o vacinados em Ub\u00e1 - Ub\u00e1 News\" \/>\n<meta property=\"og:description\" content=\"&nbsp; Ub\u00e1 avan\u00e7a na campanha de imuniza\u00e7\u00e3o contra a Covid-19\" \/>\n<meta property=\"og:url\" content=\"https:\/\/ubanews.com\/site\/2021\/09\/13\/vacinometro-adolescentes-acima-de-16-anos-sao-vacinados-em-uba\/\" \/>\n<meta property=\"og:site_name\" content=\"Ub\u00e1 News\" \/>\n<meta property=\"article:publisher\" content=\"https:\/\/www.facebook.com\/Ub%c3%a1News-Carlos-Roberto-Sodr%c3%a9-418778301977370\" \/>\n<meta property=\"article:author\" content=\"https:\/\/www.facebook.com\/carosroberto.sodre.5\/\" \/>\n<meta property=\"article:published_time\" content=\"2021-09-13T20:09:25+00:00\" \/>\n<meta property=\"og:image\" content=\"https:\/\/ubanews.com\/site\/wp-content\/uploads\/2021\/04\/Vacinometro.png\" \/>\n\t<meta property=\"og:image:width\" content=\"1000\" \/>\n\t<meta property=\"og:image:height\" content=\"500\" \/>\n\t<meta property=\"og:image:type\" content=\"image\/png\" \/>\n<meta name=\"author\" content=\"Sodr\u00e9\" \/>\n<meta name=\"twitter:card\" content=\"summary_large_image\" \/>\n<meta name=\"twitter:label1\" content=\"Escrito por\" \/>\n\t<meta name=\"twitter:data1\" content=\"Sodr\u00e9\" \/>\n\t<meta name=\"twitter:label2\" content=\"Est. tempo de leitura\" \/>\n\t<meta name=\"twitter:data2\" content=\"2 minutos\" \/>\n<script type=\"application\/ld+json\" class=\"yoast-schema-graph\">{\"@context\":\"https:\/\/schema.org\",\"@graph\":[{\"@type\":\"Article\",\"@id\":\"https:\/\/ubanews.com\/site\/2021\/09\/13\/vacinometro-adolescentes-acima-de-16-anos-sao-vacinados-em-uba\/#article\",\"isPartOf\":{\"@id\":\"https:\/\/ubanews.com\/site\/2021\/09\/13\/vacinometro-adolescentes-acima-de-16-anos-sao-vacinados-em-uba\/\"},\"author\":{\"name\":\"Sodr\u00e9\",\"@id\":\"https:\/\/ubanews.com\/site\/#\/schema\/person\/d90c9e47252fbb63dcc969fe4c8b9d10\"},\"headline\":\"Vacin\u00f4metro: adolescentes acima de 16 anos s\u00e3o vacinados em Ub\u00e1\",\"datePublished\":\"2021-09-13T20:09:25+00:00\",\"mainEntityOfPage\":{\"@id\":\"https:\/\/ubanews.com\/site\/2021\/09\/13\/vacinometro-adolescentes-acima-de-16-anos-sao-vacinados-em-uba\/\"},\"wordCount\":328,\"commentCount\":0,\"publisher\":{\"@id\":\"https:\/\/ubanews.com\/site\/#organization\"},\"image\":{\"@id\":\"https:\/\/ubanews.com\/site\/2021\/09\/13\/vacinometro-adolescentes-acima-de-16-anos-sao-vacinados-em-uba\/#primaryimage\"},\"thumbnailUrl\":\"https:\/\/ubanews.com\/site\/wp-content\/uploads\/2021\/04\/Vacinometro.png\",\"articleSection\":[\"Prefeitura Municipal\"],\"inLanguage\":\"pt-BR\",\"potentialAction\":[{\"@type\":\"CommentAction\",\"name\":\"Comment\",\"target\":[\"https:\/\/ubanews.com\/site\/2021\/09\/13\/vacinometro-adolescentes-acima-de-16-anos-sao-vacinados-em-uba\/#respond\"]}]},{\"@type\":\"WebPage\",\"@id\":\"https:\/\/ubanews.com\/site\/2021\/09\/13\/vacinometro-adolescentes-acima-de-16-anos-sao-vacinados-em-uba\/\",\"url\":\"https:\/\/ubanews.com\/site\/2021\/09\/13\/vacinometro-adolescentes-acima-de-16-anos-sao-vacinados-em-uba\/\",\"name\":\"Vacin\u00f4metro: adolescentes acima de 16 anos s\u00e3o vacinados em Ub\u00e1 - Ub\u00e1 News\",\"isPartOf\":{\"@id\":\"https:\/\/ubanews.com\/site\/#website\"},\"primaryImageOfPage\":{\"@id\":\"https:\/\/ubanews.com\/site\/2021\/09\/13\/vacinometro-adolescentes-acima-de-16-anos-sao-vacinados-em-uba\/#primaryimage\"},\"image\":{\"@id\":\"https:\/\/ubanews.com\/site\/2021\/09\/13\/vacinometro-adolescentes-acima-de-16-anos-sao-vacinados-em-uba\/#primaryimage\"},\"thumbnailUrl\":\"https:\/\/ubanews.com\/site\/wp-content\/uploads\/2021\/04\/Vacinometro.png\",\"datePublished\":\"2021-09-13T20:09:25+00:00\",\"breadcrumb\":{\"@id\":\"https:\/\/ubanews.com\/site\/2021\/09\/13\/vacinometro-adolescentes-acima-de-16-anos-sao-vacinados-em-uba\/#breadcrumb\"},\"inLanguage\":\"pt-BR\",\"potentialAction\":[{\"@type\":\"ReadAction\",\"target\":[\"https:\/\/ubanews.com\/site\/2021\/09\/13\/vacinometro-adolescentes-acima-de-16-anos-sao-vacinados-em-uba\/\"]}]},{\"@type\":\"ImageObject\",\"inLanguage\":\"pt-BR\",\"@id\":\"https:\/\/ubanews.com\/site\/2021\/09\/13\/vacinometro-adolescentes-acima-de-16-anos-sao-vacinados-em-uba\/#primaryimage\",\"url\":\"https:\/\/ubanews.com\/site\/wp-content\/uploads\/2021\/04\/Vacinometro.png\",\"contentUrl\":\"https:\/\/ubanews.com\/site\/wp-content\/uploads\/2021\/04\/Vacinometro.png\",\"width\":1000,\"height\":500},{\"@type\":\"BreadcrumbList\",\"@id\":\"https:\/\/ubanews.com\/site\/2021\/09\/13\/vacinometro-adolescentes-acima-de-16-anos-sao-vacinados-em-uba\/#breadcrumb\",\"itemListElement\":[{\"@type\":\"ListItem\",\"position\":1,\"name\":\"Home\",\"item\":\"https:\/\/ubanews.com\/site\/\"},{\"@type\":\"ListItem\",\"position\":2,\"name\":\"Vacin\u00f4metro: adolescentes acima de 16 anos s\u00e3o vacinados em Ub\u00e1\"}]},{\"@type\":\"WebSite\",\"@id\":\"https:\/\/ubanews.com\/site\/#website\",\"url\":\"https:\/\/ubanews.com\/site\/\",\"name\":\"Ub\u00e1 News\",\"description\":\"\",\"publisher\":{\"@id\":\"https:\/\/ubanews.com\/site\/#organization\"},\"potentialAction\":[{\"@type\":\"SearchAction\",\"target\":{\"@type\":\"EntryPoint\",\"urlTemplate\":\"https:\/\/ubanews.com\/site\/?s={search_term_string}\"},\"query-input\":{\"@type\":\"PropertyValueSpecification\",\"valueRequired\":true,\"valueName\":\"search_term_string\"}}],\"inLanguage\":\"pt-BR\"},{\"@type\":\"Organization\",\"@id\":\"https:\/\/ubanews.com\/site\/#organization\",\"name\":\"Ub\u00e1 News\",\"url\":\"https:\/\/ubanews.com\/site\/\",\"logo\":{\"@type\":\"ImageObject\",\"inLanguage\":\"pt-BR\",\"@id\":\"https:\/\/ubanews.com\/site\/#\/schema\/logo\/image\/\",\"url\":\"https:\/\/ubanews.com\/site\/wp-content\/uploads\/2018\/01\/logoubanews.png\",\"contentUrl\":\"https:\/\/ubanews.com\/site\/wp-content\/uploads\/2018\/01\/logoubanews.png\",\"width\":261,\"height\":99,\"caption\":\"Ub\u00e1 News\"},\"image\":{\"@id\":\"https:\/\/ubanews.com\/site\/#\/schema\/logo\/image\/\"},\"sameAs\":[\"https:\/\/www.facebook.com\/Ub\u00e1News-Carlos-Roberto-Sodr\u00e9-418778301977370\"]},{\"@type\":\"Person\",\"@id\":\"https:\/\/ubanews.com\/site\/#\/schema\/person\/d90c9e47252fbb63dcc969fe4c8b9d10\",\"name\":\"Sodr\u00e9\",\"image\":{\"@type\":\"ImageObject\",\"inLanguage\":\"pt-BR\",\"@id\":\"https:\/\/secure.gravatar.com\/avatar\/5ba2793f0590b9dbfad3fdec4ee714485b3eef211c9b32ee53d414060454a56c?s=96&d=mm&r=g\",\"url\":\"https:\/\/secure.gravatar.com\/avatar\/5ba2793f0590b9dbfad3fdec4ee714485b3eef211c9b32ee53d414060454a56c?s=96&d=mm&r=g\",\"contentUrl\":\"https:\/\/secure.gravatar.com\/avatar\/5ba2793f0590b9dbfad3fdec4ee714485b3eef211c9b32ee53d414060454a56c?s=96&d=mm&r=g\",\"caption\":\"Sodr\u00e9\"},\"sameAs\":[\"https:\/\/www.facebook.com\/carosroberto.sodre.5\/\"],\"url\":\"https:\/\/ubanews.com\/site\/author\/felipe\/\"}]}<\/script>\n<!-- \/ Yoast SEO plugin. -->","yoast_head_json":{"title":"Vacin\u00f4metro: adolescentes acima de 16 anos s\u00e3o vacinados em Ub\u00e1 - Ub\u00e1 News","robots":{"index":"index","follow":"follow","max-snippet":"max-snippet:-1","max-image-preview":"max-image-preview:large","max-video-preview":"max-video-preview:-1"},"canonical":"https:\/\/ubanews.com\/site\/2021\/09\/13\/vacinometro-adolescentes-acima-de-16-anos-sao-vacinados-em-uba\/","og_locale":"pt_BR","og_type":"article","og_title":"Vacin\u00f4metro: adolescentes acima de 16 anos s\u00e3o vacinados em Ub\u00e1 - Ub\u00e1 News","og_description":"&nbsp; Ub\u00e1 avan\u00e7a na campanha de imuniza\u00e7\u00e3o contra a Covid-19","og_url":"https:\/\/ubanews.com\/site\/2021\/09\/13\/vacinometro-adolescentes-acima-de-16-anos-sao-vacinados-em-uba\/","og_site_name":"Ub\u00e1 News","article_publisher":"https:\/\/www.facebook.com\/Ub%c3%a1News-Carlos-Roberto-Sodr%c3%a9-418778301977370","article_author":"https:\/\/www.facebook.com\/carosroberto.sodre.5\/","article_published_time":"2021-09-13T20:09:25+00:00","og_image":[{"width":1000,"height":500,"url":"https:\/\/ubanews.com\/site\/wp-content\/uploads\/2021\/04\/Vacinometro.png","type":"image\/png"}],"author":"Sodr\u00e9","twitter_card":"summary_large_image","twitter_misc":{"Escrito por":"Sodr\u00e9","Est. tempo de leitura":"2 minutos"},"schema":{"@context":"https:\/\/schema.org","@graph":[{"@type":"Article","@id":"https:\/\/ubanews.com\/site\/2021\/09\/13\/vacinometro-adolescentes-acima-de-16-anos-sao-vacinados-em-uba\/#article","isPartOf":{"@id":"https:\/\/ubanews.com\/site\/2021\/09\/13\/vacinometro-adolescentes-acima-de-16-anos-sao-vacinados-em-uba\/"},"author":{"name":"Sodr\u00e9","@id":"https:\/\/ubanews.com\/site\/#\/schema\/person\/d90c9e47252fbb63dcc969fe4c8b9d10"},"headline":"Vacin\u00f4metro: adolescentes acima de 16 anos s\u00e3o vacinados em Ub\u00e1","datePublished":"2021-09-13T20:09:25+00:00","mainEntityOfPage":{"@id":"https:\/\/ubanews.com\/site\/2021\/09\/13\/vacinometro-adolescentes-acima-de-16-anos-sao-vacinados-em-uba\/"},"wordCount":328,"commentCount":0,"publisher":{"@id":"https:\/\/ubanews.com\/site\/#organization"},"image":{"@id":"https:\/\/ubanews.com\/site\/2021\/09\/13\/vacinometro-adolescentes-acima-de-16-anos-sao-vacinados-em-uba\/#primaryimage"},"thumbnailUrl":"https:\/\/ubanews.com\/site\/wp-content\/uploads\/2021\/04\/Vacinometro.png","articleSection":["Prefeitura Municipal"],"inLanguage":"pt-BR","potentialAction":[{"@type":"CommentAction","name":"Comment","target":["https:\/\/ubanews.com\/site\/2021\/09\/13\/vacinometro-adolescentes-acima-de-16-anos-sao-vacinados-em-uba\/#respond"]}]},{"@type":"WebPage","@id":"https:\/\/ubanews.com\/site\/2021\/09\/13\/vacinometro-adolescentes-acima-de-16-anos-sao-vacinados-em-uba\/","url":"https:\/\/ubanews.com\/site\/2021\/09\/13\/vacinometro-adolescentes-acima-de-16-anos-sao-vacinados-em-uba\/","name":"Vacin\u00f4metro: adolescentes acima de 16 anos s\u00e3o vacinados em Ub\u00e1 - Ub\u00e1 News","isPartOf":{"@id":"https:\/\/ubanews.com\/site\/#website"},"primaryImageOfPage":{"@id":"https:\/\/ubanews.com\/site\/2021\/09\/13\/vacinometro-adolescentes-acima-de-16-anos-sao-vacinados-em-uba\/#primaryimage"},"image":{"@id":"https:\/\/ubanews.com\/site\/2021\/09\/13\/vacinometro-adolescentes-acima-de-16-anos-sao-vacinados-em-uba\/#primaryimage"},"thumbnailUrl":"https:\/\/ubanews.com\/site\/wp-content\/uploads\/2021\/04\/Vacinometro.png","datePublished":"2021-09-13T20:09:25+00:00","breadcrumb":{"@id":"https:\/\/ubanews.com\/site\/2021\/09\/13\/vacinometro-adolescentes-acima-de-16-anos-sao-vacinados-em-uba\/#breadcrumb"},"inLanguage":"pt-BR","potentialAction":[{"@type":"ReadAction","target":["https:\/\/ubanews.com\/site\/2021\/09\/13\/vacinometro-adolescentes-acima-de-16-anos-sao-vacinados-em-uba\/"]}]},{"@type":"ImageObject","inLanguage":"pt-BR","@id":"https:\/\/ubanews.com\/site\/2021\/09\/13\/vacinometro-adolescentes-acima-de-16-anos-sao-vacinados-em-uba\/#primaryimage","url":"https:\/\/ubanews.com\/site\/wp-content\/uploads\/2021\/04\/Vacinometro.png","contentUrl":"https:\/\/ubanews.com\/site\/wp-content\/uploads\/2021\/04\/Vacinometro.png","width":1000,"height":500},{"@type":"BreadcrumbList","@id":"https:\/\/ubanews.com\/site\/2021\/09\/13\/vacinometro-adolescentes-acima-de-16-anos-sao-vacinados-em-uba\/#breadcrumb","itemListElement":[{"@type":"ListItem","position":1,"name":"Home","item":"https:\/\/ubanews.com\/site\/"},{"@type":"ListItem","position":2,"name":"Vacin\u00f4metro: adolescentes acima de 16 anos s\u00e3o vacinados em Ub\u00e1"}]},{"@type":"WebSite","@id":"https:\/\/ubanews.com\/site\/#website","url":"https:\/\/ubanews.com\/site\/","name":"Ub\u00e1 News","description":"","publisher":{"@id":"https:\/\/ubanews.com\/site\/#organization"},"potentialAction":[{"@type":"SearchAction","target":{"@type":"EntryPoint","urlTemplate":"https:\/\/ubanews.com\/site\/?s={search_term_string}"},"query-input":{"@type":"PropertyValueSpecification","valueRequired":true,"valueName":"search_term_string"}}],"inLanguage":"pt-BR"},{"@type":"Organization","@id":"https:\/\/ubanews.com\/site\/#organization","name":"Ub\u00e1 News","url":"https:\/\/ubanews.com\/site\/","logo":{"@type":"ImageObject","inLanguage":"pt-BR","@id":"https:\/\/ubanews.com\/site\/#\/schema\/logo\/image\/","url":"https:\/\/ubanews.com\/site\/wp-content\/uploads\/2018\/01\/logoubanews.png","contentUrl":"https:\/\/ubanews.com\/site\/wp-content\/uploads\/2018\/01\/logoubanews.png","width":261,"height":99,"caption":"Ub\u00e1 News"},"image":{"@id":"https:\/\/ubanews.com\/site\/#\/schema\/logo\/image\/"},"sameAs":["https:\/\/www.facebook.com\/Ub\u00e1News-Carlos-Roberto-Sodr\u00e9-418778301977370"]},{"@type":"Person","@id":"https:\/\/ubanews.com\/site\/#\/schema\/person\/d90c9e47252fbb63dcc969fe4c8b9d10","name":"Sodr\u00e9","image":{"@type":"ImageObject","inLanguage":"pt-BR","@id":"https:\/\/secure.gravatar.com\/avatar\/5ba2793f0590b9dbfad3fdec4ee714485b3eef211c9b32ee53d414060454a56c?s=96&d=mm&r=g","url":"https:\/\/secure.gravatar.com\/avatar\/5ba2793f0590b9dbfad3fdec4ee714485b3eef211c9b32ee53d414060454a56c?s=96&d=mm&r=g","contentUrl":"https:\/\/secure.gravatar.com\/avatar\/5ba2793f0590b9dbfad3fdec4ee714485b3eef211c9b32ee53d414060454a56c?s=96&d=mm&r=g","caption":"Sodr\u00e9"},"sameAs":["https:\/\/www.facebook.com\/carosroberto.sodre.5\/"],"url":"https:\/\/ubanews.com\/site\/author\/felipe\/"}]}},"_links":{"self":[{"href":"https:\/\/ubanews.com\/site\/wp-json\/wp\/v2\/posts\/20593","targetHints":{"allow":["GET"]}}],"collection":[{"href":"https:\/\/ubanews.com\/site\/wp-json\/wp\/v2\/posts"}],"about":[{"href":"https:\/\/ubanews.com\/site\/wp-json\/wp\/v2\/types\/post"}],"author":[{"embeddable":true,"href":"https:\/\/ubanews.com\/site\/wp-json\/wp\/v2\/users\/2"}],"replies":[{"embeddable":true,"href":"https:\/\/ubanews.com\/site\/wp-json\/wp\/v2\/comments?post=20593"}],"version-history":[{"count":0,"href":"https:\/\/ubanews.com\/site\/wp-json\/wp\/v2\/posts\/20593\/revisions"}],"wp:featuredmedia":[{"embeddable":true,"href":"https:\/\/ubanews.com\/site\/wp-json\/wp\/v2\/media\/19572"}],"wp:attachment":[{"href":"https:\/\/ubanews.com\/site\/wp-json\/wp\/v2\/media?parent=20593"}],"wp:term":[{"taxonomy":"category","embeddable":true,"href":"https:\/\/ubanews.com\/site\/wp-json\/wp\/v2\/categories?post=20593"},{"taxonomy":"post_tag","embeddable":true,"href":"https:\/\/ubanews.com\/site\/wp-json\/wp\/v2\/tags?post=20593"}],"curies":[{"name":"wp","href":"https:\/\/api.w.org\/{rel}","templated":true}]}}