{"id":20563,"date":"2021-09-10T16:28:33","date_gmt":"2021-09-10T19:28:33","guid":{"rendered":"http:\/\/ubanews.com\/site\/?p=20563"},"modified":"2021-09-10T16:28:33","modified_gmt":"2021-09-10T19:28:33","slug":"rotary-club-uba-ary-barroso-prefeitura-e-hospital-sao-vicente-lancam-campanha-de-prevencao-ao-suicidio","status":"publish","type":"post","link":"https:\/\/ubanews.com\/site\/2021\/09\/10\/rotary-club-uba-ary-barroso-prefeitura-e-hospital-sao-vicente-lancam-campanha-de-prevencao-ao-suicidio\/","title":{"rendered":"ROTARY CLUB UB\u00c1 ARY BARROSO, PREFEITURA E HOSPITAL S\u00c3O VICENTE LAN\u00c7AM CAMPANHA DE PREVEN\u00c7\u00c3O AO SUIC\u00cdDIO"},"content":{"rendered":"<p>Na manh\u00e3 dessa sexta-feira, 10\/09\/2021, no Cal\u00e7ad\u00e3o Deputado Estadual Ibrahim Jacob, foi lan\u00e7ada oficialmente -pelo Rotary Club Ub\u00e1 Ary Barroso, em parceria com a Prefeitura Municipal de Ub\u00e1, a Secretaria Municipal de Sa\u00fade e o Hospital S\u00e3o Vicente de Paula- a campanha Setembro Amarelo, a qual \u00e9 um movimento brasileiro de preven\u00e7\u00e3o ao suic\u00eddio, iniciado em 2015. O m\u00eas de Setembro foi escolhido para a campanha, porque, desde 2003, o dia 10 \u00e9 a Data Mundial de Preven\u00e7\u00e3o do Suic\u00eddio. Estiveram presentes no lan\u00e7amento o Prefeito de Ub\u00e1 Edson.<\/p>\n<div id=\"metaslider-id-17652\" style=\"max-width: 1000px;\" class=\"ml-slider-3-106-0 metaslider metaslider-nivo metaslider-17652 ml-slider ms-theme-outline\" role=\"region\" aria-label=\"Texto\" data-height=\"200\" data-width=\"1000\">\n    <div id=\"metaslider_container_17652\">\n        <div class='slider-wrapper theme-default'><div class='ribbon'><\/div><div id='metaslider_17652' class='nivoSlider'><\/div><\/div>\n        \n    <\/div>\n<\/div>\n<p>Teixeira Filho, acompanhado do vice-prefeito, Secret\u00e1rio de Sa\u00fade e atual Governador do Rotary-Distrito 4521 Ant\u00f4nio Carlos Jacob, a Secret\u00e1ria distrital V\u00e2nia Soares Jacob e o Presidente do Rotary Club Ary Barroso Alairson de Oliveira Ricardo; ainda representado o Hospital S\u00e3o Vicente de Paula nossa companheira Wilma . Nossos agradecimentos a todos companheiros presentes.<\/p>\n","protected":false},"excerpt":{"rendered":"<p>Na manh\u00e3 dessa sexta-feira, 10\/09\/2021, no Cal\u00e7ad\u00e3o Deputado Estadual Ibrahim<\/p>\n","protected":false},"author":2,"featured_media":20564,"comment_status":"open","ping_status":"open","sticky":false,"template":"","format":"standard","meta":{"footnotes":""},"categories":[1],"tags":[],"class_list":["post-20563","post","type-post","status-publish","format-standard","has-post-thumbnail","hentry","category-sem-categoria"],"yoast_head":"<!-- This site is optimized with the Yoast SEO plugin v27.2 - https:\/\/yoast.com\/product\/yoast-seo-wordpress\/ -->\n<title>ROTARY CLUB UB\u00c1 ARY BARROSO, PREFEITURA E HOSPITAL S\u00c3O VICENTE LAN\u00c7AM CAMPANHA DE PREVEN\u00c7\u00c3O AO SUIC\u00cdDIO - Ub\u00e1 News<\/title>\n<meta name=\"robots\" content=\"index, follow, max-snippet:-1, max-image-preview:large, max-video-preview:-1\" \/>\n<link rel=\"canonical\" href=\"https:\/\/ubanews.com\/site\/2021\/09\/10\/rotary-club-uba-ary-barroso-prefeitura-e-hospital-sao-vicente-lancam-campanha-de-prevencao-ao-suicidio\/\" \/>\n<meta property=\"og:locale\" content=\"pt_BR\" \/>\n<meta property=\"og:type\" content=\"article\" \/>\n<meta property=\"og:title\" content=\"ROTARY CLUB UB\u00c1 ARY BARROSO, PREFEITURA E HOSPITAL S\u00c3O VICENTE LAN\u00c7AM CAMPANHA DE PREVEN\u00c7\u00c3O AO SUIC\u00cdDIO - Ub\u00e1 News\" \/>\n<meta property=\"og:description\" content=\"Na manh\u00e3 dessa sexta-feira, 10\/09\/2021, no Cal\u00e7ad\u00e3o Deputado Estadual Ibrahim\" \/>\n<meta property=\"og:url\" content=\"https:\/\/ubanews.com\/site\/2021\/09\/10\/rotary-club-uba-ary-barroso-prefeitura-e-hospital-sao-vicente-lancam-campanha-de-prevencao-ao-suicidio\/\" \/>\n<meta property=\"og:site_name\" content=\"Ub\u00e1 News\" \/>\n<meta property=\"article:publisher\" content=\"https:\/\/www.facebook.com\/Ub%c3%a1News-Carlos-Roberto-Sodr%c3%a9-418778301977370\" \/>\n<meta property=\"article:author\" content=\"https:\/\/www.facebook.com\/carosroberto.sodre.5\/\" \/>\n<meta property=\"article:published_time\" content=\"2021-09-10T19:28:33+00:00\" \/>\n<meta property=\"og:image\" content=\"https:\/\/ubanews.com\/site\/wp-content\/uploads\/2021\/09\/10-09-Rotary.jpg\" \/>\n\t<meta property=\"og:image:width\" content=\"1000\" \/>\n\t<meta property=\"og:image:height\" content=\"450\" \/>\n\t<meta property=\"og:image:type\" content=\"image\/jpeg\" \/>\n<meta name=\"author\" content=\"Sodr\u00e9\" \/>\n<meta name=\"twitter:card\" content=\"summary_large_image\" \/>\n<meta name=\"twitter:label1\" content=\"Escrito por\" \/>\n\t<meta name=\"twitter:data1\" content=\"Sodr\u00e9\" \/>\n\t<meta name=\"twitter:label2\" content=\"Est. tempo de leitura\" \/>\n\t<meta name=\"twitter:data2\" content=\"1 minuto\" \/>\n<script type=\"application\/ld+json\" class=\"yoast-schema-graph\">{\"@context\":\"https:\/\/schema.org\",\"@graph\":[{\"@type\":\"Article\",\"@id\":\"https:\/\/ubanews.com\/site\/2021\/09\/10\/rotary-club-uba-ary-barroso-prefeitura-e-hospital-sao-vicente-lancam-campanha-de-prevencao-ao-suicidio\/#article\",\"isPartOf\":{\"@id\":\"https:\/\/ubanews.com\/site\/2021\/09\/10\/rotary-club-uba-ary-barroso-prefeitura-e-hospital-sao-vicente-lancam-campanha-de-prevencao-ao-suicidio\/\"},\"author\":{\"name\":\"Sodr\u00e9\",\"@id\":\"https:\/\/ubanews.com\/site\/#\/schema\/person\/d90c9e47252fbb63dcc969fe4c8b9d10\"},\"headline\":\"ROTARY CLUB UB\u00c1 ARY BARROSO, PREFEITURA E HOSPITAL S\u00c3O VICENTE LAN\u00c7AM CAMPANHA DE PREVEN\u00c7\u00c3O AO SUIC\u00cdDIO\",\"datePublished\":\"2021-09-10T19:28:33+00:00\",\"mainEntityOfPage\":{\"@id\":\"https:\/\/ubanews.com\/site\/2021\/09\/10\/rotary-club-uba-ary-barroso-prefeitura-e-hospital-sao-vicente-lancam-campanha-de-prevencao-ao-suicidio\/\"},\"wordCount\":173,\"commentCount\":0,\"publisher\":{\"@id\":\"https:\/\/ubanews.com\/site\/#organization\"},\"image\":{\"@id\":\"https:\/\/ubanews.com\/site\/2021\/09\/10\/rotary-club-uba-ary-barroso-prefeitura-e-hospital-sao-vicente-lancam-campanha-de-prevencao-ao-suicidio\/#primaryimage\"},\"thumbnailUrl\":\"https:\/\/ubanews.com\/site\/wp-content\/uploads\/2021\/09\/10-09-Rotary.jpg\",\"articleSection\":[\"Geral\"],\"inLanguage\":\"pt-BR\",\"potentialAction\":[{\"@type\":\"CommentAction\",\"name\":\"Comment\",\"target\":[\"https:\/\/ubanews.com\/site\/2021\/09\/10\/rotary-club-uba-ary-barroso-prefeitura-e-hospital-sao-vicente-lancam-campanha-de-prevencao-ao-suicidio\/#respond\"]}]},{\"@type\":\"WebPage\",\"@id\":\"https:\/\/ubanews.com\/site\/2021\/09\/10\/rotary-club-uba-ary-barroso-prefeitura-e-hospital-sao-vicente-lancam-campanha-de-prevencao-ao-suicidio\/\",\"url\":\"https:\/\/ubanews.com\/site\/2021\/09\/10\/rotary-club-uba-ary-barroso-prefeitura-e-hospital-sao-vicente-lancam-campanha-de-prevencao-ao-suicidio\/\",\"name\":\"ROTARY CLUB UB\u00c1 ARY BARROSO, PREFEITURA E HOSPITAL S\u00c3O VICENTE LAN\u00c7AM CAMPANHA DE PREVEN\u00c7\u00c3O AO SUIC\u00cdDIO - Ub\u00e1 News\",\"isPartOf\":{\"@id\":\"https:\/\/ubanews.com\/site\/#website\"},\"primaryImageOfPage\":{\"@id\":\"https:\/\/ubanews.com\/site\/2021\/09\/10\/rotary-club-uba-ary-barroso-prefeitura-e-hospital-sao-vicente-lancam-campanha-de-prevencao-ao-suicidio\/#primaryimage\"},\"image\":{\"@id\":\"https:\/\/ubanews.com\/site\/2021\/09\/10\/rotary-club-uba-ary-barroso-prefeitura-e-hospital-sao-vicente-lancam-campanha-de-prevencao-ao-suicidio\/#primaryimage\"},\"thumbnailUrl\":\"https:\/\/ubanews.com\/site\/wp-content\/uploads\/2021\/09\/10-09-Rotary.jpg\",\"datePublished\":\"2021-09-10T19:28:33+00:00\",\"breadcrumb\":{\"@id\":\"https:\/\/ubanews.com\/site\/2021\/09\/10\/rotary-club-uba-ary-barroso-prefeitura-e-hospital-sao-vicente-lancam-campanha-de-prevencao-ao-suicidio\/#breadcrumb\"},\"inLanguage\":\"pt-BR\",\"potentialAction\":[{\"@type\":\"ReadAction\",\"target\":[\"https:\/\/ubanews.com\/site\/2021\/09\/10\/rotary-club-uba-ary-barroso-prefeitura-e-hospital-sao-vicente-lancam-campanha-de-prevencao-ao-suicidio\/\"]}]},{\"@type\":\"ImageObject\",\"inLanguage\":\"pt-BR\",\"@id\":\"https:\/\/ubanews.com\/site\/2021\/09\/10\/rotary-club-uba-ary-barroso-prefeitura-e-hospital-sao-vicente-lancam-campanha-de-prevencao-ao-suicidio\/#primaryimage\",\"url\":\"https:\/\/ubanews.com\/site\/wp-content\/uploads\/2021\/09\/10-09-Rotary.jpg\",\"contentUrl\":\"https:\/\/ubanews.com\/site\/wp-content\/uploads\/2021\/09\/10-09-Rotary.jpg\",\"width\":1000,\"height\":450},{\"@type\":\"BreadcrumbList\",\"@id\":\"https:\/\/ubanews.com\/site\/2021\/09\/10\/rotary-club-uba-ary-barroso-prefeitura-e-hospital-sao-vicente-lancam-campanha-de-prevencao-ao-suicidio\/#breadcrumb\",\"itemListElement\":[{\"@type\":\"ListItem\",\"position\":1,\"name\":\"Home\",\"item\":\"https:\/\/ubanews.com\/site\/\"},{\"@type\":\"ListItem\",\"position\":2,\"name\":\"ROTARY CLUB UB\u00c1 ARY BARROSO, PREFEITURA E HOSPITAL S\u00c3O VICENTE LAN\u00c7AM CAMPANHA DE PREVEN\u00c7\u00c3O AO SUIC\u00cdDIO\"}]},{\"@type\":\"WebSite\",\"@id\":\"https:\/\/ubanews.com\/site\/#website\",\"url\":\"https:\/\/ubanews.com\/site\/\",\"name\":\"Ub\u00e1 News\",\"description\":\"\",\"publisher\":{\"@id\":\"https:\/\/ubanews.com\/site\/#organization\"},\"potentialAction\":[{\"@type\":\"SearchAction\",\"target\":{\"@type\":\"EntryPoint\",\"urlTemplate\":\"https:\/\/ubanews.com\/site\/?s={search_term_string}\"},\"query-input\":{\"@type\":\"PropertyValueSpecification\",\"valueRequired\":true,\"valueName\":\"search_term_string\"}}],\"inLanguage\":\"pt-BR\"},{\"@type\":\"Organization\",\"@id\":\"https:\/\/ubanews.com\/site\/#organization\",\"name\":\"Ub\u00e1 News\",\"url\":\"https:\/\/ubanews.com\/site\/\",\"logo\":{\"@type\":\"ImageObject\",\"inLanguage\":\"pt-BR\",\"@id\":\"https:\/\/ubanews.com\/site\/#\/schema\/logo\/image\/\",\"url\":\"https:\/\/ubanews.com\/site\/wp-content\/uploads\/2018\/01\/logoubanews.png\",\"contentUrl\":\"https:\/\/ubanews.com\/site\/wp-content\/uploads\/2018\/01\/logoubanews.png\",\"width\":261,\"height\":99,\"caption\":\"Ub\u00e1 News\"},\"image\":{\"@id\":\"https:\/\/ubanews.com\/site\/#\/schema\/logo\/image\/\"},\"sameAs\":[\"https:\/\/www.facebook.com\/Ub\u00e1News-Carlos-Roberto-Sodr\u00e9-418778301977370\"]},{\"@type\":\"Person\",\"@id\":\"https:\/\/ubanews.com\/site\/#\/schema\/person\/d90c9e47252fbb63dcc969fe4c8b9d10\",\"name\":\"Sodr\u00e9\",\"image\":{\"@type\":\"ImageObject\",\"inLanguage\":\"pt-BR\",\"@id\":\"https:\/\/secure.gravatar.com\/avatar\/5ba2793f0590b9dbfad3fdec4ee714485b3eef211c9b32ee53d414060454a56c?s=96&d=mm&r=g\",\"url\":\"https:\/\/secure.gravatar.com\/avatar\/5ba2793f0590b9dbfad3fdec4ee714485b3eef211c9b32ee53d414060454a56c?s=96&d=mm&r=g\",\"contentUrl\":\"https:\/\/secure.gravatar.com\/avatar\/5ba2793f0590b9dbfad3fdec4ee714485b3eef211c9b32ee53d414060454a56c?s=96&d=mm&r=g\",\"caption\":\"Sodr\u00e9\"},\"sameAs\":[\"https:\/\/www.facebook.com\/carosroberto.sodre.5\/\"],\"url\":\"https:\/\/ubanews.com\/site\/author\/felipe\/\"}]}<\/script>\n<!-- \/ Yoast SEO plugin. -->","yoast_head_json":{"title":"ROTARY CLUB UB\u00c1 ARY BARROSO, PREFEITURA E HOSPITAL S\u00c3O VICENTE LAN\u00c7AM CAMPANHA DE PREVEN\u00c7\u00c3O AO SUIC\u00cdDIO - Ub\u00e1 News","robots":{"index":"index","follow":"follow","max-snippet":"max-snippet:-1","max-image-preview":"max-image-preview:large","max-video-preview":"max-video-preview:-1"},"canonical":"https:\/\/ubanews.com\/site\/2021\/09\/10\/rotary-club-uba-ary-barroso-prefeitura-e-hospital-sao-vicente-lancam-campanha-de-prevencao-ao-suicidio\/","og_locale":"pt_BR","og_type":"article","og_title":"ROTARY CLUB UB\u00c1 ARY BARROSO, PREFEITURA E HOSPITAL S\u00c3O VICENTE LAN\u00c7AM CAMPANHA DE PREVEN\u00c7\u00c3O AO SUIC\u00cdDIO - Ub\u00e1 News","og_description":"Na manh\u00e3 dessa sexta-feira, 10\/09\/2021, no Cal\u00e7ad\u00e3o Deputado Estadual Ibrahim","og_url":"https:\/\/ubanews.com\/site\/2021\/09\/10\/rotary-club-uba-ary-barroso-prefeitura-e-hospital-sao-vicente-lancam-campanha-de-prevencao-ao-suicidio\/","og_site_name":"Ub\u00e1 News","article_publisher":"https:\/\/www.facebook.com\/Ub%c3%a1News-Carlos-Roberto-Sodr%c3%a9-418778301977370","article_author":"https:\/\/www.facebook.com\/carosroberto.sodre.5\/","article_published_time":"2021-09-10T19:28:33+00:00","og_image":[{"width":1000,"height":450,"url":"https:\/\/ubanews.com\/site\/wp-content\/uploads\/2021\/09\/10-09-Rotary.jpg","type":"image\/jpeg"}],"author":"Sodr\u00e9","twitter_card":"summary_large_image","twitter_misc":{"Escrito por":"Sodr\u00e9","Est. tempo de leitura":"1 minuto"},"schema":{"@context":"https:\/\/schema.org","@graph":[{"@type":"Article","@id":"https:\/\/ubanews.com\/site\/2021\/09\/10\/rotary-club-uba-ary-barroso-prefeitura-e-hospital-sao-vicente-lancam-campanha-de-prevencao-ao-suicidio\/#article","isPartOf":{"@id":"https:\/\/ubanews.com\/site\/2021\/09\/10\/rotary-club-uba-ary-barroso-prefeitura-e-hospital-sao-vicente-lancam-campanha-de-prevencao-ao-suicidio\/"},"author":{"name":"Sodr\u00e9","@id":"https:\/\/ubanews.com\/site\/#\/schema\/person\/d90c9e47252fbb63dcc969fe4c8b9d10"},"headline":"ROTARY CLUB UB\u00c1 ARY BARROSO, PREFEITURA E HOSPITAL S\u00c3O VICENTE LAN\u00c7AM CAMPANHA DE PREVEN\u00c7\u00c3O AO SUIC\u00cdDIO","datePublished":"2021-09-10T19:28:33+00:00","mainEntityOfPage":{"@id":"https:\/\/ubanews.com\/site\/2021\/09\/10\/rotary-club-uba-ary-barroso-prefeitura-e-hospital-sao-vicente-lancam-campanha-de-prevencao-ao-suicidio\/"},"wordCount":173,"commentCount":0,"publisher":{"@id":"https:\/\/ubanews.com\/site\/#organization"},"image":{"@id":"https:\/\/ubanews.com\/site\/2021\/09\/10\/rotary-club-uba-ary-barroso-prefeitura-e-hospital-sao-vicente-lancam-campanha-de-prevencao-ao-suicidio\/#primaryimage"},"thumbnailUrl":"https:\/\/ubanews.com\/site\/wp-content\/uploads\/2021\/09\/10-09-Rotary.jpg","articleSection":["Geral"],"inLanguage":"pt-BR","potentialAction":[{"@type":"CommentAction","name":"Comment","target":["https:\/\/ubanews.com\/site\/2021\/09\/10\/rotary-club-uba-ary-barroso-prefeitura-e-hospital-sao-vicente-lancam-campanha-de-prevencao-ao-suicidio\/#respond"]}]},{"@type":"WebPage","@id":"https:\/\/ubanews.com\/site\/2021\/09\/10\/rotary-club-uba-ary-barroso-prefeitura-e-hospital-sao-vicente-lancam-campanha-de-prevencao-ao-suicidio\/","url":"https:\/\/ubanews.com\/site\/2021\/09\/10\/rotary-club-uba-ary-barroso-prefeitura-e-hospital-sao-vicente-lancam-campanha-de-prevencao-ao-suicidio\/","name":"ROTARY CLUB UB\u00c1 ARY BARROSO, PREFEITURA E HOSPITAL S\u00c3O VICENTE LAN\u00c7AM CAMPANHA DE PREVEN\u00c7\u00c3O AO SUIC\u00cdDIO - Ub\u00e1 News","isPartOf":{"@id":"https:\/\/ubanews.com\/site\/#website"},"primaryImageOfPage":{"@id":"https:\/\/ubanews.com\/site\/2021\/09\/10\/rotary-club-uba-ary-barroso-prefeitura-e-hospital-sao-vicente-lancam-campanha-de-prevencao-ao-suicidio\/#primaryimage"},"image":{"@id":"https:\/\/ubanews.com\/site\/2021\/09\/10\/rotary-club-uba-ary-barroso-prefeitura-e-hospital-sao-vicente-lancam-campanha-de-prevencao-ao-suicidio\/#primaryimage"},"thumbnailUrl":"https:\/\/ubanews.com\/site\/wp-content\/uploads\/2021\/09\/10-09-Rotary.jpg","datePublished":"2021-09-10T19:28:33+00:00","breadcrumb":{"@id":"https:\/\/ubanews.com\/site\/2021\/09\/10\/rotary-club-uba-ary-barroso-prefeitura-e-hospital-sao-vicente-lancam-campanha-de-prevencao-ao-suicidio\/#breadcrumb"},"inLanguage":"pt-BR","potentialAction":[{"@type":"ReadAction","target":["https:\/\/ubanews.com\/site\/2021\/09\/10\/rotary-club-uba-ary-barroso-prefeitura-e-hospital-sao-vicente-lancam-campanha-de-prevencao-ao-suicidio\/"]}]},{"@type":"ImageObject","inLanguage":"pt-BR","@id":"https:\/\/ubanews.com\/site\/2021\/09\/10\/rotary-club-uba-ary-barroso-prefeitura-e-hospital-sao-vicente-lancam-campanha-de-prevencao-ao-suicidio\/#primaryimage","url":"https:\/\/ubanews.com\/site\/wp-content\/uploads\/2021\/09\/10-09-Rotary.jpg","contentUrl":"https:\/\/ubanews.com\/site\/wp-content\/uploads\/2021\/09\/10-09-Rotary.jpg","width":1000,"height":450},{"@type":"BreadcrumbList","@id":"https:\/\/ubanews.com\/site\/2021\/09\/10\/rotary-club-uba-ary-barroso-prefeitura-e-hospital-sao-vicente-lancam-campanha-de-prevencao-ao-suicidio\/#breadcrumb","itemListElement":[{"@type":"ListItem","position":1,"name":"Home","item":"https:\/\/ubanews.com\/site\/"},{"@type":"ListItem","position":2,"name":"ROTARY CLUB UB\u00c1 ARY BARROSO, PREFEITURA E HOSPITAL S\u00c3O VICENTE LAN\u00c7AM CAMPANHA DE PREVEN\u00c7\u00c3O AO SUIC\u00cdDIO"}]},{"@type":"WebSite","@id":"https:\/\/ubanews.com\/site\/#website","url":"https:\/\/ubanews.com\/site\/","name":"Ub\u00e1 News","description":"","publisher":{"@id":"https:\/\/ubanews.com\/site\/#organization"},"potentialAction":[{"@type":"SearchAction","target":{"@type":"EntryPoint","urlTemplate":"https:\/\/ubanews.com\/site\/?s={search_term_string}"},"query-input":{"@type":"PropertyValueSpecification","valueRequired":true,"valueName":"search_term_string"}}],"inLanguage":"pt-BR"},{"@type":"Organization","@id":"https:\/\/ubanews.com\/site\/#organization","name":"Ub\u00e1 News","url":"https:\/\/ubanews.com\/site\/","logo":{"@type":"ImageObject","inLanguage":"pt-BR","@id":"https:\/\/ubanews.com\/site\/#\/schema\/logo\/image\/","url":"https:\/\/ubanews.com\/site\/wp-content\/uploads\/2018\/01\/logoubanews.png","contentUrl":"https:\/\/ubanews.com\/site\/wp-content\/uploads\/2018\/01\/logoubanews.png","width":261,"height":99,"caption":"Ub\u00e1 News"},"image":{"@id":"https:\/\/ubanews.com\/site\/#\/schema\/logo\/image\/"},"sameAs":["https:\/\/www.facebook.com\/Ub\u00e1News-Carlos-Roberto-Sodr\u00e9-418778301977370"]},{"@type":"Person","@id":"https:\/\/ubanews.com\/site\/#\/schema\/person\/d90c9e47252fbb63dcc969fe4c8b9d10","name":"Sodr\u00e9","image":{"@type":"ImageObject","inLanguage":"pt-BR","@id":"https:\/\/secure.gravatar.com\/avatar\/5ba2793f0590b9dbfad3fdec4ee714485b3eef211c9b32ee53d414060454a56c?s=96&d=mm&r=g","url":"https:\/\/secure.gravatar.com\/avatar\/5ba2793f0590b9dbfad3fdec4ee714485b3eef211c9b32ee53d414060454a56c?s=96&d=mm&r=g","contentUrl":"https:\/\/secure.gravatar.com\/avatar\/5ba2793f0590b9dbfad3fdec4ee714485b3eef211c9b32ee53d414060454a56c?s=96&d=mm&r=g","caption":"Sodr\u00e9"},"sameAs":["https:\/\/www.facebook.com\/carosroberto.sodre.5\/"],"url":"https:\/\/ubanews.com\/site\/author\/felipe\/"}]}},"_links":{"self":[{"href":"https:\/\/ubanews.com\/site\/wp-json\/wp\/v2\/posts\/20563","targetHints":{"allow":["GET"]}}],"collection":[{"href":"https:\/\/ubanews.com\/site\/wp-json\/wp\/v2\/posts"}],"about":[{"href":"https:\/\/ubanews.com\/site\/wp-json\/wp\/v2\/types\/post"}],"author":[{"embeddable":true,"href":"https:\/\/ubanews.com\/site\/wp-json\/wp\/v2\/users\/2"}],"replies":[{"embeddable":true,"href":"https:\/\/ubanews.com\/site\/wp-json\/wp\/v2\/comments?post=20563"}],"version-history":[{"count":0,"href":"https:\/\/ubanews.com\/site\/wp-json\/wp\/v2\/posts\/20563\/revisions"}],"wp:featuredmedia":[{"embeddable":true,"href":"https:\/\/ubanews.com\/site\/wp-json\/wp\/v2\/media\/20564"}],"wp:attachment":[{"href":"https:\/\/ubanews.com\/site\/wp-json\/wp\/v2\/media?parent=20563"}],"wp:term":[{"taxonomy":"category","embeddable":true,"href":"https:\/\/ubanews.com\/site\/wp-json\/wp\/v2\/categories?post=20563"},{"taxonomy":"post_tag","embeddable":true,"href":"https:\/\/ubanews.com\/site\/wp-json\/wp\/v2\/tags?post=20563"}],"curies":[{"name":"wp","href":"https:\/\/api.w.org\/{rel}","templated":true}]}}