{"id":20561,"date":"2021-09-08T16:20:52","date_gmt":"2021-09-08T19:20:52","guid":{"rendered":"http:\/\/ubanews.com\/site\/?p=20561"},"modified":"2021-09-10T16:24:48","modified_gmt":"2021-09-10T19:24:48","slug":"vereadores-promovem-ampla-discussao-sobre-obras-paralisadas","status":"publish","type":"post","link":"https:\/\/ubanews.com\/site\/2021\/09\/08\/vereadores-promovem-ampla-discussao-sobre-obras-paralisadas\/","title":{"rendered":"VEREADORES PROMOVEM AMPLA DISCUSS\u00c3O SOBRE OBRAS PARALISADAS"},"content":{"rendered":"<p>Os quatro vereadores de oposi\u00e7\u00e3o Jos\u00e9 Damato; Jane Lacerda; C\u00e9lio Lopes; Jos\u00e9 Carlos do Sindicato e &#8220;surpreendentemente&#8221; o vereador Alexandre de Barros Mendes (Lek) votou pela transpar\u00eancia nas informa\u00e7\u00f5es de obras paralisadas por algum motivo. Depois de uma ampla discuss\u00e3o, projeto foi rejeitado por 6 a 5.<\/p>\n<div id=\"metaslider-id-17652\" style=\"max-width: 1000px;\" class=\"ml-slider-3-106-0 metaslider metaslider-nivo metaslider-17652 ml-slider ms-theme-outline\" role=\"region\" aria-label=\"Texto\" data-height=\"200\" data-width=\"1000\">\n    <div id=\"metaslider_container_17652\">\n        <div class='slider-wrapper theme-default'><div class='ribbon'><\/div><div id='metaslider_17652' class='nivoSlider'><\/div><\/div>\n        \n    <\/div>\n<\/div>\n<p>O secret\u00e1rio de Desenvolvimento Social, Fl\u00e1vio Monteze, atendendo ao convite dos vereadores, esteve no Plen\u00e1rio da C\u00e2mara para prestar esclarecimentos sobre as a\u00e7\u00f5es de sua secretaria, falando sobre diversos assuntos. Entre eles Centro Pop e moradores em condi\u00e7\u00e3o de rua, que cresceu muito durante a pandemia, segundo o secret\u00e1rio.<\/p>\n<div style=\"width: 840px;\" class=\"wp-video\"><video class=\"wp-video-shortcode\" id=\"video-20561-1\" width=\"840\" height=\"473\" autoplay preload=\"auto\" controls=\"controls\"><source type=\"video\/mp4\" src=\"https:\/\/ubanews.com\/site\/wp-content\/uploads\/2020\/12\/01020002.00_00_53_25.mp4?_=1\" \/><a href=\"https:\/\/ubanews.com\/site\/wp-content\/uploads\/2020\/12\/01020002.00_00_53_25.mp4\">https:\/\/ubanews.com\/site\/wp-content\/uploads\/2020\/12\/01020002.00_00_53_25.mp4<\/a><\/video><\/div>\n","protected":false},"excerpt":{"rendered":"<p>Os quatro vereadores de oposi\u00e7\u00e3o Jos\u00e9 Damato; Jane Lacerda; C\u00e9lio<\/p>\n","protected":false},"author":2,"featured_media":8125,"comment_status":"open","ping_status":"open","sticky":false,"template":"","format":"standard","meta":{"footnotes":""},"categories":[1],"tags":[],"class_list":["post-20561","post","type-post","status-publish","format-standard","has-post-thumbnail","hentry","category-sem-categoria"],"yoast_head":"<!-- This site is optimized with the Yoast SEO plugin v27.2 - https:\/\/yoast.com\/product\/yoast-seo-wordpress\/ -->\n<title>VEREADORES PROMOVEM AMPLA DISCUSS\u00c3O SOBRE OBRAS PARALISADAS - Ub\u00e1 News<\/title>\n<meta name=\"robots\" content=\"index, follow, max-snippet:-1, max-image-preview:large, max-video-preview:-1\" \/>\n<link rel=\"canonical\" href=\"https:\/\/ubanews.com\/site\/2021\/09\/08\/vereadores-promovem-ampla-discussao-sobre-obras-paralisadas\/\" \/>\n<meta property=\"og:locale\" content=\"pt_BR\" \/>\n<meta property=\"og:type\" content=\"article\" \/>\n<meta property=\"og:title\" content=\"VEREADORES PROMOVEM AMPLA DISCUSS\u00c3O SOBRE OBRAS PARALISADAS - Ub\u00e1 News\" \/>\n<meta property=\"og:description\" content=\"Os quatro vereadores de oposi\u00e7\u00e3o Jos\u00e9 Damato; Jane Lacerda; C\u00e9lio\" \/>\n<meta property=\"og:url\" content=\"https:\/\/ubanews.com\/site\/2021\/09\/08\/vereadores-promovem-ampla-discussao-sobre-obras-paralisadas\/\" \/>\n<meta property=\"og:site_name\" content=\"Ub\u00e1 News\" \/>\n<meta property=\"article:publisher\" content=\"https:\/\/www.facebook.com\/Ub%c3%a1News-Carlos-Roberto-Sodr%c3%a9-418778301977370\" \/>\n<meta property=\"article:author\" content=\"https:\/\/www.facebook.com\/carosroberto.sodre.5\/\" \/>\n<meta property=\"article:published_time\" content=\"2021-09-08T19:20:52+00:00\" \/>\n<meta property=\"article:modified_time\" content=\"2021-09-10T19:24:48+00:00\" \/>\n<meta property=\"og:image\" content=\"https:\/\/ubanews.com\/site\/wp-content\/uploads\/2018\/10\/C\u00e2mara-Municipal.jpg\" \/>\n\t<meta property=\"og:image:width\" content=\"800\" \/>\n\t<meta property=\"og:image:height\" content=\"389\" \/>\n\t<meta property=\"og:image:type\" content=\"image\/jpeg\" \/>\n<meta name=\"author\" content=\"Sodr\u00e9\" \/>\n<meta name=\"twitter:card\" content=\"summary_large_image\" \/>\n<meta name=\"twitter:label1\" content=\"Escrito por\" \/>\n\t<meta name=\"twitter:data1\" content=\"Sodr\u00e9\" \/>\n\t<meta name=\"twitter:label2\" content=\"Est. tempo de leitura\" \/>\n\t<meta name=\"twitter:data2\" content=\"1 minuto\" \/>\n<script type=\"application\/ld+json\" class=\"yoast-schema-graph\">{\"@context\":\"https:\/\/schema.org\",\"@graph\":[{\"@type\":\"Article\",\"@id\":\"https:\/\/ubanews.com\/site\/2021\/09\/08\/vereadores-promovem-ampla-discussao-sobre-obras-paralisadas\/#article\",\"isPartOf\":{\"@id\":\"https:\/\/ubanews.com\/site\/2021\/09\/08\/vereadores-promovem-ampla-discussao-sobre-obras-paralisadas\/\"},\"author\":{\"name\":\"Sodr\u00e9\",\"@id\":\"https:\/\/ubanews.com\/site\/#\/schema\/person\/d90c9e47252fbb63dcc969fe4c8b9d10\"},\"headline\":\"VEREADORES PROMOVEM AMPLA DISCUSS\u00c3O SOBRE OBRAS PARALISADAS\",\"datePublished\":\"2021-09-08T19:20:52+00:00\",\"dateModified\":\"2021-09-10T19:24:48+00:00\",\"mainEntityOfPage\":{\"@id\":\"https:\/\/ubanews.com\/site\/2021\/09\/08\/vereadores-promovem-ampla-discussao-sobre-obras-paralisadas\/\"},\"wordCount\":132,\"commentCount\":0,\"publisher\":{\"@id\":\"https:\/\/ubanews.com\/site\/#organization\"},\"image\":{\"@id\":\"https:\/\/ubanews.com\/site\/2021\/09\/08\/vereadores-promovem-ampla-discussao-sobre-obras-paralisadas\/#primaryimage\"},\"thumbnailUrl\":\"https:\/\/ubanews.com\/site\/wp-content\/uploads\/2018\/10\/C\u00e2mara-Municipal.jpg\",\"articleSection\":[\"Geral\"],\"inLanguage\":\"pt-BR\",\"potentialAction\":[{\"@type\":\"CommentAction\",\"name\":\"Comment\",\"target\":[\"https:\/\/ubanews.com\/site\/2021\/09\/08\/vereadores-promovem-ampla-discussao-sobre-obras-paralisadas\/#respond\"]}]},{\"@type\":\"WebPage\",\"@id\":\"https:\/\/ubanews.com\/site\/2021\/09\/08\/vereadores-promovem-ampla-discussao-sobre-obras-paralisadas\/\",\"url\":\"https:\/\/ubanews.com\/site\/2021\/09\/08\/vereadores-promovem-ampla-discussao-sobre-obras-paralisadas\/\",\"name\":\"VEREADORES PROMOVEM AMPLA DISCUSS\u00c3O SOBRE OBRAS PARALISADAS - Ub\u00e1 News\",\"isPartOf\":{\"@id\":\"https:\/\/ubanews.com\/site\/#website\"},\"primaryImageOfPage\":{\"@id\":\"https:\/\/ubanews.com\/site\/2021\/09\/08\/vereadores-promovem-ampla-discussao-sobre-obras-paralisadas\/#primaryimage\"},\"image\":{\"@id\":\"https:\/\/ubanews.com\/site\/2021\/09\/08\/vereadores-promovem-ampla-discussao-sobre-obras-paralisadas\/#primaryimage\"},\"thumbnailUrl\":\"https:\/\/ubanews.com\/site\/wp-content\/uploads\/2018\/10\/C\u00e2mara-Municipal.jpg\",\"datePublished\":\"2021-09-08T19:20:52+00:00\",\"dateModified\":\"2021-09-10T19:24:48+00:00\",\"breadcrumb\":{\"@id\":\"https:\/\/ubanews.com\/site\/2021\/09\/08\/vereadores-promovem-ampla-discussao-sobre-obras-paralisadas\/#breadcrumb\"},\"inLanguage\":\"pt-BR\",\"potentialAction\":[{\"@type\":\"ReadAction\",\"target\":[\"https:\/\/ubanews.com\/site\/2021\/09\/08\/vereadores-promovem-ampla-discussao-sobre-obras-paralisadas\/\"]}]},{\"@type\":\"ImageObject\",\"inLanguage\":\"pt-BR\",\"@id\":\"https:\/\/ubanews.com\/site\/2021\/09\/08\/vereadores-promovem-ampla-discussao-sobre-obras-paralisadas\/#primaryimage\",\"url\":\"https:\/\/ubanews.com\/site\/wp-content\/uploads\/2018\/10\/C\u00e2mara-Municipal.jpg\",\"contentUrl\":\"https:\/\/ubanews.com\/site\/wp-content\/uploads\/2018\/10\/C\u00e2mara-Municipal.jpg\",\"width\":800,\"height\":389},{\"@type\":\"BreadcrumbList\",\"@id\":\"https:\/\/ubanews.com\/site\/2021\/09\/08\/vereadores-promovem-ampla-discussao-sobre-obras-paralisadas\/#breadcrumb\",\"itemListElement\":[{\"@type\":\"ListItem\",\"position\":1,\"name\":\"Home\",\"item\":\"https:\/\/ubanews.com\/site\/\"},{\"@type\":\"ListItem\",\"position\":2,\"name\":\"VEREADORES PROMOVEM AMPLA DISCUSS\u00c3O SOBRE OBRAS PARALISADAS\"}]},{\"@type\":\"WebSite\",\"@id\":\"https:\/\/ubanews.com\/site\/#website\",\"url\":\"https:\/\/ubanews.com\/site\/\",\"name\":\"Ub\u00e1 News\",\"description\":\"\",\"publisher\":{\"@id\":\"https:\/\/ubanews.com\/site\/#organization\"},\"potentialAction\":[{\"@type\":\"SearchAction\",\"target\":{\"@type\":\"EntryPoint\",\"urlTemplate\":\"https:\/\/ubanews.com\/site\/?s={search_term_string}\"},\"query-input\":{\"@type\":\"PropertyValueSpecification\",\"valueRequired\":true,\"valueName\":\"search_term_string\"}}],\"inLanguage\":\"pt-BR\"},{\"@type\":\"Organization\",\"@id\":\"https:\/\/ubanews.com\/site\/#organization\",\"name\":\"Ub\u00e1 News\",\"url\":\"https:\/\/ubanews.com\/site\/\",\"logo\":{\"@type\":\"ImageObject\",\"inLanguage\":\"pt-BR\",\"@id\":\"https:\/\/ubanews.com\/site\/#\/schema\/logo\/image\/\",\"url\":\"https:\/\/ubanews.com\/site\/wp-content\/uploads\/2018\/01\/logoubanews.png\",\"contentUrl\":\"https:\/\/ubanews.com\/site\/wp-content\/uploads\/2018\/01\/logoubanews.png\",\"width\":261,\"height\":99,\"caption\":\"Ub\u00e1 News\"},\"image\":{\"@id\":\"https:\/\/ubanews.com\/site\/#\/schema\/logo\/image\/\"},\"sameAs\":[\"https:\/\/www.facebook.com\/Ub\u00e1News-Carlos-Roberto-Sodr\u00e9-418778301977370\"]},{\"@type\":\"Person\",\"@id\":\"https:\/\/ubanews.com\/site\/#\/schema\/person\/d90c9e47252fbb63dcc969fe4c8b9d10\",\"name\":\"Sodr\u00e9\",\"image\":{\"@type\":\"ImageObject\",\"inLanguage\":\"pt-BR\",\"@id\":\"https:\/\/secure.gravatar.com\/avatar\/5ba2793f0590b9dbfad3fdec4ee714485b3eef211c9b32ee53d414060454a56c?s=96&d=mm&r=g\",\"url\":\"https:\/\/secure.gravatar.com\/avatar\/5ba2793f0590b9dbfad3fdec4ee714485b3eef211c9b32ee53d414060454a56c?s=96&d=mm&r=g\",\"contentUrl\":\"https:\/\/secure.gravatar.com\/avatar\/5ba2793f0590b9dbfad3fdec4ee714485b3eef211c9b32ee53d414060454a56c?s=96&d=mm&r=g\",\"caption\":\"Sodr\u00e9\"},\"sameAs\":[\"https:\/\/www.facebook.com\/carosroberto.sodre.5\/\"],\"url\":\"https:\/\/ubanews.com\/site\/author\/felipe\/\"}]}<\/script>\n<!-- \/ Yoast SEO plugin. -->","yoast_head_json":{"title":"VEREADORES PROMOVEM AMPLA DISCUSS\u00c3O SOBRE OBRAS PARALISADAS - Ub\u00e1 News","robots":{"index":"index","follow":"follow","max-snippet":"max-snippet:-1","max-image-preview":"max-image-preview:large","max-video-preview":"max-video-preview:-1"},"canonical":"https:\/\/ubanews.com\/site\/2021\/09\/08\/vereadores-promovem-ampla-discussao-sobre-obras-paralisadas\/","og_locale":"pt_BR","og_type":"article","og_title":"VEREADORES PROMOVEM AMPLA DISCUSS\u00c3O SOBRE OBRAS PARALISADAS - Ub\u00e1 News","og_description":"Os quatro vereadores de oposi\u00e7\u00e3o Jos\u00e9 Damato; Jane Lacerda; C\u00e9lio","og_url":"https:\/\/ubanews.com\/site\/2021\/09\/08\/vereadores-promovem-ampla-discussao-sobre-obras-paralisadas\/","og_site_name":"Ub\u00e1 News","article_publisher":"https:\/\/www.facebook.com\/Ub%c3%a1News-Carlos-Roberto-Sodr%c3%a9-418778301977370","article_author":"https:\/\/www.facebook.com\/carosroberto.sodre.5\/","article_published_time":"2021-09-08T19:20:52+00:00","article_modified_time":"2021-09-10T19:24:48+00:00","og_image":[{"width":800,"height":389,"url":"https:\/\/ubanews.com\/site\/wp-content\/uploads\/2018\/10\/C\u00e2mara-Municipal.jpg","type":"image\/jpeg"}],"author":"Sodr\u00e9","twitter_card":"summary_large_image","twitter_misc":{"Escrito por":"Sodr\u00e9","Est. tempo de leitura":"1 minuto"},"schema":{"@context":"https:\/\/schema.org","@graph":[{"@type":"Article","@id":"https:\/\/ubanews.com\/site\/2021\/09\/08\/vereadores-promovem-ampla-discussao-sobre-obras-paralisadas\/#article","isPartOf":{"@id":"https:\/\/ubanews.com\/site\/2021\/09\/08\/vereadores-promovem-ampla-discussao-sobre-obras-paralisadas\/"},"author":{"name":"Sodr\u00e9","@id":"https:\/\/ubanews.com\/site\/#\/schema\/person\/d90c9e47252fbb63dcc969fe4c8b9d10"},"headline":"VEREADORES PROMOVEM AMPLA DISCUSS\u00c3O SOBRE OBRAS PARALISADAS","datePublished":"2021-09-08T19:20:52+00:00","dateModified":"2021-09-10T19:24:48+00:00","mainEntityOfPage":{"@id":"https:\/\/ubanews.com\/site\/2021\/09\/08\/vereadores-promovem-ampla-discussao-sobre-obras-paralisadas\/"},"wordCount":132,"commentCount":0,"publisher":{"@id":"https:\/\/ubanews.com\/site\/#organization"},"image":{"@id":"https:\/\/ubanews.com\/site\/2021\/09\/08\/vereadores-promovem-ampla-discussao-sobre-obras-paralisadas\/#primaryimage"},"thumbnailUrl":"https:\/\/ubanews.com\/site\/wp-content\/uploads\/2018\/10\/C\u00e2mara-Municipal.jpg","articleSection":["Geral"],"inLanguage":"pt-BR","potentialAction":[{"@type":"CommentAction","name":"Comment","target":["https:\/\/ubanews.com\/site\/2021\/09\/08\/vereadores-promovem-ampla-discussao-sobre-obras-paralisadas\/#respond"]}]},{"@type":"WebPage","@id":"https:\/\/ubanews.com\/site\/2021\/09\/08\/vereadores-promovem-ampla-discussao-sobre-obras-paralisadas\/","url":"https:\/\/ubanews.com\/site\/2021\/09\/08\/vereadores-promovem-ampla-discussao-sobre-obras-paralisadas\/","name":"VEREADORES PROMOVEM AMPLA DISCUSS\u00c3O SOBRE OBRAS PARALISADAS - Ub\u00e1 News","isPartOf":{"@id":"https:\/\/ubanews.com\/site\/#website"},"primaryImageOfPage":{"@id":"https:\/\/ubanews.com\/site\/2021\/09\/08\/vereadores-promovem-ampla-discussao-sobre-obras-paralisadas\/#primaryimage"},"image":{"@id":"https:\/\/ubanews.com\/site\/2021\/09\/08\/vereadores-promovem-ampla-discussao-sobre-obras-paralisadas\/#primaryimage"},"thumbnailUrl":"https:\/\/ubanews.com\/site\/wp-content\/uploads\/2018\/10\/C\u00e2mara-Municipal.jpg","datePublished":"2021-09-08T19:20:52+00:00","dateModified":"2021-09-10T19:24:48+00:00","breadcrumb":{"@id":"https:\/\/ubanews.com\/site\/2021\/09\/08\/vereadores-promovem-ampla-discussao-sobre-obras-paralisadas\/#breadcrumb"},"inLanguage":"pt-BR","potentialAction":[{"@type":"ReadAction","target":["https:\/\/ubanews.com\/site\/2021\/09\/08\/vereadores-promovem-ampla-discussao-sobre-obras-paralisadas\/"]}]},{"@type":"ImageObject","inLanguage":"pt-BR","@id":"https:\/\/ubanews.com\/site\/2021\/09\/08\/vereadores-promovem-ampla-discussao-sobre-obras-paralisadas\/#primaryimage","url":"https:\/\/ubanews.com\/site\/wp-content\/uploads\/2018\/10\/C\u00e2mara-Municipal.jpg","contentUrl":"https:\/\/ubanews.com\/site\/wp-content\/uploads\/2018\/10\/C\u00e2mara-Municipal.jpg","width":800,"height":389},{"@type":"BreadcrumbList","@id":"https:\/\/ubanews.com\/site\/2021\/09\/08\/vereadores-promovem-ampla-discussao-sobre-obras-paralisadas\/#breadcrumb","itemListElement":[{"@type":"ListItem","position":1,"name":"Home","item":"https:\/\/ubanews.com\/site\/"},{"@type":"ListItem","position":2,"name":"VEREADORES PROMOVEM AMPLA DISCUSS\u00c3O SOBRE OBRAS PARALISADAS"}]},{"@type":"WebSite","@id":"https:\/\/ubanews.com\/site\/#website","url":"https:\/\/ubanews.com\/site\/","name":"Ub\u00e1 News","description":"","publisher":{"@id":"https:\/\/ubanews.com\/site\/#organization"},"potentialAction":[{"@type":"SearchAction","target":{"@type":"EntryPoint","urlTemplate":"https:\/\/ubanews.com\/site\/?s={search_term_string}"},"query-input":{"@type":"PropertyValueSpecification","valueRequired":true,"valueName":"search_term_string"}}],"inLanguage":"pt-BR"},{"@type":"Organization","@id":"https:\/\/ubanews.com\/site\/#organization","name":"Ub\u00e1 News","url":"https:\/\/ubanews.com\/site\/","logo":{"@type":"ImageObject","inLanguage":"pt-BR","@id":"https:\/\/ubanews.com\/site\/#\/schema\/logo\/image\/","url":"https:\/\/ubanews.com\/site\/wp-content\/uploads\/2018\/01\/logoubanews.png","contentUrl":"https:\/\/ubanews.com\/site\/wp-content\/uploads\/2018\/01\/logoubanews.png","width":261,"height":99,"caption":"Ub\u00e1 News"},"image":{"@id":"https:\/\/ubanews.com\/site\/#\/schema\/logo\/image\/"},"sameAs":["https:\/\/www.facebook.com\/Ub\u00e1News-Carlos-Roberto-Sodr\u00e9-418778301977370"]},{"@type":"Person","@id":"https:\/\/ubanews.com\/site\/#\/schema\/person\/d90c9e47252fbb63dcc969fe4c8b9d10","name":"Sodr\u00e9","image":{"@type":"ImageObject","inLanguage":"pt-BR","@id":"https:\/\/secure.gravatar.com\/avatar\/5ba2793f0590b9dbfad3fdec4ee714485b3eef211c9b32ee53d414060454a56c?s=96&d=mm&r=g","url":"https:\/\/secure.gravatar.com\/avatar\/5ba2793f0590b9dbfad3fdec4ee714485b3eef211c9b32ee53d414060454a56c?s=96&d=mm&r=g","contentUrl":"https:\/\/secure.gravatar.com\/avatar\/5ba2793f0590b9dbfad3fdec4ee714485b3eef211c9b32ee53d414060454a56c?s=96&d=mm&r=g","caption":"Sodr\u00e9"},"sameAs":["https:\/\/www.facebook.com\/carosroberto.sodre.5\/"],"url":"https:\/\/ubanews.com\/site\/author\/felipe\/"}]}},"_links":{"self":[{"href":"https:\/\/ubanews.com\/site\/wp-json\/wp\/v2\/posts\/20561","targetHints":{"allow":["GET"]}}],"collection":[{"href":"https:\/\/ubanews.com\/site\/wp-json\/wp\/v2\/posts"}],"about":[{"href":"https:\/\/ubanews.com\/site\/wp-json\/wp\/v2\/types\/post"}],"author":[{"embeddable":true,"href":"https:\/\/ubanews.com\/site\/wp-json\/wp\/v2\/users\/2"}],"replies":[{"embeddable":true,"href":"https:\/\/ubanews.com\/site\/wp-json\/wp\/v2\/comments?post=20561"}],"version-history":[{"count":0,"href":"https:\/\/ubanews.com\/site\/wp-json\/wp\/v2\/posts\/20561\/revisions"}],"wp:featuredmedia":[{"embeddable":true,"href":"https:\/\/ubanews.com\/site\/wp-json\/wp\/v2\/media\/8125"}],"wp:attachment":[{"href":"https:\/\/ubanews.com\/site\/wp-json\/wp\/v2\/media?parent=20561"}],"wp:term":[{"taxonomy":"category","embeddable":true,"href":"https:\/\/ubanews.com\/site\/wp-json\/wp\/v2\/categories?post=20561"},{"taxonomy":"post_tag","embeddable":true,"href":"https:\/\/ubanews.com\/site\/wp-json\/wp\/v2\/tags?post=20561"}],"curies":[{"name":"wp","href":"https:\/\/api.w.org\/{rel}","templated":true}]}}