{"id":20555,"date":"2021-09-10T15:47:53","date_gmt":"2021-09-10T18:47:53","guid":{"rendered":"http:\/\/ubanews.com\/site\/?p=20555"},"modified":"2021-09-10T15:47:53","modified_gmt":"2021-09-10T18:47:53","slug":"uba-policia-militar-apreende-arma-de-fogo-usada-em-crime-de-homicidio-e-apreende-suspeito","status":"publish","type":"post","link":"https:\/\/ubanews.com\/site\/2021\/09\/10\/uba-policia-militar-apreende-arma-de-fogo-usada-em-crime-de-homicidio-e-apreende-suspeito\/","title":{"rendered":"UB\u00c1: POL\u00cdCIA MILITAR APREENDE ARMA DE FOGO USADA EM CRIME DE HOMIC\u00cdDIO E APREENDE SUSPEITO"},"content":{"rendered":"<p>09\/09\/2021<\/p>\n<p><strong>UB\u00c1<\/strong> &#8211; Escadaria Dona Maria, Agroceres<\/p>\n<p>Durante rastreamento ininterrupto em fun\u00e7\u00e3o de um crime de homic\u00eddio ocorrido ontem na Rua Ad\u00e3o Quint\u00e3o, bairro Agroceres, Policiais Militares receberam informa\u00e7\u00f5es dando conta de que o indiv\u00edduo, suspeito da autoria estava na fun\u00e7\u00e3o de \u201colheiro\u201d, (vigia do tr\u00e1fico entre os bairros Agroceres\/Da Luz), no alto de um pasto, no fim de um escad\u00e3o.<\/p>\n<p>Diante das informa\u00e7\u00f5es foi montada uma estrat\u00e9gia entre as Guarni\u00e7\u00f5es PM de servi\u00e7o, sendo que se logrou \u00eaxito em localizar o indiv\u00edduo alvo das buscas, no interior de uma resid\u00eancia, sendo este devidamente abordado e submetido \u00e0 busca pessoal.<\/p>\n<div id=\"metaslider-id-17652\" style=\"max-width: 1000px;\" class=\"ml-slider-3-106-0 metaslider metaslider-nivo metaslider-17652 ml-slider ms-theme-outline\" role=\"region\" aria-label=\"Texto\" data-height=\"200\" data-width=\"1000\">\n    <div id=\"metaslider_container_17652\">\n        <div class='slider-wrapper theme-default'><div class='ribbon'><\/div><div id='metaslider_17652' class='nivoSlider'><\/div><\/div>\n        \n    <\/div>\n<\/div>\n<p>Preliminarmente nada de il\u00edcito foi localizado, por\u00e9m ap\u00f3s parlamenta\u00e7\u00e3o o suspeito levou os Policiais Militares at\u00e9 uma casa abandonada, onde foi localizado 01 rev\u00f3lver, marca Taurus, calibre .38, com cabo de borracha e numera\u00e7\u00e3o suprimida.<\/p>\n<p>O autor assumiu ter cometido o citado homic\u00eddio, e que a motiva\u00e7\u00e3o seria devido h\u00e1 amea\u00e7a que vinha recebendo por parte da v\u00edtima.<\/p>\n<p>A arma supostamente utilizada no crime foi apreendida, bem como o suspeito da autoria, sendo conduzidos para a Delegacia de Pol\u00edcia.<\/p>\n<p><strong>ASSESSORIA DE COMUNICA\u00c7\u00c3O ORGANIZACIONAL<\/strong><br \/>\n<strong>Vig\u00e9simo Primeiro Batalh\u00e3o de Pol\u00edcia Militar<\/strong><\/p>\n<div style=\"width: 840px;\" class=\"wp-video\"><video class=\"wp-video-shortcode\" id=\"video-20555-1\" width=\"840\" height=\"473\" autoplay preload=\"auto\" controls=\"controls\"><source type=\"video\/mp4\" src=\"https:\/\/ubanews.com\/site\/wp-content\/uploads\/2020\/12\/01020002.00_00_53_25.mp4?_=1\" \/><a href=\"https:\/\/ubanews.com\/site\/wp-content\/uploads\/2020\/12\/01020002.00_00_53_25.mp4\">https:\/\/ubanews.com\/site\/wp-content\/uploads\/2020\/12\/01020002.00_00_53_25.mp4<\/a><\/video><\/div>\n","protected":false},"excerpt":{"rendered":"<p>09\/09\/2021 UB\u00c1 &#8211; Escadaria Dona Maria, Agroceres Durante rastreamento ininterrupto<\/p>\n","protected":false},"author":2,"featured_media":20556,"comment_status":"open","ping_status":"open","sticky":false,"template":"","format":"standard","meta":{"footnotes":""},"categories":[13],"tags":[],"class_list":["post-20555","post","type-post","status-publish","format-standard","has-post-thumbnail","hentry","category-sintese-das-ocorrencias"],"yoast_head":"<!-- This site is optimized with the Yoast SEO plugin v27.2 - https:\/\/yoast.com\/product\/yoast-seo-wordpress\/ -->\n<title>UB\u00c1: POL\u00cdCIA MILITAR APREENDE ARMA DE FOGO USADA EM CRIME DE HOMIC\u00cdDIO E APREENDE SUSPEITO - Ub\u00e1 News<\/title>\n<meta name=\"robots\" content=\"index, follow, max-snippet:-1, max-image-preview:large, max-video-preview:-1\" \/>\n<link rel=\"canonical\" href=\"https:\/\/ubanews.com\/site\/2021\/09\/10\/uba-policia-militar-apreende-arma-de-fogo-usada-em-crime-de-homicidio-e-apreende-suspeito\/\" \/>\n<meta property=\"og:locale\" content=\"pt_BR\" \/>\n<meta property=\"og:type\" content=\"article\" \/>\n<meta property=\"og:title\" content=\"UB\u00c1: POL\u00cdCIA MILITAR APREENDE ARMA DE FOGO USADA EM CRIME DE HOMIC\u00cdDIO E APREENDE SUSPEITO - Ub\u00e1 News\" \/>\n<meta property=\"og:description\" content=\"09\/09\/2021 UB\u00c1 &#8211; Escadaria Dona Maria, Agroceres Durante rastreamento ininterrupto\" \/>\n<meta property=\"og:url\" content=\"https:\/\/ubanews.com\/site\/2021\/09\/10\/uba-policia-militar-apreende-arma-de-fogo-usada-em-crime-de-homicidio-e-apreende-suspeito\/\" \/>\n<meta property=\"og:site_name\" content=\"Ub\u00e1 News\" \/>\n<meta property=\"article:publisher\" content=\"https:\/\/www.facebook.com\/Ub%c3%a1News-Carlos-Roberto-Sodr%c3%a9-418778301977370\" \/>\n<meta property=\"article:author\" content=\"https:\/\/www.facebook.com\/carosroberto.sodre.5\/\" \/>\n<meta property=\"article:published_time\" content=\"2021-09-10T18:47:53+00:00\" \/>\n<meta property=\"og:image\" content=\"https:\/\/ubanews.com\/site\/wp-content\/uploads\/2021\/09\/799.jpg\" \/>\n\t<meta property=\"og:image:width\" content=\"1000\" \/>\n\t<meta property=\"og:image:height\" content=\"450\" \/>\n\t<meta property=\"og:image:type\" content=\"image\/jpeg\" \/>\n<meta name=\"author\" content=\"Sodr\u00e9\" \/>\n<meta name=\"twitter:card\" content=\"summary_large_image\" \/>\n<meta name=\"twitter:label1\" content=\"Escrito por\" \/>\n\t<meta name=\"twitter:data1\" content=\"Sodr\u00e9\" \/>\n\t<meta name=\"twitter:label2\" content=\"Est. tempo de leitura\" \/>\n\t<meta name=\"twitter:data2\" content=\"1 minuto\" \/>\n<script type=\"application\/ld+json\" class=\"yoast-schema-graph\">{\"@context\":\"https:\/\/schema.org\",\"@graph\":[{\"@type\":\"Article\",\"@id\":\"https:\/\/ubanews.com\/site\/2021\/09\/10\/uba-policia-militar-apreende-arma-de-fogo-usada-em-crime-de-homicidio-e-apreende-suspeito\/#article\",\"isPartOf\":{\"@id\":\"https:\/\/ubanews.com\/site\/2021\/09\/10\/uba-policia-militar-apreende-arma-de-fogo-usada-em-crime-de-homicidio-e-apreende-suspeito\/\"},\"author\":{\"name\":\"Sodr\u00e9\",\"@id\":\"https:\/\/ubanews.com\/site\/#\/schema\/person\/d90c9e47252fbb63dcc969fe4c8b9d10\"},\"headline\":\"UB\u00c1: POL\u00cdCIA MILITAR APREENDE ARMA DE FOGO USADA EM CRIME DE HOMIC\u00cdDIO E APREENDE SUSPEITO\",\"datePublished\":\"2021-09-10T18:47:53+00:00\",\"mainEntityOfPage\":{\"@id\":\"https:\/\/ubanews.com\/site\/2021\/09\/10\/uba-policia-militar-apreende-arma-de-fogo-usada-em-crime-de-homicidio-e-apreende-suspeito\/\"},\"wordCount\":251,\"commentCount\":0,\"publisher\":{\"@id\":\"https:\/\/ubanews.com\/site\/#organization\"},\"image\":{\"@id\":\"https:\/\/ubanews.com\/site\/2021\/09\/10\/uba-policia-militar-apreende-arma-de-fogo-usada-em-crime-de-homicidio-e-apreende-suspeito\/#primaryimage\"},\"thumbnailUrl\":\"https:\/\/ubanews.com\/site\/wp-content\/uploads\/2021\/09\/799.jpg\",\"articleSection\":[\"S\u00edntese das Ocorr\u00eancias\"],\"inLanguage\":\"pt-BR\",\"potentialAction\":[{\"@type\":\"CommentAction\",\"name\":\"Comment\",\"target\":[\"https:\/\/ubanews.com\/site\/2021\/09\/10\/uba-policia-militar-apreende-arma-de-fogo-usada-em-crime-de-homicidio-e-apreende-suspeito\/#respond\"]}]},{\"@type\":\"WebPage\",\"@id\":\"https:\/\/ubanews.com\/site\/2021\/09\/10\/uba-policia-militar-apreende-arma-de-fogo-usada-em-crime-de-homicidio-e-apreende-suspeito\/\",\"url\":\"https:\/\/ubanews.com\/site\/2021\/09\/10\/uba-policia-militar-apreende-arma-de-fogo-usada-em-crime-de-homicidio-e-apreende-suspeito\/\",\"name\":\"UB\u00c1: POL\u00cdCIA MILITAR APREENDE ARMA DE FOGO USADA EM CRIME DE HOMIC\u00cdDIO E APREENDE SUSPEITO - Ub\u00e1 News\",\"isPartOf\":{\"@id\":\"https:\/\/ubanews.com\/site\/#website\"},\"primaryImageOfPage\":{\"@id\":\"https:\/\/ubanews.com\/site\/2021\/09\/10\/uba-policia-militar-apreende-arma-de-fogo-usada-em-crime-de-homicidio-e-apreende-suspeito\/#primaryimage\"},\"image\":{\"@id\":\"https:\/\/ubanews.com\/site\/2021\/09\/10\/uba-policia-militar-apreende-arma-de-fogo-usada-em-crime-de-homicidio-e-apreende-suspeito\/#primaryimage\"},\"thumbnailUrl\":\"https:\/\/ubanews.com\/site\/wp-content\/uploads\/2021\/09\/799.jpg\",\"datePublished\":\"2021-09-10T18:47:53+00:00\",\"breadcrumb\":{\"@id\":\"https:\/\/ubanews.com\/site\/2021\/09\/10\/uba-policia-militar-apreende-arma-de-fogo-usada-em-crime-de-homicidio-e-apreende-suspeito\/#breadcrumb\"},\"inLanguage\":\"pt-BR\",\"potentialAction\":[{\"@type\":\"ReadAction\",\"target\":[\"https:\/\/ubanews.com\/site\/2021\/09\/10\/uba-policia-militar-apreende-arma-de-fogo-usada-em-crime-de-homicidio-e-apreende-suspeito\/\"]}]},{\"@type\":\"ImageObject\",\"inLanguage\":\"pt-BR\",\"@id\":\"https:\/\/ubanews.com\/site\/2021\/09\/10\/uba-policia-militar-apreende-arma-de-fogo-usada-em-crime-de-homicidio-e-apreende-suspeito\/#primaryimage\",\"url\":\"https:\/\/ubanews.com\/site\/wp-content\/uploads\/2021\/09\/799.jpg\",\"contentUrl\":\"https:\/\/ubanews.com\/site\/wp-content\/uploads\/2021\/09\/799.jpg\",\"width\":1000,\"height\":450},{\"@type\":\"BreadcrumbList\",\"@id\":\"https:\/\/ubanews.com\/site\/2021\/09\/10\/uba-policia-militar-apreende-arma-de-fogo-usada-em-crime-de-homicidio-e-apreende-suspeito\/#breadcrumb\",\"itemListElement\":[{\"@type\":\"ListItem\",\"position\":1,\"name\":\"Home\",\"item\":\"https:\/\/ubanews.com\/site\/\"},{\"@type\":\"ListItem\",\"position\":2,\"name\":\"UB\u00c1: POL\u00cdCIA MILITAR APREENDE ARMA DE FOGO USADA EM CRIME DE HOMIC\u00cdDIO E APREENDE SUSPEITO\"}]},{\"@type\":\"WebSite\",\"@id\":\"https:\/\/ubanews.com\/site\/#website\",\"url\":\"https:\/\/ubanews.com\/site\/\",\"name\":\"Ub\u00e1 News\",\"description\":\"\",\"publisher\":{\"@id\":\"https:\/\/ubanews.com\/site\/#organization\"},\"potentialAction\":[{\"@type\":\"SearchAction\",\"target\":{\"@type\":\"EntryPoint\",\"urlTemplate\":\"https:\/\/ubanews.com\/site\/?s={search_term_string}\"},\"query-input\":{\"@type\":\"PropertyValueSpecification\",\"valueRequired\":true,\"valueName\":\"search_term_string\"}}],\"inLanguage\":\"pt-BR\"},{\"@type\":\"Organization\",\"@id\":\"https:\/\/ubanews.com\/site\/#organization\",\"name\":\"Ub\u00e1 News\",\"url\":\"https:\/\/ubanews.com\/site\/\",\"logo\":{\"@type\":\"ImageObject\",\"inLanguage\":\"pt-BR\",\"@id\":\"https:\/\/ubanews.com\/site\/#\/schema\/logo\/image\/\",\"url\":\"https:\/\/ubanews.com\/site\/wp-content\/uploads\/2018\/01\/logoubanews.png\",\"contentUrl\":\"https:\/\/ubanews.com\/site\/wp-content\/uploads\/2018\/01\/logoubanews.png\",\"width\":261,\"height\":99,\"caption\":\"Ub\u00e1 News\"},\"image\":{\"@id\":\"https:\/\/ubanews.com\/site\/#\/schema\/logo\/image\/\"},\"sameAs\":[\"https:\/\/www.facebook.com\/Ub\u00e1News-Carlos-Roberto-Sodr\u00e9-418778301977370\"]},{\"@type\":\"Person\",\"@id\":\"https:\/\/ubanews.com\/site\/#\/schema\/person\/d90c9e47252fbb63dcc969fe4c8b9d10\",\"name\":\"Sodr\u00e9\",\"image\":{\"@type\":\"ImageObject\",\"inLanguage\":\"pt-BR\",\"@id\":\"https:\/\/secure.gravatar.com\/avatar\/5ba2793f0590b9dbfad3fdec4ee714485b3eef211c9b32ee53d414060454a56c?s=96&d=mm&r=g\",\"url\":\"https:\/\/secure.gravatar.com\/avatar\/5ba2793f0590b9dbfad3fdec4ee714485b3eef211c9b32ee53d414060454a56c?s=96&d=mm&r=g\",\"contentUrl\":\"https:\/\/secure.gravatar.com\/avatar\/5ba2793f0590b9dbfad3fdec4ee714485b3eef211c9b32ee53d414060454a56c?s=96&d=mm&r=g\",\"caption\":\"Sodr\u00e9\"},\"sameAs\":[\"https:\/\/www.facebook.com\/carosroberto.sodre.5\/\"],\"url\":\"https:\/\/ubanews.com\/site\/author\/felipe\/\"}]}<\/script>\n<!-- \/ Yoast SEO plugin. -->","yoast_head_json":{"title":"UB\u00c1: POL\u00cdCIA MILITAR APREENDE ARMA DE FOGO USADA EM CRIME DE HOMIC\u00cdDIO E APREENDE SUSPEITO - Ub\u00e1 News","robots":{"index":"index","follow":"follow","max-snippet":"max-snippet:-1","max-image-preview":"max-image-preview:large","max-video-preview":"max-video-preview:-1"},"canonical":"https:\/\/ubanews.com\/site\/2021\/09\/10\/uba-policia-militar-apreende-arma-de-fogo-usada-em-crime-de-homicidio-e-apreende-suspeito\/","og_locale":"pt_BR","og_type":"article","og_title":"UB\u00c1: POL\u00cdCIA MILITAR APREENDE ARMA DE FOGO USADA EM CRIME DE HOMIC\u00cdDIO E APREENDE SUSPEITO - Ub\u00e1 News","og_description":"09\/09\/2021 UB\u00c1 &#8211; Escadaria Dona Maria, Agroceres Durante rastreamento ininterrupto","og_url":"https:\/\/ubanews.com\/site\/2021\/09\/10\/uba-policia-militar-apreende-arma-de-fogo-usada-em-crime-de-homicidio-e-apreende-suspeito\/","og_site_name":"Ub\u00e1 News","article_publisher":"https:\/\/www.facebook.com\/Ub%c3%a1News-Carlos-Roberto-Sodr%c3%a9-418778301977370","article_author":"https:\/\/www.facebook.com\/carosroberto.sodre.5\/","article_published_time":"2021-09-10T18:47:53+00:00","og_image":[{"width":1000,"height":450,"url":"https:\/\/ubanews.com\/site\/wp-content\/uploads\/2021\/09\/799.jpg","type":"image\/jpeg"}],"author":"Sodr\u00e9","twitter_card":"summary_large_image","twitter_misc":{"Escrito por":"Sodr\u00e9","Est. tempo de leitura":"1 minuto"},"schema":{"@context":"https:\/\/schema.org","@graph":[{"@type":"Article","@id":"https:\/\/ubanews.com\/site\/2021\/09\/10\/uba-policia-militar-apreende-arma-de-fogo-usada-em-crime-de-homicidio-e-apreende-suspeito\/#article","isPartOf":{"@id":"https:\/\/ubanews.com\/site\/2021\/09\/10\/uba-policia-militar-apreende-arma-de-fogo-usada-em-crime-de-homicidio-e-apreende-suspeito\/"},"author":{"name":"Sodr\u00e9","@id":"https:\/\/ubanews.com\/site\/#\/schema\/person\/d90c9e47252fbb63dcc969fe4c8b9d10"},"headline":"UB\u00c1: POL\u00cdCIA MILITAR APREENDE ARMA DE FOGO USADA EM CRIME DE HOMIC\u00cdDIO E APREENDE SUSPEITO","datePublished":"2021-09-10T18:47:53+00:00","mainEntityOfPage":{"@id":"https:\/\/ubanews.com\/site\/2021\/09\/10\/uba-policia-militar-apreende-arma-de-fogo-usada-em-crime-de-homicidio-e-apreende-suspeito\/"},"wordCount":251,"commentCount":0,"publisher":{"@id":"https:\/\/ubanews.com\/site\/#organization"},"image":{"@id":"https:\/\/ubanews.com\/site\/2021\/09\/10\/uba-policia-militar-apreende-arma-de-fogo-usada-em-crime-de-homicidio-e-apreende-suspeito\/#primaryimage"},"thumbnailUrl":"https:\/\/ubanews.com\/site\/wp-content\/uploads\/2021\/09\/799.jpg","articleSection":["S\u00edntese das Ocorr\u00eancias"],"inLanguage":"pt-BR","potentialAction":[{"@type":"CommentAction","name":"Comment","target":["https:\/\/ubanews.com\/site\/2021\/09\/10\/uba-policia-militar-apreende-arma-de-fogo-usada-em-crime-de-homicidio-e-apreende-suspeito\/#respond"]}]},{"@type":"WebPage","@id":"https:\/\/ubanews.com\/site\/2021\/09\/10\/uba-policia-militar-apreende-arma-de-fogo-usada-em-crime-de-homicidio-e-apreende-suspeito\/","url":"https:\/\/ubanews.com\/site\/2021\/09\/10\/uba-policia-militar-apreende-arma-de-fogo-usada-em-crime-de-homicidio-e-apreende-suspeito\/","name":"UB\u00c1: POL\u00cdCIA MILITAR APREENDE ARMA DE FOGO USADA EM CRIME DE HOMIC\u00cdDIO E APREENDE SUSPEITO - Ub\u00e1 News","isPartOf":{"@id":"https:\/\/ubanews.com\/site\/#website"},"primaryImageOfPage":{"@id":"https:\/\/ubanews.com\/site\/2021\/09\/10\/uba-policia-militar-apreende-arma-de-fogo-usada-em-crime-de-homicidio-e-apreende-suspeito\/#primaryimage"},"image":{"@id":"https:\/\/ubanews.com\/site\/2021\/09\/10\/uba-policia-militar-apreende-arma-de-fogo-usada-em-crime-de-homicidio-e-apreende-suspeito\/#primaryimage"},"thumbnailUrl":"https:\/\/ubanews.com\/site\/wp-content\/uploads\/2021\/09\/799.jpg","datePublished":"2021-09-10T18:47:53+00:00","breadcrumb":{"@id":"https:\/\/ubanews.com\/site\/2021\/09\/10\/uba-policia-militar-apreende-arma-de-fogo-usada-em-crime-de-homicidio-e-apreende-suspeito\/#breadcrumb"},"inLanguage":"pt-BR","potentialAction":[{"@type":"ReadAction","target":["https:\/\/ubanews.com\/site\/2021\/09\/10\/uba-policia-militar-apreende-arma-de-fogo-usada-em-crime-de-homicidio-e-apreende-suspeito\/"]}]},{"@type":"ImageObject","inLanguage":"pt-BR","@id":"https:\/\/ubanews.com\/site\/2021\/09\/10\/uba-policia-militar-apreende-arma-de-fogo-usada-em-crime-de-homicidio-e-apreende-suspeito\/#primaryimage","url":"https:\/\/ubanews.com\/site\/wp-content\/uploads\/2021\/09\/799.jpg","contentUrl":"https:\/\/ubanews.com\/site\/wp-content\/uploads\/2021\/09\/799.jpg","width":1000,"height":450},{"@type":"BreadcrumbList","@id":"https:\/\/ubanews.com\/site\/2021\/09\/10\/uba-policia-militar-apreende-arma-de-fogo-usada-em-crime-de-homicidio-e-apreende-suspeito\/#breadcrumb","itemListElement":[{"@type":"ListItem","position":1,"name":"Home","item":"https:\/\/ubanews.com\/site\/"},{"@type":"ListItem","position":2,"name":"UB\u00c1: POL\u00cdCIA MILITAR APREENDE ARMA DE FOGO USADA EM CRIME DE HOMIC\u00cdDIO E APREENDE SUSPEITO"}]},{"@type":"WebSite","@id":"https:\/\/ubanews.com\/site\/#website","url":"https:\/\/ubanews.com\/site\/","name":"Ub\u00e1 News","description":"","publisher":{"@id":"https:\/\/ubanews.com\/site\/#organization"},"potentialAction":[{"@type":"SearchAction","target":{"@type":"EntryPoint","urlTemplate":"https:\/\/ubanews.com\/site\/?s={search_term_string}"},"query-input":{"@type":"PropertyValueSpecification","valueRequired":true,"valueName":"search_term_string"}}],"inLanguage":"pt-BR"},{"@type":"Organization","@id":"https:\/\/ubanews.com\/site\/#organization","name":"Ub\u00e1 News","url":"https:\/\/ubanews.com\/site\/","logo":{"@type":"ImageObject","inLanguage":"pt-BR","@id":"https:\/\/ubanews.com\/site\/#\/schema\/logo\/image\/","url":"https:\/\/ubanews.com\/site\/wp-content\/uploads\/2018\/01\/logoubanews.png","contentUrl":"https:\/\/ubanews.com\/site\/wp-content\/uploads\/2018\/01\/logoubanews.png","width":261,"height":99,"caption":"Ub\u00e1 News"},"image":{"@id":"https:\/\/ubanews.com\/site\/#\/schema\/logo\/image\/"},"sameAs":["https:\/\/www.facebook.com\/Ub\u00e1News-Carlos-Roberto-Sodr\u00e9-418778301977370"]},{"@type":"Person","@id":"https:\/\/ubanews.com\/site\/#\/schema\/person\/d90c9e47252fbb63dcc969fe4c8b9d10","name":"Sodr\u00e9","image":{"@type":"ImageObject","inLanguage":"pt-BR","@id":"https:\/\/secure.gravatar.com\/avatar\/5ba2793f0590b9dbfad3fdec4ee714485b3eef211c9b32ee53d414060454a56c?s=96&d=mm&r=g","url":"https:\/\/secure.gravatar.com\/avatar\/5ba2793f0590b9dbfad3fdec4ee714485b3eef211c9b32ee53d414060454a56c?s=96&d=mm&r=g","contentUrl":"https:\/\/secure.gravatar.com\/avatar\/5ba2793f0590b9dbfad3fdec4ee714485b3eef211c9b32ee53d414060454a56c?s=96&d=mm&r=g","caption":"Sodr\u00e9"},"sameAs":["https:\/\/www.facebook.com\/carosroberto.sodre.5\/"],"url":"https:\/\/ubanews.com\/site\/author\/felipe\/"}]}},"_links":{"self":[{"href":"https:\/\/ubanews.com\/site\/wp-json\/wp\/v2\/posts\/20555","targetHints":{"allow":["GET"]}}],"collection":[{"href":"https:\/\/ubanews.com\/site\/wp-json\/wp\/v2\/posts"}],"about":[{"href":"https:\/\/ubanews.com\/site\/wp-json\/wp\/v2\/types\/post"}],"author":[{"embeddable":true,"href":"https:\/\/ubanews.com\/site\/wp-json\/wp\/v2\/users\/2"}],"replies":[{"embeddable":true,"href":"https:\/\/ubanews.com\/site\/wp-json\/wp\/v2\/comments?post=20555"}],"version-history":[{"count":0,"href":"https:\/\/ubanews.com\/site\/wp-json\/wp\/v2\/posts\/20555\/revisions"}],"wp:featuredmedia":[{"embeddable":true,"href":"https:\/\/ubanews.com\/site\/wp-json\/wp\/v2\/media\/20556"}],"wp:attachment":[{"href":"https:\/\/ubanews.com\/site\/wp-json\/wp\/v2\/media?parent=20555"}],"wp:term":[{"taxonomy":"category","embeddable":true,"href":"https:\/\/ubanews.com\/site\/wp-json\/wp\/v2\/categories?post=20555"},{"taxonomy":"post_tag","embeddable":true,"href":"https:\/\/ubanews.com\/site\/wp-json\/wp\/v2\/tags?post=20555"}],"curies":[{"name":"wp","href":"https:\/\/api.w.org\/{rel}","templated":true}]}}