{"id":20506,"date":"2021-09-03T18:10:23","date_gmt":"2021-09-03T21:10:23","guid":{"rendered":"http:\/\/ubanews.com\/site\/?p=20506"},"modified":"2021-09-03T18:30:03","modified_gmt":"2021-09-03T21:30:03","slug":"secretario-diz-que-o-projeto-maos-dadas-e-uma-janela-de-oportunidades","status":"publish","type":"post","link":"https:\/\/ubanews.com\/site\/2021\/09\/03\/secretario-diz-que-o-projeto-maos-dadas-e-uma-janela-de-oportunidades\/","title":{"rendered":"SECRET\u00c1RIO DIZ QUE O PROJETO M\u00c3OS DADAS \u00c9 UMA JANELA DE OPORTUNIDADES"},"content":{"rendered":"<p>A Prefeitura de Ub\u00e1, por meio da Secretaria Municipal de Educa\u00e7\u00e3o, realizou uma entrevista coletiva, no dia 31\/08, tendo como tema a celebra\u00e7\u00e3o de conv\u00eanio com o Estado de Minas Gerais para a transfer\u00eancia total, da rede estadual para a rede municipal, da gest\u00e3o administrativa, financeira e operacional do atendimento dos anos iniciais do Ensino Fundamental (1\u00ba ao 5\u00ba ano) de cinco escolas, conforme diretrizes do &#8220;Projeto M\u00e3os Dadas&#8221;.<\/p>\n<p>O Projeto de Lei j\u00e1 foi enviado \u00e0 C\u00e2mara Municipal para aprecia\u00e7\u00e3o e vota\u00e7\u00e3o pelos vereadores. Caso aprovado, a Rede Municipal de Ensino de Ub\u00e1 vai absorver as matr\u00edculas dos estudantes do 1\u00ba ao 5\u00ba ano do ensino fundamental das unidades escolares S\u00e3o Jos\u00e9, Coronel Camilo Soares, Professor L\u00edvio de Castro Carneiro, Doutor Levindo Coelho e Doutor Jos\u00e9 Janu\u00e1rio Carneiro.<\/p>\n<div id=\"metaslider-id-17652\" style=\"max-width: 1000px;\" class=\"ml-slider-3-106-0 metaslider metaslider-nivo metaslider-17652 ml-slider ms-theme-outline\" role=\"region\" aria-label=\"Texto\" data-height=\"200\" data-width=\"1000\">\n    <div id=\"metaslider_container_17652\">\n        <div class='slider-wrapper theme-default'><div class='ribbon'><\/div><div id='metaslider_17652' class='nivoSlider'><\/div><\/div>\n        \n    <\/div>\n<\/div>\n<p>Durante a coletiva, o prefeito Edson Teixeira Filho foi acompanhado pela Superintendente Regional de Ensino de Ub\u00e1, Josiane Almeida Segheto, e pelo secret\u00e1rio municipal de Educa\u00e7\u00e3o, Samuel Gazolla Lima.<\/p>\n<p>\u201cEstamos falando de uma janela de oportunidades, de um regime de colabora\u00e7\u00e3o que a gente precisa e nossas crian\u00e7as merecem. Temos convic\u00e7\u00e3o de que iremos prestar um excelente servi\u00e7o e que os ganhos para a educa\u00e7\u00e3o ser\u00e3o como nunca vistos em nossa cidade\u201d, frisou Samuel.<\/p>\n<p>Fonte: assessoria PMU<\/p>\n<p><iframe title=\"YouTube video player\" data-src=\"https:\/\/www.youtube.com\/embed\/dpBcBZ2Omq8\" width=\"560\" height=\"315\" frameborder=\"0\" allowfullscreen=\"allowfullscreen\" src=\"data:image\/svg+xml;base64,PHN2ZyB3aWR0aD0iMSIgaGVpZ2h0PSIxIiB4bWxucz0iaHR0cDovL3d3dy53My5vcmcvMjAwMC9zdmciPjwvc3ZnPg==\" class=\"lazyload\" data-load-mode=\"1\"><\/iframe>&nbsp;<\/p>\n<div style=\"width: 840px;\" class=\"wp-video\"><video class=\"wp-video-shortcode\" id=\"video-20506-1\" width=\"840\" height=\"473\" autoplay preload=\"auto\" controls=\"controls\"><source type=\"video\/mp4\" src=\"https:\/\/ubanews.com\/site\/wp-content\/uploads\/2020\/12\/01020002.00_00_53_25.mp4?_=1\" \/><a href=\"https:\/\/ubanews.com\/site\/wp-content\/uploads\/2020\/12\/01020002.00_00_53_25.mp4\">https:\/\/ubanews.com\/site\/wp-content\/uploads\/2020\/12\/01020002.00_00_53_25.mp4<\/a><\/video><\/div>\n","protected":false},"excerpt":{"rendered":"<p>A Prefeitura de Ub\u00e1, por meio da Secretaria Municipal de<\/p>\n","protected":false},"author":2,"featured_media":20507,"comment_status":"open","ping_status":"open","sticky":false,"template":"","format":"standard","meta":{"footnotes":""},"categories":[15,3],"tags":[],"class_list":["post-20506","post","type-post","status-publish","format-standard","has-post-thumbnail","hentry","category-prefeitura-municipal","category-slide"],"yoast_head":"<!-- This site is optimized with the Yoast SEO plugin v27.2 - https:\/\/yoast.com\/product\/yoast-seo-wordpress\/ -->\n<title>SECRET\u00c1RIO DIZ QUE O PROJETO M\u00c3OS DADAS \u00c9 UMA JANELA DE OPORTUNIDADES - Ub\u00e1 News<\/title>\n<meta name=\"robots\" content=\"index, follow, max-snippet:-1, max-image-preview:large, max-video-preview:-1\" \/>\n<link rel=\"canonical\" href=\"https:\/\/ubanews.com\/site\/2021\/09\/03\/secretario-diz-que-o-projeto-maos-dadas-e-uma-janela-de-oportunidades\/\" \/>\n<meta property=\"og:locale\" content=\"pt_BR\" \/>\n<meta property=\"og:type\" content=\"article\" \/>\n<meta property=\"og:title\" content=\"SECRET\u00c1RIO DIZ QUE O PROJETO M\u00c3OS DADAS \u00c9 UMA JANELA DE OPORTUNIDADES - Ub\u00e1 News\" \/>\n<meta property=\"og:description\" content=\"A Prefeitura de Ub\u00e1, por meio da Secretaria Municipal de\" \/>\n<meta property=\"og:url\" content=\"https:\/\/ubanews.com\/site\/2021\/09\/03\/secretario-diz-que-o-projeto-maos-dadas-e-uma-janela-de-oportunidades\/\" \/>\n<meta property=\"og:site_name\" content=\"Ub\u00e1 News\" \/>\n<meta property=\"article:publisher\" content=\"https:\/\/www.facebook.com\/Ub%c3%a1News-Carlos-Roberto-Sodr%c3%a9-418778301977370\" \/>\n<meta property=\"article:author\" content=\"https:\/\/www.facebook.com\/carosroberto.sodre.5\/\" \/>\n<meta property=\"article:published_time\" content=\"2021-09-03T21:10:23+00:00\" \/>\n<meta property=\"article:modified_time\" content=\"2021-09-03T21:30:03+00:00\" \/>\n<meta property=\"og:image\" content=\"https:\/\/ubanews.com\/site\/wp-content\/uploads\/2021\/09\/01020002.00_00_53_25.00_02_37_44.Quadro0071.jpg\" \/>\n\t<meta property=\"og:image:width\" content=\"1000\" \/>\n\t<meta property=\"og:image:height\" content=\"500\" \/>\n\t<meta property=\"og:image:type\" content=\"image\/jpeg\" \/>\n<meta name=\"author\" content=\"Sodr\u00e9\" \/>\n<meta name=\"twitter:card\" content=\"summary_large_image\" \/>\n<meta name=\"twitter:label1\" content=\"Escrito por\" \/>\n\t<meta name=\"twitter:data1\" content=\"Sodr\u00e9\" \/>\n\t<meta name=\"twitter:label2\" content=\"Est. tempo de leitura\" \/>\n\t<meta name=\"twitter:data2\" content=\"1 minuto\" \/>\n<script type=\"application\/ld+json\" class=\"yoast-schema-graph\">{\"@context\":\"https:\/\/schema.org\",\"@graph\":[{\"@type\":\"Article\",\"@id\":\"https:\/\/ubanews.com\/site\/2021\/09\/03\/secretario-diz-que-o-projeto-maos-dadas-e-uma-janela-de-oportunidades\/#article\",\"isPartOf\":{\"@id\":\"https:\/\/ubanews.com\/site\/2021\/09\/03\/secretario-diz-que-o-projeto-maos-dadas-e-uma-janela-de-oportunidades\/\"},\"author\":{\"name\":\"Sodr\u00e9\",\"@id\":\"https:\/\/ubanews.com\/site\/#\/schema\/person\/d90c9e47252fbb63dcc969fe4c8b9d10\"},\"headline\":\"SECRET\u00c1RIO DIZ QUE O PROJETO M\u00c3OS DADAS \u00c9 UMA JANELA DE OPORTUNIDADES\",\"datePublished\":\"2021-09-03T21:10:23+00:00\",\"dateModified\":\"2021-09-03T21:30:03+00:00\",\"mainEntityOfPage\":{\"@id\":\"https:\/\/ubanews.com\/site\/2021\/09\/03\/secretario-diz-que-o-projeto-maos-dadas-e-uma-janela-de-oportunidades\/\"},\"wordCount\":253,\"commentCount\":0,\"publisher\":{\"@id\":\"https:\/\/ubanews.com\/site\/#organization\"},\"image\":{\"@id\":\"https:\/\/ubanews.com\/site\/2021\/09\/03\/secretario-diz-que-o-projeto-maos-dadas-e-uma-janela-de-oportunidades\/#primaryimage\"},\"thumbnailUrl\":\"https:\/\/ubanews.com\/site\/wp-content\/uploads\/2021\/09\/01020002.00_00_53_25.00_02_37_44.Quadro0071.jpg\",\"articleSection\":[\"Prefeitura Municipal\",\"Slide\"],\"inLanguage\":\"pt-BR\",\"potentialAction\":[{\"@type\":\"CommentAction\",\"name\":\"Comment\",\"target\":[\"https:\/\/ubanews.com\/site\/2021\/09\/03\/secretario-diz-que-o-projeto-maos-dadas-e-uma-janela-de-oportunidades\/#respond\"]}]},{\"@type\":\"WebPage\",\"@id\":\"https:\/\/ubanews.com\/site\/2021\/09\/03\/secretario-diz-que-o-projeto-maos-dadas-e-uma-janela-de-oportunidades\/\",\"url\":\"https:\/\/ubanews.com\/site\/2021\/09\/03\/secretario-diz-que-o-projeto-maos-dadas-e-uma-janela-de-oportunidades\/\",\"name\":\"SECRET\u00c1RIO DIZ QUE O PROJETO M\u00c3OS DADAS \u00c9 UMA JANELA DE OPORTUNIDADES - Ub\u00e1 News\",\"isPartOf\":{\"@id\":\"https:\/\/ubanews.com\/site\/#website\"},\"primaryImageOfPage\":{\"@id\":\"https:\/\/ubanews.com\/site\/2021\/09\/03\/secretario-diz-que-o-projeto-maos-dadas-e-uma-janela-de-oportunidades\/#primaryimage\"},\"image\":{\"@id\":\"https:\/\/ubanews.com\/site\/2021\/09\/03\/secretario-diz-que-o-projeto-maos-dadas-e-uma-janela-de-oportunidades\/#primaryimage\"},\"thumbnailUrl\":\"https:\/\/ubanews.com\/site\/wp-content\/uploads\/2021\/09\/01020002.00_00_53_25.00_02_37_44.Quadro0071.jpg\",\"datePublished\":\"2021-09-03T21:10:23+00:00\",\"dateModified\":\"2021-09-03T21:30:03+00:00\",\"breadcrumb\":{\"@id\":\"https:\/\/ubanews.com\/site\/2021\/09\/03\/secretario-diz-que-o-projeto-maos-dadas-e-uma-janela-de-oportunidades\/#breadcrumb\"},\"inLanguage\":\"pt-BR\",\"potentialAction\":[{\"@type\":\"ReadAction\",\"target\":[\"https:\/\/ubanews.com\/site\/2021\/09\/03\/secretario-diz-que-o-projeto-maos-dadas-e-uma-janela-de-oportunidades\/\"]}]},{\"@type\":\"ImageObject\",\"inLanguage\":\"pt-BR\",\"@id\":\"https:\/\/ubanews.com\/site\/2021\/09\/03\/secretario-diz-que-o-projeto-maos-dadas-e-uma-janela-de-oportunidades\/#primaryimage\",\"url\":\"https:\/\/ubanews.com\/site\/wp-content\/uploads\/2021\/09\/01020002.00_00_53_25.00_02_37_44.Quadro0071.jpg\",\"contentUrl\":\"https:\/\/ubanews.com\/site\/wp-content\/uploads\/2021\/09\/01020002.00_00_53_25.00_02_37_44.Quadro0071.jpg\",\"width\":1000,\"height\":500},{\"@type\":\"BreadcrumbList\",\"@id\":\"https:\/\/ubanews.com\/site\/2021\/09\/03\/secretario-diz-que-o-projeto-maos-dadas-e-uma-janela-de-oportunidades\/#breadcrumb\",\"itemListElement\":[{\"@type\":\"ListItem\",\"position\":1,\"name\":\"Home\",\"item\":\"https:\/\/ubanews.com\/site\/\"},{\"@type\":\"ListItem\",\"position\":2,\"name\":\"SECRET\u00c1RIO DIZ QUE O PROJETO M\u00c3OS DADAS \u00c9 UMA JANELA DE OPORTUNIDADES\"}]},{\"@type\":\"WebSite\",\"@id\":\"https:\/\/ubanews.com\/site\/#website\",\"url\":\"https:\/\/ubanews.com\/site\/\",\"name\":\"Ub\u00e1 News\",\"description\":\"\",\"publisher\":{\"@id\":\"https:\/\/ubanews.com\/site\/#organization\"},\"potentialAction\":[{\"@type\":\"SearchAction\",\"target\":{\"@type\":\"EntryPoint\",\"urlTemplate\":\"https:\/\/ubanews.com\/site\/?s={search_term_string}\"},\"query-input\":{\"@type\":\"PropertyValueSpecification\",\"valueRequired\":true,\"valueName\":\"search_term_string\"}}],\"inLanguage\":\"pt-BR\"},{\"@type\":\"Organization\",\"@id\":\"https:\/\/ubanews.com\/site\/#organization\",\"name\":\"Ub\u00e1 News\",\"url\":\"https:\/\/ubanews.com\/site\/\",\"logo\":{\"@type\":\"ImageObject\",\"inLanguage\":\"pt-BR\",\"@id\":\"https:\/\/ubanews.com\/site\/#\/schema\/logo\/image\/\",\"url\":\"https:\/\/ubanews.com\/site\/wp-content\/uploads\/2018\/01\/logoubanews.png\",\"contentUrl\":\"https:\/\/ubanews.com\/site\/wp-content\/uploads\/2018\/01\/logoubanews.png\",\"width\":261,\"height\":99,\"caption\":\"Ub\u00e1 News\"},\"image\":{\"@id\":\"https:\/\/ubanews.com\/site\/#\/schema\/logo\/image\/\"},\"sameAs\":[\"https:\/\/www.facebook.com\/Ub\u00e1News-Carlos-Roberto-Sodr\u00e9-418778301977370\"]},{\"@type\":\"Person\",\"@id\":\"https:\/\/ubanews.com\/site\/#\/schema\/person\/d90c9e47252fbb63dcc969fe4c8b9d10\",\"name\":\"Sodr\u00e9\",\"image\":{\"@type\":\"ImageObject\",\"inLanguage\":\"pt-BR\",\"@id\":\"https:\/\/secure.gravatar.com\/avatar\/5ba2793f0590b9dbfad3fdec4ee714485b3eef211c9b32ee53d414060454a56c?s=96&d=mm&r=g\",\"url\":\"https:\/\/secure.gravatar.com\/avatar\/5ba2793f0590b9dbfad3fdec4ee714485b3eef211c9b32ee53d414060454a56c?s=96&d=mm&r=g\",\"contentUrl\":\"https:\/\/secure.gravatar.com\/avatar\/5ba2793f0590b9dbfad3fdec4ee714485b3eef211c9b32ee53d414060454a56c?s=96&d=mm&r=g\",\"caption\":\"Sodr\u00e9\"},\"sameAs\":[\"https:\/\/www.facebook.com\/carosroberto.sodre.5\/\"],\"url\":\"https:\/\/ubanews.com\/site\/author\/felipe\/\"}]}<\/script>\n<!-- \/ Yoast SEO plugin. -->","yoast_head_json":{"title":"SECRET\u00c1RIO DIZ QUE O PROJETO M\u00c3OS DADAS \u00c9 UMA JANELA DE OPORTUNIDADES - Ub\u00e1 News","robots":{"index":"index","follow":"follow","max-snippet":"max-snippet:-1","max-image-preview":"max-image-preview:large","max-video-preview":"max-video-preview:-1"},"canonical":"https:\/\/ubanews.com\/site\/2021\/09\/03\/secretario-diz-que-o-projeto-maos-dadas-e-uma-janela-de-oportunidades\/","og_locale":"pt_BR","og_type":"article","og_title":"SECRET\u00c1RIO DIZ QUE O PROJETO M\u00c3OS DADAS \u00c9 UMA JANELA DE OPORTUNIDADES - Ub\u00e1 News","og_description":"A Prefeitura de Ub\u00e1, por meio da Secretaria Municipal de","og_url":"https:\/\/ubanews.com\/site\/2021\/09\/03\/secretario-diz-que-o-projeto-maos-dadas-e-uma-janela-de-oportunidades\/","og_site_name":"Ub\u00e1 News","article_publisher":"https:\/\/www.facebook.com\/Ub%c3%a1News-Carlos-Roberto-Sodr%c3%a9-418778301977370","article_author":"https:\/\/www.facebook.com\/carosroberto.sodre.5\/","article_published_time":"2021-09-03T21:10:23+00:00","article_modified_time":"2021-09-03T21:30:03+00:00","og_image":[{"width":1000,"height":500,"url":"https:\/\/ubanews.com\/site\/wp-content\/uploads\/2021\/09\/01020002.00_00_53_25.00_02_37_44.Quadro0071.jpg","type":"image\/jpeg"}],"author":"Sodr\u00e9","twitter_card":"summary_large_image","twitter_misc":{"Escrito por":"Sodr\u00e9","Est. tempo de leitura":"1 minuto"},"schema":{"@context":"https:\/\/schema.org","@graph":[{"@type":"Article","@id":"https:\/\/ubanews.com\/site\/2021\/09\/03\/secretario-diz-que-o-projeto-maos-dadas-e-uma-janela-de-oportunidades\/#article","isPartOf":{"@id":"https:\/\/ubanews.com\/site\/2021\/09\/03\/secretario-diz-que-o-projeto-maos-dadas-e-uma-janela-de-oportunidades\/"},"author":{"name":"Sodr\u00e9","@id":"https:\/\/ubanews.com\/site\/#\/schema\/person\/d90c9e47252fbb63dcc969fe4c8b9d10"},"headline":"SECRET\u00c1RIO DIZ QUE O PROJETO M\u00c3OS DADAS \u00c9 UMA JANELA DE OPORTUNIDADES","datePublished":"2021-09-03T21:10:23+00:00","dateModified":"2021-09-03T21:30:03+00:00","mainEntityOfPage":{"@id":"https:\/\/ubanews.com\/site\/2021\/09\/03\/secretario-diz-que-o-projeto-maos-dadas-e-uma-janela-de-oportunidades\/"},"wordCount":253,"commentCount":0,"publisher":{"@id":"https:\/\/ubanews.com\/site\/#organization"},"image":{"@id":"https:\/\/ubanews.com\/site\/2021\/09\/03\/secretario-diz-que-o-projeto-maos-dadas-e-uma-janela-de-oportunidades\/#primaryimage"},"thumbnailUrl":"https:\/\/ubanews.com\/site\/wp-content\/uploads\/2021\/09\/01020002.00_00_53_25.00_02_37_44.Quadro0071.jpg","articleSection":["Prefeitura Municipal","Slide"],"inLanguage":"pt-BR","potentialAction":[{"@type":"CommentAction","name":"Comment","target":["https:\/\/ubanews.com\/site\/2021\/09\/03\/secretario-diz-que-o-projeto-maos-dadas-e-uma-janela-de-oportunidades\/#respond"]}]},{"@type":"WebPage","@id":"https:\/\/ubanews.com\/site\/2021\/09\/03\/secretario-diz-que-o-projeto-maos-dadas-e-uma-janela-de-oportunidades\/","url":"https:\/\/ubanews.com\/site\/2021\/09\/03\/secretario-diz-que-o-projeto-maos-dadas-e-uma-janela-de-oportunidades\/","name":"SECRET\u00c1RIO DIZ QUE O PROJETO M\u00c3OS DADAS \u00c9 UMA JANELA DE OPORTUNIDADES - Ub\u00e1 News","isPartOf":{"@id":"https:\/\/ubanews.com\/site\/#website"},"primaryImageOfPage":{"@id":"https:\/\/ubanews.com\/site\/2021\/09\/03\/secretario-diz-que-o-projeto-maos-dadas-e-uma-janela-de-oportunidades\/#primaryimage"},"image":{"@id":"https:\/\/ubanews.com\/site\/2021\/09\/03\/secretario-diz-que-o-projeto-maos-dadas-e-uma-janela-de-oportunidades\/#primaryimage"},"thumbnailUrl":"https:\/\/ubanews.com\/site\/wp-content\/uploads\/2021\/09\/01020002.00_00_53_25.00_02_37_44.Quadro0071.jpg","datePublished":"2021-09-03T21:10:23+00:00","dateModified":"2021-09-03T21:30:03+00:00","breadcrumb":{"@id":"https:\/\/ubanews.com\/site\/2021\/09\/03\/secretario-diz-que-o-projeto-maos-dadas-e-uma-janela-de-oportunidades\/#breadcrumb"},"inLanguage":"pt-BR","potentialAction":[{"@type":"ReadAction","target":["https:\/\/ubanews.com\/site\/2021\/09\/03\/secretario-diz-que-o-projeto-maos-dadas-e-uma-janela-de-oportunidades\/"]}]},{"@type":"ImageObject","inLanguage":"pt-BR","@id":"https:\/\/ubanews.com\/site\/2021\/09\/03\/secretario-diz-que-o-projeto-maos-dadas-e-uma-janela-de-oportunidades\/#primaryimage","url":"https:\/\/ubanews.com\/site\/wp-content\/uploads\/2021\/09\/01020002.00_00_53_25.00_02_37_44.Quadro0071.jpg","contentUrl":"https:\/\/ubanews.com\/site\/wp-content\/uploads\/2021\/09\/01020002.00_00_53_25.00_02_37_44.Quadro0071.jpg","width":1000,"height":500},{"@type":"BreadcrumbList","@id":"https:\/\/ubanews.com\/site\/2021\/09\/03\/secretario-diz-que-o-projeto-maos-dadas-e-uma-janela-de-oportunidades\/#breadcrumb","itemListElement":[{"@type":"ListItem","position":1,"name":"Home","item":"https:\/\/ubanews.com\/site\/"},{"@type":"ListItem","position":2,"name":"SECRET\u00c1RIO DIZ QUE O PROJETO M\u00c3OS DADAS \u00c9 UMA JANELA DE OPORTUNIDADES"}]},{"@type":"WebSite","@id":"https:\/\/ubanews.com\/site\/#website","url":"https:\/\/ubanews.com\/site\/","name":"Ub\u00e1 News","description":"","publisher":{"@id":"https:\/\/ubanews.com\/site\/#organization"},"potentialAction":[{"@type":"SearchAction","target":{"@type":"EntryPoint","urlTemplate":"https:\/\/ubanews.com\/site\/?s={search_term_string}"},"query-input":{"@type":"PropertyValueSpecification","valueRequired":true,"valueName":"search_term_string"}}],"inLanguage":"pt-BR"},{"@type":"Organization","@id":"https:\/\/ubanews.com\/site\/#organization","name":"Ub\u00e1 News","url":"https:\/\/ubanews.com\/site\/","logo":{"@type":"ImageObject","inLanguage":"pt-BR","@id":"https:\/\/ubanews.com\/site\/#\/schema\/logo\/image\/","url":"https:\/\/ubanews.com\/site\/wp-content\/uploads\/2018\/01\/logoubanews.png","contentUrl":"https:\/\/ubanews.com\/site\/wp-content\/uploads\/2018\/01\/logoubanews.png","width":261,"height":99,"caption":"Ub\u00e1 News"},"image":{"@id":"https:\/\/ubanews.com\/site\/#\/schema\/logo\/image\/"},"sameAs":["https:\/\/www.facebook.com\/Ub\u00e1News-Carlos-Roberto-Sodr\u00e9-418778301977370"]},{"@type":"Person","@id":"https:\/\/ubanews.com\/site\/#\/schema\/person\/d90c9e47252fbb63dcc969fe4c8b9d10","name":"Sodr\u00e9","image":{"@type":"ImageObject","inLanguage":"pt-BR","@id":"https:\/\/secure.gravatar.com\/avatar\/5ba2793f0590b9dbfad3fdec4ee714485b3eef211c9b32ee53d414060454a56c?s=96&d=mm&r=g","url":"https:\/\/secure.gravatar.com\/avatar\/5ba2793f0590b9dbfad3fdec4ee714485b3eef211c9b32ee53d414060454a56c?s=96&d=mm&r=g","contentUrl":"https:\/\/secure.gravatar.com\/avatar\/5ba2793f0590b9dbfad3fdec4ee714485b3eef211c9b32ee53d414060454a56c?s=96&d=mm&r=g","caption":"Sodr\u00e9"},"sameAs":["https:\/\/www.facebook.com\/carosroberto.sodre.5\/"],"url":"https:\/\/ubanews.com\/site\/author\/felipe\/"}]}},"_links":{"self":[{"href":"https:\/\/ubanews.com\/site\/wp-json\/wp\/v2\/posts\/20506","targetHints":{"allow":["GET"]}}],"collection":[{"href":"https:\/\/ubanews.com\/site\/wp-json\/wp\/v2\/posts"}],"about":[{"href":"https:\/\/ubanews.com\/site\/wp-json\/wp\/v2\/types\/post"}],"author":[{"embeddable":true,"href":"https:\/\/ubanews.com\/site\/wp-json\/wp\/v2\/users\/2"}],"replies":[{"embeddable":true,"href":"https:\/\/ubanews.com\/site\/wp-json\/wp\/v2\/comments?post=20506"}],"version-history":[{"count":0,"href":"https:\/\/ubanews.com\/site\/wp-json\/wp\/v2\/posts\/20506\/revisions"}],"wp:featuredmedia":[{"embeddable":true,"href":"https:\/\/ubanews.com\/site\/wp-json\/wp\/v2\/media\/20507"}],"wp:attachment":[{"href":"https:\/\/ubanews.com\/site\/wp-json\/wp\/v2\/media?parent=20506"}],"wp:term":[{"taxonomy":"category","embeddable":true,"href":"https:\/\/ubanews.com\/site\/wp-json\/wp\/v2\/categories?post=20506"},{"taxonomy":"post_tag","embeddable":true,"href":"https:\/\/ubanews.com\/site\/wp-json\/wp\/v2\/tags?post=20506"}],"curies":[{"name":"wp","href":"https:\/\/api.w.org\/{rel}","templated":true}]}}