{"id":20480,"date":"2021-09-01T18:25:53","date_gmt":"2021-09-01T21:25:53","guid":{"rendered":"http:\/\/ubanews.com\/site\/?p=20480"},"modified":"2021-09-01T18:25:53","modified_gmt":"2021-09-01T21:25:53","slug":"acao-combate-a-pirataria-e-apreende-mais-de-2-mil-pecas-de-roupas-falsificadas-em-muriae","status":"publish","type":"post","link":"https:\/\/ubanews.com\/site\/2021\/09\/01\/acao-combate-a-pirataria-e-apreende-mais-de-2-mil-pecas-de-roupas-falsificadas-em-muriae\/","title":{"rendered":"A\u00e7\u00e3o combate a pirataria e apreende mais de 2 mil pe\u00e7as de roupas falsificadas em Muria\u00e9"},"content":{"rendered":"<p><em>Opera\u00e7\u00e3o \u201cCartoon\u201d foi deflagrada na cidade da Zona da Mata mineira, visando coibir a reprodu\u00e7\u00e3o n\u00e3o autorizada de marcas, ap\u00f3s investiga\u00e7\u00f5es.<\/em><\/p>\n<p>A Pol\u00edcia Civil de Minas Gerais realizou, na manh\u00e3 desta ter\u00e7a-feira (31\/8), a opera\u00e7\u00e3o \u201cCartoon\u201d, no munic\u00edpio de Muria\u00e9, na Zona da Mata mineira, visando combater a pirataria, sobretudo a reprodu\u00e7\u00e3o n\u00e3o autorizada de marcas &#8211; de roupas falsificadas. A a\u00e7\u00e3o foi poss\u00edvel, em meio a trabalhos investigativos realizados pela Delegacia de Defrauda\u00e7\u00f5es da 4\u00aa Delegacia Regional, ap\u00f3s apresenta\u00e7\u00e3o de not\u00edcia-crime por parte de um grupo de empresas de entretenimento, controladoras e titulares de direitos de propriedade intelectual de suas cria\u00e7\u00f5es liter\u00e1rias, televisivas, cinematogr\u00e1ficas, entre outros. No total, a manobra resultou na apreens\u00e3o de mais de duas mil pe\u00e7as de roupas falsificadas, entre elas, mais de mil contendo estampas com cria\u00e7\u00f5es pertencentes ao grupo sem a devida autoriza\u00e7\u00e3o.<\/p>\n<div id=\"metaslider-id-17652\" style=\"max-width: 1000px;\" class=\"ml-slider-3-106-0 metaslider metaslider-nivo metaslider-17652 ml-slider ms-theme-outline\" role=\"region\" aria-label=\"Texto\" data-height=\"200\" data-width=\"1000\">\n    <div id=\"metaslider_container_17652\">\n        <div class='slider-wrapper theme-default'><div class='ribbon'><\/div><div id='metaslider_17652' class='nivoSlider'><\/div><\/div>\n        \n    <\/div>\n<\/div>\n<p>Tamb\u00e9m foram arrecadadas outras pe\u00e7as suspeitas de irregularidade pertencentes a outras marcas e cerca de dez telas que seriam utilizadas para fazer estampas, durante cumprimento de tr\u00eas mandados judiciais de busca e apreens\u00e3o domiciliar em sedes de confec\u00e7\u00f5es de roupas. \u201cDe acordo com a Lei 9.279, de 1996, Lei de Propriedade Intelectual, comete crime quem reproduz, sem autoriza\u00e7\u00e3o do titular, no todo ou em parte, marca registrada, ou a imita de modo que possa induzir confus\u00e3o\u201d, destaca o delegado F\u00e1bio Correia do Nascimento, complementando que as apura\u00e7\u00f5es prosseguem visando \u00e0 responsabiliza\u00e7\u00e3o dos investigados pela pr\u00e1tica do crime.<\/p>\n<p>A a\u00e7\u00e3o foi desencadeada por policiais civis da Delegacia de Defrauda\u00e7\u00f5es, com o apoio de policiais civis da 4\u00aa Delegacia Regional de Pol\u00edcia Civil em Muria\u00e9. Al\u00e9m disso, o represente legal do grupo de empresas tamb\u00e9m acompanhou os levantamentos auxiliando no trabalho t\u00e9cnico.<\/p>\n<p><strong>Assessoria de Comunica\u00e7\u00e3o Pol\u00edcia Civil de Minas Gerais<\/strong><\/p>\n<div style=\"width: 840px;\" class=\"wp-video\"><video class=\"wp-video-shortcode\" id=\"video-20480-1\" width=\"840\" height=\"473\" autoplay preload=\"auto\" controls=\"controls\"><source type=\"video\/mp4\" src=\"https:\/\/ubanews.com\/site\/wp-content\/uploads\/2020\/12\/01020002.00_00_53_25.mp4?_=1\" \/><a href=\"https:\/\/ubanews.com\/site\/wp-content\/uploads\/2020\/12\/01020002.00_00_53_25.mp4\">https:\/\/ubanews.com\/site\/wp-content\/uploads\/2020\/12\/01020002.00_00_53_25.mp4<\/a><\/video><\/div>\n","protected":false},"excerpt":{"rendered":"<p>Opera\u00e7\u00e3o \u201cCartoon\u201d foi deflagrada na cidade da Zona da Mata<\/p>\n","protected":false},"author":2,"featured_media":20481,"comment_status":"open","ping_status":"open","sticky":false,"template":"","format":"standard","meta":{"footnotes":""},"categories":[1],"tags":[],"class_list":["post-20480","post","type-post","status-publish","format-standard","has-post-thumbnail","hentry","category-sem-categoria"],"yoast_head":"<!-- This site is optimized with the Yoast SEO plugin v27.2 - https:\/\/yoast.com\/product\/yoast-seo-wordpress\/ -->\n<title>A\u00e7\u00e3o combate a pirataria e apreende mais de 2 mil pe\u00e7as de roupas falsificadas em Muria\u00e9 - Ub\u00e1 News<\/title>\n<meta name=\"robots\" content=\"index, follow, max-snippet:-1, max-image-preview:large, max-video-preview:-1\" \/>\n<link rel=\"canonical\" href=\"https:\/\/ubanews.com\/site\/2021\/09\/01\/acao-combate-a-pirataria-e-apreende-mais-de-2-mil-pecas-de-roupas-falsificadas-em-muriae\/\" \/>\n<meta property=\"og:locale\" content=\"pt_BR\" \/>\n<meta property=\"og:type\" content=\"article\" \/>\n<meta property=\"og:title\" content=\"A\u00e7\u00e3o combate a pirataria e apreende mais de 2 mil pe\u00e7as de roupas falsificadas em Muria\u00e9 - Ub\u00e1 News\" \/>\n<meta property=\"og:description\" content=\"Opera\u00e7\u00e3o \u201cCartoon\u201d foi deflagrada na cidade da Zona da Mata\" \/>\n<meta property=\"og:url\" content=\"https:\/\/ubanews.com\/site\/2021\/09\/01\/acao-combate-a-pirataria-e-apreende-mais-de-2-mil-pecas-de-roupas-falsificadas-em-muriae\/\" \/>\n<meta property=\"og:site_name\" content=\"Ub\u00e1 News\" \/>\n<meta property=\"article:publisher\" content=\"https:\/\/www.facebook.com\/Ub%c3%a1News-Carlos-Roberto-Sodr%c3%a9-418778301977370\" \/>\n<meta property=\"article:author\" content=\"https:\/\/www.facebook.com\/carosroberto.sodre.5\/\" \/>\n<meta property=\"article:published_time\" content=\"2021-09-01T21:25:53+00:00\" \/>\n<meta property=\"og:image\" content=\"https:\/\/ubanews.com\/site\/wp-content\/uploads\/2021\/09\/773.jpg\" \/>\n\t<meta property=\"og:image:width\" content=\"1000\" \/>\n\t<meta property=\"og:image:height\" content=\"500\" \/>\n\t<meta property=\"og:image:type\" content=\"image\/jpeg\" \/>\n<meta name=\"author\" content=\"Sodr\u00e9\" \/>\n<meta name=\"twitter:card\" content=\"summary_large_image\" \/>\n<meta name=\"twitter:label1\" content=\"Escrito por\" \/>\n\t<meta name=\"twitter:data1\" content=\"Sodr\u00e9\" \/>\n\t<meta name=\"twitter:label2\" content=\"Est. tempo de leitura\" \/>\n\t<meta name=\"twitter:data2\" content=\"2 minutos\" \/>\n<script type=\"application\/ld+json\" class=\"yoast-schema-graph\">{\"@context\":\"https:\/\/schema.org\",\"@graph\":[{\"@type\":\"Article\",\"@id\":\"https:\/\/ubanews.com\/site\/2021\/09\/01\/acao-combate-a-pirataria-e-apreende-mais-de-2-mil-pecas-de-roupas-falsificadas-em-muriae\/#article\",\"isPartOf\":{\"@id\":\"https:\/\/ubanews.com\/site\/2021\/09\/01\/acao-combate-a-pirataria-e-apreende-mais-de-2-mil-pecas-de-roupas-falsificadas-em-muriae\/\"},\"author\":{\"name\":\"Sodr\u00e9\",\"@id\":\"https:\/\/ubanews.com\/site\/#\/schema\/person\/d90c9e47252fbb63dcc969fe4c8b9d10\"},\"headline\":\"A\u00e7\u00e3o combate a pirataria e apreende mais de 2 mil pe\u00e7as de roupas falsificadas em Muria\u00e9\",\"datePublished\":\"2021-09-01T21:25:53+00:00\",\"mainEntityOfPage\":{\"@id\":\"https:\/\/ubanews.com\/site\/2021\/09\/01\/acao-combate-a-pirataria-e-apreende-mais-de-2-mil-pecas-de-roupas-falsificadas-em-muriae\/\"},\"wordCount\":359,\"commentCount\":0,\"publisher\":{\"@id\":\"https:\/\/ubanews.com\/site\/#organization\"},\"image\":{\"@id\":\"https:\/\/ubanews.com\/site\/2021\/09\/01\/acao-combate-a-pirataria-e-apreende-mais-de-2-mil-pecas-de-roupas-falsificadas-em-muriae\/#primaryimage\"},\"thumbnailUrl\":\"https:\/\/ubanews.com\/site\/wp-content\/uploads\/2021\/09\/773.jpg\",\"articleSection\":[\"Geral\"],\"inLanguage\":\"pt-BR\",\"potentialAction\":[{\"@type\":\"CommentAction\",\"name\":\"Comment\",\"target\":[\"https:\/\/ubanews.com\/site\/2021\/09\/01\/acao-combate-a-pirataria-e-apreende-mais-de-2-mil-pecas-de-roupas-falsificadas-em-muriae\/#respond\"]}]},{\"@type\":\"WebPage\",\"@id\":\"https:\/\/ubanews.com\/site\/2021\/09\/01\/acao-combate-a-pirataria-e-apreende-mais-de-2-mil-pecas-de-roupas-falsificadas-em-muriae\/\",\"url\":\"https:\/\/ubanews.com\/site\/2021\/09\/01\/acao-combate-a-pirataria-e-apreende-mais-de-2-mil-pecas-de-roupas-falsificadas-em-muriae\/\",\"name\":\"A\u00e7\u00e3o combate a pirataria e apreende mais de 2 mil pe\u00e7as de roupas falsificadas em Muria\u00e9 - Ub\u00e1 News\",\"isPartOf\":{\"@id\":\"https:\/\/ubanews.com\/site\/#website\"},\"primaryImageOfPage\":{\"@id\":\"https:\/\/ubanews.com\/site\/2021\/09\/01\/acao-combate-a-pirataria-e-apreende-mais-de-2-mil-pecas-de-roupas-falsificadas-em-muriae\/#primaryimage\"},\"image\":{\"@id\":\"https:\/\/ubanews.com\/site\/2021\/09\/01\/acao-combate-a-pirataria-e-apreende-mais-de-2-mil-pecas-de-roupas-falsificadas-em-muriae\/#primaryimage\"},\"thumbnailUrl\":\"https:\/\/ubanews.com\/site\/wp-content\/uploads\/2021\/09\/773.jpg\",\"datePublished\":\"2021-09-01T21:25:53+00:00\",\"breadcrumb\":{\"@id\":\"https:\/\/ubanews.com\/site\/2021\/09\/01\/acao-combate-a-pirataria-e-apreende-mais-de-2-mil-pecas-de-roupas-falsificadas-em-muriae\/#breadcrumb\"},\"inLanguage\":\"pt-BR\",\"potentialAction\":[{\"@type\":\"ReadAction\",\"target\":[\"https:\/\/ubanews.com\/site\/2021\/09\/01\/acao-combate-a-pirataria-e-apreende-mais-de-2-mil-pecas-de-roupas-falsificadas-em-muriae\/\"]}]},{\"@type\":\"ImageObject\",\"inLanguage\":\"pt-BR\",\"@id\":\"https:\/\/ubanews.com\/site\/2021\/09\/01\/acao-combate-a-pirataria-e-apreende-mais-de-2-mil-pecas-de-roupas-falsificadas-em-muriae\/#primaryimage\",\"url\":\"https:\/\/ubanews.com\/site\/wp-content\/uploads\/2021\/09\/773.jpg\",\"contentUrl\":\"https:\/\/ubanews.com\/site\/wp-content\/uploads\/2021\/09\/773.jpg\",\"width\":1000,\"height\":500},{\"@type\":\"BreadcrumbList\",\"@id\":\"https:\/\/ubanews.com\/site\/2021\/09\/01\/acao-combate-a-pirataria-e-apreende-mais-de-2-mil-pecas-de-roupas-falsificadas-em-muriae\/#breadcrumb\",\"itemListElement\":[{\"@type\":\"ListItem\",\"position\":1,\"name\":\"Home\",\"item\":\"https:\/\/ubanews.com\/site\/\"},{\"@type\":\"ListItem\",\"position\":2,\"name\":\"A\u00e7\u00e3o combate a pirataria e apreende mais de 2 mil pe\u00e7as de roupas falsificadas em Muria\u00e9\"}]},{\"@type\":\"WebSite\",\"@id\":\"https:\/\/ubanews.com\/site\/#website\",\"url\":\"https:\/\/ubanews.com\/site\/\",\"name\":\"Ub\u00e1 News\",\"description\":\"\",\"publisher\":{\"@id\":\"https:\/\/ubanews.com\/site\/#organization\"},\"potentialAction\":[{\"@type\":\"SearchAction\",\"target\":{\"@type\":\"EntryPoint\",\"urlTemplate\":\"https:\/\/ubanews.com\/site\/?s={search_term_string}\"},\"query-input\":{\"@type\":\"PropertyValueSpecification\",\"valueRequired\":true,\"valueName\":\"search_term_string\"}}],\"inLanguage\":\"pt-BR\"},{\"@type\":\"Organization\",\"@id\":\"https:\/\/ubanews.com\/site\/#organization\",\"name\":\"Ub\u00e1 News\",\"url\":\"https:\/\/ubanews.com\/site\/\",\"logo\":{\"@type\":\"ImageObject\",\"inLanguage\":\"pt-BR\",\"@id\":\"https:\/\/ubanews.com\/site\/#\/schema\/logo\/image\/\",\"url\":\"https:\/\/ubanews.com\/site\/wp-content\/uploads\/2018\/01\/logoubanews.png\",\"contentUrl\":\"https:\/\/ubanews.com\/site\/wp-content\/uploads\/2018\/01\/logoubanews.png\",\"width\":261,\"height\":99,\"caption\":\"Ub\u00e1 News\"},\"image\":{\"@id\":\"https:\/\/ubanews.com\/site\/#\/schema\/logo\/image\/\"},\"sameAs\":[\"https:\/\/www.facebook.com\/Ub\u00e1News-Carlos-Roberto-Sodr\u00e9-418778301977370\"]},{\"@type\":\"Person\",\"@id\":\"https:\/\/ubanews.com\/site\/#\/schema\/person\/d90c9e47252fbb63dcc969fe4c8b9d10\",\"name\":\"Sodr\u00e9\",\"image\":{\"@type\":\"ImageObject\",\"inLanguage\":\"pt-BR\",\"@id\":\"https:\/\/secure.gravatar.com\/avatar\/5ba2793f0590b9dbfad3fdec4ee714485b3eef211c9b32ee53d414060454a56c?s=96&d=mm&r=g\",\"url\":\"https:\/\/secure.gravatar.com\/avatar\/5ba2793f0590b9dbfad3fdec4ee714485b3eef211c9b32ee53d414060454a56c?s=96&d=mm&r=g\",\"contentUrl\":\"https:\/\/secure.gravatar.com\/avatar\/5ba2793f0590b9dbfad3fdec4ee714485b3eef211c9b32ee53d414060454a56c?s=96&d=mm&r=g\",\"caption\":\"Sodr\u00e9\"},\"sameAs\":[\"https:\/\/www.facebook.com\/carosroberto.sodre.5\/\"],\"url\":\"https:\/\/ubanews.com\/site\/author\/felipe\/\"}]}<\/script>\n<!-- \/ Yoast SEO plugin. -->","yoast_head_json":{"title":"A\u00e7\u00e3o combate a pirataria e apreende mais de 2 mil pe\u00e7as de roupas falsificadas em Muria\u00e9 - Ub\u00e1 News","robots":{"index":"index","follow":"follow","max-snippet":"max-snippet:-1","max-image-preview":"max-image-preview:large","max-video-preview":"max-video-preview:-1"},"canonical":"https:\/\/ubanews.com\/site\/2021\/09\/01\/acao-combate-a-pirataria-e-apreende-mais-de-2-mil-pecas-de-roupas-falsificadas-em-muriae\/","og_locale":"pt_BR","og_type":"article","og_title":"A\u00e7\u00e3o combate a pirataria e apreende mais de 2 mil pe\u00e7as de roupas falsificadas em Muria\u00e9 - Ub\u00e1 News","og_description":"Opera\u00e7\u00e3o \u201cCartoon\u201d foi deflagrada na cidade da Zona da Mata","og_url":"https:\/\/ubanews.com\/site\/2021\/09\/01\/acao-combate-a-pirataria-e-apreende-mais-de-2-mil-pecas-de-roupas-falsificadas-em-muriae\/","og_site_name":"Ub\u00e1 News","article_publisher":"https:\/\/www.facebook.com\/Ub%c3%a1News-Carlos-Roberto-Sodr%c3%a9-418778301977370","article_author":"https:\/\/www.facebook.com\/carosroberto.sodre.5\/","article_published_time":"2021-09-01T21:25:53+00:00","og_image":[{"width":1000,"height":500,"url":"https:\/\/ubanews.com\/site\/wp-content\/uploads\/2021\/09\/773.jpg","type":"image\/jpeg"}],"author":"Sodr\u00e9","twitter_card":"summary_large_image","twitter_misc":{"Escrito por":"Sodr\u00e9","Est. tempo de leitura":"2 minutos"},"schema":{"@context":"https:\/\/schema.org","@graph":[{"@type":"Article","@id":"https:\/\/ubanews.com\/site\/2021\/09\/01\/acao-combate-a-pirataria-e-apreende-mais-de-2-mil-pecas-de-roupas-falsificadas-em-muriae\/#article","isPartOf":{"@id":"https:\/\/ubanews.com\/site\/2021\/09\/01\/acao-combate-a-pirataria-e-apreende-mais-de-2-mil-pecas-de-roupas-falsificadas-em-muriae\/"},"author":{"name":"Sodr\u00e9","@id":"https:\/\/ubanews.com\/site\/#\/schema\/person\/d90c9e47252fbb63dcc969fe4c8b9d10"},"headline":"A\u00e7\u00e3o combate a pirataria e apreende mais de 2 mil pe\u00e7as de roupas falsificadas em Muria\u00e9","datePublished":"2021-09-01T21:25:53+00:00","mainEntityOfPage":{"@id":"https:\/\/ubanews.com\/site\/2021\/09\/01\/acao-combate-a-pirataria-e-apreende-mais-de-2-mil-pecas-de-roupas-falsificadas-em-muriae\/"},"wordCount":359,"commentCount":0,"publisher":{"@id":"https:\/\/ubanews.com\/site\/#organization"},"image":{"@id":"https:\/\/ubanews.com\/site\/2021\/09\/01\/acao-combate-a-pirataria-e-apreende-mais-de-2-mil-pecas-de-roupas-falsificadas-em-muriae\/#primaryimage"},"thumbnailUrl":"https:\/\/ubanews.com\/site\/wp-content\/uploads\/2021\/09\/773.jpg","articleSection":["Geral"],"inLanguage":"pt-BR","potentialAction":[{"@type":"CommentAction","name":"Comment","target":["https:\/\/ubanews.com\/site\/2021\/09\/01\/acao-combate-a-pirataria-e-apreende-mais-de-2-mil-pecas-de-roupas-falsificadas-em-muriae\/#respond"]}]},{"@type":"WebPage","@id":"https:\/\/ubanews.com\/site\/2021\/09\/01\/acao-combate-a-pirataria-e-apreende-mais-de-2-mil-pecas-de-roupas-falsificadas-em-muriae\/","url":"https:\/\/ubanews.com\/site\/2021\/09\/01\/acao-combate-a-pirataria-e-apreende-mais-de-2-mil-pecas-de-roupas-falsificadas-em-muriae\/","name":"A\u00e7\u00e3o combate a pirataria e apreende mais de 2 mil pe\u00e7as de roupas falsificadas em Muria\u00e9 - Ub\u00e1 News","isPartOf":{"@id":"https:\/\/ubanews.com\/site\/#website"},"primaryImageOfPage":{"@id":"https:\/\/ubanews.com\/site\/2021\/09\/01\/acao-combate-a-pirataria-e-apreende-mais-de-2-mil-pecas-de-roupas-falsificadas-em-muriae\/#primaryimage"},"image":{"@id":"https:\/\/ubanews.com\/site\/2021\/09\/01\/acao-combate-a-pirataria-e-apreende-mais-de-2-mil-pecas-de-roupas-falsificadas-em-muriae\/#primaryimage"},"thumbnailUrl":"https:\/\/ubanews.com\/site\/wp-content\/uploads\/2021\/09\/773.jpg","datePublished":"2021-09-01T21:25:53+00:00","breadcrumb":{"@id":"https:\/\/ubanews.com\/site\/2021\/09\/01\/acao-combate-a-pirataria-e-apreende-mais-de-2-mil-pecas-de-roupas-falsificadas-em-muriae\/#breadcrumb"},"inLanguage":"pt-BR","potentialAction":[{"@type":"ReadAction","target":["https:\/\/ubanews.com\/site\/2021\/09\/01\/acao-combate-a-pirataria-e-apreende-mais-de-2-mil-pecas-de-roupas-falsificadas-em-muriae\/"]}]},{"@type":"ImageObject","inLanguage":"pt-BR","@id":"https:\/\/ubanews.com\/site\/2021\/09\/01\/acao-combate-a-pirataria-e-apreende-mais-de-2-mil-pecas-de-roupas-falsificadas-em-muriae\/#primaryimage","url":"https:\/\/ubanews.com\/site\/wp-content\/uploads\/2021\/09\/773.jpg","contentUrl":"https:\/\/ubanews.com\/site\/wp-content\/uploads\/2021\/09\/773.jpg","width":1000,"height":500},{"@type":"BreadcrumbList","@id":"https:\/\/ubanews.com\/site\/2021\/09\/01\/acao-combate-a-pirataria-e-apreende-mais-de-2-mil-pecas-de-roupas-falsificadas-em-muriae\/#breadcrumb","itemListElement":[{"@type":"ListItem","position":1,"name":"Home","item":"https:\/\/ubanews.com\/site\/"},{"@type":"ListItem","position":2,"name":"A\u00e7\u00e3o combate a pirataria e apreende mais de 2 mil pe\u00e7as de roupas falsificadas em Muria\u00e9"}]},{"@type":"WebSite","@id":"https:\/\/ubanews.com\/site\/#website","url":"https:\/\/ubanews.com\/site\/","name":"Ub\u00e1 News","description":"","publisher":{"@id":"https:\/\/ubanews.com\/site\/#organization"},"potentialAction":[{"@type":"SearchAction","target":{"@type":"EntryPoint","urlTemplate":"https:\/\/ubanews.com\/site\/?s={search_term_string}"},"query-input":{"@type":"PropertyValueSpecification","valueRequired":true,"valueName":"search_term_string"}}],"inLanguage":"pt-BR"},{"@type":"Organization","@id":"https:\/\/ubanews.com\/site\/#organization","name":"Ub\u00e1 News","url":"https:\/\/ubanews.com\/site\/","logo":{"@type":"ImageObject","inLanguage":"pt-BR","@id":"https:\/\/ubanews.com\/site\/#\/schema\/logo\/image\/","url":"https:\/\/ubanews.com\/site\/wp-content\/uploads\/2018\/01\/logoubanews.png","contentUrl":"https:\/\/ubanews.com\/site\/wp-content\/uploads\/2018\/01\/logoubanews.png","width":261,"height":99,"caption":"Ub\u00e1 News"},"image":{"@id":"https:\/\/ubanews.com\/site\/#\/schema\/logo\/image\/"},"sameAs":["https:\/\/www.facebook.com\/Ub\u00e1News-Carlos-Roberto-Sodr\u00e9-418778301977370"]},{"@type":"Person","@id":"https:\/\/ubanews.com\/site\/#\/schema\/person\/d90c9e47252fbb63dcc969fe4c8b9d10","name":"Sodr\u00e9","image":{"@type":"ImageObject","inLanguage":"pt-BR","@id":"https:\/\/secure.gravatar.com\/avatar\/5ba2793f0590b9dbfad3fdec4ee714485b3eef211c9b32ee53d414060454a56c?s=96&d=mm&r=g","url":"https:\/\/secure.gravatar.com\/avatar\/5ba2793f0590b9dbfad3fdec4ee714485b3eef211c9b32ee53d414060454a56c?s=96&d=mm&r=g","contentUrl":"https:\/\/secure.gravatar.com\/avatar\/5ba2793f0590b9dbfad3fdec4ee714485b3eef211c9b32ee53d414060454a56c?s=96&d=mm&r=g","caption":"Sodr\u00e9"},"sameAs":["https:\/\/www.facebook.com\/carosroberto.sodre.5\/"],"url":"https:\/\/ubanews.com\/site\/author\/felipe\/"}]}},"_links":{"self":[{"href":"https:\/\/ubanews.com\/site\/wp-json\/wp\/v2\/posts\/20480","targetHints":{"allow":["GET"]}}],"collection":[{"href":"https:\/\/ubanews.com\/site\/wp-json\/wp\/v2\/posts"}],"about":[{"href":"https:\/\/ubanews.com\/site\/wp-json\/wp\/v2\/types\/post"}],"author":[{"embeddable":true,"href":"https:\/\/ubanews.com\/site\/wp-json\/wp\/v2\/users\/2"}],"replies":[{"embeddable":true,"href":"https:\/\/ubanews.com\/site\/wp-json\/wp\/v2\/comments?post=20480"}],"version-history":[{"count":0,"href":"https:\/\/ubanews.com\/site\/wp-json\/wp\/v2\/posts\/20480\/revisions"}],"wp:featuredmedia":[{"embeddable":true,"href":"https:\/\/ubanews.com\/site\/wp-json\/wp\/v2\/media\/20481"}],"wp:attachment":[{"href":"https:\/\/ubanews.com\/site\/wp-json\/wp\/v2\/media?parent=20480"}],"wp:term":[{"taxonomy":"category","embeddable":true,"href":"https:\/\/ubanews.com\/site\/wp-json\/wp\/v2\/categories?post=20480"},{"taxonomy":"post_tag","embeddable":true,"href":"https:\/\/ubanews.com\/site\/wp-json\/wp\/v2\/tags?post=20480"}],"curies":[{"name":"wp","href":"https:\/\/api.w.org\/{rel}","templated":true}]}}