{"id":20478,"date":"2021-09-01T18:00:42","date_gmt":"2021-09-01T21:00:42","guid":{"rendered":"http:\/\/ubanews.com\/site\/?p=20478"},"modified":"2021-09-01T18:22:16","modified_gmt":"2021-09-01T21:22:16","slug":"operacao-prende-no-rio-suspeito-de-cometer-homicidio-em-muriae","status":"publish","type":"post","link":"https:\/\/ubanews.com\/site\/2021\/09\/01\/operacao-prende-no-rio-suspeito-de-cometer-homicidio-em-muriae\/","title":{"rendered":"Opera\u00e7\u00e3o prende no Rio suspeito de cometer homic\u00eddio em Muria\u00e9"},"content":{"rendered":"<p>A Pol\u00edcia Civil de Minas Gerais (PCMG) e a Pol\u00edcia Civil do Estado do Rio de Janeiro (PCERJ) deflagraram, nesta ter\u00e7a-feira (31\/8), a opera\u00e7\u00e3o \u201cP\u00e1troklos\u201d, em Campo Grande, no Rio, que resultou na pris\u00e3o de um rapaz de 33 anos, suspeito de ter cometido homic\u00eddio qualificado, praticado em 15 de janeiro de 2015, na Zona da Mata mineira. Ele tamb\u00e9m \u00e9 investigado pela PCERJ por suposta participa\u00e7\u00e3o em mil\u00edcia local.<\/p>\n<p>A a\u00e7\u00e3o integrada ocorreu, ap\u00f3s trabalhos investigativos realizados pela Delegacia de Homic\u00eddios e Prote\u00e7\u00e3o \u00e0 Pessoa da Pol\u00edcia Civil em Muria\u00e9 e pela 35\u00aa Delegacia de Pol\u00edcia Civil de Campo Grande. O rapaz \u00e9 investigado pela morte de um jovem de 21 anos, ocorrida em 2015, no bairro Alto do Castelo, na cidade de Muria\u00e9. Na ocasi\u00e3o, o suspeito, acompanhado de outro investigado, desferiu tr\u00eas disparos de arma de fogo que atingiram a v\u00edtima fatalmente.<\/p>\n<div id=\"metaslider-id-17652\" style=\"max-width: 1000px;\" class=\"ml-slider-3-106-0 metaslider metaslider-nivo metaslider-17652 ml-slider ms-theme-outline\" role=\"region\" aria-label=\"Texto\" data-height=\"200\" data-width=\"1000\">\n    <div id=\"metaslider_container_17652\">\n        <div class='slider-wrapper theme-default'><div class='ribbon'><\/div><div id='metaslider_17652' class='nivoSlider'><\/div><\/div>\n        \n    <\/div>\n<\/div>\n<p>Apura\u00e7\u00f5es indicaram que o principal suspeito era amigo da v\u00edtima e a motiva\u00e7\u00e3o estaria ligada \u00e0 aquisi\u00e7\u00e3o de um aparelho celular. \u201cConforme o inqu\u00e9rito policial, o crime ocorreu em virtude de a v\u00edtima ter adquirido um celular no valor de R$1500 &#8211; em nome do investigado- e, posteriormente, n\u00e3o ter efetuado o pagamento do aparelho\u201d, explica o delegado Glaydson de Souza Ferreira.<\/p>\n<p>Ainda segundo ele, o suspeito se encontra preso na cidade do Rio de Janeiro e ser\u00e1 encaminhado ao sistema prisional.<\/p>\n<p>Opera\u00e7\u00e3o P\u00e1troklos<\/p>\n<p>O nome da opera\u00e7\u00e3o faz alus\u00e3o a P\u00e1troklos que na mitologia grega \u00e9 um dos personagens centrais da Il\u00edada. Na sua juventude, P\u00e1troclo matou covardemente um amigo seu, Clis\u00f3nimo, durante um jogo de astr\u00e1galos.<\/p>\n<p><b>Assessoria de Comunica\u00e7\u00e3o Pol\u00edcia Civil de Minas Gerais<\/b><\/p>\n<div style=\"width: 840px;\" class=\"wp-video\"><video class=\"wp-video-shortcode\" id=\"video-20478-1\" width=\"840\" height=\"473\" autoplay preload=\"auto\" controls=\"controls\"><source type=\"video\/mp4\" src=\"https:\/\/ubanews.com\/site\/wp-content\/uploads\/2020\/12\/01020002.00_00_53_25.mp4?_=1\" \/><a href=\"https:\/\/ubanews.com\/site\/wp-content\/uploads\/2020\/12\/01020002.00_00_53_25.mp4\">https:\/\/ubanews.com\/site\/wp-content\/uploads\/2020\/12\/01020002.00_00_53_25.mp4<\/a><\/video><\/div>\n","protected":false},"excerpt":{"rendered":"<p>A Pol\u00edcia Civil de Minas Gerais (PCMG) e a Pol\u00edcia<\/p>\n","protected":false},"author":2,"featured_media":20479,"comment_status":"open","ping_status":"open","sticky":false,"template":"","format":"standard","meta":{"footnotes":""},"categories":[1],"tags":[],"class_list":["post-20478","post","type-post","status-publish","format-standard","has-post-thumbnail","hentry","category-sem-categoria"],"yoast_head":"<!-- This site is optimized with the Yoast SEO plugin v27.2 - https:\/\/yoast.com\/product\/yoast-seo-wordpress\/ -->\n<title>Opera\u00e7\u00e3o prende no Rio suspeito de cometer homic\u00eddio em Muria\u00e9 - Ub\u00e1 News<\/title>\n<meta name=\"robots\" content=\"index, follow, max-snippet:-1, max-image-preview:large, max-video-preview:-1\" \/>\n<link rel=\"canonical\" href=\"https:\/\/ubanews.com\/site\/2021\/09\/01\/operacao-prende-no-rio-suspeito-de-cometer-homicidio-em-muriae\/\" \/>\n<meta property=\"og:locale\" content=\"pt_BR\" \/>\n<meta property=\"og:type\" content=\"article\" \/>\n<meta property=\"og:title\" content=\"Opera\u00e7\u00e3o prende no Rio suspeito de cometer homic\u00eddio em Muria\u00e9 - Ub\u00e1 News\" \/>\n<meta property=\"og:description\" content=\"A Pol\u00edcia Civil de Minas Gerais (PCMG) e a Pol\u00edcia\" \/>\n<meta property=\"og:url\" content=\"https:\/\/ubanews.com\/site\/2021\/09\/01\/operacao-prende-no-rio-suspeito-de-cometer-homicidio-em-muriae\/\" \/>\n<meta property=\"og:site_name\" content=\"Ub\u00e1 News\" \/>\n<meta property=\"article:publisher\" content=\"https:\/\/www.facebook.com\/Ub%c3%a1News-Carlos-Roberto-Sodr%c3%a9-418778301977370\" \/>\n<meta property=\"article:author\" content=\"https:\/\/www.facebook.com\/carosroberto.sodre.5\/\" \/>\n<meta property=\"article:published_time\" content=\"2021-09-01T21:00:42+00:00\" \/>\n<meta property=\"article:modified_time\" content=\"2021-09-01T21:22:16+00:00\" \/>\n<meta property=\"og:image\" content=\"https:\/\/ubanews.com\/site\/wp-content\/uploads\/2021\/09\/772.jpg\" \/>\n\t<meta property=\"og:image:width\" content=\"1000\" \/>\n\t<meta property=\"og:image:height\" content=\"500\" \/>\n\t<meta property=\"og:image:type\" content=\"image\/jpeg\" \/>\n<meta name=\"author\" content=\"Sodr\u00e9\" \/>\n<meta name=\"twitter:card\" content=\"summary_large_image\" \/>\n<meta name=\"twitter:label1\" content=\"Escrito por\" \/>\n\t<meta name=\"twitter:data1\" content=\"Sodr\u00e9\" \/>\n\t<meta name=\"twitter:label2\" content=\"Est. tempo de leitura\" \/>\n\t<meta name=\"twitter:data2\" content=\"2 minutos\" \/>\n<script type=\"application\/ld+json\" class=\"yoast-schema-graph\">{\"@context\":\"https:\/\/schema.org\",\"@graph\":[{\"@type\":\"Article\",\"@id\":\"https:\/\/ubanews.com\/site\/2021\/09\/01\/operacao-prende-no-rio-suspeito-de-cometer-homicidio-em-muriae\/#article\",\"isPartOf\":{\"@id\":\"https:\/\/ubanews.com\/site\/2021\/09\/01\/operacao-prende-no-rio-suspeito-de-cometer-homicidio-em-muriae\/\"},\"author\":{\"name\":\"Sodr\u00e9\",\"@id\":\"https:\/\/ubanews.com\/site\/#\/schema\/person\/d90c9e47252fbb63dcc969fe4c8b9d10\"},\"headline\":\"Opera\u00e7\u00e3o prende no Rio suspeito de cometer homic\u00eddio em Muria\u00e9\",\"datePublished\":\"2021-09-01T21:00:42+00:00\",\"dateModified\":\"2021-09-01T21:22:16+00:00\",\"mainEntityOfPage\":{\"@id\":\"https:\/\/ubanews.com\/site\/2021\/09\/01\/operacao-prende-no-rio-suspeito-de-cometer-homicidio-em-muriae\/\"},\"wordCount\":326,\"commentCount\":0,\"publisher\":{\"@id\":\"https:\/\/ubanews.com\/site\/#organization\"},\"image\":{\"@id\":\"https:\/\/ubanews.com\/site\/2021\/09\/01\/operacao-prende-no-rio-suspeito-de-cometer-homicidio-em-muriae\/#primaryimage\"},\"thumbnailUrl\":\"https:\/\/ubanews.com\/site\/wp-content\/uploads\/2021\/09\/772.jpg\",\"articleSection\":[\"Geral\"],\"inLanguage\":\"pt-BR\",\"potentialAction\":[{\"@type\":\"CommentAction\",\"name\":\"Comment\",\"target\":[\"https:\/\/ubanews.com\/site\/2021\/09\/01\/operacao-prende-no-rio-suspeito-de-cometer-homicidio-em-muriae\/#respond\"]}]},{\"@type\":\"WebPage\",\"@id\":\"https:\/\/ubanews.com\/site\/2021\/09\/01\/operacao-prende-no-rio-suspeito-de-cometer-homicidio-em-muriae\/\",\"url\":\"https:\/\/ubanews.com\/site\/2021\/09\/01\/operacao-prende-no-rio-suspeito-de-cometer-homicidio-em-muriae\/\",\"name\":\"Opera\u00e7\u00e3o prende no Rio suspeito de cometer homic\u00eddio em Muria\u00e9 - Ub\u00e1 News\",\"isPartOf\":{\"@id\":\"https:\/\/ubanews.com\/site\/#website\"},\"primaryImageOfPage\":{\"@id\":\"https:\/\/ubanews.com\/site\/2021\/09\/01\/operacao-prende-no-rio-suspeito-de-cometer-homicidio-em-muriae\/#primaryimage\"},\"image\":{\"@id\":\"https:\/\/ubanews.com\/site\/2021\/09\/01\/operacao-prende-no-rio-suspeito-de-cometer-homicidio-em-muriae\/#primaryimage\"},\"thumbnailUrl\":\"https:\/\/ubanews.com\/site\/wp-content\/uploads\/2021\/09\/772.jpg\",\"datePublished\":\"2021-09-01T21:00:42+00:00\",\"dateModified\":\"2021-09-01T21:22:16+00:00\",\"breadcrumb\":{\"@id\":\"https:\/\/ubanews.com\/site\/2021\/09\/01\/operacao-prende-no-rio-suspeito-de-cometer-homicidio-em-muriae\/#breadcrumb\"},\"inLanguage\":\"pt-BR\",\"potentialAction\":[{\"@type\":\"ReadAction\",\"target\":[\"https:\/\/ubanews.com\/site\/2021\/09\/01\/operacao-prende-no-rio-suspeito-de-cometer-homicidio-em-muriae\/\"]}]},{\"@type\":\"ImageObject\",\"inLanguage\":\"pt-BR\",\"@id\":\"https:\/\/ubanews.com\/site\/2021\/09\/01\/operacao-prende-no-rio-suspeito-de-cometer-homicidio-em-muriae\/#primaryimage\",\"url\":\"https:\/\/ubanews.com\/site\/wp-content\/uploads\/2021\/09\/772.jpg\",\"contentUrl\":\"https:\/\/ubanews.com\/site\/wp-content\/uploads\/2021\/09\/772.jpg\",\"width\":1000,\"height\":500},{\"@type\":\"BreadcrumbList\",\"@id\":\"https:\/\/ubanews.com\/site\/2021\/09\/01\/operacao-prende-no-rio-suspeito-de-cometer-homicidio-em-muriae\/#breadcrumb\",\"itemListElement\":[{\"@type\":\"ListItem\",\"position\":1,\"name\":\"Home\",\"item\":\"https:\/\/ubanews.com\/site\/\"},{\"@type\":\"ListItem\",\"position\":2,\"name\":\"Opera\u00e7\u00e3o prende no Rio suspeito de cometer homic\u00eddio em Muria\u00e9\"}]},{\"@type\":\"WebSite\",\"@id\":\"https:\/\/ubanews.com\/site\/#website\",\"url\":\"https:\/\/ubanews.com\/site\/\",\"name\":\"Ub\u00e1 News\",\"description\":\"\",\"publisher\":{\"@id\":\"https:\/\/ubanews.com\/site\/#organization\"},\"potentialAction\":[{\"@type\":\"SearchAction\",\"target\":{\"@type\":\"EntryPoint\",\"urlTemplate\":\"https:\/\/ubanews.com\/site\/?s={search_term_string}\"},\"query-input\":{\"@type\":\"PropertyValueSpecification\",\"valueRequired\":true,\"valueName\":\"search_term_string\"}}],\"inLanguage\":\"pt-BR\"},{\"@type\":\"Organization\",\"@id\":\"https:\/\/ubanews.com\/site\/#organization\",\"name\":\"Ub\u00e1 News\",\"url\":\"https:\/\/ubanews.com\/site\/\",\"logo\":{\"@type\":\"ImageObject\",\"inLanguage\":\"pt-BR\",\"@id\":\"https:\/\/ubanews.com\/site\/#\/schema\/logo\/image\/\",\"url\":\"https:\/\/ubanews.com\/site\/wp-content\/uploads\/2018\/01\/logoubanews.png\",\"contentUrl\":\"https:\/\/ubanews.com\/site\/wp-content\/uploads\/2018\/01\/logoubanews.png\",\"width\":261,\"height\":99,\"caption\":\"Ub\u00e1 News\"},\"image\":{\"@id\":\"https:\/\/ubanews.com\/site\/#\/schema\/logo\/image\/\"},\"sameAs\":[\"https:\/\/www.facebook.com\/Ub\u00e1News-Carlos-Roberto-Sodr\u00e9-418778301977370\"]},{\"@type\":\"Person\",\"@id\":\"https:\/\/ubanews.com\/site\/#\/schema\/person\/d90c9e47252fbb63dcc969fe4c8b9d10\",\"name\":\"Sodr\u00e9\",\"image\":{\"@type\":\"ImageObject\",\"inLanguage\":\"pt-BR\",\"@id\":\"https:\/\/secure.gravatar.com\/avatar\/5ba2793f0590b9dbfad3fdec4ee714485b3eef211c9b32ee53d414060454a56c?s=96&d=mm&r=g\",\"url\":\"https:\/\/secure.gravatar.com\/avatar\/5ba2793f0590b9dbfad3fdec4ee714485b3eef211c9b32ee53d414060454a56c?s=96&d=mm&r=g\",\"contentUrl\":\"https:\/\/secure.gravatar.com\/avatar\/5ba2793f0590b9dbfad3fdec4ee714485b3eef211c9b32ee53d414060454a56c?s=96&d=mm&r=g\",\"caption\":\"Sodr\u00e9\"},\"sameAs\":[\"https:\/\/www.facebook.com\/carosroberto.sodre.5\/\"],\"url\":\"https:\/\/ubanews.com\/site\/author\/felipe\/\"}]}<\/script>\n<!-- \/ Yoast SEO plugin. -->","yoast_head_json":{"title":"Opera\u00e7\u00e3o prende no Rio suspeito de cometer homic\u00eddio em Muria\u00e9 - Ub\u00e1 News","robots":{"index":"index","follow":"follow","max-snippet":"max-snippet:-1","max-image-preview":"max-image-preview:large","max-video-preview":"max-video-preview:-1"},"canonical":"https:\/\/ubanews.com\/site\/2021\/09\/01\/operacao-prende-no-rio-suspeito-de-cometer-homicidio-em-muriae\/","og_locale":"pt_BR","og_type":"article","og_title":"Opera\u00e7\u00e3o prende no Rio suspeito de cometer homic\u00eddio em Muria\u00e9 - Ub\u00e1 News","og_description":"A Pol\u00edcia Civil de Minas Gerais (PCMG) e a Pol\u00edcia","og_url":"https:\/\/ubanews.com\/site\/2021\/09\/01\/operacao-prende-no-rio-suspeito-de-cometer-homicidio-em-muriae\/","og_site_name":"Ub\u00e1 News","article_publisher":"https:\/\/www.facebook.com\/Ub%c3%a1News-Carlos-Roberto-Sodr%c3%a9-418778301977370","article_author":"https:\/\/www.facebook.com\/carosroberto.sodre.5\/","article_published_time":"2021-09-01T21:00:42+00:00","article_modified_time":"2021-09-01T21:22:16+00:00","og_image":[{"width":1000,"height":500,"url":"https:\/\/ubanews.com\/site\/wp-content\/uploads\/2021\/09\/772.jpg","type":"image\/jpeg"}],"author":"Sodr\u00e9","twitter_card":"summary_large_image","twitter_misc":{"Escrito por":"Sodr\u00e9","Est. tempo de leitura":"2 minutos"},"schema":{"@context":"https:\/\/schema.org","@graph":[{"@type":"Article","@id":"https:\/\/ubanews.com\/site\/2021\/09\/01\/operacao-prende-no-rio-suspeito-de-cometer-homicidio-em-muriae\/#article","isPartOf":{"@id":"https:\/\/ubanews.com\/site\/2021\/09\/01\/operacao-prende-no-rio-suspeito-de-cometer-homicidio-em-muriae\/"},"author":{"name":"Sodr\u00e9","@id":"https:\/\/ubanews.com\/site\/#\/schema\/person\/d90c9e47252fbb63dcc969fe4c8b9d10"},"headline":"Opera\u00e7\u00e3o prende no Rio suspeito de cometer homic\u00eddio em Muria\u00e9","datePublished":"2021-09-01T21:00:42+00:00","dateModified":"2021-09-01T21:22:16+00:00","mainEntityOfPage":{"@id":"https:\/\/ubanews.com\/site\/2021\/09\/01\/operacao-prende-no-rio-suspeito-de-cometer-homicidio-em-muriae\/"},"wordCount":326,"commentCount":0,"publisher":{"@id":"https:\/\/ubanews.com\/site\/#organization"},"image":{"@id":"https:\/\/ubanews.com\/site\/2021\/09\/01\/operacao-prende-no-rio-suspeito-de-cometer-homicidio-em-muriae\/#primaryimage"},"thumbnailUrl":"https:\/\/ubanews.com\/site\/wp-content\/uploads\/2021\/09\/772.jpg","articleSection":["Geral"],"inLanguage":"pt-BR","potentialAction":[{"@type":"CommentAction","name":"Comment","target":["https:\/\/ubanews.com\/site\/2021\/09\/01\/operacao-prende-no-rio-suspeito-de-cometer-homicidio-em-muriae\/#respond"]}]},{"@type":"WebPage","@id":"https:\/\/ubanews.com\/site\/2021\/09\/01\/operacao-prende-no-rio-suspeito-de-cometer-homicidio-em-muriae\/","url":"https:\/\/ubanews.com\/site\/2021\/09\/01\/operacao-prende-no-rio-suspeito-de-cometer-homicidio-em-muriae\/","name":"Opera\u00e7\u00e3o prende no Rio suspeito de cometer homic\u00eddio em Muria\u00e9 - Ub\u00e1 News","isPartOf":{"@id":"https:\/\/ubanews.com\/site\/#website"},"primaryImageOfPage":{"@id":"https:\/\/ubanews.com\/site\/2021\/09\/01\/operacao-prende-no-rio-suspeito-de-cometer-homicidio-em-muriae\/#primaryimage"},"image":{"@id":"https:\/\/ubanews.com\/site\/2021\/09\/01\/operacao-prende-no-rio-suspeito-de-cometer-homicidio-em-muriae\/#primaryimage"},"thumbnailUrl":"https:\/\/ubanews.com\/site\/wp-content\/uploads\/2021\/09\/772.jpg","datePublished":"2021-09-01T21:00:42+00:00","dateModified":"2021-09-01T21:22:16+00:00","breadcrumb":{"@id":"https:\/\/ubanews.com\/site\/2021\/09\/01\/operacao-prende-no-rio-suspeito-de-cometer-homicidio-em-muriae\/#breadcrumb"},"inLanguage":"pt-BR","potentialAction":[{"@type":"ReadAction","target":["https:\/\/ubanews.com\/site\/2021\/09\/01\/operacao-prende-no-rio-suspeito-de-cometer-homicidio-em-muriae\/"]}]},{"@type":"ImageObject","inLanguage":"pt-BR","@id":"https:\/\/ubanews.com\/site\/2021\/09\/01\/operacao-prende-no-rio-suspeito-de-cometer-homicidio-em-muriae\/#primaryimage","url":"https:\/\/ubanews.com\/site\/wp-content\/uploads\/2021\/09\/772.jpg","contentUrl":"https:\/\/ubanews.com\/site\/wp-content\/uploads\/2021\/09\/772.jpg","width":1000,"height":500},{"@type":"BreadcrumbList","@id":"https:\/\/ubanews.com\/site\/2021\/09\/01\/operacao-prende-no-rio-suspeito-de-cometer-homicidio-em-muriae\/#breadcrumb","itemListElement":[{"@type":"ListItem","position":1,"name":"Home","item":"https:\/\/ubanews.com\/site\/"},{"@type":"ListItem","position":2,"name":"Opera\u00e7\u00e3o prende no Rio suspeito de cometer homic\u00eddio em Muria\u00e9"}]},{"@type":"WebSite","@id":"https:\/\/ubanews.com\/site\/#website","url":"https:\/\/ubanews.com\/site\/","name":"Ub\u00e1 News","description":"","publisher":{"@id":"https:\/\/ubanews.com\/site\/#organization"},"potentialAction":[{"@type":"SearchAction","target":{"@type":"EntryPoint","urlTemplate":"https:\/\/ubanews.com\/site\/?s={search_term_string}"},"query-input":{"@type":"PropertyValueSpecification","valueRequired":true,"valueName":"search_term_string"}}],"inLanguage":"pt-BR"},{"@type":"Organization","@id":"https:\/\/ubanews.com\/site\/#organization","name":"Ub\u00e1 News","url":"https:\/\/ubanews.com\/site\/","logo":{"@type":"ImageObject","inLanguage":"pt-BR","@id":"https:\/\/ubanews.com\/site\/#\/schema\/logo\/image\/","url":"https:\/\/ubanews.com\/site\/wp-content\/uploads\/2018\/01\/logoubanews.png","contentUrl":"https:\/\/ubanews.com\/site\/wp-content\/uploads\/2018\/01\/logoubanews.png","width":261,"height":99,"caption":"Ub\u00e1 News"},"image":{"@id":"https:\/\/ubanews.com\/site\/#\/schema\/logo\/image\/"},"sameAs":["https:\/\/www.facebook.com\/Ub\u00e1News-Carlos-Roberto-Sodr\u00e9-418778301977370"]},{"@type":"Person","@id":"https:\/\/ubanews.com\/site\/#\/schema\/person\/d90c9e47252fbb63dcc969fe4c8b9d10","name":"Sodr\u00e9","image":{"@type":"ImageObject","inLanguage":"pt-BR","@id":"https:\/\/secure.gravatar.com\/avatar\/5ba2793f0590b9dbfad3fdec4ee714485b3eef211c9b32ee53d414060454a56c?s=96&d=mm&r=g","url":"https:\/\/secure.gravatar.com\/avatar\/5ba2793f0590b9dbfad3fdec4ee714485b3eef211c9b32ee53d414060454a56c?s=96&d=mm&r=g","contentUrl":"https:\/\/secure.gravatar.com\/avatar\/5ba2793f0590b9dbfad3fdec4ee714485b3eef211c9b32ee53d414060454a56c?s=96&d=mm&r=g","caption":"Sodr\u00e9"},"sameAs":["https:\/\/www.facebook.com\/carosroberto.sodre.5\/"],"url":"https:\/\/ubanews.com\/site\/author\/felipe\/"}]}},"_links":{"self":[{"href":"https:\/\/ubanews.com\/site\/wp-json\/wp\/v2\/posts\/20478","targetHints":{"allow":["GET"]}}],"collection":[{"href":"https:\/\/ubanews.com\/site\/wp-json\/wp\/v2\/posts"}],"about":[{"href":"https:\/\/ubanews.com\/site\/wp-json\/wp\/v2\/types\/post"}],"author":[{"embeddable":true,"href":"https:\/\/ubanews.com\/site\/wp-json\/wp\/v2\/users\/2"}],"replies":[{"embeddable":true,"href":"https:\/\/ubanews.com\/site\/wp-json\/wp\/v2\/comments?post=20478"}],"version-history":[{"count":0,"href":"https:\/\/ubanews.com\/site\/wp-json\/wp\/v2\/posts\/20478\/revisions"}],"wp:featuredmedia":[{"embeddable":true,"href":"https:\/\/ubanews.com\/site\/wp-json\/wp\/v2\/media\/20479"}],"wp:attachment":[{"href":"https:\/\/ubanews.com\/site\/wp-json\/wp\/v2\/media?parent=20478"}],"wp:term":[{"taxonomy":"category","embeddable":true,"href":"https:\/\/ubanews.com\/site\/wp-json\/wp\/v2\/categories?post=20478"},{"taxonomy":"post_tag","embeddable":true,"href":"https:\/\/ubanews.com\/site\/wp-json\/wp\/v2\/tags?post=20478"}],"curies":[{"name":"wp","href":"https:\/\/api.w.org\/{rel}","templated":true}]}}