{"id":20450,"date":"2021-08-26T17:13:28","date_gmt":"2021-08-26T20:13:28","guid":{"rendered":"http:\/\/ubanews.com\/site\/?p=20450"},"modified":"2021-08-26T17:13:28","modified_gmt":"2021-08-26T20:13:28","slug":"policia-militar-e-homenageada-pelo-dia-do-soldado","status":"publish","type":"post","link":"https:\/\/ubanews.com\/site\/2021\/08\/26\/policia-militar-e-homenageada-pelo-dia-do-soldado\/","title":{"rendered":"POL\u00cdCIA MILITAR \u00c9 HOMENAGEADA PELO \u201cDIA DO SOLDADO\u201d"},"content":{"rendered":"<p>Em 25 de Agosto, dia em que se comemora o \u201cDia do Soldado\u201d Policiais Militares do 21\u00ba BPM receberam v\u00e1rias homenagens de reconhecimento e agradecimento pelos servi\u00e7os prestados \u00e0s comunidades.<\/p>\n<p>As homenagens recebidas, de forma simples e espont\u00e2nea, por\u00e9m carregadas de grande simbolismo, deixaram marcas de satisfa\u00e7\u00e3o e incentivo \u00e0 Tropa do Sentinela da Zona da Mata, trazendo a convic\u00e7\u00e3o aos Policiais Militares, de que est\u00e3o prestando um servi\u00e7o de qualidade e relev\u00e2ncia para toda a sociedade, e o orgulho e a altivez de fazer parte de uma bissecular e reconhecida institui\u00e7\u00e3o, a Pol\u00edcia Militar de Minas Gerais.<\/p>\n<div id=\"metaslider-id-17652\" style=\"max-width: 1000px;\" class=\"ml-slider-3-106-0 metaslider metaslider-nivo metaslider-17652 ml-slider ms-theme-outline\" role=\"region\" aria-label=\"Texto\" data-height=\"200\" data-width=\"1000\">\n    <div id=\"metaslider_container_17652\">\n        <div class='slider-wrapper theme-default'><div class='ribbon'><\/div><div id='metaslider_17652' class='nivoSlider'><\/div><\/div>\n        \n    <\/div>\n<\/div>\n<p>Em Astolfo Dutra, o Centro Educacional \u201cPingo de Gente\u201d, atrav\u00e9s dos professores e alunos, prestaram uma homenagem ao Policiais Militares destacados na cidade, transcrevendo a paix\u00e3o e fasc\u00ednio que as crian\u00e7as t\u00eam pelo trabalho da Pol\u00edcia Militar.<\/p>\n<p>Em Cataguases, membros da sociedade tamb\u00e9m homenagearam a Pol\u00edcia&nbsp; Militar presente no munic\u00edpio.<\/p>\n<p>Na cidade de Mira\u00ed, a homenagem aos Policiais Militares partiu de uma representante do com\u00e9rcio local.<\/p>\n<p>Em nota, o Excelent\u00edssimo Comandante Geral, Coronel PM Rodrigo Sousa Rodrigues, homenageou a todos os integrantes da PMMG com os seguintes dizeres <em>\u201cHoje comemoramos, com indisfar\u00e7\u00e1vel orgulho, o Dia do Soldado, confiantes nos valores e deveres que norteiam nossa inabal\u00e1vel voca\u00e7\u00e3o profissional, parabenizo todos os soldados mineiros, especialmente os combatentes da nossa Gloriosa Pol\u00edcia Militar de Minas Gerais\u201d.<\/em><\/p>\n<p><strong>ASSESSORIA DE COMUNICA\u00c7\u00c3O ORGANIZACIONAL<\/strong><br \/>\n<strong>Vig\u00e9simo Primeiro Batalh\u00e3o de Pol\u00edcia Militar<\/strong><\/p>\n<div style=\"width: 840px;\" class=\"wp-video\"><video class=\"wp-video-shortcode\" id=\"video-20450-1\" width=\"840\" height=\"473\" autoplay preload=\"auto\" controls=\"controls\"><source type=\"video\/mp4\" src=\"https:\/\/ubanews.com\/site\/wp-content\/uploads\/2020\/12\/01020002.00_00_53_25.mp4?_=1\" \/><a href=\"https:\/\/ubanews.com\/site\/wp-content\/uploads\/2020\/12\/01020002.00_00_53_25.mp4\">https:\/\/ubanews.com\/site\/wp-content\/uploads\/2020\/12\/01020002.00_00_53_25.mp4<\/a><\/video><\/div>\n","protected":false},"excerpt":{"rendered":"<p>Em 25 de Agosto, dia em que se comemora o<\/p>\n","protected":false},"author":2,"featured_media":20452,"comment_status":"open","ping_status":"open","sticky":false,"template":"","format":"standard","meta":{"footnotes":""},"categories":[13],"tags":[],"class_list":["post-20450","post","type-post","status-publish","format-standard","has-post-thumbnail","hentry","category-sintese-das-ocorrencias"],"yoast_head":"<!-- This site is optimized with the Yoast SEO plugin v27.2 - https:\/\/yoast.com\/product\/yoast-seo-wordpress\/ -->\n<title>POL\u00cdCIA MILITAR \u00c9 HOMENAGEADA PELO \u201cDIA DO SOLDADO\u201d - Ub\u00e1 News<\/title>\n<meta name=\"robots\" content=\"index, follow, max-snippet:-1, max-image-preview:large, max-video-preview:-1\" \/>\n<link rel=\"canonical\" href=\"https:\/\/ubanews.com\/site\/2021\/08\/26\/policia-militar-e-homenageada-pelo-dia-do-soldado\/\" \/>\n<meta property=\"og:locale\" content=\"pt_BR\" \/>\n<meta property=\"og:type\" content=\"article\" \/>\n<meta property=\"og:title\" content=\"POL\u00cdCIA MILITAR \u00c9 HOMENAGEADA PELO \u201cDIA DO SOLDADO\u201d - Ub\u00e1 News\" \/>\n<meta property=\"og:description\" content=\"Em 25 de Agosto, dia em que se comemora o\" \/>\n<meta property=\"og:url\" content=\"https:\/\/ubanews.com\/site\/2021\/08\/26\/policia-militar-e-homenageada-pelo-dia-do-soldado\/\" \/>\n<meta property=\"og:site_name\" content=\"Ub\u00e1 News\" \/>\n<meta property=\"article:publisher\" content=\"https:\/\/www.facebook.com\/Ub%c3%a1News-Carlos-Roberto-Sodr%c3%a9-418778301977370\" \/>\n<meta property=\"article:author\" content=\"https:\/\/www.facebook.com\/carosroberto.sodre.5\/\" \/>\n<meta property=\"article:published_time\" content=\"2021-08-26T20:13:28+00:00\" \/>\n<meta property=\"og:image\" content=\"https:\/\/ubanews.com\/site\/wp-content\/uploads\/2021\/08\/765.jpg\" \/>\n\t<meta property=\"og:image:width\" content=\"1000\" \/>\n\t<meta property=\"og:image:height\" content=\"500\" \/>\n\t<meta property=\"og:image:type\" content=\"image\/jpeg\" \/>\n<meta name=\"author\" content=\"Sodr\u00e9\" \/>\n<meta name=\"twitter:card\" content=\"summary_large_image\" \/>\n<meta name=\"twitter:label1\" content=\"Escrito por\" \/>\n\t<meta name=\"twitter:data1\" content=\"Sodr\u00e9\" \/>\n\t<meta name=\"twitter:label2\" content=\"Est. tempo de leitura\" \/>\n\t<meta name=\"twitter:data2\" content=\"2 minutos\" \/>\n<script type=\"application\/ld+json\" class=\"yoast-schema-graph\">{\"@context\":\"https:\/\/schema.org\",\"@graph\":[{\"@type\":\"Article\",\"@id\":\"https:\/\/ubanews.com\/site\/2021\/08\/26\/policia-militar-e-homenageada-pelo-dia-do-soldado\/#article\",\"isPartOf\":{\"@id\":\"https:\/\/ubanews.com\/site\/2021\/08\/26\/policia-militar-e-homenageada-pelo-dia-do-soldado\/\"},\"author\":{\"name\":\"Sodr\u00e9\",\"@id\":\"https:\/\/ubanews.com\/site\/#\/schema\/person\/d90c9e47252fbb63dcc969fe4c8b9d10\"},\"headline\":\"POL\u00cdCIA MILITAR \u00c9 HOMENAGEADA PELO \u201cDIA DO SOLDADO\u201d\",\"datePublished\":\"2021-08-26T20:13:28+00:00\",\"mainEntityOfPage\":{\"@id\":\"https:\/\/ubanews.com\/site\/2021\/08\/26\/policia-militar-e-homenageada-pelo-dia-do-soldado\/\"},\"wordCount\":286,\"commentCount\":0,\"publisher\":{\"@id\":\"https:\/\/ubanews.com\/site\/#organization\"},\"image\":{\"@id\":\"https:\/\/ubanews.com\/site\/2021\/08\/26\/policia-militar-e-homenageada-pelo-dia-do-soldado\/#primaryimage\"},\"thumbnailUrl\":\"https:\/\/ubanews.com\/site\/wp-content\/uploads\/2021\/08\/765.jpg\",\"articleSection\":[\"S\u00edntese das Ocorr\u00eancias\"],\"inLanguage\":\"pt-BR\",\"potentialAction\":[{\"@type\":\"CommentAction\",\"name\":\"Comment\",\"target\":[\"https:\/\/ubanews.com\/site\/2021\/08\/26\/policia-militar-e-homenageada-pelo-dia-do-soldado\/#respond\"]}]},{\"@type\":\"WebPage\",\"@id\":\"https:\/\/ubanews.com\/site\/2021\/08\/26\/policia-militar-e-homenageada-pelo-dia-do-soldado\/\",\"url\":\"https:\/\/ubanews.com\/site\/2021\/08\/26\/policia-militar-e-homenageada-pelo-dia-do-soldado\/\",\"name\":\"POL\u00cdCIA MILITAR \u00c9 HOMENAGEADA PELO \u201cDIA DO SOLDADO\u201d - Ub\u00e1 News\",\"isPartOf\":{\"@id\":\"https:\/\/ubanews.com\/site\/#website\"},\"primaryImageOfPage\":{\"@id\":\"https:\/\/ubanews.com\/site\/2021\/08\/26\/policia-militar-e-homenageada-pelo-dia-do-soldado\/#primaryimage\"},\"image\":{\"@id\":\"https:\/\/ubanews.com\/site\/2021\/08\/26\/policia-militar-e-homenageada-pelo-dia-do-soldado\/#primaryimage\"},\"thumbnailUrl\":\"https:\/\/ubanews.com\/site\/wp-content\/uploads\/2021\/08\/765.jpg\",\"datePublished\":\"2021-08-26T20:13:28+00:00\",\"breadcrumb\":{\"@id\":\"https:\/\/ubanews.com\/site\/2021\/08\/26\/policia-militar-e-homenageada-pelo-dia-do-soldado\/#breadcrumb\"},\"inLanguage\":\"pt-BR\",\"potentialAction\":[{\"@type\":\"ReadAction\",\"target\":[\"https:\/\/ubanews.com\/site\/2021\/08\/26\/policia-militar-e-homenageada-pelo-dia-do-soldado\/\"]}]},{\"@type\":\"ImageObject\",\"inLanguage\":\"pt-BR\",\"@id\":\"https:\/\/ubanews.com\/site\/2021\/08\/26\/policia-militar-e-homenageada-pelo-dia-do-soldado\/#primaryimage\",\"url\":\"https:\/\/ubanews.com\/site\/wp-content\/uploads\/2021\/08\/765.jpg\",\"contentUrl\":\"https:\/\/ubanews.com\/site\/wp-content\/uploads\/2021\/08\/765.jpg\",\"width\":1000,\"height\":500},{\"@type\":\"BreadcrumbList\",\"@id\":\"https:\/\/ubanews.com\/site\/2021\/08\/26\/policia-militar-e-homenageada-pelo-dia-do-soldado\/#breadcrumb\",\"itemListElement\":[{\"@type\":\"ListItem\",\"position\":1,\"name\":\"Home\",\"item\":\"https:\/\/ubanews.com\/site\/\"},{\"@type\":\"ListItem\",\"position\":2,\"name\":\"POL\u00cdCIA MILITAR \u00c9 HOMENAGEADA PELO \u201cDIA DO SOLDADO\u201d\"}]},{\"@type\":\"WebSite\",\"@id\":\"https:\/\/ubanews.com\/site\/#website\",\"url\":\"https:\/\/ubanews.com\/site\/\",\"name\":\"Ub\u00e1 News\",\"description\":\"\",\"publisher\":{\"@id\":\"https:\/\/ubanews.com\/site\/#organization\"},\"potentialAction\":[{\"@type\":\"SearchAction\",\"target\":{\"@type\":\"EntryPoint\",\"urlTemplate\":\"https:\/\/ubanews.com\/site\/?s={search_term_string}\"},\"query-input\":{\"@type\":\"PropertyValueSpecification\",\"valueRequired\":true,\"valueName\":\"search_term_string\"}}],\"inLanguage\":\"pt-BR\"},{\"@type\":\"Organization\",\"@id\":\"https:\/\/ubanews.com\/site\/#organization\",\"name\":\"Ub\u00e1 News\",\"url\":\"https:\/\/ubanews.com\/site\/\",\"logo\":{\"@type\":\"ImageObject\",\"inLanguage\":\"pt-BR\",\"@id\":\"https:\/\/ubanews.com\/site\/#\/schema\/logo\/image\/\",\"url\":\"https:\/\/ubanews.com\/site\/wp-content\/uploads\/2018\/01\/logoubanews.png\",\"contentUrl\":\"https:\/\/ubanews.com\/site\/wp-content\/uploads\/2018\/01\/logoubanews.png\",\"width\":261,\"height\":99,\"caption\":\"Ub\u00e1 News\"},\"image\":{\"@id\":\"https:\/\/ubanews.com\/site\/#\/schema\/logo\/image\/\"},\"sameAs\":[\"https:\/\/www.facebook.com\/Ub\u00e1News-Carlos-Roberto-Sodr\u00e9-418778301977370\"]},{\"@type\":\"Person\",\"@id\":\"https:\/\/ubanews.com\/site\/#\/schema\/person\/d90c9e47252fbb63dcc969fe4c8b9d10\",\"name\":\"Sodr\u00e9\",\"image\":{\"@type\":\"ImageObject\",\"inLanguage\":\"pt-BR\",\"@id\":\"https:\/\/secure.gravatar.com\/avatar\/5ba2793f0590b9dbfad3fdec4ee714485b3eef211c9b32ee53d414060454a56c?s=96&d=mm&r=g\",\"url\":\"https:\/\/secure.gravatar.com\/avatar\/5ba2793f0590b9dbfad3fdec4ee714485b3eef211c9b32ee53d414060454a56c?s=96&d=mm&r=g\",\"contentUrl\":\"https:\/\/secure.gravatar.com\/avatar\/5ba2793f0590b9dbfad3fdec4ee714485b3eef211c9b32ee53d414060454a56c?s=96&d=mm&r=g\",\"caption\":\"Sodr\u00e9\"},\"sameAs\":[\"https:\/\/www.facebook.com\/carosroberto.sodre.5\/\"],\"url\":\"https:\/\/ubanews.com\/site\/author\/felipe\/\"}]}<\/script>\n<!-- \/ Yoast SEO plugin. -->","yoast_head_json":{"title":"POL\u00cdCIA MILITAR \u00c9 HOMENAGEADA PELO \u201cDIA DO SOLDADO\u201d - Ub\u00e1 News","robots":{"index":"index","follow":"follow","max-snippet":"max-snippet:-1","max-image-preview":"max-image-preview:large","max-video-preview":"max-video-preview:-1"},"canonical":"https:\/\/ubanews.com\/site\/2021\/08\/26\/policia-militar-e-homenageada-pelo-dia-do-soldado\/","og_locale":"pt_BR","og_type":"article","og_title":"POL\u00cdCIA MILITAR \u00c9 HOMENAGEADA PELO \u201cDIA DO SOLDADO\u201d - Ub\u00e1 News","og_description":"Em 25 de Agosto, dia em que se comemora o","og_url":"https:\/\/ubanews.com\/site\/2021\/08\/26\/policia-militar-e-homenageada-pelo-dia-do-soldado\/","og_site_name":"Ub\u00e1 News","article_publisher":"https:\/\/www.facebook.com\/Ub%c3%a1News-Carlos-Roberto-Sodr%c3%a9-418778301977370","article_author":"https:\/\/www.facebook.com\/carosroberto.sodre.5\/","article_published_time":"2021-08-26T20:13:28+00:00","og_image":[{"width":1000,"height":500,"url":"https:\/\/ubanews.com\/site\/wp-content\/uploads\/2021\/08\/765.jpg","type":"image\/jpeg"}],"author":"Sodr\u00e9","twitter_card":"summary_large_image","twitter_misc":{"Escrito por":"Sodr\u00e9","Est. tempo de leitura":"2 minutos"},"schema":{"@context":"https:\/\/schema.org","@graph":[{"@type":"Article","@id":"https:\/\/ubanews.com\/site\/2021\/08\/26\/policia-militar-e-homenageada-pelo-dia-do-soldado\/#article","isPartOf":{"@id":"https:\/\/ubanews.com\/site\/2021\/08\/26\/policia-militar-e-homenageada-pelo-dia-do-soldado\/"},"author":{"name":"Sodr\u00e9","@id":"https:\/\/ubanews.com\/site\/#\/schema\/person\/d90c9e47252fbb63dcc969fe4c8b9d10"},"headline":"POL\u00cdCIA MILITAR \u00c9 HOMENAGEADA PELO \u201cDIA DO SOLDADO\u201d","datePublished":"2021-08-26T20:13:28+00:00","mainEntityOfPage":{"@id":"https:\/\/ubanews.com\/site\/2021\/08\/26\/policia-militar-e-homenageada-pelo-dia-do-soldado\/"},"wordCount":286,"commentCount":0,"publisher":{"@id":"https:\/\/ubanews.com\/site\/#organization"},"image":{"@id":"https:\/\/ubanews.com\/site\/2021\/08\/26\/policia-militar-e-homenageada-pelo-dia-do-soldado\/#primaryimage"},"thumbnailUrl":"https:\/\/ubanews.com\/site\/wp-content\/uploads\/2021\/08\/765.jpg","articleSection":["S\u00edntese das Ocorr\u00eancias"],"inLanguage":"pt-BR","potentialAction":[{"@type":"CommentAction","name":"Comment","target":["https:\/\/ubanews.com\/site\/2021\/08\/26\/policia-militar-e-homenageada-pelo-dia-do-soldado\/#respond"]}]},{"@type":"WebPage","@id":"https:\/\/ubanews.com\/site\/2021\/08\/26\/policia-militar-e-homenageada-pelo-dia-do-soldado\/","url":"https:\/\/ubanews.com\/site\/2021\/08\/26\/policia-militar-e-homenageada-pelo-dia-do-soldado\/","name":"POL\u00cdCIA MILITAR \u00c9 HOMENAGEADA PELO \u201cDIA DO SOLDADO\u201d - Ub\u00e1 News","isPartOf":{"@id":"https:\/\/ubanews.com\/site\/#website"},"primaryImageOfPage":{"@id":"https:\/\/ubanews.com\/site\/2021\/08\/26\/policia-militar-e-homenageada-pelo-dia-do-soldado\/#primaryimage"},"image":{"@id":"https:\/\/ubanews.com\/site\/2021\/08\/26\/policia-militar-e-homenageada-pelo-dia-do-soldado\/#primaryimage"},"thumbnailUrl":"https:\/\/ubanews.com\/site\/wp-content\/uploads\/2021\/08\/765.jpg","datePublished":"2021-08-26T20:13:28+00:00","breadcrumb":{"@id":"https:\/\/ubanews.com\/site\/2021\/08\/26\/policia-militar-e-homenageada-pelo-dia-do-soldado\/#breadcrumb"},"inLanguage":"pt-BR","potentialAction":[{"@type":"ReadAction","target":["https:\/\/ubanews.com\/site\/2021\/08\/26\/policia-militar-e-homenageada-pelo-dia-do-soldado\/"]}]},{"@type":"ImageObject","inLanguage":"pt-BR","@id":"https:\/\/ubanews.com\/site\/2021\/08\/26\/policia-militar-e-homenageada-pelo-dia-do-soldado\/#primaryimage","url":"https:\/\/ubanews.com\/site\/wp-content\/uploads\/2021\/08\/765.jpg","contentUrl":"https:\/\/ubanews.com\/site\/wp-content\/uploads\/2021\/08\/765.jpg","width":1000,"height":500},{"@type":"BreadcrumbList","@id":"https:\/\/ubanews.com\/site\/2021\/08\/26\/policia-militar-e-homenageada-pelo-dia-do-soldado\/#breadcrumb","itemListElement":[{"@type":"ListItem","position":1,"name":"Home","item":"https:\/\/ubanews.com\/site\/"},{"@type":"ListItem","position":2,"name":"POL\u00cdCIA MILITAR \u00c9 HOMENAGEADA PELO \u201cDIA DO SOLDADO\u201d"}]},{"@type":"WebSite","@id":"https:\/\/ubanews.com\/site\/#website","url":"https:\/\/ubanews.com\/site\/","name":"Ub\u00e1 News","description":"","publisher":{"@id":"https:\/\/ubanews.com\/site\/#organization"},"potentialAction":[{"@type":"SearchAction","target":{"@type":"EntryPoint","urlTemplate":"https:\/\/ubanews.com\/site\/?s={search_term_string}"},"query-input":{"@type":"PropertyValueSpecification","valueRequired":true,"valueName":"search_term_string"}}],"inLanguage":"pt-BR"},{"@type":"Organization","@id":"https:\/\/ubanews.com\/site\/#organization","name":"Ub\u00e1 News","url":"https:\/\/ubanews.com\/site\/","logo":{"@type":"ImageObject","inLanguage":"pt-BR","@id":"https:\/\/ubanews.com\/site\/#\/schema\/logo\/image\/","url":"https:\/\/ubanews.com\/site\/wp-content\/uploads\/2018\/01\/logoubanews.png","contentUrl":"https:\/\/ubanews.com\/site\/wp-content\/uploads\/2018\/01\/logoubanews.png","width":261,"height":99,"caption":"Ub\u00e1 News"},"image":{"@id":"https:\/\/ubanews.com\/site\/#\/schema\/logo\/image\/"},"sameAs":["https:\/\/www.facebook.com\/Ub\u00e1News-Carlos-Roberto-Sodr\u00e9-418778301977370"]},{"@type":"Person","@id":"https:\/\/ubanews.com\/site\/#\/schema\/person\/d90c9e47252fbb63dcc969fe4c8b9d10","name":"Sodr\u00e9","image":{"@type":"ImageObject","inLanguage":"pt-BR","@id":"https:\/\/secure.gravatar.com\/avatar\/5ba2793f0590b9dbfad3fdec4ee714485b3eef211c9b32ee53d414060454a56c?s=96&d=mm&r=g","url":"https:\/\/secure.gravatar.com\/avatar\/5ba2793f0590b9dbfad3fdec4ee714485b3eef211c9b32ee53d414060454a56c?s=96&d=mm&r=g","contentUrl":"https:\/\/secure.gravatar.com\/avatar\/5ba2793f0590b9dbfad3fdec4ee714485b3eef211c9b32ee53d414060454a56c?s=96&d=mm&r=g","caption":"Sodr\u00e9"},"sameAs":["https:\/\/www.facebook.com\/carosroberto.sodre.5\/"],"url":"https:\/\/ubanews.com\/site\/author\/felipe\/"}]}},"_links":{"self":[{"href":"https:\/\/ubanews.com\/site\/wp-json\/wp\/v2\/posts\/20450","targetHints":{"allow":["GET"]}}],"collection":[{"href":"https:\/\/ubanews.com\/site\/wp-json\/wp\/v2\/posts"}],"about":[{"href":"https:\/\/ubanews.com\/site\/wp-json\/wp\/v2\/types\/post"}],"author":[{"embeddable":true,"href":"https:\/\/ubanews.com\/site\/wp-json\/wp\/v2\/users\/2"}],"replies":[{"embeddable":true,"href":"https:\/\/ubanews.com\/site\/wp-json\/wp\/v2\/comments?post=20450"}],"version-history":[{"count":0,"href":"https:\/\/ubanews.com\/site\/wp-json\/wp\/v2\/posts\/20450\/revisions"}],"wp:featuredmedia":[{"embeddable":true,"href":"https:\/\/ubanews.com\/site\/wp-json\/wp\/v2\/media\/20452"}],"wp:attachment":[{"href":"https:\/\/ubanews.com\/site\/wp-json\/wp\/v2\/media?parent=20450"}],"wp:term":[{"taxonomy":"category","embeddable":true,"href":"https:\/\/ubanews.com\/site\/wp-json\/wp\/v2\/categories?post=20450"},{"taxonomy":"post_tag","embeddable":true,"href":"https:\/\/ubanews.com\/site\/wp-json\/wp\/v2\/tags?post=20450"}],"curies":[{"name":"wp","href":"https:\/\/api.w.org\/{rel}","templated":true}]}}