{"id":20446,"date":"2021-08-25T17:18:34","date_gmt":"2021-08-25T20:18:34","guid":{"rendered":"http:\/\/ubanews.com\/site\/?p=20446"},"modified":"2021-08-25T17:18:34","modified_gmt":"2021-08-25T20:18:34","slug":"vacinometro-355-dos-ubaenses-estao-totalmente-imunizados-contra-a-covid","status":"publish","type":"post","link":"https:\/\/ubanews.com\/site\/2021\/08\/25\/vacinometro-355-dos-ubaenses-estao-totalmente-imunizados-contra-a-covid\/","title":{"rendered":"Vacin\u00f4metro: 35,5% dos ubaenses est\u00e3o totalmente imunizados contra a Covid"},"content":{"rendered":"<div class=\"kvgmc6g5 cxmmr5t8 oygrvhab hcukyx3x c1et5uql ii04i59q\">\n<div dir=\"auto\"><span style=\"font-size: 1.0625rem;\">Nesta ter\u00e7a-feira (24), mais 1.332 doses de vacinas foram aplicadas. Ao todo, 322 pessoas acima de 20 anos, 393 trabalhadores da ind\u00fastria, 02 caminhoneiros e uma gestante receberam a primeira dose da vacina. Outros 09 profissionais de sa\u00fade, um idoso, 319 pessoas acima de 25 anos, 11 pessoas com defici\u00eancia permanente, 206 pessoas com comorbidade, 60 trabalhadores da ind\u00fastria, 06 trabalhadores da educa\u00e7\u00e3o e 02 gestantes foram vacinadas com a segunda dose.<\/span><\/div>\n<\/div>\n<div dir=\"auto\">&nbsp;<\/div>\n<div dir=\"auto\"><div id=\"metaslider-id-17652\" style=\"max-width: 1000px;\" class=\"ml-slider-3-106-0 metaslider metaslider-nivo metaslider-17652 ml-slider ms-theme-outline\" role=\"region\" aria-label=\"Texto\" data-height=\"200\" data-width=\"1000\">\n    <div id=\"metaslider_container_17652\">\n        <div class='slider-wrapper theme-default'><div class='ribbon'><\/div><div id='metaslider_17652' class='nivoSlider'><\/div><\/div>\n        \n    <\/div>\n<\/div><\/div>\n<div dir=\"auto\">&nbsp;<\/div>\n<div class=\"o9v6fnle cxmmr5t8 oygrvhab hcukyx3x c1et5uql ii04i59q\">\n<div dir=\"auto\">Em Ub\u00e1, 79,13% da popula\u00e7\u00e3o acima de 18 anos, estimada em 87.076 habitantes, j\u00e1 tomou pelo menos uma dose da vacina (primeira dose ou dose \u00fanica da vacina) contra a Covid-19. Ao todo, 66.605 pessoas foram vacinadas com a primeira dose. O n\u00famero representa 76,5% da popula\u00e7\u00e3o acima de 18 anos.<\/div>\n<\/div>\n<div class=\"o9v6fnle cxmmr5t8 oygrvhab hcukyx3x c1et5uql ii04i59q\">\n<div dir=\"auto\">J\u00e1 a popula\u00e7\u00e3o totalmente imunizada contra a Covid, aqueles que tomaram a segunda dose ou a dose \u00fanica de vacinas contra a doen\u00e7a, chegou a 35,57%, com um total de 30.979 pessoas acima de 18 anos vacinadas. Destas, 28.673 j\u00e1 foram imunizadas com a segunda dose e 2.306 foram vacinadas com imunizante de dose \u00fanica.<\/div>\n<\/div>\n<div class=\"o9v6fnle cxmmr5t8 oygrvhab hcukyx3x c1et5uql ii04i59q\">\n<div dir=\"auto\">Desde o in\u00edcio da vacina\u00e7\u00e3o contra Covid-19, em janeiro, foram aplicadas 97.584 doses no munic\u00edpio, levando em conta as primeiras e as segundas doses, al\u00e9m das vacinas de dose \u00fanica.<\/div>\n<\/div>\n<div dir=\"auto\">&nbsp;<\/div>\n<div dir=\"auto\"><strong>Assessoria de Comunica\u00e7\u00e3o Prefeitura de Ub\u00e1<\/strong><\/div>\n<div dir=\"auto\">&nbsp;<\/div>\n<div dir=\"auto\">\n<div style=\"width: 840px;\" class=\"wp-video\"><video class=\"wp-video-shortcode\" id=\"video-20446-1\" width=\"840\" height=\"473\" autoplay preload=\"auto\" controls=\"controls\"><source type=\"video\/mp4\" src=\"https:\/\/ubanews.com\/site\/wp-content\/uploads\/2020\/12\/01020002.00_00_53_25.mp4?_=1\" \/><a href=\"https:\/\/ubanews.com\/site\/wp-content\/uploads\/2020\/12\/01020002.00_00_53_25.mp4\">https:\/\/ubanews.com\/site\/wp-content\/uploads\/2020\/12\/01020002.00_00_53_25.mp4<\/a><\/video><\/div>\n<\/div>\n","protected":false},"excerpt":{"rendered":"<p>Nesta ter\u00e7a-feira (24), mais 1.332 doses de vacinas foram aplicadas.<\/p>\n","protected":false},"author":2,"featured_media":19572,"comment_status":"open","ping_status":"open","sticky":false,"template":"","format":"standard","meta":{"footnotes":""},"categories":[15],"tags":[],"class_list":["post-20446","post","type-post","status-publish","format-standard","has-post-thumbnail","hentry","category-prefeitura-municipal"],"yoast_head":"<!-- This site is optimized with the Yoast SEO plugin v27.2 - https:\/\/yoast.com\/product\/yoast-seo-wordpress\/ -->\n<title>Vacin\u00f4metro: 35,5% dos ubaenses est\u00e3o totalmente imunizados contra a Covid - Ub\u00e1 News<\/title>\n<meta name=\"robots\" content=\"index, follow, max-snippet:-1, max-image-preview:large, max-video-preview:-1\" \/>\n<link rel=\"canonical\" href=\"https:\/\/ubanews.com\/site\/2021\/08\/25\/vacinometro-355-dos-ubaenses-estao-totalmente-imunizados-contra-a-covid\/\" \/>\n<meta property=\"og:locale\" content=\"pt_BR\" \/>\n<meta property=\"og:type\" content=\"article\" \/>\n<meta property=\"og:title\" content=\"Vacin\u00f4metro: 35,5% dos ubaenses est\u00e3o totalmente imunizados contra a Covid - Ub\u00e1 News\" \/>\n<meta property=\"og:description\" content=\"Nesta ter\u00e7a-feira (24), mais 1.332 doses de vacinas foram aplicadas.\" \/>\n<meta property=\"og:url\" content=\"https:\/\/ubanews.com\/site\/2021\/08\/25\/vacinometro-355-dos-ubaenses-estao-totalmente-imunizados-contra-a-covid\/\" \/>\n<meta property=\"og:site_name\" content=\"Ub\u00e1 News\" \/>\n<meta property=\"article:publisher\" content=\"https:\/\/www.facebook.com\/Ub%c3%a1News-Carlos-Roberto-Sodr%c3%a9-418778301977370\" \/>\n<meta property=\"article:author\" content=\"https:\/\/www.facebook.com\/carosroberto.sodre.5\/\" \/>\n<meta property=\"article:published_time\" content=\"2021-08-25T20:18:34+00:00\" \/>\n<meta property=\"og:image\" content=\"https:\/\/ubanews.com\/site\/wp-content\/uploads\/2021\/04\/Vacinometro.png\" \/>\n\t<meta property=\"og:image:width\" content=\"1000\" \/>\n\t<meta property=\"og:image:height\" content=\"500\" \/>\n\t<meta property=\"og:image:type\" content=\"image\/png\" \/>\n<meta name=\"author\" content=\"Sodr\u00e9\" \/>\n<meta name=\"twitter:card\" content=\"summary_large_image\" \/>\n<meta name=\"twitter:label1\" content=\"Escrito por\" \/>\n\t<meta name=\"twitter:data1\" content=\"Sodr\u00e9\" \/>\n\t<meta name=\"twitter:label2\" content=\"Est. tempo de leitura\" \/>\n\t<meta name=\"twitter:data2\" content=\"1 minuto\" \/>\n<script type=\"application\/ld+json\" class=\"yoast-schema-graph\">{\"@context\":\"https:\/\/schema.org\",\"@graph\":[{\"@type\":\"Article\",\"@id\":\"https:\/\/ubanews.com\/site\/2021\/08\/25\/vacinometro-355-dos-ubaenses-estao-totalmente-imunizados-contra-a-covid\/#article\",\"isPartOf\":{\"@id\":\"https:\/\/ubanews.com\/site\/2021\/08\/25\/vacinometro-355-dos-ubaenses-estao-totalmente-imunizados-contra-a-covid\/\"},\"author\":{\"name\":\"Sodr\u00e9\",\"@id\":\"https:\/\/ubanews.com\/site\/#\/schema\/person\/d90c9e47252fbb63dcc969fe4c8b9d10\"},\"headline\":\"Vacin\u00f4metro: 35,5% dos ubaenses est\u00e3o totalmente imunizados contra a Covid\",\"datePublished\":\"2021-08-25T20:18:34+00:00\",\"mainEntityOfPage\":{\"@id\":\"https:\/\/ubanews.com\/site\/2021\/08\/25\/vacinometro-355-dos-ubaenses-estao-totalmente-imunizados-contra-a-covid\/\"},\"wordCount\":237,\"commentCount\":0,\"publisher\":{\"@id\":\"https:\/\/ubanews.com\/site\/#organization\"},\"image\":{\"@id\":\"https:\/\/ubanews.com\/site\/2021\/08\/25\/vacinometro-355-dos-ubaenses-estao-totalmente-imunizados-contra-a-covid\/#primaryimage\"},\"thumbnailUrl\":\"https:\/\/ubanews.com\/site\/wp-content\/uploads\/2021\/04\/Vacinometro.png\",\"articleSection\":[\"Prefeitura Municipal\"],\"inLanguage\":\"pt-BR\",\"potentialAction\":[{\"@type\":\"CommentAction\",\"name\":\"Comment\",\"target\":[\"https:\/\/ubanews.com\/site\/2021\/08\/25\/vacinometro-355-dos-ubaenses-estao-totalmente-imunizados-contra-a-covid\/#respond\"]}]},{\"@type\":\"WebPage\",\"@id\":\"https:\/\/ubanews.com\/site\/2021\/08\/25\/vacinometro-355-dos-ubaenses-estao-totalmente-imunizados-contra-a-covid\/\",\"url\":\"https:\/\/ubanews.com\/site\/2021\/08\/25\/vacinometro-355-dos-ubaenses-estao-totalmente-imunizados-contra-a-covid\/\",\"name\":\"Vacin\u00f4metro: 35,5% dos ubaenses est\u00e3o totalmente imunizados contra a Covid - Ub\u00e1 News\",\"isPartOf\":{\"@id\":\"https:\/\/ubanews.com\/site\/#website\"},\"primaryImageOfPage\":{\"@id\":\"https:\/\/ubanews.com\/site\/2021\/08\/25\/vacinometro-355-dos-ubaenses-estao-totalmente-imunizados-contra-a-covid\/#primaryimage\"},\"image\":{\"@id\":\"https:\/\/ubanews.com\/site\/2021\/08\/25\/vacinometro-355-dos-ubaenses-estao-totalmente-imunizados-contra-a-covid\/#primaryimage\"},\"thumbnailUrl\":\"https:\/\/ubanews.com\/site\/wp-content\/uploads\/2021\/04\/Vacinometro.png\",\"datePublished\":\"2021-08-25T20:18:34+00:00\",\"breadcrumb\":{\"@id\":\"https:\/\/ubanews.com\/site\/2021\/08\/25\/vacinometro-355-dos-ubaenses-estao-totalmente-imunizados-contra-a-covid\/#breadcrumb\"},\"inLanguage\":\"pt-BR\",\"potentialAction\":[{\"@type\":\"ReadAction\",\"target\":[\"https:\/\/ubanews.com\/site\/2021\/08\/25\/vacinometro-355-dos-ubaenses-estao-totalmente-imunizados-contra-a-covid\/\"]}]},{\"@type\":\"ImageObject\",\"inLanguage\":\"pt-BR\",\"@id\":\"https:\/\/ubanews.com\/site\/2021\/08\/25\/vacinometro-355-dos-ubaenses-estao-totalmente-imunizados-contra-a-covid\/#primaryimage\",\"url\":\"https:\/\/ubanews.com\/site\/wp-content\/uploads\/2021\/04\/Vacinometro.png\",\"contentUrl\":\"https:\/\/ubanews.com\/site\/wp-content\/uploads\/2021\/04\/Vacinometro.png\",\"width\":1000,\"height\":500},{\"@type\":\"BreadcrumbList\",\"@id\":\"https:\/\/ubanews.com\/site\/2021\/08\/25\/vacinometro-355-dos-ubaenses-estao-totalmente-imunizados-contra-a-covid\/#breadcrumb\",\"itemListElement\":[{\"@type\":\"ListItem\",\"position\":1,\"name\":\"Home\",\"item\":\"https:\/\/ubanews.com\/site\/\"},{\"@type\":\"ListItem\",\"position\":2,\"name\":\"Vacin\u00f4metro: 35,5% dos ubaenses est\u00e3o totalmente imunizados contra a Covid\"}]},{\"@type\":\"WebSite\",\"@id\":\"https:\/\/ubanews.com\/site\/#website\",\"url\":\"https:\/\/ubanews.com\/site\/\",\"name\":\"Ub\u00e1 News\",\"description\":\"\",\"publisher\":{\"@id\":\"https:\/\/ubanews.com\/site\/#organization\"},\"potentialAction\":[{\"@type\":\"SearchAction\",\"target\":{\"@type\":\"EntryPoint\",\"urlTemplate\":\"https:\/\/ubanews.com\/site\/?s={search_term_string}\"},\"query-input\":{\"@type\":\"PropertyValueSpecification\",\"valueRequired\":true,\"valueName\":\"search_term_string\"}}],\"inLanguage\":\"pt-BR\"},{\"@type\":\"Organization\",\"@id\":\"https:\/\/ubanews.com\/site\/#organization\",\"name\":\"Ub\u00e1 News\",\"url\":\"https:\/\/ubanews.com\/site\/\",\"logo\":{\"@type\":\"ImageObject\",\"inLanguage\":\"pt-BR\",\"@id\":\"https:\/\/ubanews.com\/site\/#\/schema\/logo\/image\/\",\"url\":\"https:\/\/ubanews.com\/site\/wp-content\/uploads\/2018\/01\/logoubanews.png\",\"contentUrl\":\"https:\/\/ubanews.com\/site\/wp-content\/uploads\/2018\/01\/logoubanews.png\",\"width\":261,\"height\":99,\"caption\":\"Ub\u00e1 News\"},\"image\":{\"@id\":\"https:\/\/ubanews.com\/site\/#\/schema\/logo\/image\/\"},\"sameAs\":[\"https:\/\/www.facebook.com\/Ub\u00e1News-Carlos-Roberto-Sodr\u00e9-418778301977370\"]},{\"@type\":\"Person\",\"@id\":\"https:\/\/ubanews.com\/site\/#\/schema\/person\/d90c9e47252fbb63dcc969fe4c8b9d10\",\"name\":\"Sodr\u00e9\",\"image\":{\"@type\":\"ImageObject\",\"inLanguage\":\"pt-BR\",\"@id\":\"https:\/\/secure.gravatar.com\/avatar\/5ba2793f0590b9dbfad3fdec4ee714485b3eef211c9b32ee53d414060454a56c?s=96&d=mm&r=g\",\"url\":\"https:\/\/secure.gravatar.com\/avatar\/5ba2793f0590b9dbfad3fdec4ee714485b3eef211c9b32ee53d414060454a56c?s=96&d=mm&r=g\",\"contentUrl\":\"https:\/\/secure.gravatar.com\/avatar\/5ba2793f0590b9dbfad3fdec4ee714485b3eef211c9b32ee53d414060454a56c?s=96&d=mm&r=g\",\"caption\":\"Sodr\u00e9\"},\"sameAs\":[\"https:\/\/www.facebook.com\/carosroberto.sodre.5\/\"],\"url\":\"https:\/\/ubanews.com\/site\/author\/felipe\/\"}]}<\/script>\n<!-- \/ Yoast SEO plugin. -->","yoast_head_json":{"title":"Vacin\u00f4metro: 35,5% dos ubaenses est\u00e3o totalmente imunizados contra a Covid - Ub\u00e1 News","robots":{"index":"index","follow":"follow","max-snippet":"max-snippet:-1","max-image-preview":"max-image-preview:large","max-video-preview":"max-video-preview:-1"},"canonical":"https:\/\/ubanews.com\/site\/2021\/08\/25\/vacinometro-355-dos-ubaenses-estao-totalmente-imunizados-contra-a-covid\/","og_locale":"pt_BR","og_type":"article","og_title":"Vacin\u00f4metro: 35,5% dos ubaenses est\u00e3o totalmente imunizados contra a Covid - Ub\u00e1 News","og_description":"Nesta ter\u00e7a-feira (24), mais 1.332 doses de vacinas foram aplicadas.","og_url":"https:\/\/ubanews.com\/site\/2021\/08\/25\/vacinometro-355-dos-ubaenses-estao-totalmente-imunizados-contra-a-covid\/","og_site_name":"Ub\u00e1 News","article_publisher":"https:\/\/www.facebook.com\/Ub%c3%a1News-Carlos-Roberto-Sodr%c3%a9-418778301977370","article_author":"https:\/\/www.facebook.com\/carosroberto.sodre.5\/","article_published_time":"2021-08-25T20:18:34+00:00","og_image":[{"width":1000,"height":500,"url":"https:\/\/ubanews.com\/site\/wp-content\/uploads\/2021\/04\/Vacinometro.png","type":"image\/png"}],"author":"Sodr\u00e9","twitter_card":"summary_large_image","twitter_misc":{"Escrito por":"Sodr\u00e9","Est. tempo de leitura":"1 minuto"},"schema":{"@context":"https:\/\/schema.org","@graph":[{"@type":"Article","@id":"https:\/\/ubanews.com\/site\/2021\/08\/25\/vacinometro-355-dos-ubaenses-estao-totalmente-imunizados-contra-a-covid\/#article","isPartOf":{"@id":"https:\/\/ubanews.com\/site\/2021\/08\/25\/vacinometro-355-dos-ubaenses-estao-totalmente-imunizados-contra-a-covid\/"},"author":{"name":"Sodr\u00e9","@id":"https:\/\/ubanews.com\/site\/#\/schema\/person\/d90c9e47252fbb63dcc969fe4c8b9d10"},"headline":"Vacin\u00f4metro: 35,5% dos ubaenses est\u00e3o totalmente imunizados contra a Covid","datePublished":"2021-08-25T20:18:34+00:00","mainEntityOfPage":{"@id":"https:\/\/ubanews.com\/site\/2021\/08\/25\/vacinometro-355-dos-ubaenses-estao-totalmente-imunizados-contra-a-covid\/"},"wordCount":237,"commentCount":0,"publisher":{"@id":"https:\/\/ubanews.com\/site\/#organization"},"image":{"@id":"https:\/\/ubanews.com\/site\/2021\/08\/25\/vacinometro-355-dos-ubaenses-estao-totalmente-imunizados-contra-a-covid\/#primaryimage"},"thumbnailUrl":"https:\/\/ubanews.com\/site\/wp-content\/uploads\/2021\/04\/Vacinometro.png","articleSection":["Prefeitura Municipal"],"inLanguage":"pt-BR","potentialAction":[{"@type":"CommentAction","name":"Comment","target":["https:\/\/ubanews.com\/site\/2021\/08\/25\/vacinometro-355-dos-ubaenses-estao-totalmente-imunizados-contra-a-covid\/#respond"]}]},{"@type":"WebPage","@id":"https:\/\/ubanews.com\/site\/2021\/08\/25\/vacinometro-355-dos-ubaenses-estao-totalmente-imunizados-contra-a-covid\/","url":"https:\/\/ubanews.com\/site\/2021\/08\/25\/vacinometro-355-dos-ubaenses-estao-totalmente-imunizados-contra-a-covid\/","name":"Vacin\u00f4metro: 35,5% dos ubaenses est\u00e3o totalmente imunizados contra a Covid - Ub\u00e1 News","isPartOf":{"@id":"https:\/\/ubanews.com\/site\/#website"},"primaryImageOfPage":{"@id":"https:\/\/ubanews.com\/site\/2021\/08\/25\/vacinometro-355-dos-ubaenses-estao-totalmente-imunizados-contra-a-covid\/#primaryimage"},"image":{"@id":"https:\/\/ubanews.com\/site\/2021\/08\/25\/vacinometro-355-dos-ubaenses-estao-totalmente-imunizados-contra-a-covid\/#primaryimage"},"thumbnailUrl":"https:\/\/ubanews.com\/site\/wp-content\/uploads\/2021\/04\/Vacinometro.png","datePublished":"2021-08-25T20:18:34+00:00","breadcrumb":{"@id":"https:\/\/ubanews.com\/site\/2021\/08\/25\/vacinometro-355-dos-ubaenses-estao-totalmente-imunizados-contra-a-covid\/#breadcrumb"},"inLanguage":"pt-BR","potentialAction":[{"@type":"ReadAction","target":["https:\/\/ubanews.com\/site\/2021\/08\/25\/vacinometro-355-dos-ubaenses-estao-totalmente-imunizados-contra-a-covid\/"]}]},{"@type":"ImageObject","inLanguage":"pt-BR","@id":"https:\/\/ubanews.com\/site\/2021\/08\/25\/vacinometro-355-dos-ubaenses-estao-totalmente-imunizados-contra-a-covid\/#primaryimage","url":"https:\/\/ubanews.com\/site\/wp-content\/uploads\/2021\/04\/Vacinometro.png","contentUrl":"https:\/\/ubanews.com\/site\/wp-content\/uploads\/2021\/04\/Vacinometro.png","width":1000,"height":500},{"@type":"BreadcrumbList","@id":"https:\/\/ubanews.com\/site\/2021\/08\/25\/vacinometro-355-dos-ubaenses-estao-totalmente-imunizados-contra-a-covid\/#breadcrumb","itemListElement":[{"@type":"ListItem","position":1,"name":"Home","item":"https:\/\/ubanews.com\/site\/"},{"@type":"ListItem","position":2,"name":"Vacin\u00f4metro: 35,5% dos ubaenses est\u00e3o totalmente imunizados contra a Covid"}]},{"@type":"WebSite","@id":"https:\/\/ubanews.com\/site\/#website","url":"https:\/\/ubanews.com\/site\/","name":"Ub\u00e1 News","description":"","publisher":{"@id":"https:\/\/ubanews.com\/site\/#organization"},"potentialAction":[{"@type":"SearchAction","target":{"@type":"EntryPoint","urlTemplate":"https:\/\/ubanews.com\/site\/?s={search_term_string}"},"query-input":{"@type":"PropertyValueSpecification","valueRequired":true,"valueName":"search_term_string"}}],"inLanguage":"pt-BR"},{"@type":"Organization","@id":"https:\/\/ubanews.com\/site\/#organization","name":"Ub\u00e1 News","url":"https:\/\/ubanews.com\/site\/","logo":{"@type":"ImageObject","inLanguage":"pt-BR","@id":"https:\/\/ubanews.com\/site\/#\/schema\/logo\/image\/","url":"https:\/\/ubanews.com\/site\/wp-content\/uploads\/2018\/01\/logoubanews.png","contentUrl":"https:\/\/ubanews.com\/site\/wp-content\/uploads\/2018\/01\/logoubanews.png","width":261,"height":99,"caption":"Ub\u00e1 News"},"image":{"@id":"https:\/\/ubanews.com\/site\/#\/schema\/logo\/image\/"},"sameAs":["https:\/\/www.facebook.com\/Ub\u00e1News-Carlos-Roberto-Sodr\u00e9-418778301977370"]},{"@type":"Person","@id":"https:\/\/ubanews.com\/site\/#\/schema\/person\/d90c9e47252fbb63dcc969fe4c8b9d10","name":"Sodr\u00e9","image":{"@type":"ImageObject","inLanguage":"pt-BR","@id":"https:\/\/secure.gravatar.com\/avatar\/5ba2793f0590b9dbfad3fdec4ee714485b3eef211c9b32ee53d414060454a56c?s=96&d=mm&r=g","url":"https:\/\/secure.gravatar.com\/avatar\/5ba2793f0590b9dbfad3fdec4ee714485b3eef211c9b32ee53d414060454a56c?s=96&d=mm&r=g","contentUrl":"https:\/\/secure.gravatar.com\/avatar\/5ba2793f0590b9dbfad3fdec4ee714485b3eef211c9b32ee53d414060454a56c?s=96&d=mm&r=g","caption":"Sodr\u00e9"},"sameAs":["https:\/\/www.facebook.com\/carosroberto.sodre.5\/"],"url":"https:\/\/ubanews.com\/site\/author\/felipe\/"}]}},"_links":{"self":[{"href":"https:\/\/ubanews.com\/site\/wp-json\/wp\/v2\/posts\/20446","targetHints":{"allow":["GET"]}}],"collection":[{"href":"https:\/\/ubanews.com\/site\/wp-json\/wp\/v2\/posts"}],"about":[{"href":"https:\/\/ubanews.com\/site\/wp-json\/wp\/v2\/types\/post"}],"author":[{"embeddable":true,"href":"https:\/\/ubanews.com\/site\/wp-json\/wp\/v2\/users\/2"}],"replies":[{"embeddable":true,"href":"https:\/\/ubanews.com\/site\/wp-json\/wp\/v2\/comments?post=20446"}],"version-history":[{"count":0,"href":"https:\/\/ubanews.com\/site\/wp-json\/wp\/v2\/posts\/20446\/revisions"}],"wp:featuredmedia":[{"embeddable":true,"href":"https:\/\/ubanews.com\/site\/wp-json\/wp\/v2\/media\/19572"}],"wp:attachment":[{"href":"https:\/\/ubanews.com\/site\/wp-json\/wp\/v2\/media?parent=20446"}],"wp:term":[{"taxonomy":"category","embeddable":true,"href":"https:\/\/ubanews.com\/site\/wp-json\/wp\/v2\/categories?post=20446"},{"taxonomy":"post_tag","embeddable":true,"href":"https:\/\/ubanews.com\/site\/wp-json\/wp\/v2\/tags?post=20446"}],"curies":[{"name":"wp","href":"https:\/\/api.w.org\/{rel}","templated":true}]}}