{"id":20404,"date":"2021-08-23T16:59:38","date_gmt":"2021-08-23T19:59:38","guid":{"rendered":"http:\/\/ubanews.com\/site\/?p=20404"},"modified":"2021-08-23T16:59:38","modified_gmt":"2021-08-23T19:59:38","slug":"operacao-mercador-recupera-em-bh-carga-de-queijo-avaliada-em-r14-mil","status":"publish","type":"post","link":"https:\/\/ubanews.com\/site\/2021\/08\/23\/operacao-mercador-recupera-em-bh-carga-de-queijo-avaliada-em-r14-mil\/","title":{"rendered":"Opera\u00e7\u00e3o Mercador recupera em BH carga de queijo avaliada em R$14 mil"},"content":{"rendered":"<p>A Pol\u00edcia Civil de Minas Gerais (PCMG), com apoio da Pol\u00edcia Rodovi\u00e1ria Federal (PRF), recuperou, em Belo Horizonte, na \u00faltima sexta-feira (20\/8), uma carga de queijo mu\u00e7arela, avaliada em R$14 mil, durante a opera\u00e7\u00e3o Mercador. Al\u00e9m disso, tr\u00eas suspeitos, de 26, 44 e 54 anos, foram presos, por estelionato e por associa\u00e7\u00e3o criminosa. A a\u00e7\u00e3o foi poss\u00edvel, ap\u00f3s apura\u00e7\u00e3o de golpe praticado no munic\u00edpio de Muria\u00e9, na Zona da Mata mineira, em desfavor de uma empresa de latic\u00ednios.<\/p>\n<p>As investiga\u00e7\u00f5es realizadas pela Delegacia de Defrauda\u00e7\u00f5es, da 4\u00aa Delegacia Regional de Pol\u00edcia Civil em Muria\u00e9, foram iniciadas quando o s\u00f3cio da empresa procurou a PCMG &#8211; na \u00faltima sexta-feira (20\/8) &#8211; para relatar que teria sido v\u00edtima da pr\u00e1tica criminosa. Na ocasi\u00e3o, foi apurado que um suposto representante teria se passado por funcion\u00e1rio de uma empresa de Itabirito para efetuar a compra dos produtos na Zona da Mata. No entanto, em meio \u00e0 emiss\u00e3o de notas fiscais, a empresa citada como compradora entrou com contato com a empresa muriaense, alertando sobre o poss\u00edvel golpe.<\/p>\n<div id=\"metaslider-id-17652\" style=\"max-width: 1000px;\" class=\"ml-slider-3-106-0 metaslider metaslider-nivo metaslider-17652 ml-slider ms-theme-outline\" role=\"region\" aria-label=\"Texto\" data-height=\"200\" data-width=\"1000\">\n    <div id=\"metaslider_container_17652\">\n        <div class='slider-wrapper theme-default'><div class='ribbon'><\/div><div id='metaslider_17652' class='nivoSlider'><\/div><\/div>\n        \n    <\/div>\n<\/div>\n<p>Pris\u00f5es e carga recuperada<\/p>\n<p>Ap\u00f3s trabalhos investigativos, a Pol\u00edcia Civil montou uma for\u00e7a-tarefa em Muria\u00e9 para acompanhar a retirada da mercadoria na empresa de latic\u00ednios. Inicialmente, ela estaria saindo da cidade em um caminh\u00e3o branco, no entanto, ap\u00f3s levantamentos, os policiais civis constataram que foi realizado transbordo das caixas contendo os queijos para um Fiat P\u00e1lio, em outro ponto da cidade. Em seguida, o ve\u00edculo seguiu em sentido Belo Horizonte, onde foi abordado com apoio da PRF.<\/p>\n<p>Na ocasi\u00e3o, a carga foi recuperada e os homens foram presos e encaminhados \u00e0 unidade policial. Posteriormente, foram conduzidos at\u00e9 o sistema prisional, permanecendo \u00e0 disposi\u00e7\u00e3o da Justi\u00e7a.<\/p>\n<p>As investiga\u00e7\u00f5es prosseguem com a finalidade de localizar outros poss\u00edveis suspeitos envolvidos na pr\u00e1tica criminosa.<\/p>\n<p><strong>Assessoria de Comunica\u00e7\u00e3o Pol\u00edcia Civil de Minas Gerais<\/strong><\/p>\n<div style=\"width: 840px;\" class=\"wp-video\"><video class=\"wp-video-shortcode\" id=\"video-20404-1\" width=\"840\" height=\"473\" autoplay preload=\"auto\" controls=\"controls\"><source type=\"video\/mp4\" src=\"https:\/\/ubanews.com\/site\/wp-content\/uploads\/2020\/12\/01020002.00_00_53_25.mp4?_=1\" \/><a href=\"https:\/\/ubanews.com\/site\/wp-content\/uploads\/2020\/12\/01020002.00_00_53_25.mp4\">https:\/\/ubanews.com\/site\/wp-content\/uploads\/2020\/12\/01020002.00_00_53_25.mp4<\/a><\/video><\/div>\n","protected":false},"excerpt":{"rendered":"<p>A Pol\u00edcia Civil de Minas Gerais (PCMG), com apoio da<\/p>\n","protected":false},"author":2,"featured_media":20405,"comment_status":"open","ping_status":"open","sticky":false,"template":"","format":"standard","meta":{"footnotes":""},"categories":[1],"tags":[],"class_list":["post-20404","post","type-post","status-publish","format-standard","has-post-thumbnail","hentry","category-sem-categoria"],"yoast_head":"<!-- This site is optimized with the Yoast SEO plugin v27.2 - https:\/\/yoast.com\/product\/yoast-seo-wordpress\/ -->\n<title>Opera\u00e7\u00e3o Mercador recupera em BH carga de queijo avaliada em R$14 mil - Ub\u00e1 News<\/title>\n<meta name=\"robots\" content=\"index, follow, max-snippet:-1, max-image-preview:large, max-video-preview:-1\" \/>\n<link rel=\"canonical\" href=\"https:\/\/ubanews.com\/site\/2021\/08\/23\/operacao-mercador-recupera-em-bh-carga-de-queijo-avaliada-em-r14-mil\/\" \/>\n<meta property=\"og:locale\" content=\"pt_BR\" \/>\n<meta property=\"og:type\" content=\"article\" \/>\n<meta property=\"og:title\" content=\"Opera\u00e7\u00e3o Mercador recupera em BH carga de queijo avaliada em R$14 mil - Ub\u00e1 News\" \/>\n<meta property=\"og:description\" content=\"A Pol\u00edcia Civil de Minas Gerais (PCMG), com apoio da\" \/>\n<meta property=\"og:url\" content=\"https:\/\/ubanews.com\/site\/2021\/08\/23\/operacao-mercador-recupera-em-bh-carga-de-queijo-avaliada-em-r14-mil\/\" \/>\n<meta property=\"og:site_name\" content=\"Ub\u00e1 News\" \/>\n<meta property=\"article:publisher\" content=\"https:\/\/www.facebook.com\/Ub%c3%a1News-Carlos-Roberto-Sodr%c3%a9-418778301977370\" \/>\n<meta property=\"article:author\" content=\"https:\/\/www.facebook.com\/carosroberto.sodre.5\/\" \/>\n<meta property=\"article:published_time\" content=\"2021-08-23T19:59:38+00:00\" \/>\n<meta property=\"og:image\" content=\"https:\/\/ubanews.com\/site\/wp-content\/uploads\/2021\/08\/750.jpg\" \/>\n\t<meta property=\"og:image:width\" content=\"1000\" \/>\n\t<meta property=\"og:image:height\" content=\"500\" \/>\n\t<meta property=\"og:image:type\" content=\"image\/jpeg\" \/>\n<meta name=\"author\" content=\"Sodr\u00e9\" \/>\n<meta name=\"twitter:card\" content=\"summary_large_image\" \/>\n<meta name=\"twitter:label1\" content=\"Escrito por\" \/>\n\t<meta name=\"twitter:data1\" content=\"Sodr\u00e9\" \/>\n\t<meta name=\"twitter:label2\" content=\"Est. tempo de leitura\" \/>\n\t<meta name=\"twitter:data2\" content=\"2 minutos\" \/>\n<script type=\"application\/ld+json\" class=\"yoast-schema-graph\">{\"@context\":\"https:\/\/schema.org\",\"@graph\":[{\"@type\":\"Article\",\"@id\":\"https:\/\/ubanews.com\/site\/2021\/08\/23\/operacao-mercador-recupera-em-bh-carga-de-queijo-avaliada-em-r14-mil\/#article\",\"isPartOf\":{\"@id\":\"https:\/\/ubanews.com\/site\/2021\/08\/23\/operacao-mercador-recupera-em-bh-carga-de-queijo-avaliada-em-r14-mil\/\"},\"author\":{\"name\":\"Sodr\u00e9\",\"@id\":\"https:\/\/ubanews.com\/site\/#\/schema\/person\/d90c9e47252fbb63dcc969fe4c8b9d10\"},\"headline\":\"Opera\u00e7\u00e3o Mercador recupera em BH carga de queijo avaliada em R$14 mil\",\"datePublished\":\"2021-08-23T19:59:38+00:00\",\"mainEntityOfPage\":{\"@id\":\"https:\/\/ubanews.com\/site\/2021\/08\/23\/operacao-mercador-recupera-em-bh-carga-de-queijo-avaliada-em-r14-mil\/\"},\"wordCount\":364,\"commentCount\":0,\"publisher\":{\"@id\":\"https:\/\/ubanews.com\/site\/#organization\"},\"image\":{\"@id\":\"https:\/\/ubanews.com\/site\/2021\/08\/23\/operacao-mercador-recupera-em-bh-carga-de-queijo-avaliada-em-r14-mil\/#primaryimage\"},\"thumbnailUrl\":\"https:\/\/ubanews.com\/site\/wp-content\/uploads\/2021\/08\/750.jpg\",\"articleSection\":[\"Geral\"],\"inLanguage\":\"pt-BR\",\"potentialAction\":[{\"@type\":\"CommentAction\",\"name\":\"Comment\",\"target\":[\"https:\/\/ubanews.com\/site\/2021\/08\/23\/operacao-mercador-recupera-em-bh-carga-de-queijo-avaliada-em-r14-mil\/#respond\"]}]},{\"@type\":\"WebPage\",\"@id\":\"https:\/\/ubanews.com\/site\/2021\/08\/23\/operacao-mercador-recupera-em-bh-carga-de-queijo-avaliada-em-r14-mil\/\",\"url\":\"https:\/\/ubanews.com\/site\/2021\/08\/23\/operacao-mercador-recupera-em-bh-carga-de-queijo-avaliada-em-r14-mil\/\",\"name\":\"Opera\u00e7\u00e3o Mercador recupera em BH carga de queijo avaliada em R$14 mil - Ub\u00e1 News\",\"isPartOf\":{\"@id\":\"https:\/\/ubanews.com\/site\/#website\"},\"primaryImageOfPage\":{\"@id\":\"https:\/\/ubanews.com\/site\/2021\/08\/23\/operacao-mercador-recupera-em-bh-carga-de-queijo-avaliada-em-r14-mil\/#primaryimage\"},\"image\":{\"@id\":\"https:\/\/ubanews.com\/site\/2021\/08\/23\/operacao-mercador-recupera-em-bh-carga-de-queijo-avaliada-em-r14-mil\/#primaryimage\"},\"thumbnailUrl\":\"https:\/\/ubanews.com\/site\/wp-content\/uploads\/2021\/08\/750.jpg\",\"datePublished\":\"2021-08-23T19:59:38+00:00\",\"breadcrumb\":{\"@id\":\"https:\/\/ubanews.com\/site\/2021\/08\/23\/operacao-mercador-recupera-em-bh-carga-de-queijo-avaliada-em-r14-mil\/#breadcrumb\"},\"inLanguage\":\"pt-BR\",\"potentialAction\":[{\"@type\":\"ReadAction\",\"target\":[\"https:\/\/ubanews.com\/site\/2021\/08\/23\/operacao-mercador-recupera-em-bh-carga-de-queijo-avaliada-em-r14-mil\/\"]}]},{\"@type\":\"ImageObject\",\"inLanguage\":\"pt-BR\",\"@id\":\"https:\/\/ubanews.com\/site\/2021\/08\/23\/operacao-mercador-recupera-em-bh-carga-de-queijo-avaliada-em-r14-mil\/#primaryimage\",\"url\":\"https:\/\/ubanews.com\/site\/wp-content\/uploads\/2021\/08\/750.jpg\",\"contentUrl\":\"https:\/\/ubanews.com\/site\/wp-content\/uploads\/2021\/08\/750.jpg\",\"width\":1000,\"height\":500},{\"@type\":\"BreadcrumbList\",\"@id\":\"https:\/\/ubanews.com\/site\/2021\/08\/23\/operacao-mercador-recupera-em-bh-carga-de-queijo-avaliada-em-r14-mil\/#breadcrumb\",\"itemListElement\":[{\"@type\":\"ListItem\",\"position\":1,\"name\":\"Home\",\"item\":\"https:\/\/ubanews.com\/site\/\"},{\"@type\":\"ListItem\",\"position\":2,\"name\":\"Opera\u00e7\u00e3o Mercador recupera em BH carga de queijo avaliada em R$14 mil\"}]},{\"@type\":\"WebSite\",\"@id\":\"https:\/\/ubanews.com\/site\/#website\",\"url\":\"https:\/\/ubanews.com\/site\/\",\"name\":\"Ub\u00e1 News\",\"description\":\"\",\"publisher\":{\"@id\":\"https:\/\/ubanews.com\/site\/#organization\"},\"potentialAction\":[{\"@type\":\"SearchAction\",\"target\":{\"@type\":\"EntryPoint\",\"urlTemplate\":\"https:\/\/ubanews.com\/site\/?s={search_term_string}\"},\"query-input\":{\"@type\":\"PropertyValueSpecification\",\"valueRequired\":true,\"valueName\":\"search_term_string\"}}],\"inLanguage\":\"pt-BR\"},{\"@type\":\"Organization\",\"@id\":\"https:\/\/ubanews.com\/site\/#organization\",\"name\":\"Ub\u00e1 News\",\"url\":\"https:\/\/ubanews.com\/site\/\",\"logo\":{\"@type\":\"ImageObject\",\"inLanguage\":\"pt-BR\",\"@id\":\"https:\/\/ubanews.com\/site\/#\/schema\/logo\/image\/\",\"url\":\"https:\/\/ubanews.com\/site\/wp-content\/uploads\/2018\/01\/logoubanews.png\",\"contentUrl\":\"https:\/\/ubanews.com\/site\/wp-content\/uploads\/2018\/01\/logoubanews.png\",\"width\":261,\"height\":99,\"caption\":\"Ub\u00e1 News\"},\"image\":{\"@id\":\"https:\/\/ubanews.com\/site\/#\/schema\/logo\/image\/\"},\"sameAs\":[\"https:\/\/www.facebook.com\/Ub\u00e1News-Carlos-Roberto-Sodr\u00e9-418778301977370\"]},{\"@type\":\"Person\",\"@id\":\"https:\/\/ubanews.com\/site\/#\/schema\/person\/d90c9e47252fbb63dcc969fe4c8b9d10\",\"name\":\"Sodr\u00e9\",\"image\":{\"@type\":\"ImageObject\",\"inLanguage\":\"pt-BR\",\"@id\":\"https:\/\/secure.gravatar.com\/avatar\/5ba2793f0590b9dbfad3fdec4ee714485b3eef211c9b32ee53d414060454a56c?s=96&d=mm&r=g\",\"url\":\"https:\/\/secure.gravatar.com\/avatar\/5ba2793f0590b9dbfad3fdec4ee714485b3eef211c9b32ee53d414060454a56c?s=96&d=mm&r=g\",\"contentUrl\":\"https:\/\/secure.gravatar.com\/avatar\/5ba2793f0590b9dbfad3fdec4ee714485b3eef211c9b32ee53d414060454a56c?s=96&d=mm&r=g\",\"caption\":\"Sodr\u00e9\"},\"sameAs\":[\"https:\/\/www.facebook.com\/carosroberto.sodre.5\/\"],\"url\":\"https:\/\/ubanews.com\/site\/author\/felipe\/\"}]}<\/script>\n<!-- \/ Yoast SEO plugin. -->","yoast_head_json":{"title":"Opera\u00e7\u00e3o Mercador recupera em BH carga de queijo avaliada em R$14 mil - Ub\u00e1 News","robots":{"index":"index","follow":"follow","max-snippet":"max-snippet:-1","max-image-preview":"max-image-preview:large","max-video-preview":"max-video-preview:-1"},"canonical":"https:\/\/ubanews.com\/site\/2021\/08\/23\/operacao-mercador-recupera-em-bh-carga-de-queijo-avaliada-em-r14-mil\/","og_locale":"pt_BR","og_type":"article","og_title":"Opera\u00e7\u00e3o Mercador recupera em BH carga de queijo avaliada em R$14 mil - Ub\u00e1 News","og_description":"A Pol\u00edcia Civil de Minas Gerais (PCMG), com apoio da","og_url":"https:\/\/ubanews.com\/site\/2021\/08\/23\/operacao-mercador-recupera-em-bh-carga-de-queijo-avaliada-em-r14-mil\/","og_site_name":"Ub\u00e1 News","article_publisher":"https:\/\/www.facebook.com\/Ub%c3%a1News-Carlos-Roberto-Sodr%c3%a9-418778301977370","article_author":"https:\/\/www.facebook.com\/carosroberto.sodre.5\/","article_published_time":"2021-08-23T19:59:38+00:00","og_image":[{"width":1000,"height":500,"url":"https:\/\/ubanews.com\/site\/wp-content\/uploads\/2021\/08\/750.jpg","type":"image\/jpeg"}],"author":"Sodr\u00e9","twitter_card":"summary_large_image","twitter_misc":{"Escrito por":"Sodr\u00e9","Est. tempo de leitura":"2 minutos"},"schema":{"@context":"https:\/\/schema.org","@graph":[{"@type":"Article","@id":"https:\/\/ubanews.com\/site\/2021\/08\/23\/operacao-mercador-recupera-em-bh-carga-de-queijo-avaliada-em-r14-mil\/#article","isPartOf":{"@id":"https:\/\/ubanews.com\/site\/2021\/08\/23\/operacao-mercador-recupera-em-bh-carga-de-queijo-avaliada-em-r14-mil\/"},"author":{"name":"Sodr\u00e9","@id":"https:\/\/ubanews.com\/site\/#\/schema\/person\/d90c9e47252fbb63dcc969fe4c8b9d10"},"headline":"Opera\u00e7\u00e3o Mercador recupera em BH carga de queijo avaliada em R$14 mil","datePublished":"2021-08-23T19:59:38+00:00","mainEntityOfPage":{"@id":"https:\/\/ubanews.com\/site\/2021\/08\/23\/operacao-mercador-recupera-em-bh-carga-de-queijo-avaliada-em-r14-mil\/"},"wordCount":364,"commentCount":0,"publisher":{"@id":"https:\/\/ubanews.com\/site\/#organization"},"image":{"@id":"https:\/\/ubanews.com\/site\/2021\/08\/23\/operacao-mercador-recupera-em-bh-carga-de-queijo-avaliada-em-r14-mil\/#primaryimage"},"thumbnailUrl":"https:\/\/ubanews.com\/site\/wp-content\/uploads\/2021\/08\/750.jpg","articleSection":["Geral"],"inLanguage":"pt-BR","potentialAction":[{"@type":"CommentAction","name":"Comment","target":["https:\/\/ubanews.com\/site\/2021\/08\/23\/operacao-mercador-recupera-em-bh-carga-de-queijo-avaliada-em-r14-mil\/#respond"]}]},{"@type":"WebPage","@id":"https:\/\/ubanews.com\/site\/2021\/08\/23\/operacao-mercador-recupera-em-bh-carga-de-queijo-avaliada-em-r14-mil\/","url":"https:\/\/ubanews.com\/site\/2021\/08\/23\/operacao-mercador-recupera-em-bh-carga-de-queijo-avaliada-em-r14-mil\/","name":"Opera\u00e7\u00e3o Mercador recupera em BH carga de queijo avaliada em R$14 mil - Ub\u00e1 News","isPartOf":{"@id":"https:\/\/ubanews.com\/site\/#website"},"primaryImageOfPage":{"@id":"https:\/\/ubanews.com\/site\/2021\/08\/23\/operacao-mercador-recupera-em-bh-carga-de-queijo-avaliada-em-r14-mil\/#primaryimage"},"image":{"@id":"https:\/\/ubanews.com\/site\/2021\/08\/23\/operacao-mercador-recupera-em-bh-carga-de-queijo-avaliada-em-r14-mil\/#primaryimage"},"thumbnailUrl":"https:\/\/ubanews.com\/site\/wp-content\/uploads\/2021\/08\/750.jpg","datePublished":"2021-08-23T19:59:38+00:00","breadcrumb":{"@id":"https:\/\/ubanews.com\/site\/2021\/08\/23\/operacao-mercador-recupera-em-bh-carga-de-queijo-avaliada-em-r14-mil\/#breadcrumb"},"inLanguage":"pt-BR","potentialAction":[{"@type":"ReadAction","target":["https:\/\/ubanews.com\/site\/2021\/08\/23\/operacao-mercador-recupera-em-bh-carga-de-queijo-avaliada-em-r14-mil\/"]}]},{"@type":"ImageObject","inLanguage":"pt-BR","@id":"https:\/\/ubanews.com\/site\/2021\/08\/23\/operacao-mercador-recupera-em-bh-carga-de-queijo-avaliada-em-r14-mil\/#primaryimage","url":"https:\/\/ubanews.com\/site\/wp-content\/uploads\/2021\/08\/750.jpg","contentUrl":"https:\/\/ubanews.com\/site\/wp-content\/uploads\/2021\/08\/750.jpg","width":1000,"height":500},{"@type":"BreadcrumbList","@id":"https:\/\/ubanews.com\/site\/2021\/08\/23\/operacao-mercador-recupera-em-bh-carga-de-queijo-avaliada-em-r14-mil\/#breadcrumb","itemListElement":[{"@type":"ListItem","position":1,"name":"Home","item":"https:\/\/ubanews.com\/site\/"},{"@type":"ListItem","position":2,"name":"Opera\u00e7\u00e3o Mercador recupera em BH carga de queijo avaliada em R$14 mil"}]},{"@type":"WebSite","@id":"https:\/\/ubanews.com\/site\/#website","url":"https:\/\/ubanews.com\/site\/","name":"Ub\u00e1 News","description":"","publisher":{"@id":"https:\/\/ubanews.com\/site\/#organization"},"potentialAction":[{"@type":"SearchAction","target":{"@type":"EntryPoint","urlTemplate":"https:\/\/ubanews.com\/site\/?s={search_term_string}"},"query-input":{"@type":"PropertyValueSpecification","valueRequired":true,"valueName":"search_term_string"}}],"inLanguage":"pt-BR"},{"@type":"Organization","@id":"https:\/\/ubanews.com\/site\/#organization","name":"Ub\u00e1 News","url":"https:\/\/ubanews.com\/site\/","logo":{"@type":"ImageObject","inLanguage":"pt-BR","@id":"https:\/\/ubanews.com\/site\/#\/schema\/logo\/image\/","url":"https:\/\/ubanews.com\/site\/wp-content\/uploads\/2018\/01\/logoubanews.png","contentUrl":"https:\/\/ubanews.com\/site\/wp-content\/uploads\/2018\/01\/logoubanews.png","width":261,"height":99,"caption":"Ub\u00e1 News"},"image":{"@id":"https:\/\/ubanews.com\/site\/#\/schema\/logo\/image\/"},"sameAs":["https:\/\/www.facebook.com\/Ub\u00e1News-Carlos-Roberto-Sodr\u00e9-418778301977370"]},{"@type":"Person","@id":"https:\/\/ubanews.com\/site\/#\/schema\/person\/d90c9e47252fbb63dcc969fe4c8b9d10","name":"Sodr\u00e9","image":{"@type":"ImageObject","inLanguage":"pt-BR","@id":"https:\/\/secure.gravatar.com\/avatar\/5ba2793f0590b9dbfad3fdec4ee714485b3eef211c9b32ee53d414060454a56c?s=96&d=mm&r=g","url":"https:\/\/secure.gravatar.com\/avatar\/5ba2793f0590b9dbfad3fdec4ee714485b3eef211c9b32ee53d414060454a56c?s=96&d=mm&r=g","contentUrl":"https:\/\/secure.gravatar.com\/avatar\/5ba2793f0590b9dbfad3fdec4ee714485b3eef211c9b32ee53d414060454a56c?s=96&d=mm&r=g","caption":"Sodr\u00e9"},"sameAs":["https:\/\/www.facebook.com\/carosroberto.sodre.5\/"],"url":"https:\/\/ubanews.com\/site\/author\/felipe\/"}]}},"_links":{"self":[{"href":"https:\/\/ubanews.com\/site\/wp-json\/wp\/v2\/posts\/20404","targetHints":{"allow":["GET"]}}],"collection":[{"href":"https:\/\/ubanews.com\/site\/wp-json\/wp\/v2\/posts"}],"about":[{"href":"https:\/\/ubanews.com\/site\/wp-json\/wp\/v2\/types\/post"}],"author":[{"embeddable":true,"href":"https:\/\/ubanews.com\/site\/wp-json\/wp\/v2\/users\/2"}],"replies":[{"embeddable":true,"href":"https:\/\/ubanews.com\/site\/wp-json\/wp\/v2\/comments?post=20404"}],"version-history":[{"count":0,"href":"https:\/\/ubanews.com\/site\/wp-json\/wp\/v2\/posts\/20404\/revisions"}],"wp:featuredmedia":[{"embeddable":true,"href":"https:\/\/ubanews.com\/site\/wp-json\/wp\/v2\/media\/20405"}],"wp:attachment":[{"href":"https:\/\/ubanews.com\/site\/wp-json\/wp\/v2\/media?parent=20404"}],"wp:term":[{"taxonomy":"category","embeddable":true,"href":"https:\/\/ubanews.com\/site\/wp-json\/wp\/v2\/categories?post=20404"},{"taxonomy":"post_tag","embeddable":true,"href":"https:\/\/ubanews.com\/site\/wp-json\/wp\/v2\/tags?post=20404"}],"curies":[{"name":"wp","href":"https:\/\/api.w.org\/{rel}","templated":true}]}}