{"id":20398,"date":"2021-08-20T18:37:01","date_gmt":"2021-08-20T21:37:01","guid":{"rendered":"http:\/\/ubanews.com\/site\/?p=20398"},"modified":"2021-08-23T16:51:58","modified_gmt":"2021-08-23T19:51:58","slug":"pcmg-e-mpmg-adotarao-medidas-para-reduzir-passivo-de-investigacoes","status":"publish","type":"post","link":"https:\/\/ubanews.com\/site\/2021\/08\/20\/pcmg-e-mpmg-adotarao-medidas-para-reduzir-passivo-de-investigacoes\/","title":{"rendered":"PCMG e MPMG adotar\u00e3o medidas para reduzir passivo de investiga\u00e7\u00f5es"},"content":{"rendered":"<p>Foi realizada na manh\u00e3 desta sexta-feira, 20 de agosto, uma reuni\u00e3o entre os integrantes da comiss\u00e3o institu\u00edda pelo Minist\u00e9rio P\u00fablico de Minas Gerais (MPMG) e pela Pol\u00edcia Civil de Minas Gerais (PCMG) para definir estrat\u00e9gias relativas \u00e0 ado\u00e7\u00e3o de medidas que confiram maior celeridade \u00e0 tramita\u00e7\u00e3o e contribuam para a diminui\u00e7\u00e3o do passivo de investiga\u00e7\u00f5es criminais policiais no estado.<\/p>\n<p>Na reuni\u00e3o foi apresentada uma proposta de ato normativo conjunto para regulamentar medidas administrativas que tenham prioridade absoluta na instru\u00e7\u00e3o, tramita\u00e7\u00e3o e conclus\u00e3o das investiga\u00e7\u00f5es policiais instauradas at\u00e9 o ano de 2012.<\/p>\n<p>Participaram da reuni\u00e3o pelo MPMG os promotores de Justi\u00e7a Marcos Paulo de Souza Miranda, coordenador do Centro de Apoio Operacional das Promotorias de Justi\u00e7a Criminais (Caocrim); Vanessa Fusco, coordenadora do Gabinete de Seguran\u00e7a e Intelig\u00eancia (GSI); Alderico de Carvalho J\u00fanior, assessor especial do procurador-geral de Justi\u00e7a; e F\u00e1bio Santana Lopes, assessor do corregedor-geral do MPMG; e o delegado Fl\u00e1vio Grossi, coordenador do N\u00facleo de Informa\u00e7\u00e3o e Intelig\u00eancia do GSI.<\/p>\n<p>Representando a Pol\u00edcia Civil participaram os delegados Breno Carvalho, coordenador de Sistemas; Diego Fabiano, da Diretoria de Estat\u00edstica e An\u00e1lise Criminal; Marcelo Couto, subcorregedor; Fl\u00e1vio Avellar, subcorregedor; Alo\u00edsio Fagundes, assistente da Superintend\u00eancia de Investiga\u00e7\u00e3o e Pol\u00edcia Judici\u00e1ria; e Elenice Cristine Ferreira, da Assessoria de Planejamento Institucional.<\/p>\n<div id=\"metaslider-id-17652\" style=\"max-width: 1000px;\" class=\"ml-slider-3-106-0 metaslider metaslider-nivo metaslider-17652 ml-slider ms-theme-outline\" role=\"region\" aria-label=\"Texto\" data-height=\"200\" data-width=\"1000\">\n    <div id=\"metaslider_container_17652\">\n        <div class='slider-wrapper theme-default'><div class='ribbon'><\/div><div id='metaslider_17652' class='nivoSlider'><\/div><\/div>\n        \n    <\/div>\n<\/div>\n<p>Marcos Paulo de Souza Miranda afirma que a necessidade de enxugamento desse passivo de maneira inteligente se d\u00e1 por v\u00e1rios aspectos, inclusive para que a repress\u00e3o \u00e0 criminalidade atual ganhe em efici\u00eancia. \u201cUma vez alcan\u00e7ada essa redu\u00e7\u00e3o, a pol\u00edcia poder\u00e1 investigar fatos mais recentes sem dispender energia com os mais distantes, nos quais a coleta de provas torna-se mais dif\u00edcil e a perspectiva de uma puni\u00e7\u00e3o efetiva \u00e9 muito baixa\u201d, explicou o coordenador do Caocrim.<\/p>\n<p>Um diagn\u00f3stico inicial acerca do n\u00famero de casos a serem tratados foi realizado pelo Caocrim e ser\u00e1 analisado e refinado por tipologia de crime, por data do fato, por regi\u00e3o de cometimento, entre outros, pela Pol\u00edcia Civil. Segundo levantamentos preliminares, o passivo de investiga\u00e7\u00f5es policiais pendentes de conclus\u00e3o gira em torno de 1,1 milh\u00e3o de procedimentos, sendo os mais antigos do ano de 2002.<\/p>\n<p>A inten\u00e7\u00e3o \u00e9 que at\u00e9 o final do m\u00eas de setembro esses dados estejam consolidados, bem como o texto final do ato normativo. \u201cA soma de esfor\u00e7os ser\u00e1 fundamental para o \u00eaxito de nossa proposta. E isso est\u00e1 demonstrado desde a preocupa\u00e7\u00e3o inicial com esse tema, oriunda das chefias das institui\u00e7\u00f5es. Construiremos uma solu\u00e7\u00e3o consensual, pactuada, que inclua o acompanhamento de metas fact\u00edveis para progredirmos em dire\u00e7\u00e3o aos indicadores ideais\u201d, disse Marcos Paulo.<\/p>\n<p><strong>Mat\u00e9ria e foto: MPMG.<\/strong><\/p>\n<div style=\"width: 840px;\" class=\"wp-video\"><video class=\"wp-video-shortcode\" id=\"video-20398-1\" width=\"840\" height=\"473\" autoplay preload=\"auto\" controls=\"controls\"><source type=\"video\/mp4\" src=\"https:\/\/ubanews.com\/site\/wp-content\/uploads\/2020\/12\/01020002.00_00_53_25.mp4?_=1\" \/><a href=\"https:\/\/ubanews.com\/site\/wp-content\/uploads\/2020\/12\/01020002.00_00_53_25.mp4\">https:\/\/ubanews.com\/site\/wp-content\/uploads\/2020\/12\/01020002.00_00_53_25.mp4<\/a><\/video><\/div>\n","protected":false},"excerpt":{"rendered":"<p>Foi realizada na manh\u00e3 desta sexta-feira, 20 de agosto, uma<\/p>\n","protected":false},"author":2,"featured_media":20399,"comment_status":"open","ping_status":"open","sticky":false,"template":"","format":"standard","meta":{"footnotes":""},"categories":[13],"tags":[],"class_list":["post-20398","post","type-post","status-publish","format-standard","has-post-thumbnail","hentry","category-sintese-das-ocorrencias"],"yoast_head":"<!-- This site is optimized with the Yoast SEO plugin v27.2 - https:\/\/yoast.com\/product\/yoast-seo-wordpress\/ -->\n<title>PCMG e MPMG adotar\u00e3o medidas para reduzir passivo de investiga\u00e7\u00f5es - Ub\u00e1 News<\/title>\n<meta name=\"robots\" content=\"index, follow, max-snippet:-1, max-image-preview:large, max-video-preview:-1\" \/>\n<link rel=\"canonical\" href=\"https:\/\/ubanews.com\/site\/2021\/08\/20\/pcmg-e-mpmg-adotarao-medidas-para-reduzir-passivo-de-investigacoes\/\" \/>\n<meta property=\"og:locale\" content=\"pt_BR\" \/>\n<meta property=\"og:type\" content=\"article\" \/>\n<meta property=\"og:title\" content=\"PCMG e MPMG adotar\u00e3o medidas para reduzir passivo de investiga\u00e7\u00f5es - Ub\u00e1 News\" \/>\n<meta property=\"og:description\" content=\"Foi realizada na manh\u00e3 desta sexta-feira, 20 de agosto, uma\" \/>\n<meta property=\"og:url\" content=\"https:\/\/ubanews.com\/site\/2021\/08\/20\/pcmg-e-mpmg-adotarao-medidas-para-reduzir-passivo-de-investigacoes\/\" \/>\n<meta property=\"og:site_name\" content=\"Ub\u00e1 News\" \/>\n<meta property=\"article:publisher\" content=\"https:\/\/www.facebook.com\/Ub%c3%a1News-Carlos-Roberto-Sodr%c3%a9-418778301977370\" \/>\n<meta property=\"article:author\" content=\"https:\/\/www.facebook.com\/carosroberto.sodre.5\/\" \/>\n<meta property=\"article:published_time\" content=\"2021-08-20T21:37:01+00:00\" \/>\n<meta property=\"article:modified_time\" content=\"2021-08-23T19:51:58+00:00\" \/>\n<meta property=\"og:image\" content=\"https:\/\/ubanews.com\/site\/wp-content\/uploads\/2021\/08\/749.jpg\" \/>\n\t<meta property=\"og:image:width\" content=\"1000\" \/>\n\t<meta property=\"og:image:height\" content=\"500\" \/>\n\t<meta property=\"og:image:type\" content=\"image\/jpeg\" \/>\n<meta name=\"author\" content=\"Sodr\u00e9\" \/>\n<meta name=\"twitter:card\" content=\"summary_large_image\" \/>\n<meta name=\"twitter:label1\" content=\"Escrito por\" \/>\n\t<meta name=\"twitter:data1\" content=\"Sodr\u00e9\" \/>\n\t<meta name=\"twitter:label2\" content=\"Est. tempo de leitura\" \/>\n\t<meta name=\"twitter:data2\" content=\"2 minutos\" \/>\n<script type=\"application\/ld+json\" class=\"yoast-schema-graph\">{\"@context\":\"https:\/\/schema.org\",\"@graph\":[{\"@type\":\"Article\",\"@id\":\"https:\/\/ubanews.com\/site\/2021\/08\/20\/pcmg-e-mpmg-adotarao-medidas-para-reduzir-passivo-de-investigacoes\/#article\",\"isPartOf\":{\"@id\":\"https:\/\/ubanews.com\/site\/2021\/08\/20\/pcmg-e-mpmg-adotarao-medidas-para-reduzir-passivo-de-investigacoes\/\"},\"author\":{\"name\":\"Sodr\u00e9\",\"@id\":\"https:\/\/ubanews.com\/site\/#\/schema\/person\/d90c9e47252fbb63dcc969fe4c8b9d10\"},\"headline\":\"PCMG e MPMG adotar\u00e3o medidas para reduzir passivo de investiga\u00e7\u00f5es\",\"datePublished\":\"2021-08-20T21:37:01+00:00\",\"dateModified\":\"2021-08-23T19:51:58+00:00\",\"mainEntityOfPage\":{\"@id\":\"https:\/\/ubanews.com\/site\/2021\/08\/20\/pcmg-e-mpmg-adotarao-medidas-para-reduzir-passivo-de-investigacoes\/\"},\"wordCount\":504,\"commentCount\":0,\"publisher\":{\"@id\":\"https:\/\/ubanews.com\/site\/#organization\"},\"image\":{\"@id\":\"https:\/\/ubanews.com\/site\/2021\/08\/20\/pcmg-e-mpmg-adotarao-medidas-para-reduzir-passivo-de-investigacoes\/#primaryimage\"},\"thumbnailUrl\":\"https:\/\/ubanews.com\/site\/wp-content\/uploads\/2021\/08\/749.jpg\",\"articleSection\":[\"S\u00edntese das Ocorr\u00eancias\"],\"inLanguage\":\"pt-BR\",\"potentialAction\":[{\"@type\":\"CommentAction\",\"name\":\"Comment\",\"target\":[\"https:\/\/ubanews.com\/site\/2021\/08\/20\/pcmg-e-mpmg-adotarao-medidas-para-reduzir-passivo-de-investigacoes\/#respond\"]}]},{\"@type\":\"WebPage\",\"@id\":\"https:\/\/ubanews.com\/site\/2021\/08\/20\/pcmg-e-mpmg-adotarao-medidas-para-reduzir-passivo-de-investigacoes\/\",\"url\":\"https:\/\/ubanews.com\/site\/2021\/08\/20\/pcmg-e-mpmg-adotarao-medidas-para-reduzir-passivo-de-investigacoes\/\",\"name\":\"PCMG e MPMG adotar\u00e3o medidas para reduzir passivo de investiga\u00e7\u00f5es - Ub\u00e1 News\",\"isPartOf\":{\"@id\":\"https:\/\/ubanews.com\/site\/#website\"},\"primaryImageOfPage\":{\"@id\":\"https:\/\/ubanews.com\/site\/2021\/08\/20\/pcmg-e-mpmg-adotarao-medidas-para-reduzir-passivo-de-investigacoes\/#primaryimage\"},\"image\":{\"@id\":\"https:\/\/ubanews.com\/site\/2021\/08\/20\/pcmg-e-mpmg-adotarao-medidas-para-reduzir-passivo-de-investigacoes\/#primaryimage\"},\"thumbnailUrl\":\"https:\/\/ubanews.com\/site\/wp-content\/uploads\/2021\/08\/749.jpg\",\"datePublished\":\"2021-08-20T21:37:01+00:00\",\"dateModified\":\"2021-08-23T19:51:58+00:00\",\"breadcrumb\":{\"@id\":\"https:\/\/ubanews.com\/site\/2021\/08\/20\/pcmg-e-mpmg-adotarao-medidas-para-reduzir-passivo-de-investigacoes\/#breadcrumb\"},\"inLanguage\":\"pt-BR\",\"potentialAction\":[{\"@type\":\"ReadAction\",\"target\":[\"https:\/\/ubanews.com\/site\/2021\/08\/20\/pcmg-e-mpmg-adotarao-medidas-para-reduzir-passivo-de-investigacoes\/\"]}]},{\"@type\":\"ImageObject\",\"inLanguage\":\"pt-BR\",\"@id\":\"https:\/\/ubanews.com\/site\/2021\/08\/20\/pcmg-e-mpmg-adotarao-medidas-para-reduzir-passivo-de-investigacoes\/#primaryimage\",\"url\":\"https:\/\/ubanews.com\/site\/wp-content\/uploads\/2021\/08\/749.jpg\",\"contentUrl\":\"https:\/\/ubanews.com\/site\/wp-content\/uploads\/2021\/08\/749.jpg\",\"width\":1000,\"height\":500},{\"@type\":\"BreadcrumbList\",\"@id\":\"https:\/\/ubanews.com\/site\/2021\/08\/20\/pcmg-e-mpmg-adotarao-medidas-para-reduzir-passivo-de-investigacoes\/#breadcrumb\",\"itemListElement\":[{\"@type\":\"ListItem\",\"position\":1,\"name\":\"Home\",\"item\":\"https:\/\/ubanews.com\/site\/\"},{\"@type\":\"ListItem\",\"position\":2,\"name\":\"PCMG e MPMG adotar\u00e3o medidas para reduzir passivo de investiga\u00e7\u00f5es\"}]},{\"@type\":\"WebSite\",\"@id\":\"https:\/\/ubanews.com\/site\/#website\",\"url\":\"https:\/\/ubanews.com\/site\/\",\"name\":\"Ub\u00e1 News\",\"description\":\"\",\"publisher\":{\"@id\":\"https:\/\/ubanews.com\/site\/#organization\"},\"potentialAction\":[{\"@type\":\"SearchAction\",\"target\":{\"@type\":\"EntryPoint\",\"urlTemplate\":\"https:\/\/ubanews.com\/site\/?s={search_term_string}\"},\"query-input\":{\"@type\":\"PropertyValueSpecification\",\"valueRequired\":true,\"valueName\":\"search_term_string\"}}],\"inLanguage\":\"pt-BR\"},{\"@type\":\"Organization\",\"@id\":\"https:\/\/ubanews.com\/site\/#organization\",\"name\":\"Ub\u00e1 News\",\"url\":\"https:\/\/ubanews.com\/site\/\",\"logo\":{\"@type\":\"ImageObject\",\"inLanguage\":\"pt-BR\",\"@id\":\"https:\/\/ubanews.com\/site\/#\/schema\/logo\/image\/\",\"url\":\"https:\/\/ubanews.com\/site\/wp-content\/uploads\/2018\/01\/logoubanews.png\",\"contentUrl\":\"https:\/\/ubanews.com\/site\/wp-content\/uploads\/2018\/01\/logoubanews.png\",\"width\":261,\"height\":99,\"caption\":\"Ub\u00e1 News\"},\"image\":{\"@id\":\"https:\/\/ubanews.com\/site\/#\/schema\/logo\/image\/\"},\"sameAs\":[\"https:\/\/www.facebook.com\/Ub\u00e1News-Carlos-Roberto-Sodr\u00e9-418778301977370\"]},{\"@type\":\"Person\",\"@id\":\"https:\/\/ubanews.com\/site\/#\/schema\/person\/d90c9e47252fbb63dcc969fe4c8b9d10\",\"name\":\"Sodr\u00e9\",\"image\":{\"@type\":\"ImageObject\",\"inLanguage\":\"pt-BR\",\"@id\":\"https:\/\/secure.gravatar.com\/avatar\/5ba2793f0590b9dbfad3fdec4ee714485b3eef211c9b32ee53d414060454a56c?s=96&d=mm&r=g\",\"url\":\"https:\/\/secure.gravatar.com\/avatar\/5ba2793f0590b9dbfad3fdec4ee714485b3eef211c9b32ee53d414060454a56c?s=96&d=mm&r=g\",\"contentUrl\":\"https:\/\/secure.gravatar.com\/avatar\/5ba2793f0590b9dbfad3fdec4ee714485b3eef211c9b32ee53d414060454a56c?s=96&d=mm&r=g\",\"caption\":\"Sodr\u00e9\"},\"sameAs\":[\"https:\/\/www.facebook.com\/carosroberto.sodre.5\/\"],\"url\":\"https:\/\/ubanews.com\/site\/author\/felipe\/\"}]}<\/script>\n<!-- \/ Yoast SEO plugin. -->","yoast_head_json":{"title":"PCMG e MPMG adotar\u00e3o medidas para reduzir passivo de investiga\u00e7\u00f5es - Ub\u00e1 News","robots":{"index":"index","follow":"follow","max-snippet":"max-snippet:-1","max-image-preview":"max-image-preview:large","max-video-preview":"max-video-preview:-1"},"canonical":"https:\/\/ubanews.com\/site\/2021\/08\/20\/pcmg-e-mpmg-adotarao-medidas-para-reduzir-passivo-de-investigacoes\/","og_locale":"pt_BR","og_type":"article","og_title":"PCMG e MPMG adotar\u00e3o medidas para reduzir passivo de investiga\u00e7\u00f5es - Ub\u00e1 News","og_description":"Foi realizada na manh\u00e3 desta sexta-feira, 20 de agosto, uma","og_url":"https:\/\/ubanews.com\/site\/2021\/08\/20\/pcmg-e-mpmg-adotarao-medidas-para-reduzir-passivo-de-investigacoes\/","og_site_name":"Ub\u00e1 News","article_publisher":"https:\/\/www.facebook.com\/Ub%c3%a1News-Carlos-Roberto-Sodr%c3%a9-418778301977370","article_author":"https:\/\/www.facebook.com\/carosroberto.sodre.5\/","article_published_time":"2021-08-20T21:37:01+00:00","article_modified_time":"2021-08-23T19:51:58+00:00","og_image":[{"width":1000,"height":500,"url":"https:\/\/ubanews.com\/site\/wp-content\/uploads\/2021\/08\/749.jpg","type":"image\/jpeg"}],"author":"Sodr\u00e9","twitter_card":"summary_large_image","twitter_misc":{"Escrito por":"Sodr\u00e9","Est. tempo de leitura":"2 minutos"},"schema":{"@context":"https:\/\/schema.org","@graph":[{"@type":"Article","@id":"https:\/\/ubanews.com\/site\/2021\/08\/20\/pcmg-e-mpmg-adotarao-medidas-para-reduzir-passivo-de-investigacoes\/#article","isPartOf":{"@id":"https:\/\/ubanews.com\/site\/2021\/08\/20\/pcmg-e-mpmg-adotarao-medidas-para-reduzir-passivo-de-investigacoes\/"},"author":{"name":"Sodr\u00e9","@id":"https:\/\/ubanews.com\/site\/#\/schema\/person\/d90c9e47252fbb63dcc969fe4c8b9d10"},"headline":"PCMG e MPMG adotar\u00e3o medidas para reduzir passivo de investiga\u00e7\u00f5es","datePublished":"2021-08-20T21:37:01+00:00","dateModified":"2021-08-23T19:51:58+00:00","mainEntityOfPage":{"@id":"https:\/\/ubanews.com\/site\/2021\/08\/20\/pcmg-e-mpmg-adotarao-medidas-para-reduzir-passivo-de-investigacoes\/"},"wordCount":504,"commentCount":0,"publisher":{"@id":"https:\/\/ubanews.com\/site\/#organization"},"image":{"@id":"https:\/\/ubanews.com\/site\/2021\/08\/20\/pcmg-e-mpmg-adotarao-medidas-para-reduzir-passivo-de-investigacoes\/#primaryimage"},"thumbnailUrl":"https:\/\/ubanews.com\/site\/wp-content\/uploads\/2021\/08\/749.jpg","articleSection":["S\u00edntese das Ocorr\u00eancias"],"inLanguage":"pt-BR","potentialAction":[{"@type":"CommentAction","name":"Comment","target":["https:\/\/ubanews.com\/site\/2021\/08\/20\/pcmg-e-mpmg-adotarao-medidas-para-reduzir-passivo-de-investigacoes\/#respond"]}]},{"@type":"WebPage","@id":"https:\/\/ubanews.com\/site\/2021\/08\/20\/pcmg-e-mpmg-adotarao-medidas-para-reduzir-passivo-de-investigacoes\/","url":"https:\/\/ubanews.com\/site\/2021\/08\/20\/pcmg-e-mpmg-adotarao-medidas-para-reduzir-passivo-de-investigacoes\/","name":"PCMG e MPMG adotar\u00e3o medidas para reduzir passivo de investiga\u00e7\u00f5es - Ub\u00e1 News","isPartOf":{"@id":"https:\/\/ubanews.com\/site\/#website"},"primaryImageOfPage":{"@id":"https:\/\/ubanews.com\/site\/2021\/08\/20\/pcmg-e-mpmg-adotarao-medidas-para-reduzir-passivo-de-investigacoes\/#primaryimage"},"image":{"@id":"https:\/\/ubanews.com\/site\/2021\/08\/20\/pcmg-e-mpmg-adotarao-medidas-para-reduzir-passivo-de-investigacoes\/#primaryimage"},"thumbnailUrl":"https:\/\/ubanews.com\/site\/wp-content\/uploads\/2021\/08\/749.jpg","datePublished":"2021-08-20T21:37:01+00:00","dateModified":"2021-08-23T19:51:58+00:00","breadcrumb":{"@id":"https:\/\/ubanews.com\/site\/2021\/08\/20\/pcmg-e-mpmg-adotarao-medidas-para-reduzir-passivo-de-investigacoes\/#breadcrumb"},"inLanguage":"pt-BR","potentialAction":[{"@type":"ReadAction","target":["https:\/\/ubanews.com\/site\/2021\/08\/20\/pcmg-e-mpmg-adotarao-medidas-para-reduzir-passivo-de-investigacoes\/"]}]},{"@type":"ImageObject","inLanguage":"pt-BR","@id":"https:\/\/ubanews.com\/site\/2021\/08\/20\/pcmg-e-mpmg-adotarao-medidas-para-reduzir-passivo-de-investigacoes\/#primaryimage","url":"https:\/\/ubanews.com\/site\/wp-content\/uploads\/2021\/08\/749.jpg","contentUrl":"https:\/\/ubanews.com\/site\/wp-content\/uploads\/2021\/08\/749.jpg","width":1000,"height":500},{"@type":"BreadcrumbList","@id":"https:\/\/ubanews.com\/site\/2021\/08\/20\/pcmg-e-mpmg-adotarao-medidas-para-reduzir-passivo-de-investigacoes\/#breadcrumb","itemListElement":[{"@type":"ListItem","position":1,"name":"Home","item":"https:\/\/ubanews.com\/site\/"},{"@type":"ListItem","position":2,"name":"PCMG e MPMG adotar\u00e3o medidas para reduzir passivo de investiga\u00e7\u00f5es"}]},{"@type":"WebSite","@id":"https:\/\/ubanews.com\/site\/#website","url":"https:\/\/ubanews.com\/site\/","name":"Ub\u00e1 News","description":"","publisher":{"@id":"https:\/\/ubanews.com\/site\/#organization"},"potentialAction":[{"@type":"SearchAction","target":{"@type":"EntryPoint","urlTemplate":"https:\/\/ubanews.com\/site\/?s={search_term_string}"},"query-input":{"@type":"PropertyValueSpecification","valueRequired":true,"valueName":"search_term_string"}}],"inLanguage":"pt-BR"},{"@type":"Organization","@id":"https:\/\/ubanews.com\/site\/#organization","name":"Ub\u00e1 News","url":"https:\/\/ubanews.com\/site\/","logo":{"@type":"ImageObject","inLanguage":"pt-BR","@id":"https:\/\/ubanews.com\/site\/#\/schema\/logo\/image\/","url":"https:\/\/ubanews.com\/site\/wp-content\/uploads\/2018\/01\/logoubanews.png","contentUrl":"https:\/\/ubanews.com\/site\/wp-content\/uploads\/2018\/01\/logoubanews.png","width":261,"height":99,"caption":"Ub\u00e1 News"},"image":{"@id":"https:\/\/ubanews.com\/site\/#\/schema\/logo\/image\/"},"sameAs":["https:\/\/www.facebook.com\/Ub\u00e1News-Carlos-Roberto-Sodr\u00e9-418778301977370"]},{"@type":"Person","@id":"https:\/\/ubanews.com\/site\/#\/schema\/person\/d90c9e47252fbb63dcc969fe4c8b9d10","name":"Sodr\u00e9","image":{"@type":"ImageObject","inLanguage":"pt-BR","@id":"https:\/\/secure.gravatar.com\/avatar\/5ba2793f0590b9dbfad3fdec4ee714485b3eef211c9b32ee53d414060454a56c?s=96&d=mm&r=g","url":"https:\/\/secure.gravatar.com\/avatar\/5ba2793f0590b9dbfad3fdec4ee714485b3eef211c9b32ee53d414060454a56c?s=96&d=mm&r=g","contentUrl":"https:\/\/secure.gravatar.com\/avatar\/5ba2793f0590b9dbfad3fdec4ee714485b3eef211c9b32ee53d414060454a56c?s=96&d=mm&r=g","caption":"Sodr\u00e9"},"sameAs":["https:\/\/www.facebook.com\/carosroberto.sodre.5\/"],"url":"https:\/\/ubanews.com\/site\/author\/felipe\/"}]}},"_links":{"self":[{"href":"https:\/\/ubanews.com\/site\/wp-json\/wp\/v2\/posts\/20398","targetHints":{"allow":["GET"]}}],"collection":[{"href":"https:\/\/ubanews.com\/site\/wp-json\/wp\/v2\/posts"}],"about":[{"href":"https:\/\/ubanews.com\/site\/wp-json\/wp\/v2\/types\/post"}],"author":[{"embeddable":true,"href":"https:\/\/ubanews.com\/site\/wp-json\/wp\/v2\/users\/2"}],"replies":[{"embeddable":true,"href":"https:\/\/ubanews.com\/site\/wp-json\/wp\/v2\/comments?post=20398"}],"version-history":[{"count":0,"href":"https:\/\/ubanews.com\/site\/wp-json\/wp\/v2\/posts\/20398\/revisions"}],"wp:featuredmedia":[{"embeddable":true,"href":"https:\/\/ubanews.com\/site\/wp-json\/wp\/v2\/media\/20399"}],"wp:attachment":[{"href":"https:\/\/ubanews.com\/site\/wp-json\/wp\/v2\/media?parent=20398"}],"wp:term":[{"taxonomy":"category","embeddable":true,"href":"https:\/\/ubanews.com\/site\/wp-json\/wp\/v2\/categories?post=20398"},{"taxonomy":"post_tag","embeddable":true,"href":"https:\/\/ubanews.com\/site\/wp-json\/wp\/v2\/tags?post=20398"}],"curies":[{"name":"wp","href":"https:\/\/api.w.org\/{rel}","templated":true}]}}