{"id":20365,"date":"2021-08-19T17:56:11","date_gmt":"2021-08-19T20:56:11","guid":{"rendered":"http:\/\/ubanews.com\/site\/?p=20365"},"modified":"2021-08-19T17:56:11","modified_gmt":"2021-08-19T20:56:11","slug":"com-175-vagas-concurso-publico-da-prefeitura-de-uba-e-retomado","status":"publish","type":"post","link":"https:\/\/ubanews.com\/site\/2021\/08\/19\/com-175-vagas-concurso-publico-da-prefeitura-de-uba-e-retomado\/","title":{"rendered":"Com 175 vagas, Concurso P\u00fablico da Prefeitura de Ub\u00e1 \u00e9 retomado"},"content":{"rendered":"<div><span style=\"color: #000000; font-family: arial, sans-serif; font-size: 1.0625rem;\">A Prefeitura de Ub\u00e1 publicou, na sexta-feira (13), a Retifica\u00e7\u00e3o 04 ao <\/span><a style=\"font-family: arial, sans-serif; font-size: 1.0625rem;\" href=\"https:\/\/transparencia.uba.mg.gov.br\/detalhe-do-processo-seletivo\/info\/concurso-publico-1-2020\/28\" target=\"_blank\" rel=\"noopener noreferrer\" data-saferedirecturl=\"https:\/\/www.google.com\/url?q=https:\/\/transparencia.uba.mg.gov.br\/detalhe-do-processo-seletivo\/info\/concurso-publico-1-2020\/28&amp;source=gmail&amp;ust=1629492232198000&amp;usg=AFQjCNEhK2FB32p5pY3nkVxv_FtGiQUoqg\"><u>Edital de Concurso P\u00fablico 01\/2020<\/u><\/a><span style=\"color: #000000; font-family: arial, sans-serif; font-size: 1.0625rem;\">, para retomada do Concurso P\u00fablico para provimento de 175 vagas no Quadro Permanente de Pessoal da Administra\u00e7\u00e3o P\u00fablica Municipal. O edital completo est\u00e1 dispon\u00edvel no site&nbsp;<\/span><a style=\"font-family: arial, sans-serif; font-size: 1.0625rem;\" href=\"http:\/\/www.uba.mg.gov.br\/\" target=\"_blank\" rel=\"noopener noreferrer\" data-saferedirecturl=\"https:\/\/www.google.com\/url?q=http:\/\/www.uba.mg.gov.br&amp;source=gmail&amp;ust=1629492232198000&amp;usg=AFQjCNGMBfYE3ZmDs6r471zhNUd7M5V-3A\">www.uba.mg.gov.br<\/a><span style=\"color: #000000; font-family: arial, sans-serif; font-size: 1.0625rem;\">&nbsp;e&nbsp;<\/span><a style=\"font-family: arial, sans-serif; font-size: 1.0625rem;\" href=\"http:\/\/www.gestaodeconcursos.com.br\/\" target=\"_blank\" rel=\"noopener noreferrer\" data-saferedirecturl=\"https:\/\/www.google.com\/url?q=http:\/\/www.gestaodeconcursos.com.br&amp;source=gmail&amp;ust=1629492232198000&amp;usg=AFQjCNGvDRr3Y1UjNrYD7flaCc0ncTwwRQ\">www.gestaodeconcursos.com.br<\/a><span style=\"color: #000000; font-family: arial, sans-serif; font-size: 1.0625rem;\">&nbsp;.<\/span><\/div>\n<div>\n<p><span style=\"color: #000000; font-family: arial, sans-serif;\">Com as altera\u00e7\u00f5es realizadas na retifica\u00e7\u00e3o 04, constam no edital 14 novas vagas. Dos 175 cargos dispon\u00edveis, h\u00e1 vagas com escolaridade de n\u00edvel fundamental, m\u00e9dio, m\u00e9dio\/t\u00e9cnico e superior, com sal\u00e1rio de R$ R$ 1.416,71 a R$ 4.029,27. As inscri\u00e7\u00f5es acontecem de 15 de outubro a 16 de novembro de 2021. A prova ser\u00e1 realizada em 19 de dezembro.<\/span><\/p>\n<p><span style=\"color: #000000; font-family: arial, sans-serif;\">Est\u00e3o sendo disponibilizadas vagas para os cargos de Agente Administrativo I, Professor AI (Magist\u00e9rio), Assistente Administrativo I, Agente de Fiscaliza\u00e7\u00e3o, Fiscal Sanit\u00e1rio, T\u00e9cnico de Inform\u00e1tica, T\u00e9cnico Ambiental, T\u00e9cnico de Edifica\u00e7\u00e3o, T\u00e9cnico de Enfermagem 30h, T\u00e9cnico de Enfermagem 40h, Guarda Civil Municipal, Bibliotec\u00e1rio, Engenheiro de Tr\u00e2nsito, Bi\u00f3logo, Psic\u00f3logo, Assistente Social, Contador, Engenheiro Agr\u00f4nomo, Fiscal de Obras e Posturas, Fiscal de Rela\u00e7\u00f5es de Consumo, Engenheiro de Sistemas, Engenheiro Civil, Engenheiro Eletricista, Enfermeiro 30h, Enfermeiro 40h, Enfermeiro do Trabalho, M\u00e9dico Auditor, Dentista 30h, Dentista 40h, T\u00e9cnico em Educa\u00e7\u00e3o (supervis\u00e3o\/orienta\u00e7\u00e3o escolar), Procurador Municipal, Farmac\u00eautico, M\u00e9dico Generalista, Nutricionista, Educador F\u00edsico, Arquiteto, Engenheiro Ambiental, Fonoaudi\u00f3logo, Fisioterapeuta e Turism\u00f3logo.<\/span><\/p>\n<div id=\"metaslider-id-17652\" style=\"max-width: 1000px;\" class=\"ml-slider-3-106-0 metaslider metaslider-nivo metaslider-17652 ml-slider ms-theme-outline\" role=\"region\" aria-label=\"Texto\" data-height=\"200\" data-width=\"1000\">\n    <div id=\"metaslider_container_17652\">\n        <div class='slider-wrapper theme-default'><div class='ribbon'><\/div><div id='metaslider_17652' class='nivoSlider'><\/div><\/div>\n        \n    <\/div>\n<\/div>\n<p><span style=\"color: #000000; font-family: arial, sans-serif;\">Reposi\u00e7\u00e3o de pessoal e cria\u00e7\u00e3o de Guarda Municipal s\u00e3o metas<\/span><\/p>\n<p><span style=\"color: #000000; font-family: arial, sans-serif;\">Para o prefeito Edson Teixeira Filho, a retomada do concurso representa mais um compromisso que se torna realidade, trazendo com ele a solu\u00e7\u00e3o para desafios de reposi\u00e7\u00e3o de pessoal, especialmente de n\u00edvel superior e administrativo.<\/span><\/p>\n<p><span style=\"color: #000000; font-family: arial, sans-serif;\">Publicado inicialmente em janeiro de 2020, o Concurso P\u00fablico 01\/2020 foi suspenso em mar\u00e7o do mesmo ano em raz\u00e3o das determina\u00e7\u00f5es legais de preven\u00e7\u00e3o \u00e0 pandemia de COVID-19. \u201c\u00c9 de conhecimento p\u00fablico em que em 2020 n\u00e3o havia condi\u00e7\u00e3o de retomar este processo com seguran\u00e7a, assim como no primeiro semestre de 2021. Nosso concurso com toda certeza atrair\u00e1 muitas pessoas, e por isso esperamos esse momento de maior controle sanit\u00e1rio para realiz\u00e1-lo\u201d, explica o prefeito.<\/span><\/p>\n<p><span style=\"color: #000000; font-family: arial, sans-serif;\">Sobre a oferta de 175 vagas, o prefeito de Ub\u00e1 esclarece que, al\u00e9m da cria\u00e7\u00e3o da Guarda Municipal e de perfis profissionais cujas atribui\u00e7\u00f5es passam a ser necess\u00e1rias ao Munic\u00edpio, a maior parte dos cargos j\u00e1 existe. \u201cReitero o que j\u00e1 disse em outras oportunidades: n\u00e3o estamos com este concurso criando dezenas de novos cargos, pelo contr\u00e1rio. A maior parte das vagas est\u00e1 prevista em nossa legisla\u00e7\u00e3o e refere-se \u00e0 reposi\u00e7\u00e3o de servidores que se aposentaram. As exce\u00e7\u00f5es s\u00e3o alguns cargos t\u00e9cnicos cuja posi\u00e7\u00e3o passa a ser exigida da administra\u00e7\u00e3o p\u00fablica para atendimento \u00e0 exig\u00eancias de naturezas diversas e a cria\u00e7\u00e3o da nossa Guarda Municipal, que representa um anseio da nossa comunidade e um compromisso assumido pela nossa gest\u00e3o \u201d, afirma o prefeito de Ub\u00e1, que completa, sobre o concurso: \u201cTrata-se de um evento primordial para o desenvolvimento da nossa cidade e para a melhoria do atendimento \u00e0 nossa popula\u00e7\u00e3o\u201d.<\/span><\/p>\n<p><strong>Assessoria de Comunica\u00e7\u00e3o Prefeitura de Ub\u00e1<\/strong><\/p>\n<div style=\"width: 840px;\" class=\"wp-video\"><video class=\"wp-video-shortcode\" id=\"video-20365-1\" width=\"840\" height=\"473\" autoplay preload=\"auto\" controls=\"controls\"><source type=\"video\/mp4\" src=\"https:\/\/ubanews.com\/site\/wp-content\/uploads\/2020\/12\/01020002.00_00_53_25.mp4?_=1\" \/><a href=\"https:\/\/ubanews.com\/site\/wp-content\/uploads\/2020\/12\/01020002.00_00_53_25.mp4\">https:\/\/ubanews.com\/site\/wp-content\/uploads\/2020\/12\/01020002.00_00_53_25.mp4<\/a><\/video><\/div>\n<\/div>\n","protected":false},"excerpt":{"rendered":"<p>A Prefeitura de Ub\u00e1 publicou, na sexta-feira (13), a Retifica\u00e7\u00e3o<\/p>\n","protected":false},"author":2,"featured_media":20366,"comment_status":"open","ping_status":"open","sticky":false,"template":"","format":"standard","meta":{"footnotes":""},"categories":[15],"tags":[],"class_list":["post-20365","post","type-post","status-publish","format-standard","has-post-thumbnail","hentry","category-prefeitura-municipal"],"yoast_head":"<!-- This site is optimized with the Yoast SEO plugin v27.2 - https:\/\/yoast.com\/product\/yoast-seo-wordpress\/ -->\n<title>Com 175 vagas, Concurso P\u00fablico da Prefeitura de Ub\u00e1 \u00e9 retomado - Ub\u00e1 News<\/title>\n<meta name=\"robots\" content=\"index, follow, max-snippet:-1, max-image-preview:large, max-video-preview:-1\" \/>\n<link rel=\"canonical\" href=\"https:\/\/ubanews.com\/site\/2021\/08\/19\/com-175-vagas-concurso-publico-da-prefeitura-de-uba-e-retomado\/\" \/>\n<meta property=\"og:locale\" content=\"pt_BR\" \/>\n<meta property=\"og:type\" content=\"article\" \/>\n<meta property=\"og:title\" content=\"Com 175 vagas, Concurso P\u00fablico da Prefeitura de Ub\u00e1 \u00e9 retomado - Ub\u00e1 News\" \/>\n<meta property=\"og:description\" content=\"A Prefeitura de Ub\u00e1 publicou, na sexta-feira (13), a Retifica\u00e7\u00e3o\" \/>\n<meta property=\"og:url\" content=\"https:\/\/ubanews.com\/site\/2021\/08\/19\/com-175-vagas-concurso-publico-da-prefeitura-de-uba-e-retomado\/\" \/>\n<meta property=\"og:site_name\" content=\"Ub\u00e1 News\" \/>\n<meta property=\"article:publisher\" content=\"https:\/\/www.facebook.com\/Ub%c3%a1News-Carlos-Roberto-Sodr%c3%a9-418778301977370\" \/>\n<meta property=\"article:author\" content=\"https:\/\/www.facebook.com\/carosroberto.sodre.5\/\" \/>\n<meta property=\"article:published_time\" content=\"2021-08-19T20:56:11+00:00\" \/>\n<meta property=\"og:image\" content=\"https:\/\/ubanews.com\/site\/wp-content\/uploads\/2021\/08\/738.jpg\" \/>\n\t<meta property=\"og:image:width\" content=\"1000\" \/>\n\t<meta property=\"og:image:height\" content=\"500\" \/>\n\t<meta property=\"og:image:type\" content=\"image\/jpeg\" \/>\n<meta name=\"author\" content=\"Sodr\u00e9\" \/>\n<meta name=\"twitter:card\" content=\"summary_large_image\" \/>\n<meta name=\"twitter:label1\" content=\"Escrito por\" \/>\n\t<meta name=\"twitter:data1\" content=\"Sodr\u00e9\" \/>\n\t<meta name=\"twitter:label2\" content=\"Est. tempo de leitura\" \/>\n\t<meta name=\"twitter:data2\" content=\"3 minutos\" \/>\n<script type=\"application\/ld+json\" class=\"yoast-schema-graph\">{\"@context\":\"https:\/\/schema.org\",\"@graph\":[{\"@type\":\"Article\",\"@id\":\"https:\/\/ubanews.com\/site\/2021\/08\/19\/com-175-vagas-concurso-publico-da-prefeitura-de-uba-e-retomado\/#article\",\"isPartOf\":{\"@id\":\"https:\/\/ubanews.com\/site\/2021\/08\/19\/com-175-vagas-concurso-publico-da-prefeitura-de-uba-e-retomado\/\"},\"author\":{\"name\":\"Sodr\u00e9\",\"@id\":\"https:\/\/ubanews.com\/site\/#\/schema\/person\/d90c9e47252fbb63dcc969fe4c8b9d10\"},\"headline\":\"Com 175 vagas, Concurso P\u00fablico da Prefeitura de Ub\u00e1 \u00e9 retomado\",\"datePublished\":\"2021-08-19T20:56:11+00:00\",\"mainEntityOfPage\":{\"@id\":\"https:\/\/ubanews.com\/site\/2021\/08\/19\/com-175-vagas-concurso-publico-da-prefeitura-de-uba-e-retomado\/\"},\"wordCount\":578,\"commentCount\":0,\"publisher\":{\"@id\":\"https:\/\/ubanews.com\/site\/#organization\"},\"image\":{\"@id\":\"https:\/\/ubanews.com\/site\/2021\/08\/19\/com-175-vagas-concurso-publico-da-prefeitura-de-uba-e-retomado\/#primaryimage\"},\"thumbnailUrl\":\"https:\/\/ubanews.com\/site\/wp-content\/uploads\/2021\/08\/738.jpg\",\"articleSection\":[\"Prefeitura Municipal\"],\"inLanguage\":\"pt-BR\",\"potentialAction\":[{\"@type\":\"CommentAction\",\"name\":\"Comment\",\"target\":[\"https:\/\/ubanews.com\/site\/2021\/08\/19\/com-175-vagas-concurso-publico-da-prefeitura-de-uba-e-retomado\/#respond\"]}]},{\"@type\":\"WebPage\",\"@id\":\"https:\/\/ubanews.com\/site\/2021\/08\/19\/com-175-vagas-concurso-publico-da-prefeitura-de-uba-e-retomado\/\",\"url\":\"https:\/\/ubanews.com\/site\/2021\/08\/19\/com-175-vagas-concurso-publico-da-prefeitura-de-uba-e-retomado\/\",\"name\":\"Com 175 vagas, Concurso P\u00fablico da Prefeitura de Ub\u00e1 \u00e9 retomado - Ub\u00e1 News\",\"isPartOf\":{\"@id\":\"https:\/\/ubanews.com\/site\/#website\"},\"primaryImageOfPage\":{\"@id\":\"https:\/\/ubanews.com\/site\/2021\/08\/19\/com-175-vagas-concurso-publico-da-prefeitura-de-uba-e-retomado\/#primaryimage\"},\"image\":{\"@id\":\"https:\/\/ubanews.com\/site\/2021\/08\/19\/com-175-vagas-concurso-publico-da-prefeitura-de-uba-e-retomado\/#primaryimage\"},\"thumbnailUrl\":\"https:\/\/ubanews.com\/site\/wp-content\/uploads\/2021\/08\/738.jpg\",\"datePublished\":\"2021-08-19T20:56:11+00:00\",\"breadcrumb\":{\"@id\":\"https:\/\/ubanews.com\/site\/2021\/08\/19\/com-175-vagas-concurso-publico-da-prefeitura-de-uba-e-retomado\/#breadcrumb\"},\"inLanguage\":\"pt-BR\",\"potentialAction\":[{\"@type\":\"ReadAction\",\"target\":[\"https:\/\/ubanews.com\/site\/2021\/08\/19\/com-175-vagas-concurso-publico-da-prefeitura-de-uba-e-retomado\/\"]}]},{\"@type\":\"ImageObject\",\"inLanguage\":\"pt-BR\",\"@id\":\"https:\/\/ubanews.com\/site\/2021\/08\/19\/com-175-vagas-concurso-publico-da-prefeitura-de-uba-e-retomado\/#primaryimage\",\"url\":\"https:\/\/ubanews.com\/site\/wp-content\/uploads\/2021\/08\/738.jpg\",\"contentUrl\":\"https:\/\/ubanews.com\/site\/wp-content\/uploads\/2021\/08\/738.jpg\",\"width\":1000,\"height\":500},{\"@type\":\"BreadcrumbList\",\"@id\":\"https:\/\/ubanews.com\/site\/2021\/08\/19\/com-175-vagas-concurso-publico-da-prefeitura-de-uba-e-retomado\/#breadcrumb\",\"itemListElement\":[{\"@type\":\"ListItem\",\"position\":1,\"name\":\"Home\",\"item\":\"https:\/\/ubanews.com\/site\/\"},{\"@type\":\"ListItem\",\"position\":2,\"name\":\"Com 175 vagas, Concurso P\u00fablico da Prefeitura de Ub\u00e1 \u00e9 retomado\"}]},{\"@type\":\"WebSite\",\"@id\":\"https:\/\/ubanews.com\/site\/#website\",\"url\":\"https:\/\/ubanews.com\/site\/\",\"name\":\"Ub\u00e1 News\",\"description\":\"\",\"publisher\":{\"@id\":\"https:\/\/ubanews.com\/site\/#organization\"},\"potentialAction\":[{\"@type\":\"SearchAction\",\"target\":{\"@type\":\"EntryPoint\",\"urlTemplate\":\"https:\/\/ubanews.com\/site\/?s={search_term_string}\"},\"query-input\":{\"@type\":\"PropertyValueSpecification\",\"valueRequired\":true,\"valueName\":\"search_term_string\"}}],\"inLanguage\":\"pt-BR\"},{\"@type\":\"Organization\",\"@id\":\"https:\/\/ubanews.com\/site\/#organization\",\"name\":\"Ub\u00e1 News\",\"url\":\"https:\/\/ubanews.com\/site\/\",\"logo\":{\"@type\":\"ImageObject\",\"inLanguage\":\"pt-BR\",\"@id\":\"https:\/\/ubanews.com\/site\/#\/schema\/logo\/image\/\",\"url\":\"https:\/\/ubanews.com\/site\/wp-content\/uploads\/2018\/01\/logoubanews.png\",\"contentUrl\":\"https:\/\/ubanews.com\/site\/wp-content\/uploads\/2018\/01\/logoubanews.png\",\"width\":261,\"height\":99,\"caption\":\"Ub\u00e1 News\"},\"image\":{\"@id\":\"https:\/\/ubanews.com\/site\/#\/schema\/logo\/image\/\"},\"sameAs\":[\"https:\/\/www.facebook.com\/Ub\u00e1News-Carlos-Roberto-Sodr\u00e9-418778301977370\"]},{\"@type\":\"Person\",\"@id\":\"https:\/\/ubanews.com\/site\/#\/schema\/person\/d90c9e47252fbb63dcc969fe4c8b9d10\",\"name\":\"Sodr\u00e9\",\"image\":{\"@type\":\"ImageObject\",\"inLanguage\":\"pt-BR\",\"@id\":\"https:\/\/secure.gravatar.com\/avatar\/5ba2793f0590b9dbfad3fdec4ee714485b3eef211c9b32ee53d414060454a56c?s=96&d=mm&r=g\",\"url\":\"https:\/\/secure.gravatar.com\/avatar\/5ba2793f0590b9dbfad3fdec4ee714485b3eef211c9b32ee53d414060454a56c?s=96&d=mm&r=g\",\"contentUrl\":\"https:\/\/secure.gravatar.com\/avatar\/5ba2793f0590b9dbfad3fdec4ee714485b3eef211c9b32ee53d414060454a56c?s=96&d=mm&r=g\",\"caption\":\"Sodr\u00e9\"},\"sameAs\":[\"https:\/\/www.facebook.com\/carosroberto.sodre.5\/\"],\"url\":\"https:\/\/ubanews.com\/site\/author\/felipe\/\"}]}<\/script>\n<!-- \/ Yoast SEO plugin. -->","yoast_head_json":{"title":"Com 175 vagas, Concurso P\u00fablico da Prefeitura de Ub\u00e1 \u00e9 retomado - Ub\u00e1 News","robots":{"index":"index","follow":"follow","max-snippet":"max-snippet:-1","max-image-preview":"max-image-preview:large","max-video-preview":"max-video-preview:-1"},"canonical":"https:\/\/ubanews.com\/site\/2021\/08\/19\/com-175-vagas-concurso-publico-da-prefeitura-de-uba-e-retomado\/","og_locale":"pt_BR","og_type":"article","og_title":"Com 175 vagas, Concurso P\u00fablico da Prefeitura de Ub\u00e1 \u00e9 retomado - Ub\u00e1 News","og_description":"A Prefeitura de Ub\u00e1 publicou, na sexta-feira (13), a Retifica\u00e7\u00e3o","og_url":"https:\/\/ubanews.com\/site\/2021\/08\/19\/com-175-vagas-concurso-publico-da-prefeitura-de-uba-e-retomado\/","og_site_name":"Ub\u00e1 News","article_publisher":"https:\/\/www.facebook.com\/Ub%c3%a1News-Carlos-Roberto-Sodr%c3%a9-418778301977370","article_author":"https:\/\/www.facebook.com\/carosroberto.sodre.5\/","article_published_time":"2021-08-19T20:56:11+00:00","og_image":[{"width":1000,"height":500,"url":"https:\/\/ubanews.com\/site\/wp-content\/uploads\/2021\/08\/738.jpg","type":"image\/jpeg"}],"author":"Sodr\u00e9","twitter_card":"summary_large_image","twitter_misc":{"Escrito por":"Sodr\u00e9","Est. tempo de leitura":"3 minutos"},"schema":{"@context":"https:\/\/schema.org","@graph":[{"@type":"Article","@id":"https:\/\/ubanews.com\/site\/2021\/08\/19\/com-175-vagas-concurso-publico-da-prefeitura-de-uba-e-retomado\/#article","isPartOf":{"@id":"https:\/\/ubanews.com\/site\/2021\/08\/19\/com-175-vagas-concurso-publico-da-prefeitura-de-uba-e-retomado\/"},"author":{"name":"Sodr\u00e9","@id":"https:\/\/ubanews.com\/site\/#\/schema\/person\/d90c9e47252fbb63dcc969fe4c8b9d10"},"headline":"Com 175 vagas, Concurso P\u00fablico da Prefeitura de Ub\u00e1 \u00e9 retomado","datePublished":"2021-08-19T20:56:11+00:00","mainEntityOfPage":{"@id":"https:\/\/ubanews.com\/site\/2021\/08\/19\/com-175-vagas-concurso-publico-da-prefeitura-de-uba-e-retomado\/"},"wordCount":578,"commentCount":0,"publisher":{"@id":"https:\/\/ubanews.com\/site\/#organization"},"image":{"@id":"https:\/\/ubanews.com\/site\/2021\/08\/19\/com-175-vagas-concurso-publico-da-prefeitura-de-uba-e-retomado\/#primaryimage"},"thumbnailUrl":"https:\/\/ubanews.com\/site\/wp-content\/uploads\/2021\/08\/738.jpg","articleSection":["Prefeitura Municipal"],"inLanguage":"pt-BR","potentialAction":[{"@type":"CommentAction","name":"Comment","target":["https:\/\/ubanews.com\/site\/2021\/08\/19\/com-175-vagas-concurso-publico-da-prefeitura-de-uba-e-retomado\/#respond"]}]},{"@type":"WebPage","@id":"https:\/\/ubanews.com\/site\/2021\/08\/19\/com-175-vagas-concurso-publico-da-prefeitura-de-uba-e-retomado\/","url":"https:\/\/ubanews.com\/site\/2021\/08\/19\/com-175-vagas-concurso-publico-da-prefeitura-de-uba-e-retomado\/","name":"Com 175 vagas, Concurso P\u00fablico da Prefeitura de Ub\u00e1 \u00e9 retomado - Ub\u00e1 News","isPartOf":{"@id":"https:\/\/ubanews.com\/site\/#website"},"primaryImageOfPage":{"@id":"https:\/\/ubanews.com\/site\/2021\/08\/19\/com-175-vagas-concurso-publico-da-prefeitura-de-uba-e-retomado\/#primaryimage"},"image":{"@id":"https:\/\/ubanews.com\/site\/2021\/08\/19\/com-175-vagas-concurso-publico-da-prefeitura-de-uba-e-retomado\/#primaryimage"},"thumbnailUrl":"https:\/\/ubanews.com\/site\/wp-content\/uploads\/2021\/08\/738.jpg","datePublished":"2021-08-19T20:56:11+00:00","breadcrumb":{"@id":"https:\/\/ubanews.com\/site\/2021\/08\/19\/com-175-vagas-concurso-publico-da-prefeitura-de-uba-e-retomado\/#breadcrumb"},"inLanguage":"pt-BR","potentialAction":[{"@type":"ReadAction","target":["https:\/\/ubanews.com\/site\/2021\/08\/19\/com-175-vagas-concurso-publico-da-prefeitura-de-uba-e-retomado\/"]}]},{"@type":"ImageObject","inLanguage":"pt-BR","@id":"https:\/\/ubanews.com\/site\/2021\/08\/19\/com-175-vagas-concurso-publico-da-prefeitura-de-uba-e-retomado\/#primaryimage","url":"https:\/\/ubanews.com\/site\/wp-content\/uploads\/2021\/08\/738.jpg","contentUrl":"https:\/\/ubanews.com\/site\/wp-content\/uploads\/2021\/08\/738.jpg","width":1000,"height":500},{"@type":"BreadcrumbList","@id":"https:\/\/ubanews.com\/site\/2021\/08\/19\/com-175-vagas-concurso-publico-da-prefeitura-de-uba-e-retomado\/#breadcrumb","itemListElement":[{"@type":"ListItem","position":1,"name":"Home","item":"https:\/\/ubanews.com\/site\/"},{"@type":"ListItem","position":2,"name":"Com 175 vagas, Concurso P\u00fablico da Prefeitura de Ub\u00e1 \u00e9 retomado"}]},{"@type":"WebSite","@id":"https:\/\/ubanews.com\/site\/#website","url":"https:\/\/ubanews.com\/site\/","name":"Ub\u00e1 News","description":"","publisher":{"@id":"https:\/\/ubanews.com\/site\/#organization"},"potentialAction":[{"@type":"SearchAction","target":{"@type":"EntryPoint","urlTemplate":"https:\/\/ubanews.com\/site\/?s={search_term_string}"},"query-input":{"@type":"PropertyValueSpecification","valueRequired":true,"valueName":"search_term_string"}}],"inLanguage":"pt-BR"},{"@type":"Organization","@id":"https:\/\/ubanews.com\/site\/#organization","name":"Ub\u00e1 News","url":"https:\/\/ubanews.com\/site\/","logo":{"@type":"ImageObject","inLanguage":"pt-BR","@id":"https:\/\/ubanews.com\/site\/#\/schema\/logo\/image\/","url":"https:\/\/ubanews.com\/site\/wp-content\/uploads\/2018\/01\/logoubanews.png","contentUrl":"https:\/\/ubanews.com\/site\/wp-content\/uploads\/2018\/01\/logoubanews.png","width":261,"height":99,"caption":"Ub\u00e1 News"},"image":{"@id":"https:\/\/ubanews.com\/site\/#\/schema\/logo\/image\/"},"sameAs":["https:\/\/www.facebook.com\/Ub\u00e1News-Carlos-Roberto-Sodr\u00e9-418778301977370"]},{"@type":"Person","@id":"https:\/\/ubanews.com\/site\/#\/schema\/person\/d90c9e47252fbb63dcc969fe4c8b9d10","name":"Sodr\u00e9","image":{"@type":"ImageObject","inLanguage":"pt-BR","@id":"https:\/\/secure.gravatar.com\/avatar\/5ba2793f0590b9dbfad3fdec4ee714485b3eef211c9b32ee53d414060454a56c?s=96&d=mm&r=g","url":"https:\/\/secure.gravatar.com\/avatar\/5ba2793f0590b9dbfad3fdec4ee714485b3eef211c9b32ee53d414060454a56c?s=96&d=mm&r=g","contentUrl":"https:\/\/secure.gravatar.com\/avatar\/5ba2793f0590b9dbfad3fdec4ee714485b3eef211c9b32ee53d414060454a56c?s=96&d=mm&r=g","caption":"Sodr\u00e9"},"sameAs":["https:\/\/www.facebook.com\/carosroberto.sodre.5\/"],"url":"https:\/\/ubanews.com\/site\/author\/felipe\/"}]}},"_links":{"self":[{"href":"https:\/\/ubanews.com\/site\/wp-json\/wp\/v2\/posts\/20365","targetHints":{"allow":["GET"]}}],"collection":[{"href":"https:\/\/ubanews.com\/site\/wp-json\/wp\/v2\/posts"}],"about":[{"href":"https:\/\/ubanews.com\/site\/wp-json\/wp\/v2\/types\/post"}],"author":[{"embeddable":true,"href":"https:\/\/ubanews.com\/site\/wp-json\/wp\/v2\/users\/2"}],"replies":[{"embeddable":true,"href":"https:\/\/ubanews.com\/site\/wp-json\/wp\/v2\/comments?post=20365"}],"version-history":[{"count":0,"href":"https:\/\/ubanews.com\/site\/wp-json\/wp\/v2\/posts\/20365\/revisions"}],"wp:featuredmedia":[{"embeddable":true,"href":"https:\/\/ubanews.com\/site\/wp-json\/wp\/v2\/media\/20366"}],"wp:attachment":[{"href":"https:\/\/ubanews.com\/site\/wp-json\/wp\/v2\/media?parent=20365"}],"wp:term":[{"taxonomy":"category","embeddable":true,"href":"https:\/\/ubanews.com\/site\/wp-json\/wp\/v2\/categories?post=20365"},{"taxonomy":"post_tag","embeddable":true,"href":"https:\/\/ubanews.com\/site\/wp-json\/wp\/v2\/tags?post=20365"}],"curies":[{"name":"wp","href":"https:\/\/api.w.org\/{rel}","templated":true}]}}