{"id":20346,"date":"2021-08-16T11:34:14","date_gmt":"2021-08-16T14:34:14","guid":{"rendered":"http:\/\/ubanews.com\/site\/?p=20346"},"modified":"2021-08-17T15:36:43","modified_gmt":"2021-08-17T18:36:43","slug":"inscricao-para-processo-seletivo-estagiarios-e-so-ate-dia-18-de-agosto","status":"publish","type":"post","link":"https:\/\/ubanews.com\/site\/2021\/08\/16\/inscricao-para-processo-seletivo-estagiarios-e-so-ate-dia-18-de-agosto\/","title":{"rendered":"INSCRI\u00c7\u00c3O PARA PROCESSO SELETIVO ESTAGI\u00c1RIOS \u00c9 S\u00d3 AT\u00c9 DIA 18 DE AGOSTO"},"content":{"rendered":"<div class=\"kvgmc6g5 cxmmr5t8 oygrvhab hcukyx3x c1et5uql ii04i59q\">\n<div dir=\"auto\">Se voc\u00ea \u00e9 estudante de curso superior, de educa\u00e7\u00e3o profissional e de ensino m\u00e9dio profissionalizante e est\u00e1 interessado em uma vaga de est\u00e1gio, fique atento ao prazo final para inscri\u00e7\u00e3o no Processo Seletivo Simplificado para Concess\u00e3o de Est\u00e1gio da Prefeitura de Ub\u00e1.<\/div>\n<\/div>\n<div dir=\"auto\">&nbsp;<\/div>\n<div dir=\"auto\"><div id=\"metaslider-id-17652\" style=\"max-width: 1000px;\" class=\"ml-slider-3-106-0 metaslider metaslider-nivo metaslider-17652 ml-slider ms-theme-outline\" role=\"region\" aria-label=\"Texto\" data-height=\"200\" data-width=\"1000\">\n    <div id=\"metaslider_container_17652\">\n        <div class='slider-wrapper theme-default'><div class='ribbon'><\/div><div id='metaslider_17652' class='nivoSlider'><\/div><\/div>\n        \n    <\/div>\n<\/div><\/div>\n<div dir=\"auto\">&nbsp;<\/div>\n<div class=\"o9v6fnle cxmmr5t8 oygrvhab hcukyx3x c1et5uql ii04i59q\">\n<div dir=\"auto\">As inscri\u00e7\u00f5es se encerram nesta quarta-feira, 18 de agosto. Os interessados devem preencher o formul\u00e1rio de inscri\u00e7\u00e3o e entreg\u00e1-lo, no hor\u00e1rio de 08h \u00e0s 12h, na Secretaria Municipal de Educa\u00e7\u00e3o (Rua Cel. Carlos Brand\u00e3o, 108 &#8211; Centro).<\/div>\n<\/div>\n<div class=\"o9v6fnle cxmmr5t8 oygrvhab hcukyx3x c1et5uql ii04i59q\">\n<div dir=\"auto\">A Prova Escrita ser\u00e1 realizada no dia 29 de agosto de 2021 (domingo).<\/div>\n<\/div>\n<div class=\"o9v6fnle cxmmr5t8 oygrvhab hcukyx3x c1et5uql ii04i59q\">\n<div dir=\"auto\">Conhe\u00e7a o Edital e saiba mais em uba.mg.gov.br<\/div>\n<\/div>\n<div dir=\"auto\">&nbsp;<\/div>\n<div dir=\"auto\"><strong>Assessoria de Comunica\u00e7\u00e3o Prefeitura de Ub\u00e1<\/strong><\/div>\n<div dir=\"auto\">&nbsp;<\/div>\n<div dir=\"auto\">\n<div style=\"width: 840px;\" class=\"wp-video\"><video class=\"wp-video-shortcode\" id=\"video-20346-1\" width=\"840\" height=\"473\" autoplay preload=\"auto\" controls=\"controls\"><source type=\"video\/mp4\" src=\"https:\/\/ubanews.com\/site\/wp-content\/uploads\/2020\/12\/01020002.00_00_53_25.mp4?_=1\" \/><a href=\"https:\/\/ubanews.com\/site\/wp-content\/uploads\/2020\/12\/01020002.00_00_53_25.mp4\">https:\/\/ubanews.com\/site\/wp-content\/uploads\/2020\/12\/01020002.00_00_53_25.mp4<\/a><\/video><\/div>\n<\/div>\n","protected":false},"excerpt":{"rendered":"<p>Se voc\u00ea \u00e9 estudante de curso superior, de educa\u00e7\u00e3o profissional<\/p>\n","protected":false},"author":2,"featured_media":20347,"comment_status":"open","ping_status":"open","sticky":false,"template":"","format":"standard","meta":{"footnotes":""},"categories":[15],"tags":[],"class_list":["post-20346","post","type-post","status-publish","format-standard","has-post-thumbnail","hentry","category-prefeitura-municipal"],"yoast_head":"<!-- This site is optimized with the Yoast SEO plugin v27.2 - https:\/\/yoast.com\/product\/yoast-seo-wordpress\/ -->\n<title>INSCRI\u00c7\u00c3O PARA PROCESSO SELETIVO ESTAGI\u00c1RIOS \u00c9 S\u00d3 AT\u00c9 DIA 18 DE AGOSTO - Ub\u00e1 News<\/title>\n<meta name=\"robots\" content=\"index, follow, max-snippet:-1, max-image-preview:large, max-video-preview:-1\" \/>\n<link rel=\"canonical\" href=\"https:\/\/ubanews.com\/site\/2021\/08\/16\/inscricao-para-processo-seletivo-estagiarios-e-so-ate-dia-18-de-agosto\/\" \/>\n<meta property=\"og:locale\" content=\"pt_BR\" \/>\n<meta property=\"og:type\" content=\"article\" \/>\n<meta property=\"og:title\" content=\"INSCRI\u00c7\u00c3O PARA PROCESSO SELETIVO ESTAGI\u00c1RIOS \u00c9 S\u00d3 AT\u00c9 DIA 18 DE AGOSTO - Ub\u00e1 News\" \/>\n<meta property=\"og:description\" content=\"Se voc\u00ea \u00e9 estudante de curso superior, de educa\u00e7\u00e3o profissional\" \/>\n<meta property=\"og:url\" content=\"https:\/\/ubanews.com\/site\/2021\/08\/16\/inscricao-para-processo-seletivo-estagiarios-e-so-ate-dia-18-de-agosto\/\" \/>\n<meta property=\"og:site_name\" content=\"Ub\u00e1 News\" \/>\n<meta property=\"article:publisher\" content=\"https:\/\/www.facebook.com\/Ub%c3%a1News-Carlos-Roberto-Sodr%c3%a9-418778301977370\" \/>\n<meta property=\"article:author\" content=\"https:\/\/www.facebook.com\/carosroberto.sodre.5\/\" \/>\n<meta property=\"article:published_time\" content=\"2021-08-16T14:34:14+00:00\" \/>\n<meta property=\"article:modified_time\" content=\"2021-08-17T18:36:43+00:00\" \/>\n<meta property=\"og:image\" content=\"https:\/\/ubanews.com\/site\/wp-content\/uploads\/2021\/08\/736.jpg\" \/>\n\t<meta property=\"og:image:width\" content=\"1000\" \/>\n\t<meta property=\"og:image:height\" content=\"500\" \/>\n\t<meta property=\"og:image:type\" content=\"image\/jpeg\" \/>\n<meta name=\"author\" content=\"Sodr\u00e9\" \/>\n<meta name=\"twitter:card\" content=\"summary_large_image\" \/>\n<meta name=\"twitter:label1\" content=\"Escrito por\" \/>\n\t<meta name=\"twitter:data1\" content=\"Sodr\u00e9\" \/>\n\t<meta name=\"twitter:label2\" content=\"Est. tempo de leitura\" \/>\n\t<meta name=\"twitter:data2\" content=\"1 minuto\" \/>\n<script type=\"application\/ld+json\" class=\"yoast-schema-graph\">{\"@context\":\"https:\/\/schema.org\",\"@graph\":[{\"@type\":\"Article\",\"@id\":\"https:\/\/ubanews.com\/site\/2021\/08\/16\/inscricao-para-processo-seletivo-estagiarios-e-so-ate-dia-18-de-agosto\/#article\",\"isPartOf\":{\"@id\":\"https:\/\/ubanews.com\/site\/2021\/08\/16\/inscricao-para-processo-seletivo-estagiarios-e-so-ate-dia-18-de-agosto\/\"},\"author\":{\"name\":\"Sodr\u00e9\",\"@id\":\"https:\/\/ubanews.com\/site\/#\/schema\/person\/d90c9e47252fbb63dcc969fe4c8b9d10\"},\"headline\":\"INSCRI\u00c7\u00c3O PARA PROCESSO SELETIVO ESTAGI\u00c1RIOS \u00c9 S\u00d3 AT\u00c9 DIA 18 DE AGOSTO\",\"datePublished\":\"2021-08-16T14:34:14+00:00\",\"dateModified\":\"2021-08-17T18:36:43+00:00\",\"mainEntityOfPage\":{\"@id\":\"https:\/\/ubanews.com\/site\/2021\/08\/16\/inscricao-para-processo-seletivo-estagiarios-e-so-ate-dia-18-de-agosto\/\"},\"wordCount\":153,\"commentCount\":0,\"publisher\":{\"@id\":\"https:\/\/ubanews.com\/site\/#organization\"},\"image\":{\"@id\":\"https:\/\/ubanews.com\/site\/2021\/08\/16\/inscricao-para-processo-seletivo-estagiarios-e-so-ate-dia-18-de-agosto\/#primaryimage\"},\"thumbnailUrl\":\"https:\/\/ubanews.com\/site\/wp-content\/uploads\/2021\/08\/736.jpg\",\"articleSection\":[\"Prefeitura Municipal\"],\"inLanguage\":\"pt-BR\",\"potentialAction\":[{\"@type\":\"CommentAction\",\"name\":\"Comment\",\"target\":[\"https:\/\/ubanews.com\/site\/2021\/08\/16\/inscricao-para-processo-seletivo-estagiarios-e-so-ate-dia-18-de-agosto\/#respond\"]}]},{\"@type\":\"WebPage\",\"@id\":\"https:\/\/ubanews.com\/site\/2021\/08\/16\/inscricao-para-processo-seletivo-estagiarios-e-so-ate-dia-18-de-agosto\/\",\"url\":\"https:\/\/ubanews.com\/site\/2021\/08\/16\/inscricao-para-processo-seletivo-estagiarios-e-so-ate-dia-18-de-agosto\/\",\"name\":\"INSCRI\u00c7\u00c3O PARA PROCESSO SELETIVO ESTAGI\u00c1RIOS \u00c9 S\u00d3 AT\u00c9 DIA 18 DE AGOSTO - Ub\u00e1 News\",\"isPartOf\":{\"@id\":\"https:\/\/ubanews.com\/site\/#website\"},\"primaryImageOfPage\":{\"@id\":\"https:\/\/ubanews.com\/site\/2021\/08\/16\/inscricao-para-processo-seletivo-estagiarios-e-so-ate-dia-18-de-agosto\/#primaryimage\"},\"image\":{\"@id\":\"https:\/\/ubanews.com\/site\/2021\/08\/16\/inscricao-para-processo-seletivo-estagiarios-e-so-ate-dia-18-de-agosto\/#primaryimage\"},\"thumbnailUrl\":\"https:\/\/ubanews.com\/site\/wp-content\/uploads\/2021\/08\/736.jpg\",\"datePublished\":\"2021-08-16T14:34:14+00:00\",\"dateModified\":\"2021-08-17T18:36:43+00:00\",\"breadcrumb\":{\"@id\":\"https:\/\/ubanews.com\/site\/2021\/08\/16\/inscricao-para-processo-seletivo-estagiarios-e-so-ate-dia-18-de-agosto\/#breadcrumb\"},\"inLanguage\":\"pt-BR\",\"potentialAction\":[{\"@type\":\"ReadAction\",\"target\":[\"https:\/\/ubanews.com\/site\/2021\/08\/16\/inscricao-para-processo-seletivo-estagiarios-e-so-ate-dia-18-de-agosto\/\"]}]},{\"@type\":\"ImageObject\",\"inLanguage\":\"pt-BR\",\"@id\":\"https:\/\/ubanews.com\/site\/2021\/08\/16\/inscricao-para-processo-seletivo-estagiarios-e-so-ate-dia-18-de-agosto\/#primaryimage\",\"url\":\"https:\/\/ubanews.com\/site\/wp-content\/uploads\/2021\/08\/736.jpg\",\"contentUrl\":\"https:\/\/ubanews.com\/site\/wp-content\/uploads\/2021\/08\/736.jpg\",\"width\":1000,\"height\":500},{\"@type\":\"BreadcrumbList\",\"@id\":\"https:\/\/ubanews.com\/site\/2021\/08\/16\/inscricao-para-processo-seletivo-estagiarios-e-so-ate-dia-18-de-agosto\/#breadcrumb\",\"itemListElement\":[{\"@type\":\"ListItem\",\"position\":1,\"name\":\"Home\",\"item\":\"https:\/\/ubanews.com\/site\/\"},{\"@type\":\"ListItem\",\"position\":2,\"name\":\"INSCRI\u00c7\u00c3O PARA PROCESSO SELETIVO ESTAGI\u00c1RIOS \u00c9 S\u00d3 AT\u00c9 DIA 18 DE AGOSTO\"}]},{\"@type\":\"WebSite\",\"@id\":\"https:\/\/ubanews.com\/site\/#website\",\"url\":\"https:\/\/ubanews.com\/site\/\",\"name\":\"Ub\u00e1 News\",\"description\":\"\",\"publisher\":{\"@id\":\"https:\/\/ubanews.com\/site\/#organization\"},\"potentialAction\":[{\"@type\":\"SearchAction\",\"target\":{\"@type\":\"EntryPoint\",\"urlTemplate\":\"https:\/\/ubanews.com\/site\/?s={search_term_string}\"},\"query-input\":{\"@type\":\"PropertyValueSpecification\",\"valueRequired\":true,\"valueName\":\"search_term_string\"}}],\"inLanguage\":\"pt-BR\"},{\"@type\":\"Organization\",\"@id\":\"https:\/\/ubanews.com\/site\/#organization\",\"name\":\"Ub\u00e1 News\",\"url\":\"https:\/\/ubanews.com\/site\/\",\"logo\":{\"@type\":\"ImageObject\",\"inLanguage\":\"pt-BR\",\"@id\":\"https:\/\/ubanews.com\/site\/#\/schema\/logo\/image\/\",\"url\":\"https:\/\/ubanews.com\/site\/wp-content\/uploads\/2018\/01\/logoubanews.png\",\"contentUrl\":\"https:\/\/ubanews.com\/site\/wp-content\/uploads\/2018\/01\/logoubanews.png\",\"width\":261,\"height\":99,\"caption\":\"Ub\u00e1 News\"},\"image\":{\"@id\":\"https:\/\/ubanews.com\/site\/#\/schema\/logo\/image\/\"},\"sameAs\":[\"https:\/\/www.facebook.com\/Ub\u00e1News-Carlos-Roberto-Sodr\u00e9-418778301977370\"]},{\"@type\":\"Person\",\"@id\":\"https:\/\/ubanews.com\/site\/#\/schema\/person\/d90c9e47252fbb63dcc969fe4c8b9d10\",\"name\":\"Sodr\u00e9\",\"image\":{\"@type\":\"ImageObject\",\"inLanguage\":\"pt-BR\",\"@id\":\"https:\/\/secure.gravatar.com\/avatar\/5ba2793f0590b9dbfad3fdec4ee714485b3eef211c9b32ee53d414060454a56c?s=96&d=mm&r=g\",\"url\":\"https:\/\/secure.gravatar.com\/avatar\/5ba2793f0590b9dbfad3fdec4ee714485b3eef211c9b32ee53d414060454a56c?s=96&d=mm&r=g\",\"contentUrl\":\"https:\/\/secure.gravatar.com\/avatar\/5ba2793f0590b9dbfad3fdec4ee714485b3eef211c9b32ee53d414060454a56c?s=96&d=mm&r=g\",\"caption\":\"Sodr\u00e9\"},\"sameAs\":[\"https:\/\/www.facebook.com\/carosroberto.sodre.5\/\"],\"url\":\"https:\/\/ubanews.com\/site\/author\/felipe\/\"}]}<\/script>\n<!-- \/ Yoast SEO plugin. -->","yoast_head_json":{"title":"INSCRI\u00c7\u00c3O PARA PROCESSO SELETIVO ESTAGI\u00c1RIOS \u00c9 S\u00d3 AT\u00c9 DIA 18 DE AGOSTO - Ub\u00e1 News","robots":{"index":"index","follow":"follow","max-snippet":"max-snippet:-1","max-image-preview":"max-image-preview:large","max-video-preview":"max-video-preview:-1"},"canonical":"https:\/\/ubanews.com\/site\/2021\/08\/16\/inscricao-para-processo-seletivo-estagiarios-e-so-ate-dia-18-de-agosto\/","og_locale":"pt_BR","og_type":"article","og_title":"INSCRI\u00c7\u00c3O PARA PROCESSO SELETIVO ESTAGI\u00c1RIOS \u00c9 S\u00d3 AT\u00c9 DIA 18 DE AGOSTO - Ub\u00e1 News","og_description":"Se voc\u00ea \u00e9 estudante de curso superior, de educa\u00e7\u00e3o profissional","og_url":"https:\/\/ubanews.com\/site\/2021\/08\/16\/inscricao-para-processo-seletivo-estagiarios-e-so-ate-dia-18-de-agosto\/","og_site_name":"Ub\u00e1 News","article_publisher":"https:\/\/www.facebook.com\/Ub%c3%a1News-Carlos-Roberto-Sodr%c3%a9-418778301977370","article_author":"https:\/\/www.facebook.com\/carosroberto.sodre.5\/","article_published_time":"2021-08-16T14:34:14+00:00","article_modified_time":"2021-08-17T18:36:43+00:00","og_image":[{"width":1000,"height":500,"url":"https:\/\/ubanews.com\/site\/wp-content\/uploads\/2021\/08\/736.jpg","type":"image\/jpeg"}],"author":"Sodr\u00e9","twitter_card":"summary_large_image","twitter_misc":{"Escrito por":"Sodr\u00e9","Est. tempo de leitura":"1 minuto"},"schema":{"@context":"https:\/\/schema.org","@graph":[{"@type":"Article","@id":"https:\/\/ubanews.com\/site\/2021\/08\/16\/inscricao-para-processo-seletivo-estagiarios-e-so-ate-dia-18-de-agosto\/#article","isPartOf":{"@id":"https:\/\/ubanews.com\/site\/2021\/08\/16\/inscricao-para-processo-seletivo-estagiarios-e-so-ate-dia-18-de-agosto\/"},"author":{"name":"Sodr\u00e9","@id":"https:\/\/ubanews.com\/site\/#\/schema\/person\/d90c9e47252fbb63dcc969fe4c8b9d10"},"headline":"INSCRI\u00c7\u00c3O PARA PROCESSO SELETIVO ESTAGI\u00c1RIOS \u00c9 S\u00d3 AT\u00c9 DIA 18 DE AGOSTO","datePublished":"2021-08-16T14:34:14+00:00","dateModified":"2021-08-17T18:36:43+00:00","mainEntityOfPage":{"@id":"https:\/\/ubanews.com\/site\/2021\/08\/16\/inscricao-para-processo-seletivo-estagiarios-e-so-ate-dia-18-de-agosto\/"},"wordCount":153,"commentCount":0,"publisher":{"@id":"https:\/\/ubanews.com\/site\/#organization"},"image":{"@id":"https:\/\/ubanews.com\/site\/2021\/08\/16\/inscricao-para-processo-seletivo-estagiarios-e-so-ate-dia-18-de-agosto\/#primaryimage"},"thumbnailUrl":"https:\/\/ubanews.com\/site\/wp-content\/uploads\/2021\/08\/736.jpg","articleSection":["Prefeitura Municipal"],"inLanguage":"pt-BR","potentialAction":[{"@type":"CommentAction","name":"Comment","target":["https:\/\/ubanews.com\/site\/2021\/08\/16\/inscricao-para-processo-seletivo-estagiarios-e-so-ate-dia-18-de-agosto\/#respond"]}]},{"@type":"WebPage","@id":"https:\/\/ubanews.com\/site\/2021\/08\/16\/inscricao-para-processo-seletivo-estagiarios-e-so-ate-dia-18-de-agosto\/","url":"https:\/\/ubanews.com\/site\/2021\/08\/16\/inscricao-para-processo-seletivo-estagiarios-e-so-ate-dia-18-de-agosto\/","name":"INSCRI\u00c7\u00c3O PARA PROCESSO SELETIVO ESTAGI\u00c1RIOS \u00c9 S\u00d3 AT\u00c9 DIA 18 DE AGOSTO - Ub\u00e1 News","isPartOf":{"@id":"https:\/\/ubanews.com\/site\/#website"},"primaryImageOfPage":{"@id":"https:\/\/ubanews.com\/site\/2021\/08\/16\/inscricao-para-processo-seletivo-estagiarios-e-so-ate-dia-18-de-agosto\/#primaryimage"},"image":{"@id":"https:\/\/ubanews.com\/site\/2021\/08\/16\/inscricao-para-processo-seletivo-estagiarios-e-so-ate-dia-18-de-agosto\/#primaryimage"},"thumbnailUrl":"https:\/\/ubanews.com\/site\/wp-content\/uploads\/2021\/08\/736.jpg","datePublished":"2021-08-16T14:34:14+00:00","dateModified":"2021-08-17T18:36:43+00:00","breadcrumb":{"@id":"https:\/\/ubanews.com\/site\/2021\/08\/16\/inscricao-para-processo-seletivo-estagiarios-e-so-ate-dia-18-de-agosto\/#breadcrumb"},"inLanguage":"pt-BR","potentialAction":[{"@type":"ReadAction","target":["https:\/\/ubanews.com\/site\/2021\/08\/16\/inscricao-para-processo-seletivo-estagiarios-e-so-ate-dia-18-de-agosto\/"]}]},{"@type":"ImageObject","inLanguage":"pt-BR","@id":"https:\/\/ubanews.com\/site\/2021\/08\/16\/inscricao-para-processo-seletivo-estagiarios-e-so-ate-dia-18-de-agosto\/#primaryimage","url":"https:\/\/ubanews.com\/site\/wp-content\/uploads\/2021\/08\/736.jpg","contentUrl":"https:\/\/ubanews.com\/site\/wp-content\/uploads\/2021\/08\/736.jpg","width":1000,"height":500},{"@type":"BreadcrumbList","@id":"https:\/\/ubanews.com\/site\/2021\/08\/16\/inscricao-para-processo-seletivo-estagiarios-e-so-ate-dia-18-de-agosto\/#breadcrumb","itemListElement":[{"@type":"ListItem","position":1,"name":"Home","item":"https:\/\/ubanews.com\/site\/"},{"@type":"ListItem","position":2,"name":"INSCRI\u00c7\u00c3O PARA PROCESSO SELETIVO ESTAGI\u00c1RIOS \u00c9 S\u00d3 AT\u00c9 DIA 18 DE AGOSTO"}]},{"@type":"WebSite","@id":"https:\/\/ubanews.com\/site\/#website","url":"https:\/\/ubanews.com\/site\/","name":"Ub\u00e1 News","description":"","publisher":{"@id":"https:\/\/ubanews.com\/site\/#organization"},"potentialAction":[{"@type":"SearchAction","target":{"@type":"EntryPoint","urlTemplate":"https:\/\/ubanews.com\/site\/?s={search_term_string}"},"query-input":{"@type":"PropertyValueSpecification","valueRequired":true,"valueName":"search_term_string"}}],"inLanguage":"pt-BR"},{"@type":"Organization","@id":"https:\/\/ubanews.com\/site\/#organization","name":"Ub\u00e1 News","url":"https:\/\/ubanews.com\/site\/","logo":{"@type":"ImageObject","inLanguage":"pt-BR","@id":"https:\/\/ubanews.com\/site\/#\/schema\/logo\/image\/","url":"https:\/\/ubanews.com\/site\/wp-content\/uploads\/2018\/01\/logoubanews.png","contentUrl":"https:\/\/ubanews.com\/site\/wp-content\/uploads\/2018\/01\/logoubanews.png","width":261,"height":99,"caption":"Ub\u00e1 News"},"image":{"@id":"https:\/\/ubanews.com\/site\/#\/schema\/logo\/image\/"},"sameAs":["https:\/\/www.facebook.com\/Ub\u00e1News-Carlos-Roberto-Sodr\u00e9-418778301977370"]},{"@type":"Person","@id":"https:\/\/ubanews.com\/site\/#\/schema\/person\/d90c9e47252fbb63dcc969fe4c8b9d10","name":"Sodr\u00e9","image":{"@type":"ImageObject","inLanguage":"pt-BR","@id":"https:\/\/secure.gravatar.com\/avatar\/5ba2793f0590b9dbfad3fdec4ee714485b3eef211c9b32ee53d414060454a56c?s=96&d=mm&r=g","url":"https:\/\/secure.gravatar.com\/avatar\/5ba2793f0590b9dbfad3fdec4ee714485b3eef211c9b32ee53d414060454a56c?s=96&d=mm&r=g","contentUrl":"https:\/\/secure.gravatar.com\/avatar\/5ba2793f0590b9dbfad3fdec4ee714485b3eef211c9b32ee53d414060454a56c?s=96&d=mm&r=g","caption":"Sodr\u00e9"},"sameAs":["https:\/\/www.facebook.com\/carosroberto.sodre.5\/"],"url":"https:\/\/ubanews.com\/site\/author\/felipe\/"}]}},"_links":{"self":[{"href":"https:\/\/ubanews.com\/site\/wp-json\/wp\/v2\/posts\/20346","targetHints":{"allow":["GET"]}}],"collection":[{"href":"https:\/\/ubanews.com\/site\/wp-json\/wp\/v2\/posts"}],"about":[{"href":"https:\/\/ubanews.com\/site\/wp-json\/wp\/v2\/types\/post"}],"author":[{"embeddable":true,"href":"https:\/\/ubanews.com\/site\/wp-json\/wp\/v2\/users\/2"}],"replies":[{"embeddable":true,"href":"https:\/\/ubanews.com\/site\/wp-json\/wp\/v2\/comments?post=20346"}],"version-history":[{"count":0,"href":"https:\/\/ubanews.com\/site\/wp-json\/wp\/v2\/posts\/20346\/revisions"}],"wp:featuredmedia":[{"embeddable":true,"href":"https:\/\/ubanews.com\/site\/wp-json\/wp\/v2\/media\/20347"}],"wp:attachment":[{"href":"https:\/\/ubanews.com\/site\/wp-json\/wp\/v2\/media?parent=20346"}],"wp:term":[{"taxonomy":"category","embeddable":true,"href":"https:\/\/ubanews.com\/site\/wp-json\/wp\/v2\/categories?post=20346"},{"taxonomy":"post_tag","embeddable":true,"href":"https:\/\/ubanews.com\/site\/wp-json\/wp\/v2\/tags?post=20346"}],"curies":[{"name":"wp","href":"https:\/\/api.w.org\/{rel}","templated":true}]}}