{"id":20344,"date":"2021-08-16T20:32:27","date_gmt":"2021-08-16T23:32:27","guid":{"rendered":"http:\/\/ubanews.com\/site\/?p=20344"},"modified":"2021-08-17T15:33:55","modified_gmt":"2021-08-17T18:33:55","slug":"vacinometro-mais-de-27-mil-ubaenses-estao-totalmente-imunizados-contra-a-covid-19","status":"publish","type":"post","link":"https:\/\/ubanews.com\/site\/2021\/08\/16\/vacinometro-mais-de-27-mil-ubaenses-estao-totalmente-imunizados-contra-a-covid-19\/","title":{"rendered":"Vacin\u00f4metro: Mais de 27 mil ubaenses est\u00e3o totalmente imunizados contra a Covid-19"},"content":{"rendered":"<div class=\"kvgmc6g5 cxmmr5t8 oygrvhab hcukyx3x c1et5uql ii04i59q\">\n<div dir=\"auto\"><span style=\"font-size: 1.0625rem;\">De acordo com balan\u00e7o da Secretaria Municipal de Sa\u00fade desta segunda-feira (16), em Ub\u00e1, 62.026 pessoas j\u00e1 foram vacinadas com a primeira dose da vacina contra a Covid-19. O n\u00famero representa 71,23% da popula\u00e7\u00e3o acima de 18 anos.<\/span><\/div>\n<\/div>\n<div class=\"o9v6fnle cxmmr5t8 oygrvhab hcukyx3x c1et5uql ii04i59q\">\n<div dir=\"auto\">J\u00e1 a popula\u00e7\u00e3o totalmente imunizada contra Covid, aqueles que tomaram a segunda dose ou a dose \u00fanica de vacinas contra a doen\u00e7a, chegou a 31,18%, com um total de 27.150 pessoas acima de 18 anos vacinadas. Destas, 24.859 j\u00e1 foram imunizadas com a segunda dose e 2.291 foram vacinadas com dose \u00fanica.<\/div>\n<\/div>\n<div dir=\"auto\">&nbsp;<\/div>\n<div dir=\"auto\"><div id=\"metaslider-id-17652\" style=\"max-width: 1000px;\" class=\"ml-slider-3-106-0 metaslider metaslider-nivo metaslider-17652 ml-slider ms-theme-outline\" role=\"region\" aria-label=\"Texto\" data-height=\"200\" data-width=\"1000\">\n    <div id=\"metaslider_container_17652\">\n        <div class='slider-wrapper theme-default'><div class='ribbon'><\/div><div id='metaslider_17652' class='nivoSlider'><\/div><\/div>\n        \n    <\/div>\n<\/div><\/div>\n<div dir=\"auto\">&nbsp;<\/div>\n<div class=\"o9v6fnle cxmmr5t8 oygrvhab hcukyx3x c1et5uql ii04i59q\">\n<div dir=\"auto\">Desde o in\u00edcio da vacina\u00e7\u00e3o contra Covid-19, em janeiro, foram aplicadas 89.176 doses no munic\u00edpio, levando em conta as primeiras e as segundas doses, al\u00e9m das vacinas de dose \u00fanica.<\/div>\n<\/div>\n<div class=\"o9v6fnle cxmmr5t8 oygrvhab hcukyx3x c1et5uql ii04i59q\">\n<div dir=\"auto\">Aplica\u00e7\u00e3o de doses<\/div>\n<\/div>\n<div class=\"o9v6fnle cxmmr5t8 oygrvhab hcukyx3x c1et5uql ii04i59q\">\n<div dir=\"auto\">Na \u00faltima sexta-feira (13), mais 624 doses de vacina foram aplicadas. Ao todo, 15 profissionais de sa\u00fade, 03 idosos, 05 pessoas com comorbidade, 102 pessoas acima de 25 anos, 239 trabalhadores formais, 02 caminhoneiros, 20 gestantes e 02 pu\u00e9rperas receberam a primeira dose da vacina e 17 profissionais de sa\u00fade, 22 idosos, 64 pessoas acima de 30 anos, 04 pessoas com defici\u00eancia permanente, 101 pessoas com comorbidade, 21 gestantes e 07 pu\u00e9rperas foram vacinadas com a segunda dose.<\/div>\n<\/div>\n<div class=\"o9v6fnle cxmmr5t8 oygrvhab hcukyx3x c1et5uql ii04i59q\">\n<div dir=\"auto\">J\u00e1 no s\u00e1bado (14), 02 idosos, 443 pessoas acima de 24 anos, 514 trabalhadores formais, 03 pessoas com defici\u00eancia permanente, 03 pessoas com comorbidade e 02 caminhoneiros foram vacinados com a primeira dose. Outros 04 profissionais de sa\u00fade, 03 trabalhadores da educa\u00e7\u00e3o, um agente das for\u00e7as de seguran\u00e7a, 55 idosos, uma pessoa acima de 55 anos, 26 pessoas com defici\u00eancia permanente e 386 pessoas com comorbidade receberam a segunda dose e 15 caminhoneiros receberam o imunizante de dose \u00fanica, totalizando 1.443 doses aplicadas nesta data.<\/div>\n<\/div>\n<div dir=\"auto\">&nbsp;<\/div>\n<div dir=\"auto\"><strong>Assessoria de Comunica\u00e7\u00e3o Prefeitura de Ub\u00e1<\/strong><\/div>\n<div dir=\"auto\">&nbsp;<\/div>\n<div dir=\"auto\">\n<div style=\"width: 840px;\" class=\"wp-video\"><video class=\"wp-video-shortcode\" id=\"video-20344-1\" width=\"840\" height=\"473\" autoplay preload=\"auto\" controls=\"controls\"><source type=\"video\/mp4\" src=\"https:\/\/ubanews.com\/site\/wp-content\/uploads\/2020\/12\/01020002.00_00_53_25.mp4?_=1\" \/><a href=\"https:\/\/ubanews.com\/site\/wp-content\/uploads\/2020\/12\/01020002.00_00_53_25.mp4\">https:\/\/ubanews.com\/site\/wp-content\/uploads\/2020\/12\/01020002.00_00_53_25.mp4<\/a><\/video><\/div>\n<\/div>\n","protected":false},"excerpt":{"rendered":"<p>De acordo com balan\u00e7o da Secretaria Municipal de Sa\u00fade desta<\/p>\n","protected":false},"author":2,"featured_media":20345,"comment_status":"open","ping_status":"open","sticky":false,"template":"","format":"standard","meta":{"footnotes":""},"categories":[15],"tags":[],"class_list":["post-20344","post","type-post","status-publish","format-standard","has-post-thumbnail","hentry","category-prefeitura-municipal"],"yoast_head":"<!-- This site is optimized with the Yoast SEO plugin v27.2 - https:\/\/yoast.com\/product\/yoast-seo-wordpress\/ -->\n<title>Vacin\u00f4metro: Mais de 27 mil ubaenses est\u00e3o totalmente imunizados contra a Covid-19 - Ub\u00e1 News<\/title>\n<meta name=\"robots\" content=\"index, follow, max-snippet:-1, max-image-preview:large, max-video-preview:-1\" \/>\n<link rel=\"canonical\" href=\"https:\/\/ubanews.com\/site\/2021\/08\/16\/vacinometro-mais-de-27-mil-ubaenses-estao-totalmente-imunizados-contra-a-covid-19\/\" \/>\n<meta property=\"og:locale\" content=\"pt_BR\" \/>\n<meta property=\"og:type\" content=\"article\" \/>\n<meta property=\"og:title\" content=\"Vacin\u00f4metro: Mais de 27 mil ubaenses est\u00e3o totalmente imunizados contra a Covid-19 - Ub\u00e1 News\" \/>\n<meta property=\"og:description\" content=\"De acordo com balan\u00e7o da Secretaria Municipal de Sa\u00fade desta\" \/>\n<meta property=\"og:url\" content=\"https:\/\/ubanews.com\/site\/2021\/08\/16\/vacinometro-mais-de-27-mil-ubaenses-estao-totalmente-imunizados-contra-a-covid-19\/\" \/>\n<meta property=\"og:site_name\" content=\"Ub\u00e1 News\" \/>\n<meta property=\"article:publisher\" content=\"https:\/\/www.facebook.com\/Ub%c3%a1News-Carlos-Roberto-Sodr%c3%a9-418778301977370\" \/>\n<meta property=\"article:author\" content=\"https:\/\/www.facebook.com\/carosroberto.sodre.5\/\" \/>\n<meta property=\"article:published_time\" content=\"2021-08-16T23:32:27+00:00\" \/>\n<meta property=\"article:modified_time\" content=\"2021-08-17T18:33:55+00:00\" \/>\n<meta property=\"og:image\" content=\"https:\/\/ubanews.com\/site\/wp-content\/uploads\/2021\/08\/735.jpg\" \/>\n\t<meta property=\"og:image:width\" content=\"1000\" \/>\n\t<meta property=\"og:image:height\" content=\"500\" \/>\n\t<meta property=\"og:image:type\" content=\"image\/jpeg\" \/>\n<meta name=\"author\" content=\"Sodr\u00e9\" \/>\n<meta name=\"twitter:card\" content=\"summary_large_image\" \/>\n<meta name=\"twitter:label1\" content=\"Escrito por\" \/>\n\t<meta name=\"twitter:data1\" content=\"Sodr\u00e9\" \/>\n\t<meta name=\"twitter:label2\" content=\"Est. tempo de leitura\" \/>\n\t<meta name=\"twitter:data2\" content=\"2 minutos\" \/>\n<script type=\"application\/ld+json\" class=\"yoast-schema-graph\">{\"@context\":\"https:\/\/schema.org\",\"@graph\":[{\"@type\":\"Article\",\"@id\":\"https:\/\/ubanews.com\/site\/2021\/08\/16\/vacinometro-mais-de-27-mil-ubaenses-estao-totalmente-imunizados-contra-a-covid-19\/#article\",\"isPartOf\":{\"@id\":\"https:\/\/ubanews.com\/site\/2021\/08\/16\/vacinometro-mais-de-27-mil-ubaenses-estao-totalmente-imunizados-contra-a-covid-19\/\"},\"author\":{\"name\":\"Sodr\u00e9\",\"@id\":\"https:\/\/ubanews.com\/site\/#\/schema\/person\/d90c9e47252fbb63dcc969fe4c8b9d10\"},\"headline\":\"Vacin\u00f4metro: Mais de 27 mil ubaenses est\u00e3o totalmente imunizados contra a Covid-19\",\"datePublished\":\"2021-08-16T23:32:27+00:00\",\"dateModified\":\"2021-08-17T18:33:55+00:00\",\"mainEntityOfPage\":{\"@id\":\"https:\/\/ubanews.com\/site\/2021\/08\/16\/vacinometro-mais-de-27-mil-ubaenses-estao-totalmente-imunizados-contra-a-covid-19\/\"},\"wordCount\":306,\"commentCount\":0,\"publisher\":{\"@id\":\"https:\/\/ubanews.com\/site\/#organization\"},\"image\":{\"@id\":\"https:\/\/ubanews.com\/site\/2021\/08\/16\/vacinometro-mais-de-27-mil-ubaenses-estao-totalmente-imunizados-contra-a-covid-19\/#primaryimage\"},\"thumbnailUrl\":\"https:\/\/ubanews.com\/site\/wp-content\/uploads\/2021\/08\/735.jpg\",\"articleSection\":[\"Prefeitura Municipal\"],\"inLanguage\":\"pt-BR\",\"potentialAction\":[{\"@type\":\"CommentAction\",\"name\":\"Comment\",\"target\":[\"https:\/\/ubanews.com\/site\/2021\/08\/16\/vacinometro-mais-de-27-mil-ubaenses-estao-totalmente-imunizados-contra-a-covid-19\/#respond\"]}]},{\"@type\":\"WebPage\",\"@id\":\"https:\/\/ubanews.com\/site\/2021\/08\/16\/vacinometro-mais-de-27-mil-ubaenses-estao-totalmente-imunizados-contra-a-covid-19\/\",\"url\":\"https:\/\/ubanews.com\/site\/2021\/08\/16\/vacinometro-mais-de-27-mil-ubaenses-estao-totalmente-imunizados-contra-a-covid-19\/\",\"name\":\"Vacin\u00f4metro: Mais de 27 mil ubaenses est\u00e3o totalmente imunizados contra a Covid-19 - Ub\u00e1 News\",\"isPartOf\":{\"@id\":\"https:\/\/ubanews.com\/site\/#website\"},\"primaryImageOfPage\":{\"@id\":\"https:\/\/ubanews.com\/site\/2021\/08\/16\/vacinometro-mais-de-27-mil-ubaenses-estao-totalmente-imunizados-contra-a-covid-19\/#primaryimage\"},\"image\":{\"@id\":\"https:\/\/ubanews.com\/site\/2021\/08\/16\/vacinometro-mais-de-27-mil-ubaenses-estao-totalmente-imunizados-contra-a-covid-19\/#primaryimage\"},\"thumbnailUrl\":\"https:\/\/ubanews.com\/site\/wp-content\/uploads\/2021\/08\/735.jpg\",\"datePublished\":\"2021-08-16T23:32:27+00:00\",\"dateModified\":\"2021-08-17T18:33:55+00:00\",\"breadcrumb\":{\"@id\":\"https:\/\/ubanews.com\/site\/2021\/08\/16\/vacinometro-mais-de-27-mil-ubaenses-estao-totalmente-imunizados-contra-a-covid-19\/#breadcrumb\"},\"inLanguage\":\"pt-BR\",\"potentialAction\":[{\"@type\":\"ReadAction\",\"target\":[\"https:\/\/ubanews.com\/site\/2021\/08\/16\/vacinometro-mais-de-27-mil-ubaenses-estao-totalmente-imunizados-contra-a-covid-19\/\"]}]},{\"@type\":\"ImageObject\",\"inLanguage\":\"pt-BR\",\"@id\":\"https:\/\/ubanews.com\/site\/2021\/08\/16\/vacinometro-mais-de-27-mil-ubaenses-estao-totalmente-imunizados-contra-a-covid-19\/#primaryimage\",\"url\":\"https:\/\/ubanews.com\/site\/wp-content\/uploads\/2021\/08\/735.jpg\",\"contentUrl\":\"https:\/\/ubanews.com\/site\/wp-content\/uploads\/2021\/08\/735.jpg\",\"width\":1000,\"height\":500},{\"@type\":\"BreadcrumbList\",\"@id\":\"https:\/\/ubanews.com\/site\/2021\/08\/16\/vacinometro-mais-de-27-mil-ubaenses-estao-totalmente-imunizados-contra-a-covid-19\/#breadcrumb\",\"itemListElement\":[{\"@type\":\"ListItem\",\"position\":1,\"name\":\"Home\",\"item\":\"https:\/\/ubanews.com\/site\/\"},{\"@type\":\"ListItem\",\"position\":2,\"name\":\"Vacin\u00f4metro: Mais de 27 mil ubaenses est\u00e3o totalmente imunizados contra a Covid-19\"}]},{\"@type\":\"WebSite\",\"@id\":\"https:\/\/ubanews.com\/site\/#website\",\"url\":\"https:\/\/ubanews.com\/site\/\",\"name\":\"Ub\u00e1 News\",\"description\":\"\",\"publisher\":{\"@id\":\"https:\/\/ubanews.com\/site\/#organization\"},\"potentialAction\":[{\"@type\":\"SearchAction\",\"target\":{\"@type\":\"EntryPoint\",\"urlTemplate\":\"https:\/\/ubanews.com\/site\/?s={search_term_string}\"},\"query-input\":{\"@type\":\"PropertyValueSpecification\",\"valueRequired\":true,\"valueName\":\"search_term_string\"}}],\"inLanguage\":\"pt-BR\"},{\"@type\":\"Organization\",\"@id\":\"https:\/\/ubanews.com\/site\/#organization\",\"name\":\"Ub\u00e1 News\",\"url\":\"https:\/\/ubanews.com\/site\/\",\"logo\":{\"@type\":\"ImageObject\",\"inLanguage\":\"pt-BR\",\"@id\":\"https:\/\/ubanews.com\/site\/#\/schema\/logo\/image\/\",\"url\":\"https:\/\/ubanews.com\/site\/wp-content\/uploads\/2018\/01\/logoubanews.png\",\"contentUrl\":\"https:\/\/ubanews.com\/site\/wp-content\/uploads\/2018\/01\/logoubanews.png\",\"width\":261,\"height\":99,\"caption\":\"Ub\u00e1 News\"},\"image\":{\"@id\":\"https:\/\/ubanews.com\/site\/#\/schema\/logo\/image\/\"},\"sameAs\":[\"https:\/\/www.facebook.com\/Ub\u00e1News-Carlos-Roberto-Sodr\u00e9-418778301977370\"]},{\"@type\":\"Person\",\"@id\":\"https:\/\/ubanews.com\/site\/#\/schema\/person\/d90c9e47252fbb63dcc969fe4c8b9d10\",\"name\":\"Sodr\u00e9\",\"image\":{\"@type\":\"ImageObject\",\"inLanguage\":\"pt-BR\",\"@id\":\"https:\/\/secure.gravatar.com\/avatar\/5ba2793f0590b9dbfad3fdec4ee714485b3eef211c9b32ee53d414060454a56c?s=96&d=mm&r=g\",\"url\":\"https:\/\/secure.gravatar.com\/avatar\/5ba2793f0590b9dbfad3fdec4ee714485b3eef211c9b32ee53d414060454a56c?s=96&d=mm&r=g\",\"contentUrl\":\"https:\/\/secure.gravatar.com\/avatar\/5ba2793f0590b9dbfad3fdec4ee714485b3eef211c9b32ee53d414060454a56c?s=96&d=mm&r=g\",\"caption\":\"Sodr\u00e9\"},\"sameAs\":[\"https:\/\/www.facebook.com\/carosroberto.sodre.5\/\"],\"url\":\"https:\/\/ubanews.com\/site\/author\/felipe\/\"}]}<\/script>\n<!-- \/ Yoast SEO plugin. -->","yoast_head_json":{"title":"Vacin\u00f4metro: Mais de 27 mil ubaenses est\u00e3o totalmente imunizados contra a Covid-19 - Ub\u00e1 News","robots":{"index":"index","follow":"follow","max-snippet":"max-snippet:-1","max-image-preview":"max-image-preview:large","max-video-preview":"max-video-preview:-1"},"canonical":"https:\/\/ubanews.com\/site\/2021\/08\/16\/vacinometro-mais-de-27-mil-ubaenses-estao-totalmente-imunizados-contra-a-covid-19\/","og_locale":"pt_BR","og_type":"article","og_title":"Vacin\u00f4metro: Mais de 27 mil ubaenses est\u00e3o totalmente imunizados contra a Covid-19 - Ub\u00e1 News","og_description":"De acordo com balan\u00e7o da Secretaria Municipal de Sa\u00fade desta","og_url":"https:\/\/ubanews.com\/site\/2021\/08\/16\/vacinometro-mais-de-27-mil-ubaenses-estao-totalmente-imunizados-contra-a-covid-19\/","og_site_name":"Ub\u00e1 News","article_publisher":"https:\/\/www.facebook.com\/Ub%c3%a1News-Carlos-Roberto-Sodr%c3%a9-418778301977370","article_author":"https:\/\/www.facebook.com\/carosroberto.sodre.5\/","article_published_time":"2021-08-16T23:32:27+00:00","article_modified_time":"2021-08-17T18:33:55+00:00","og_image":[{"width":1000,"height":500,"url":"https:\/\/ubanews.com\/site\/wp-content\/uploads\/2021\/08\/735.jpg","type":"image\/jpeg"}],"author":"Sodr\u00e9","twitter_card":"summary_large_image","twitter_misc":{"Escrito por":"Sodr\u00e9","Est. tempo de leitura":"2 minutos"},"schema":{"@context":"https:\/\/schema.org","@graph":[{"@type":"Article","@id":"https:\/\/ubanews.com\/site\/2021\/08\/16\/vacinometro-mais-de-27-mil-ubaenses-estao-totalmente-imunizados-contra-a-covid-19\/#article","isPartOf":{"@id":"https:\/\/ubanews.com\/site\/2021\/08\/16\/vacinometro-mais-de-27-mil-ubaenses-estao-totalmente-imunizados-contra-a-covid-19\/"},"author":{"name":"Sodr\u00e9","@id":"https:\/\/ubanews.com\/site\/#\/schema\/person\/d90c9e47252fbb63dcc969fe4c8b9d10"},"headline":"Vacin\u00f4metro: Mais de 27 mil ubaenses est\u00e3o totalmente imunizados contra a Covid-19","datePublished":"2021-08-16T23:32:27+00:00","dateModified":"2021-08-17T18:33:55+00:00","mainEntityOfPage":{"@id":"https:\/\/ubanews.com\/site\/2021\/08\/16\/vacinometro-mais-de-27-mil-ubaenses-estao-totalmente-imunizados-contra-a-covid-19\/"},"wordCount":306,"commentCount":0,"publisher":{"@id":"https:\/\/ubanews.com\/site\/#organization"},"image":{"@id":"https:\/\/ubanews.com\/site\/2021\/08\/16\/vacinometro-mais-de-27-mil-ubaenses-estao-totalmente-imunizados-contra-a-covid-19\/#primaryimage"},"thumbnailUrl":"https:\/\/ubanews.com\/site\/wp-content\/uploads\/2021\/08\/735.jpg","articleSection":["Prefeitura Municipal"],"inLanguage":"pt-BR","potentialAction":[{"@type":"CommentAction","name":"Comment","target":["https:\/\/ubanews.com\/site\/2021\/08\/16\/vacinometro-mais-de-27-mil-ubaenses-estao-totalmente-imunizados-contra-a-covid-19\/#respond"]}]},{"@type":"WebPage","@id":"https:\/\/ubanews.com\/site\/2021\/08\/16\/vacinometro-mais-de-27-mil-ubaenses-estao-totalmente-imunizados-contra-a-covid-19\/","url":"https:\/\/ubanews.com\/site\/2021\/08\/16\/vacinometro-mais-de-27-mil-ubaenses-estao-totalmente-imunizados-contra-a-covid-19\/","name":"Vacin\u00f4metro: Mais de 27 mil ubaenses est\u00e3o totalmente imunizados contra a Covid-19 - Ub\u00e1 News","isPartOf":{"@id":"https:\/\/ubanews.com\/site\/#website"},"primaryImageOfPage":{"@id":"https:\/\/ubanews.com\/site\/2021\/08\/16\/vacinometro-mais-de-27-mil-ubaenses-estao-totalmente-imunizados-contra-a-covid-19\/#primaryimage"},"image":{"@id":"https:\/\/ubanews.com\/site\/2021\/08\/16\/vacinometro-mais-de-27-mil-ubaenses-estao-totalmente-imunizados-contra-a-covid-19\/#primaryimage"},"thumbnailUrl":"https:\/\/ubanews.com\/site\/wp-content\/uploads\/2021\/08\/735.jpg","datePublished":"2021-08-16T23:32:27+00:00","dateModified":"2021-08-17T18:33:55+00:00","breadcrumb":{"@id":"https:\/\/ubanews.com\/site\/2021\/08\/16\/vacinometro-mais-de-27-mil-ubaenses-estao-totalmente-imunizados-contra-a-covid-19\/#breadcrumb"},"inLanguage":"pt-BR","potentialAction":[{"@type":"ReadAction","target":["https:\/\/ubanews.com\/site\/2021\/08\/16\/vacinometro-mais-de-27-mil-ubaenses-estao-totalmente-imunizados-contra-a-covid-19\/"]}]},{"@type":"ImageObject","inLanguage":"pt-BR","@id":"https:\/\/ubanews.com\/site\/2021\/08\/16\/vacinometro-mais-de-27-mil-ubaenses-estao-totalmente-imunizados-contra-a-covid-19\/#primaryimage","url":"https:\/\/ubanews.com\/site\/wp-content\/uploads\/2021\/08\/735.jpg","contentUrl":"https:\/\/ubanews.com\/site\/wp-content\/uploads\/2021\/08\/735.jpg","width":1000,"height":500},{"@type":"BreadcrumbList","@id":"https:\/\/ubanews.com\/site\/2021\/08\/16\/vacinometro-mais-de-27-mil-ubaenses-estao-totalmente-imunizados-contra-a-covid-19\/#breadcrumb","itemListElement":[{"@type":"ListItem","position":1,"name":"Home","item":"https:\/\/ubanews.com\/site\/"},{"@type":"ListItem","position":2,"name":"Vacin\u00f4metro: Mais de 27 mil ubaenses est\u00e3o totalmente imunizados contra a Covid-19"}]},{"@type":"WebSite","@id":"https:\/\/ubanews.com\/site\/#website","url":"https:\/\/ubanews.com\/site\/","name":"Ub\u00e1 News","description":"","publisher":{"@id":"https:\/\/ubanews.com\/site\/#organization"},"potentialAction":[{"@type":"SearchAction","target":{"@type":"EntryPoint","urlTemplate":"https:\/\/ubanews.com\/site\/?s={search_term_string}"},"query-input":{"@type":"PropertyValueSpecification","valueRequired":true,"valueName":"search_term_string"}}],"inLanguage":"pt-BR"},{"@type":"Organization","@id":"https:\/\/ubanews.com\/site\/#organization","name":"Ub\u00e1 News","url":"https:\/\/ubanews.com\/site\/","logo":{"@type":"ImageObject","inLanguage":"pt-BR","@id":"https:\/\/ubanews.com\/site\/#\/schema\/logo\/image\/","url":"https:\/\/ubanews.com\/site\/wp-content\/uploads\/2018\/01\/logoubanews.png","contentUrl":"https:\/\/ubanews.com\/site\/wp-content\/uploads\/2018\/01\/logoubanews.png","width":261,"height":99,"caption":"Ub\u00e1 News"},"image":{"@id":"https:\/\/ubanews.com\/site\/#\/schema\/logo\/image\/"},"sameAs":["https:\/\/www.facebook.com\/Ub\u00e1News-Carlos-Roberto-Sodr\u00e9-418778301977370"]},{"@type":"Person","@id":"https:\/\/ubanews.com\/site\/#\/schema\/person\/d90c9e47252fbb63dcc969fe4c8b9d10","name":"Sodr\u00e9","image":{"@type":"ImageObject","inLanguage":"pt-BR","@id":"https:\/\/secure.gravatar.com\/avatar\/5ba2793f0590b9dbfad3fdec4ee714485b3eef211c9b32ee53d414060454a56c?s=96&d=mm&r=g","url":"https:\/\/secure.gravatar.com\/avatar\/5ba2793f0590b9dbfad3fdec4ee714485b3eef211c9b32ee53d414060454a56c?s=96&d=mm&r=g","contentUrl":"https:\/\/secure.gravatar.com\/avatar\/5ba2793f0590b9dbfad3fdec4ee714485b3eef211c9b32ee53d414060454a56c?s=96&d=mm&r=g","caption":"Sodr\u00e9"},"sameAs":["https:\/\/www.facebook.com\/carosroberto.sodre.5\/"],"url":"https:\/\/ubanews.com\/site\/author\/felipe\/"}]}},"_links":{"self":[{"href":"https:\/\/ubanews.com\/site\/wp-json\/wp\/v2\/posts\/20344","targetHints":{"allow":["GET"]}}],"collection":[{"href":"https:\/\/ubanews.com\/site\/wp-json\/wp\/v2\/posts"}],"about":[{"href":"https:\/\/ubanews.com\/site\/wp-json\/wp\/v2\/types\/post"}],"author":[{"embeddable":true,"href":"https:\/\/ubanews.com\/site\/wp-json\/wp\/v2\/users\/2"}],"replies":[{"embeddable":true,"href":"https:\/\/ubanews.com\/site\/wp-json\/wp\/v2\/comments?post=20344"}],"version-history":[{"count":0,"href":"https:\/\/ubanews.com\/site\/wp-json\/wp\/v2\/posts\/20344\/revisions"}],"wp:featuredmedia":[{"embeddable":true,"href":"https:\/\/ubanews.com\/site\/wp-json\/wp\/v2\/media\/20345"}],"wp:attachment":[{"href":"https:\/\/ubanews.com\/site\/wp-json\/wp\/v2\/media?parent=20344"}],"wp:term":[{"taxonomy":"category","embeddable":true,"href":"https:\/\/ubanews.com\/site\/wp-json\/wp\/v2\/categories?post=20344"},{"taxonomy":"post_tag","embeddable":true,"href":"https:\/\/ubanews.com\/site\/wp-json\/wp\/v2\/tags?post=20344"}],"curies":[{"name":"wp","href":"https:\/\/api.w.org\/{rel}","templated":true}]}}