{"id":20342,"date":"2021-08-17T15:31:34","date_gmt":"2021-08-17T18:31:34","guid":{"rendered":"http:\/\/ubanews.com\/site\/?p=20342"},"modified":"2021-08-17T15:31:34","modified_gmt":"2021-08-17T18:31:34","slug":"as-inscricoes-para-concorrer-a-uma-das-bolsas-de-estudos-do-programa-capacita-jovem-foram-prorrogadas","status":"publish","type":"post","link":"https:\/\/ubanews.com\/site\/2021\/08\/17\/as-inscricoes-para-concorrer-a-uma-das-bolsas-de-estudos-do-programa-capacita-jovem-foram-prorrogadas\/","title":{"rendered":"As inscri\u00e7\u00f5es para concorrer a uma das bolsas de estudos do programa Capacita Jovem foram prorrogadas."},"content":{"rendered":"<div class=\"kvgmc6g5 cxmmr5t8 oygrvhab hcukyx3x c1et5uql ii04i59q\">\n<div dir=\"auto\">Aten\u00e7\u00e3o Jovens! As inscri\u00e7\u00f5es para concorrer a uma das bolsas de estudos do programa Capacita Jovem foram prorrogadas.<\/div>\n<\/div>\n<div class=\"o9v6fnle cxmmr5t8 oygrvhab hcukyx3x c1et5uql ii04i59q\">\n<div dir=\"auto\">As inscri\u00e7\u00f5es acontecem at\u00e9 o dia 21\/08 (s\u00e1bado), atrav\u00e9s do site <a class=\"oajrlxb2 g5ia77u1 qu0x051f esr5mh6w e9989ue4 r7d6kgcz rq0escxv nhd2j8a9 nc684nl6 p7hjln8o kvgmc6g5 cxmmr5t8 oygrvhab hcukyx3x jb3vyjys rz4wbd8a qt6c0cv9 a8nywdso i1ao9s8h esuyzwwr f1sip0of lzcic4wl py34i1dx gpro0wi8\" tabindex=\"0\" role=\"link\" href=\"https:\/\/l.facebook.com\/l.php?u=http%3A%2F%2Fwww.capacitajovem.com%2F%3Ffbclid%3DIwAR3PAFIadxnoRBfQIijaL76BT0B_stiKk4UE2uxtKa-XcVLh5YlMYAvr3yI&amp;h=AT3o03bMTWKFdb9nzqF4laDnVRxxM8J_vU_vLS2pDL5Ra63OgiKQ-lsdGpFTiDllOZMT5lMZtTbwwKaN_VnxCQAI1uCtL5M3lK2gho76X5IYqaaT1u5qlY_OO6O7yKcfyk9Z&amp;__tn__=-UK-R&amp;c[0]=AT3kpl4xMC5J_h9T3cmKqGmG0DzIBmOze0kbrIkQu7Op9yHp6b60e5iXiRLfz6IF_k9oM4mtITFC2CWizfGUNOGrhVMCljPuMbUmTQDZZeP269E9TZP9_UWww6TJ74EQhE3_T9XhVX5sVXvr6uWw-pyItYIkYfyaQdmrYqQq7ReYlRA\" target=\"_blank\" rel=\"nofollow noopener noreferrer\">www.capacitajovem.com<\/a> . A nova data foi estabelecida devido a alta demanda pelas inscri\u00e7\u00f5es que acabou gerando instabilidade no site, dificultando o acesso dos usu\u00e1rios.<\/div>\n<\/div>\n<div class=\"o9v6fnle cxmmr5t8 oygrvhab hcukyx3x c1et5uql ii04i59q\">\n<div dir=\"auto\">Ao todo ser\u00e3o ofertadas 500 bolsas de estudo em cursos profissionalizantes para jovens de 15 a 19 anos de idade.<\/div>\n<\/div>\n<div class=\"o9v6fnle cxmmr5t8 oygrvhab hcukyx3x c1et5uql ii04i59q\">\n<div dir=\"auto\">Acesse uba.mg.gov.br e saiba mais<\/div>\n<\/div>\n<div dir=\"auto\">&nbsp;<\/div>\n<div dir=\"auto\"><strong>Assessoria de Comunica\u00e7\u00e3o Prefeitura de Ub\u00e1<\/strong><\/div>\n<div dir=\"auto\">&nbsp;<\/div>\n<div dir=\"auto\">\n<div style=\"width: 840px;\" class=\"wp-video\"><video class=\"wp-video-shortcode\" id=\"video-20342-1\" width=\"840\" height=\"473\" autoplay preload=\"auto\" controls=\"controls\"><source type=\"video\/mp4\" src=\"https:\/\/ubanews.com\/site\/wp-content\/uploads\/2020\/12\/01020002.00_00_53_25.mp4?_=1\" \/><a href=\"https:\/\/ubanews.com\/site\/wp-content\/uploads\/2020\/12\/01020002.00_00_53_25.mp4\">https:\/\/ubanews.com\/site\/wp-content\/uploads\/2020\/12\/01020002.00_00_53_25.mp4<\/a><\/video><\/div>\n<\/div>\n","protected":false},"excerpt":{"rendered":"<p>Aten\u00e7\u00e3o Jovens! As inscri\u00e7\u00f5es para concorrer a uma das bolsas<\/p>\n","protected":false},"author":2,"featured_media":20343,"comment_status":"open","ping_status":"open","sticky":false,"template":"","format":"standard","meta":{"footnotes":""},"categories":[15],"tags":[],"class_list":["post-20342","post","type-post","status-publish","format-standard","has-post-thumbnail","hentry","category-prefeitura-municipal"],"yoast_head":"<!-- This site is optimized with the Yoast SEO plugin v27.2 - https:\/\/yoast.com\/product\/yoast-seo-wordpress\/ -->\n<title>As inscri\u00e7\u00f5es para concorrer a uma das bolsas de estudos do programa Capacita Jovem foram prorrogadas. - Ub\u00e1 News<\/title>\n<meta name=\"robots\" content=\"index, follow, max-snippet:-1, max-image-preview:large, max-video-preview:-1\" \/>\n<link rel=\"canonical\" href=\"https:\/\/ubanews.com\/site\/2021\/08\/17\/as-inscricoes-para-concorrer-a-uma-das-bolsas-de-estudos-do-programa-capacita-jovem-foram-prorrogadas\/\" \/>\n<meta property=\"og:locale\" content=\"pt_BR\" \/>\n<meta property=\"og:type\" content=\"article\" \/>\n<meta property=\"og:title\" content=\"As inscri\u00e7\u00f5es para concorrer a uma das bolsas de estudos do programa Capacita Jovem foram prorrogadas. - Ub\u00e1 News\" \/>\n<meta property=\"og:description\" content=\"Aten\u00e7\u00e3o Jovens! As inscri\u00e7\u00f5es para concorrer a uma das bolsas\" \/>\n<meta property=\"og:url\" content=\"https:\/\/ubanews.com\/site\/2021\/08\/17\/as-inscricoes-para-concorrer-a-uma-das-bolsas-de-estudos-do-programa-capacita-jovem-foram-prorrogadas\/\" \/>\n<meta property=\"og:site_name\" content=\"Ub\u00e1 News\" \/>\n<meta property=\"article:publisher\" content=\"https:\/\/www.facebook.com\/Ub%c3%a1News-Carlos-Roberto-Sodr%c3%a9-418778301977370\" \/>\n<meta property=\"article:author\" content=\"https:\/\/www.facebook.com\/carosroberto.sodre.5\/\" \/>\n<meta property=\"article:published_time\" content=\"2021-08-17T18:31:34+00:00\" \/>\n<meta property=\"og:image\" content=\"https:\/\/ubanews.com\/site\/wp-content\/uploads\/2021\/08\/734.jpg\" \/>\n\t<meta property=\"og:image:width\" content=\"1000\" \/>\n\t<meta property=\"og:image:height\" content=\"500\" \/>\n\t<meta property=\"og:image:type\" content=\"image\/jpeg\" \/>\n<meta name=\"author\" content=\"Sodr\u00e9\" \/>\n<meta name=\"twitter:card\" content=\"summary_large_image\" \/>\n<meta name=\"twitter:label1\" content=\"Escrito por\" \/>\n\t<meta name=\"twitter:data1\" content=\"Sodr\u00e9\" \/>\n\t<meta name=\"twitter:label2\" content=\"Est. tempo de leitura\" \/>\n\t<meta name=\"twitter:data2\" content=\"1 minuto\" \/>\n<script type=\"application\/ld+json\" class=\"yoast-schema-graph\">{\"@context\":\"https:\/\/schema.org\",\"@graph\":[{\"@type\":\"Article\",\"@id\":\"https:\/\/ubanews.com\/site\/2021\/08\/17\/as-inscricoes-para-concorrer-a-uma-das-bolsas-de-estudos-do-programa-capacita-jovem-foram-prorrogadas\/#article\",\"isPartOf\":{\"@id\":\"https:\/\/ubanews.com\/site\/2021\/08\/17\/as-inscricoes-para-concorrer-a-uma-das-bolsas-de-estudos-do-programa-capacita-jovem-foram-prorrogadas\/\"},\"author\":{\"name\":\"Sodr\u00e9\",\"@id\":\"https:\/\/ubanews.com\/site\/#\/schema\/person\/d90c9e47252fbb63dcc969fe4c8b9d10\"},\"headline\":\"As inscri\u00e7\u00f5es para concorrer a uma das bolsas de estudos do programa Capacita Jovem foram prorrogadas.\",\"datePublished\":\"2021-08-17T18:31:34+00:00\",\"mainEntityOfPage\":{\"@id\":\"https:\/\/ubanews.com\/site\/2021\/08\/17\/as-inscricoes-para-concorrer-a-uma-das-bolsas-de-estudos-do-programa-capacita-jovem-foram-prorrogadas\/\"},\"wordCount\":128,\"commentCount\":0,\"publisher\":{\"@id\":\"https:\/\/ubanews.com\/site\/#organization\"},\"image\":{\"@id\":\"https:\/\/ubanews.com\/site\/2021\/08\/17\/as-inscricoes-para-concorrer-a-uma-das-bolsas-de-estudos-do-programa-capacita-jovem-foram-prorrogadas\/#primaryimage\"},\"thumbnailUrl\":\"https:\/\/ubanews.com\/site\/wp-content\/uploads\/2021\/08\/734.jpg\",\"articleSection\":[\"Prefeitura Municipal\"],\"inLanguage\":\"pt-BR\",\"potentialAction\":[{\"@type\":\"CommentAction\",\"name\":\"Comment\",\"target\":[\"https:\/\/ubanews.com\/site\/2021\/08\/17\/as-inscricoes-para-concorrer-a-uma-das-bolsas-de-estudos-do-programa-capacita-jovem-foram-prorrogadas\/#respond\"]}]},{\"@type\":\"WebPage\",\"@id\":\"https:\/\/ubanews.com\/site\/2021\/08\/17\/as-inscricoes-para-concorrer-a-uma-das-bolsas-de-estudos-do-programa-capacita-jovem-foram-prorrogadas\/\",\"url\":\"https:\/\/ubanews.com\/site\/2021\/08\/17\/as-inscricoes-para-concorrer-a-uma-das-bolsas-de-estudos-do-programa-capacita-jovem-foram-prorrogadas\/\",\"name\":\"As inscri\u00e7\u00f5es para concorrer a uma das bolsas de estudos do programa Capacita Jovem foram prorrogadas. - Ub\u00e1 News\",\"isPartOf\":{\"@id\":\"https:\/\/ubanews.com\/site\/#website\"},\"primaryImageOfPage\":{\"@id\":\"https:\/\/ubanews.com\/site\/2021\/08\/17\/as-inscricoes-para-concorrer-a-uma-das-bolsas-de-estudos-do-programa-capacita-jovem-foram-prorrogadas\/#primaryimage\"},\"image\":{\"@id\":\"https:\/\/ubanews.com\/site\/2021\/08\/17\/as-inscricoes-para-concorrer-a-uma-das-bolsas-de-estudos-do-programa-capacita-jovem-foram-prorrogadas\/#primaryimage\"},\"thumbnailUrl\":\"https:\/\/ubanews.com\/site\/wp-content\/uploads\/2021\/08\/734.jpg\",\"datePublished\":\"2021-08-17T18:31:34+00:00\",\"breadcrumb\":{\"@id\":\"https:\/\/ubanews.com\/site\/2021\/08\/17\/as-inscricoes-para-concorrer-a-uma-das-bolsas-de-estudos-do-programa-capacita-jovem-foram-prorrogadas\/#breadcrumb\"},\"inLanguage\":\"pt-BR\",\"potentialAction\":[{\"@type\":\"ReadAction\",\"target\":[\"https:\/\/ubanews.com\/site\/2021\/08\/17\/as-inscricoes-para-concorrer-a-uma-das-bolsas-de-estudos-do-programa-capacita-jovem-foram-prorrogadas\/\"]}]},{\"@type\":\"ImageObject\",\"inLanguage\":\"pt-BR\",\"@id\":\"https:\/\/ubanews.com\/site\/2021\/08\/17\/as-inscricoes-para-concorrer-a-uma-das-bolsas-de-estudos-do-programa-capacita-jovem-foram-prorrogadas\/#primaryimage\",\"url\":\"https:\/\/ubanews.com\/site\/wp-content\/uploads\/2021\/08\/734.jpg\",\"contentUrl\":\"https:\/\/ubanews.com\/site\/wp-content\/uploads\/2021\/08\/734.jpg\",\"width\":1000,\"height\":500},{\"@type\":\"BreadcrumbList\",\"@id\":\"https:\/\/ubanews.com\/site\/2021\/08\/17\/as-inscricoes-para-concorrer-a-uma-das-bolsas-de-estudos-do-programa-capacita-jovem-foram-prorrogadas\/#breadcrumb\",\"itemListElement\":[{\"@type\":\"ListItem\",\"position\":1,\"name\":\"Home\",\"item\":\"https:\/\/ubanews.com\/site\/\"},{\"@type\":\"ListItem\",\"position\":2,\"name\":\"As inscri\u00e7\u00f5es para concorrer a uma das bolsas de estudos do programa Capacita Jovem foram prorrogadas.\"}]},{\"@type\":\"WebSite\",\"@id\":\"https:\/\/ubanews.com\/site\/#website\",\"url\":\"https:\/\/ubanews.com\/site\/\",\"name\":\"Ub\u00e1 News\",\"description\":\"\",\"publisher\":{\"@id\":\"https:\/\/ubanews.com\/site\/#organization\"},\"potentialAction\":[{\"@type\":\"SearchAction\",\"target\":{\"@type\":\"EntryPoint\",\"urlTemplate\":\"https:\/\/ubanews.com\/site\/?s={search_term_string}\"},\"query-input\":{\"@type\":\"PropertyValueSpecification\",\"valueRequired\":true,\"valueName\":\"search_term_string\"}}],\"inLanguage\":\"pt-BR\"},{\"@type\":\"Organization\",\"@id\":\"https:\/\/ubanews.com\/site\/#organization\",\"name\":\"Ub\u00e1 News\",\"url\":\"https:\/\/ubanews.com\/site\/\",\"logo\":{\"@type\":\"ImageObject\",\"inLanguage\":\"pt-BR\",\"@id\":\"https:\/\/ubanews.com\/site\/#\/schema\/logo\/image\/\",\"url\":\"https:\/\/ubanews.com\/site\/wp-content\/uploads\/2018\/01\/logoubanews.png\",\"contentUrl\":\"https:\/\/ubanews.com\/site\/wp-content\/uploads\/2018\/01\/logoubanews.png\",\"width\":261,\"height\":99,\"caption\":\"Ub\u00e1 News\"},\"image\":{\"@id\":\"https:\/\/ubanews.com\/site\/#\/schema\/logo\/image\/\"},\"sameAs\":[\"https:\/\/www.facebook.com\/Ub\u00e1News-Carlos-Roberto-Sodr\u00e9-418778301977370\"]},{\"@type\":\"Person\",\"@id\":\"https:\/\/ubanews.com\/site\/#\/schema\/person\/d90c9e47252fbb63dcc969fe4c8b9d10\",\"name\":\"Sodr\u00e9\",\"image\":{\"@type\":\"ImageObject\",\"inLanguage\":\"pt-BR\",\"@id\":\"https:\/\/secure.gravatar.com\/avatar\/5ba2793f0590b9dbfad3fdec4ee714485b3eef211c9b32ee53d414060454a56c?s=96&d=mm&r=g\",\"url\":\"https:\/\/secure.gravatar.com\/avatar\/5ba2793f0590b9dbfad3fdec4ee714485b3eef211c9b32ee53d414060454a56c?s=96&d=mm&r=g\",\"contentUrl\":\"https:\/\/secure.gravatar.com\/avatar\/5ba2793f0590b9dbfad3fdec4ee714485b3eef211c9b32ee53d414060454a56c?s=96&d=mm&r=g\",\"caption\":\"Sodr\u00e9\"},\"sameAs\":[\"https:\/\/www.facebook.com\/carosroberto.sodre.5\/\"],\"url\":\"https:\/\/ubanews.com\/site\/author\/felipe\/\"}]}<\/script>\n<!-- \/ Yoast SEO plugin. -->","yoast_head_json":{"title":"As inscri\u00e7\u00f5es para concorrer a uma das bolsas de estudos do programa Capacita Jovem foram prorrogadas. - Ub\u00e1 News","robots":{"index":"index","follow":"follow","max-snippet":"max-snippet:-1","max-image-preview":"max-image-preview:large","max-video-preview":"max-video-preview:-1"},"canonical":"https:\/\/ubanews.com\/site\/2021\/08\/17\/as-inscricoes-para-concorrer-a-uma-das-bolsas-de-estudos-do-programa-capacita-jovem-foram-prorrogadas\/","og_locale":"pt_BR","og_type":"article","og_title":"As inscri\u00e7\u00f5es para concorrer a uma das bolsas de estudos do programa Capacita Jovem foram prorrogadas. - Ub\u00e1 News","og_description":"Aten\u00e7\u00e3o Jovens! As inscri\u00e7\u00f5es para concorrer a uma das bolsas","og_url":"https:\/\/ubanews.com\/site\/2021\/08\/17\/as-inscricoes-para-concorrer-a-uma-das-bolsas-de-estudos-do-programa-capacita-jovem-foram-prorrogadas\/","og_site_name":"Ub\u00e1 News","article_publisher":"https:\/\/www.facebook.com\/Ub%c3%a1News-Carlos-Roberto-Sodr%c3%a9-418778301977370","article_author":"https:\/\/www.facebook.com\/carosroberto.sodre.5\/","article_published_time":"2021-08-17T18:31:34+00:00","og_image":[{"width":1000,"height":500,"url":"https:\/\/ubanews.com\/site\/wp-content\/uploads\/2021\/08\/734.jpg","type":"image\/jpeg"}],"author":"Sodr\u00e9","twitter_card":"summary_large_image","twitter_misc":{"Escrito por":"Sodr\u00e9","Est. tempo de leitura":"1 minuto"},"schema":{"@context":"https:\/\/schema.org","@graph":[{"@type":"Article","@id":"https:\/\/ubanews.com\/site\/2021\/08\/17\/as-inscricoes-para-concorrer-a-uma-das-bolsas-de-estudos-do-programa-capacita-jovem-foram-prorrogadas\/#article","isPartOf":{"@id":"https:\/\/ubanews.com\/site\/2021\/08\/17\/as-inscricoes-para-concorrer-a-uma-das-bolsas-de-estudos-do-programa-capacita-jovem-foram-prorrogadas\/"},"author":{"name":"Sodr\u00e9","@id":"https:\/\/ubanews.com\/site\/#\/schema\/person\/d90c9e47252fbb63dcc969fe4c8b9d10"},"headline":"As inscri\u00e7\u00f5es para concorrer a uma das bolsas de estudos do programa Capacita Jovem foram prorrogadas.","datePublished":"2021-08-17T18:31:34+00:00","mainEntityOfPage":{"@id":"https:\/\/ubanews.com\/site\/2021\/08\/17\/as-inscricoes-para-concorrer-a-uma-das-bolsas-de-estudos-do-programa-capacita-jovem-foram-prorrogadas\/"},"wordCount":128,"commentCount":0,"publisher":{"@id":"https:\/\/ubanews.com\/site\/#organization"},"image":{"@id":"https:\/\/ubanews.com\/site\/2021\/08\/17\/as-inscricoes-para-concorrer-a-uma-das-bolsas-de-estudos-do-programa-capacita-jovem-foram-prorrogadas\/#primaryimage"},"thumbnailUrl":"https:\/\/ubanews.com\/site\/wp-content\/uploads\/2021\/08\/734.jpg","articleSection":["Prefeitura Municipal"],"inLanguage":"pt-BR","potentialAction":[{"@type":"CommentAction","name":"Comment","target":["https:\/\/ubanews.com\/site\/2021\/08\/17\/as-inscricoes-para-concorrer-a-uma-das-bolsas-de-estudos-do-programa-capacita-jovem-foram-prorrogadas\/#respond"]}]},{"@type":"WebPage","@id":"https:\/\/ubanews.com\/site\/2021\/08\/17\/as-inscricoes-para-concorrer-a-uma-das-bolsas-de-estudos-do-programa-capacita-jovem-foram-prorrogadas\/","url":"https:\/\/ubanews.com\/site\/2021\/08\/17\/as-inscricoes-para-concorrer-a-uma-das-bolsas-de-estudos-do-programa-capacita-jovem-foram-prorrogadas\/","name":"As inscri\u00e7\u00f5es para concorrer a uma das bolsas de estudos do programa Capacita Jovem foram prorrogadas. - Ub\u00e1 News","isPartOf":{"@id":"https:\/\/ubanews.com\/site\/#website"},"primaryImageOfPage":{"@id":"https:\/\/ubanews.com\/site\/2021\/08\/17\/as-inscricoes-para-concorrer-a-uma-das-bolsas-de-estudos-do-programa-capacita-jovem-foram-prorrogadas\/#primaryimage"},"image":{"@id":"https:\/\/ubanews.com\/site\/2021\/08\/17\/as-inscricoes-para-concorrer-a-uma-das-bolsas-de-estudos-do-programa-capacita-jovem-foram-prorrogadas\/#primaryimage"},"thumbnailUrl":"https:\/\/ubanews.com\/site\/wp-content\/uploads\/2021\/08\/734.jpg","datePublished":"2021-08-17T18:31:34+00:00","breadcrumb":{"@id":"https:\/\/ubanews.com\/site\/2021\/08\/17\/as-inscricoes-para-concorrer-a-uma-das-bolsas-de-estudos-do-programa-capacita-jovem-foram-prorrogadas\/#breadcrumb"},"inLanguage":"pt-BR","potentialAction":[{"@type":"ReadAction","target":["https:\/\/ubanews.com\/site\/2021\/08\/17\/as-inscricoes-para-concorrer-a-uma-das-bolsas-de-estudos-do-programa-capacita-jovem-foram-prorrogadas\/"]}]},{"@type":"ImageObject","inLanguage":"pt-BR","@id":"https:\/\/ubanews.com\/site\/2021\/08\/17\/as-inscricoes-para-concorrer-a-uma-das-bolsas-de-estudos-do-programa-capacita-jovem-foram-prorrogadas\/#primaryimage","url":"https:\/\/ubanews.com\/site\/wp-content\/uploads\/2021\/08\/734.jpg","contentUrl":"https:\/\/ubanews.com\/site\/wp-content\/uploads\/2021\/08\/734.jpg","width":1000,"height":500},{"@type":"BreadcrumbList","@id":"https:\/\/ubanews.com\/site\/2021\/08\/17\/as-inscricoes-para-concorrer-a-uma-das-bolsas-de-estudos-do-programa-capacita-jovem-foram-prorrogadas\/#breadcrumb","itemListElement":[{"@type":"ListItem","position":1,"name":"Home","item":"https:\/\/ubanews.com\/site\/"},{"@type":"ListItem","position":2,"name":"As inscri\u00e7\u00f5es para concorrer a uma das bolsas de estudos do programa Capacita Jovem foram prorrogadas."}]},{"@type":"WebSite","@id":"https:\/\/ubanews.com\/site\/#website","url":"https:\/\/ubanews.com\/site\/","name":"Ub\u00e1 News","description":"","publisher":{"@id":"https:\/\/ubanews.com\/site\/#organization"},"potentialAction":[{"@type":"SearchAction","target":{"@type":"EntryPoint","urlTemplate":"https:\/\/ubanews.com\/site\/?s={search_term_string}"},"query-input":{"@type":"PropertyValueSpecification","valueRequired":true,"valueName":"search_term_string"}}],"inLanguage":"pt-BR"},{"@type":"Organization","@id":"https:\/\/ubanews.com\/site\/#organization","name":"Ub\u00e1 News","url":"https:\/\/ubanews.com\/site\/","logo":{"@type":"ImageObject","inLanguage":"pt-BR","@id":"https:\/\/ubanews.com\/site\/#\/schema\/logo\/image\/","url":"https:\/\/ubanews.com\/site\/wp-content\/uploads\/2018\/01\/logoubanews.png","contentUrl":"https:\/\/ubanews.com\/site\/wp-content\/uploads\/2018\/01\/logoubanews.png","width":261,"height":99,"caption":"Ub\u00e1 News"},"image":{"@id":"https:\/\/ubanews.com\/site\/#\/schema\/logo\/image\/"},"sameAs":["https:\/\/www.facebook.com\/Ub\u00e1News-Carlos-Roberto-Sodr\u00e9-418778301977370"]},{"@type":"Person","@id":"https:\/\/ubanews.com\/site\/#\/schema\/person\/d90c9e47252fbb63dcc969fe4c8b9d10","name":"Sodr\u00e9","image":{"@type":"ImageObject","inLanguage":"pt-BR","@id":"https:\/\/secure.gravatar.com\/avatar\/5ba2793f0590b9dbfad3fdec4ee714485b3eef211c9b32ee53d414060454a56c?s=96&d=mm&r=g","url":"https:\/\/secure.gravatar.com\/avatar\/5ba2793f0590b9dbfad3fdec4ee714485b3eef211c9b32ee53d414060454a56c?s=96&d=mm&r=g","contentUrl":"https:\/\/secure.gravatar.com\/avatar\/5ba2793f0590b9dbfad3fdec4ee714485b3eef211c9b32ee53d414060454a56c?s=96&d=mm&r=g","caption":"Sodr\u00e9"},"sameAs":["https:\/\/www.facebook.com\/carosroberto.sodre.5\/"],"url":"https:\/\/ubanews.com\/site\/author\/felipe\/"}]}},"_links":{"self":[{"href":"https:\/\/ubanews.com\/site\/wp-json\/wp\/v2\/posts\/20342","targetHints":{"allow":["GET"]}}],"collection":[{"href":"https:\/\/ubanews.com\/site\/wp-json\/wp\/v2\/posts"}],"about":[{"href":"https:\/\/ubanews.com\/site\/wp-json\/wp\/v2\/types\/post"}],"author":[{"embeddable":true,"href":"https:\/\/ubanews.com\/site\/wp-json\/wp\/v2\/users\/2"}],"replies":[{"embeddable":true,"href":"https:\/\/ubanews.com\/site\/wp-json\/wp\/v2\/comments?post=20342"}],"version-history":[{"count":0,"href":"https:\/\/ubanews.com\/site\/wp-json\/wp\/v2\/posts\/20342\/revisions"}],"wp:featuredmedia":[{"embeddable":true,"href":"https:\/\/ubanews.com\/site\/wp-json\/wp\/v2\/media\/20343"}],"wp:attachment":[{"href":"https:\/\/ubanews.com\/site\/wp-json\/wp\/v2\/media?parent=20342"}],"wp:term":[{"taxonomy":"category","embeddable":true,"href":"https:\/\/ubanews.com\/site\/wp-json\/wp\/v2\/categories?post=20342"},{"taxonomy":"post_tag","embeddable":true,"href":"https:\/\/ubanews.com\/site\/wp-json\/wp\/v2\/tags?post=20342"}],"curies":[{"name":"wp","href":"https:\/\/api.w.org\/{rel}","templated":true}]}}