{"id":20327,"date":"2021-08-14T15:11:46","date_gmt":"2021-08-14T18:11:46","guid":{"rendered":"http:\/\/ubanews.com\/site\/?p=20327"},"modified":"2021-08-17T15:13:30","modified_gmt":"2021-08-17T18:13:30","slug":"pcmg-prende-em-mirai-suspeito-de-estuprar-ex-namorada","status":"publish","type":"post","link":"https:\/\/ubanews.com\/site\/2021\/08\/14\/pcmg-prende-em-mirai-suspeito-de-estuprar-ex-namorada\/","title":{"rendered":"PCMG prende em Mira\u00ed suspeito de estuprar ex-namorada"},"content":{"rendered":"<p><em>O investigado tamb\u00e9m responder\u00e1 por estupro de vulner\u00e1vel e por divulgar imagens de nudez e de rela\u00e7\u00f5es \u00edntimas sem o consentimento da mulher. Apura\u00e7\u00f5es indicaram que existem tamb\u00e9m outras v\u00edtimas em cidades distintas, tais como Alfenas e Muria\u00e9.<\/em><\/p>\n<p>Nesta sexta-feira (13\/8), a Pol\u00edcia Civil de Minas Gerais prendeu, no munic\u00edpio de Mira\u00ed, na Zona da Mata mineira, um rapaz de 26 anos, suspeito de cometer estupro e estupro de vulner\u00e1vel, bem como de praticar o crime de divulga\u00e7\u00e3o de cena de estupro ou de cena de estupro de vulner\u00e1vel, de cena de sexo ou de pornografia em desfavor da ex-namorada dele, uma jovem de 22 anos, que reside em Cataguases. Apura\u00e7\u00f5es indicaram que existem tamb\u00e9m outras v\u00edtimas em cidades distintas, tais como Alfenas e Muria\u00e9.<\/p>\n<p>Conforme informa\u00e7\u00f5es da delegada \u00c9rica Nascimento Guedes, a v\u00edtima teve um relacionamento com o investigado &#8211; que \u00e9 m\u00e9dico &#8211; entre janeiro e junho deste ano, e os crimes teriam acontecido em Cataguases, onde a v\u00edtima reside, e em Mira\u00ed, local de resid\u00eancia do suspeito. \u201cEla alega ter sofrido, nesse per\u00edodo, os crimes de estupro, mas tamb\u00e9m estupro de vulner\u00e1vel \u2013 em raz\u00e3o do rapaz ter dopado a ex-namorada e mantido rela\u00e7\u00f5es com ela desacordada. O investigado tamb\u00e9m teria divulgado cenas de sexo e nudez, sem a autoriza\u00e7\u00e3o da v\u00edtima\u201d, explica.<\/p>\n<div id=\"metaslider-id-17652\" style=\"max-width: 1000px;\" class=\"ml-slider-3-106-0 metaslider metaslider-nivo metaslider-17652 ml-slider ms-theme-outline\" role=\"region\" aria-label=\"Texto\" data-height=\"200\" data-width=\"1000\">\n    <div id=\"metaslider_container_17652\">\n        <div class='slider-wrapper theme-default'><div class='ribbon'><\/div><div id='metaslider_17652' class='nivoSlider'><\/div><\/div>\n        \n    <\/div>\n<\/div>\n<p>Segundo a autoridade policial, durante as investiga\u00e7\u00f5es, foram realizadas oitivas dessa v\u00edtima e de outras duas. &nbsp;Uma das declara\u00e7\u00f5es foi prestada na Delegacia de Mulheres em Alfenas por uma jovem de 21 anos que teve fotos \u00edntimas divulgadas pelo investigado. Al\u00e9m disso, uma terceira mulher, em Muria\u00e9, que hoje possui 25 anos, tamb\u00e9m alega ter sido dopada h\u00e1 alguns anos pelo suspeito e, posteriormente, ele teria mantido rela\u00e7\u00e3o sexual com ela, desacordada. Os dois casos teriam ocorrido, quando ele ainda era estudante de Medicina na cidade de Alfenas.<\/p>\n<p>Ainda conforme a delegada, tamb\u00e9m foram realizados oitivas de tr\u00eas testemunhas e Relat\u00f3rio Circunstanciado de Investiga\u00e7\u00e3o, resultando no cumprimento de mandado de busca e apreens\u00e3o em desfavor do rapaz, nas resid\u00eancias dele, em Mira\u00ed e em Cataguases. Na ocasi\u00e3o, foram apreendidos tr\u00eas aparelhos celulares, dois notebooks, uma c\u00e2mera fotogr\u00e1fica, dois pendrives, diversos medicamentos de uso controlado, v\u00e1rios objetos de uso sexual e dois cigarros de subst\u00e2ncia semelhante \u00e0 maconha. J\u00e1 o mandado de pris\u00e3o tempor\u00e1ria foi cumprido por policiais civis de Cataguases e de Mira\u00ed, no&nbsp; local de trabalho do rapaz. Ele foi encaminhado \u00e0 delegacia em Cataguases. Posteriormente, foi conduzido at\u00e9 o sistema prisional. De acordo com a autoridade policial, o material apreendido foi encaminhado \u00e0 per\u00edcia.<\/p>\n<p>A delegada refor\u00e7a a import\u00e2ncia da den\u00fancia, no caso de outras poss\u00edveis v\u00edtimas. \u201cA mulher pode procurar a delegacia de Pol\u00edcia Civil em Cataguases, que fica Rua Antero Ribeiro, 180, no bairro Popular, ou ligar para a unidade policial no n\u00famero (32) 3421-1129, para que o suspeito tamb\u00e9m possa responder por outros atos il\u00edcitos supostamente praticados\u201d, concluiu.<\/p>\n<p><strong>Assessoria de Comunica\u00e7\u00e3o Pol\u00edcia Civil de Minas Gerais<\/strong><\/p>\n<div style=\"width: 840px;\" class=\"wp-video\"><video class=\"wp-video-shortcode\" id=\"video-20327-1\" width=\"840\" height=\"473\" autoplay preload=\"auto\" controls=\"controls\"><source type=\"video\/mp4\" src=\"https:\/\/ubanews.com\/site\/wp-content\/uploads\/2020\/12\/01020002.00_00_53_25.mp4?_=1\" \/><a href=\"https:\/\/ubanews.com\/site\/wp-content\/uploads\/2020\/12\/01020002.00_00_53_25.mp4\">https:\/\/ubanews.com\/site\/wp-content\/uploads\/2020\/12\/01020002.00_00_53_25.mp4<\/a><\/video><\/div>\n<p>&nbsp;<\/p>\n","protected":false},"excerpt":{"rendered":"<p>O investigado tamb\u00e9m responder\u00e1 por estupro de vulner\u00e1vel e por<\/p>\n","protected":false},"author":2,"featured_media":20329,"comment_status":"open","ping_status":"open","sticky":false,"template":"","format":"standard","meta":{"footnotes":""},"categories":[1],"tags":[],"class_list":["post-20327","post","type-post","status-publish","format-standard","has-post-thumbnail","hentry","category-sem-categoria"],"yoast_head":"<!-- This site is optimized with the Yoast SEO plugin v27.2 - https:\/\/yoast.com\/product\/yoast-seo-wordpress\/ -->\n<title>PCMG prende em Mira\u00ed suspeito de estuprar ex-namorada - Ub\u00e1 News<\/title>\n<meta name=\"robots\" content=\"index, follow, max-snippet:-1, max-image-preview:large, max-video-preview:-1\" \/>\n<link rel=\"canonical\" href=\"https:\/\/ubanews.com\/site\/2021\/08\/14\/pcmg-prende-em-mirai-suspeito-de-estuprar-ex-namorada\/\" \/>\n<meta property=\"og:locale\" content=\"pt_BR\" \/>\n<meta property=\"og:type\" content=\"article\" \/>\n<meta property=\"og:title\" content=\"PCMG prende em Mira\u00ed suspeito de estuprar ex-namorada - Ub\u00e1 News\" \/>\n<meta property=\"og:description\" content=\"O investigado tamb\u00e9m responder\u00e1 por estupro de vulner\u00e1vel e por\" \/>\n<meta property=\"og:url\" content=\"https:\/\/ubanews.com\/site\/2021\/08\/14\/pcmg-prende-em-mirai-suspeito-de-estuprar-ex-namorada\/\" \/>\n<meta property=\"og:site_name\" content=\"Ub\u00e1 News\" \/>\n<meta property=\"article:publisher\" content=\"https:\/\/www.facebook.com\/Ub%c3%a1News-Carlos-Roberto-Sodr%c3%a9-418778301977370\" \/>\n<meta property=\"article:author\" content=\"https:\/\/www.facebook.com\/carosroberto.sodre.5\/\" \/>\n<meta property=\"article:published_time\" content=\"2021-08-14T18:11:46+00:00\" \/>\n<meta property=\"article:modified_time\" content=\"2021-08-17T18:13:30+00:00\" \/>\n<meta property=\"og:image\" content=\"https:\/\/ubanews.com\/site\/wp-content\/uploads\/2021\/08\/731.jpg\" \/>\n\t<meta property=\"og:image:width\" content=\"1000\" \/>\n\t<meta property=\"og:image:height\" content=\"500\" \/>\n\t<meta property=\"og:image:type\" content=\"image\/jpeg\" \/>\n<meta name=\"author\" content=\"Sodr\u00e9\" \/>\n<meta name=\"twitter:card\" content=\"summary_large_image\" \/>\n<meta name=\"twitter:label1\" content=\"Escrito por\" \/>\n\t<meta name=\"twitter:data1\" content=\"Sodr\u00e9\" \/>\n\t<meta name=\"twitter:label2\" content=\"Est. tempo de leitura\" \/>\n\t<meta name=\"twitter:data2\" content=\"3 minutos\" \/>\n<script type=\"application\/ld+json\" class=\"yoast-schema-graph\">{\"@context\":\"https:\/\/schema.org\",\"@graph\":[{\"@type\":\"Article\",\"@id\":\"https:\/\/ubanews.com\/site\/2021\/08\/14\/pcmg-prende-em-mirai-suspeito-de-estuprar-ex-namorada\/#article\",\"isPartOf\":{\"@id\":\"https:\/\/ubanews.com\/site\/2021\/08\/14\/pcmg-prende-em-mirai-suspeito-de-estuprar-ex-namorada\/\"},\"author\":{\"name\":\"Sodr\u00e9\",\"@id\":\"https:\/\/ubanews.com\/site\/#\/schema\/person\/d90c9e47252fbb63dcc969fe4c8b9d10\"},\"headline\":\"PCMG prende em Mira\u00ed suspeito de estuprar ex-namorada\",\"datePublished\":\"2021-08-14T18:11:46+00:00\",\"dateModified\":\"2021-08-17T18:13:30+00:00\",\"mainEntityOfPage\":{\"@id\":\"https:\/\/ubanews.com\/site\/2021\/08\/14\/pcmg-prende-em-mirai-suspeito-de-estuprar-ex-namorada\/\"},\"wordCount\":563,\"commentCount\":0,\"publisher\":{\"@id\":\"https:\/\/ubanews.com\/site\/#organization\"},\"image\":{\"@id\":\"https:\/\/ubanews.com\/site\/2021\/08\/14\/pcmg-prende-em-mirai-suspeito-de-estuprar-ex-namorada\/#primaryimage\"},\"thumbnailUrl\":\"https:\/\/ubanews.com\/site\/wp-content\/uploads\/2021\/08\/731.jpg\",\"articleSection\":[\"Geral\"],\"inLanguage\":\"pt-BR\",\"potentialAction\":[{\"@type\":\"CommentAction\",\"name\":\"Comment\",\"target\":[\"https:\/\/ubanews.com\/site\/2021\/08\/14\/pcmg-prende-em-mirai-suspeito-de-estuprar-ex-namorada\/#respond\"]}]},{\"@type\":\"WebPage\",\"@id\":\"https:\/\/ubanews.com\/site\/2021\/08\/14\/pcmg-prende-em-mirai-suspeito-de-estuprar-ex-namorada\/\",\"url\":\"https:\/\/ubanews.com\/site\/2021\/08\/14\/pcmg-prende-em-mirai-suspeito-de-estuprar-ex-namorada\/\",\"name\":\"PCMG prende em Mira\u00ed suspeito de estuprar ex-namorada - Ub\u00e1 News\",\"isPartOf\":{\"@id\":\"https:\/\/ubanews.com\/site\/#website\"},\"primaryImageOfPage\":{\"@id\":\"https:\/\/ubanews.com\/site\/2021\/08\/14\/pcmg-prende-em-mirai-suspeito-de-estuprar-ex-namorada\/#primaryimage\"},\"image\":{\"@id\":\"https:\/\/ubanews.com\/site\/2021\/08\/14\/pcmg-prende-em-mirai-suspeito-de-estuprar-ex-namorada\/#primaryimage\"},\"thumbnailUrl\":\"https:\/\/ubanews.com\/site\/wp-content\/uploads\/2021\/08\/731.jpg\",\"datePublished\":\"2021-08-14T18:11:46+00:00\",\"dateModified\":\"2021-08-17T18:13:30+00:00\",\"breadcrumb\":{\"@id\":\"https:\/\/ubanews.com\/site\/2021\/08\/14\/pcmg-prende-em-mirai-suspeito-de-estuprar-ex-namorada\/#breadcrumb\"},\"inLanguage\":\"pt-BR\",\"potentialAction\":[{\"@type\":\"ReadAction\",\"target\":[\"https:\/\/ubanews.com\/site\/2021\/08\/14\/pcmg-prende-em-mirai-suspeito-de-estuprar-ex-namorada\/\"]}]},{\"@type\":\"ImageObject\",\"inLanguage\":\"pt-BR\",\"@id\":\"https:\/\/ubanews.com\/site\/2021\/08\/14\/pcmg-prende-em-mirai-suspeito-de-estuprar-ex-namorada\/#primaryimage\",\"url\":\"https:\/\/ubanews.com\/site\/wp-content\/uploads\/2021\/08\/731.jpg\",\"contentUrl\":\"https:\/\/ubanews.com\/site\/wp-content\/uploads\/2021\/08\/731.jpg\",\"width\":1000,\"height\":500},{\"@type\":\"BreadcrumbList\",\"@id\":\"https:\/\/ubanews.com\/site\/2021\/08\/14\/pcmg-prende-em-mirai-suspeito-de-estuprar-ex-namorada\/#breadcrumb\",\"itemListElement\":[{\"@type\":\"ListItem\",\"position\":1,\"name\":\"Home\",\"item\":\"https:\/\/ubanews.com\/site\/\"},{\"@type\":\"ListItem\",\"position\":2,\"name\":\"PCMG prende em Mira\u00ed suspeito de estuprar ex-namorada\"}]},{\"@type\":\"WebSite\",\"@id\":\"https:\/\/ubanews.com\/site\/#website\",\"url\":\"https:\/\/ubanews.com\/site\/\",\"name\":\"Ub\u00e1 News\",\"description\":\"\",\"publisher\":{\"@id\":\"https:\/\/ubanews.com\/site\/#organization\"},\"potentialAction\":[{\"@type\":\"SearchAction\",\"target\":{\"@type\":\"EntryPoint\",\"urlTemplate\":\"https:\/\/ubanews.com\/site\/?s={search_term_string}\"},\"query-input\":{\"@type\":\"PropertyValueSpecification\",\"valueRequired\":true,\"valueName\":\"search_term_string\"}}],\"inLanguage\":\"pt-BR\"},{\"@type\":\"Organization\",\"@id\":\"https:\/\/ubanews.com\/site\/#organization\",\"name\":\"Ub\u00e1 News\",\"url\":\"https:\/\/ubanews.com\/site\/\",\"logo\":{\"@type\":\"ImageObject\",\"inLanguage\":\"pt-BR\",\"@id\":\"https:\/\/ubanews.com\/site\/#\/schema\/logo\/image\/\",\"url\":\"https:\/\/ubanews.com\/site\/wp-content\/uploads\/2018\/01\/logoubanews.png\",\"contentUrl\":\"https:\/\/ubanews.com\/site\/wp-content\/uploads\/2018\/01\/logoubanews.png\",\"width\":261,\"height\":99,\"caption\":\"Ub\u00e1 News\"},\"image\":{\"@id\":\"https:\/\/ubanews.com\/site\/#\/schema\/logo\/image\/\"},\"sameAs\":[\"https:\/\/www.facebook.com\/Ub\u00e1News-Carlos-Roberto-Sodr\u00e9-418778301977370\"]},{\"@type\":\"Person\",\"@id\":\"https:\/\/ubanews.com\/site\/#\/schema\/person\/d90c9e47252fbb63dcc969fe4c8b9d10\",\"name\":\"Sodr\u00e9\",\"image\":{\"@type\":\"ImageObject\",\"inLanguage\":\"pt-BR\",\"@id\":\"https:\/\/secure.gravatar.com\/avatar\/5ba2793f0590b9dbfad3fdec4ee714485b3eef211c9b32ee53d414060454a56c?s=96&d=mm&r=g\",\"url\":\"https:\/\/secure.gravatar.com\/avatar\/5ba2793f0590b9dbfad3fdec4ee714485b3eef211c9b32ee53d414060454a56c?s=96&d=mm&r=g\",\"contentUrl\":\"https:\/\/secure.gravatar.com\/avatar\/5ba2793f0590b9dbfad3fdec4ee714485b3eef211c9b32ee53d414060454a56c?s=96&d=mm&r=g\",\"caption\":\"Sodr\u00e9\"},\"sameAs\":[\"https:\/\/www.facebook.com\/carosroberto.sodre.5\/\"],\"url\":\"https:\/\/ubanews.com\/site\/author\/felipe\/\"}]}<\/script>\n<!-- \/ Yoast SEO plugin. -->","yoast_head_json":{"title":"PCMG prende em Mira\u00ed suspeito de estuprar ex-namorada - Ub\u00e1 News","robots":{"index":"index","follow":"follow","max-snippet":"max-snippet:-1","max-image-preview":"max-image-preview:large","max-video-preview":"max-video-preview:-1"},"canonical":"https:\/\/ubanews.com\/site\/2021\/08\/14\/pcmg-prende-em-mirai-suspeito-de-estuprar-ex-namorada\/","og_locale":"pt_BR","og_type":"article","og_title":"PCMG prende em Mira\u00ed suspeito de estuprar ex-namorada - Ub\u00e1 News","og_description":"O investigado tamb\u00e9m responder\u00e1 por estupro de vulner\u00e1vel e por","og_url":"https:\/\/ubanews.com\/site\/2021\/08\/14\/pcmg-prende-em-mirai-suspeito-de-estuprar-ex-namorada\/","og_site_name":"Ub\u00e1 News","article_publisher":"https:\/\/www.facebook.com\/Ub%c3%a1News-Carlos-Roberto-Sodr%c3%a9-418778301977370","article_author":"https:\/\/www.facebook.com\/carosroberto.sodre.5\/","article_published_time":"2021-08-14T18:11:46+00:00","article_modified_time":"2021-08-17T18:13:30+00:00","og_image":[{"width":1000,"height":500,"url":"https:\/\/ubanews.com\/site\/wp-content\/uploads\/2021\/08\/731.jpg","type":"image\/jpeg"}],"author":"Sodr\u00e9","twitter_card":"summary_large_image","twitter_misc":{"Escrito por":"Sodr\u00e9","Est. tempo de leitura":"3 minutos"},"schema":{"@context":"https:\/\/schema.org","@graph":[{"@type":"Article","@id":"https:\/\/ubanews.com\/site\/2021\/08\/14\/pcmg-prende-em-mirai-suspeito-de-estuprar-ex-namorada\/#article","isPartOf":{"@id":"https:\/\/ubanews.com\/site\/2021\/08\/14\/pcmg-prende-em-mirai-suspeito-de-estuprar-ex-namorada\/"},"author":{"name":"Sodr\u00e9","@id":"https:\/\/ubanews.com\/site\/#\/schema\/person\/d90c9e47252fbb63dcc969fe4c8b9d10"},"headline":"PCMG prende em Mira\u00ed suspeito de estuprar ex-namorada","datePublished":"2021-08-14T18:11:46+00:00","dateModified":"2021-08-17T18:13:30+00:00","mainEntityOfPage":{"@id":"https:\/\/ubanews.com\/site\/2021\/08\/14\/pcmg-prende-em-mirai-suspeito-de-estuprar-ex-namorada\/"},"wordCount":563,"commentCount":0,"publisher":{"@id":"https:\/\/ubanews.com\/site\/#organization"},"image":{"@id":"https:\/\/ubanews.com\/site\/2021\/08\/14\/pcmg-prende-em-mirai-suspeito-de-estuprar-ex-namorada\/#primaryimage"},"thumbnailUrl":"https:\/\/ubanews.com\/site\/wp-content\/uploads\/2021\/08\/731.jpg","articleSection":["Geral"],"inLanguage":"pt-BR","potentialAction":[{"@type":"CommentAction","name":"Comment","target":["https:\/\/ubanews.com\/site\/2021\/08\/14\/pcmg-prende-em-mirai-suspeito-de-estuprar-ex-namorada\/#respond"]}]},{"@type":"WebPage","@id":"https:\/\/ubanews.com\/site\/2021\/08\/14\/pcmg-prende-em-mirai-suspeito-de-estuprar-ex-namorada\/","url":"https:\/\/ubanews.com\/site\/2021\/08\/14\/pcmg-prende-em-mirai-suspeito-de-estuprar-ex-namorada\/","name":"PCMG prende em Mira\u00ed suspeito de estuprar ex-namorada - Ub\u00e1 News","isPartOf":{"@id":"https:\/\/ubanews.com\/site\/#website"},"primaryImageOfPage":{"@id":"https:\/\/ubanews.com\/site\/2021\/08\/14\/pcmg-prende-em-mirai-suspeito-de-estuprar-ex-namorada\/#primaryimage"},"image":{"@id":"https:\/\/ubanews.com\/site\/2021\/08\/14\/pcmg-prende-em-mirai-suspeito-de-estuprar-ex-namorada\/#primaryimage"},"thumbnailUrl":"https:\/\/ubanews.com\/site\/wp-content\/uploads\/2021\/08\/731.jpg","datePublished":"2021-08-14T18:11:46+00:00","dateModified":"2021-08-17T18:13:30+00:00","breadcrumb":{"@id":"https:\/\/ubanews.com\/site\/2021\/08\/14\/pcmg-prende-em-mirai-suspeito-de-estuprar-ex-namorada\/#breadcrumb"},"inLanguage":"pt-BR","potentialAction":[{"@type":"ReadAction","target":["https:\/\/ubanews.com\/site\/2021\/08\/14\/pcmg-prende-em-mirai-suspeito-de-estuprar-ex-namorada\/"]}]},{"@type":"ImageObject","inLanguage":"pt-BR","@id":"https:\/\/ubanews.com\/site\/2021\/08\/14\/pcmg-prende-em-mirai-suspeito-de-estuprar-ex-namorada\/#primaryimage","url":"https:\/\/ubanews.com\/site\/wp-content\/uploads\/2021\/08\/731.jpg","contentUrl":"https:\/\/ubanews.com\/site\/wp-content\/uploads\/2021\/08\/731.jpg","width":1000,"height":500},{"@type":"BreadcrumbList","@id":"https:\/\/ubanews.com\/site\/2021\/08\/14\/pcmg-prende-em-mirai-suspeito-de-estuprar-ex-namorada\/#breadcrumb","itemListElement":[{"@type":"ListItem","position":1,"name":"Home","item":"https:\/\/ubanews.com\/site\/"},{"@type":"ListItem","position":2,"name":"PCMG prende em Mira\u00ed suspeito de estuprar ex-namorada"}]},{"@type":"WebSite","@id":"https:\/\/ubanews.com\/site\/#website","url":"https:\/\/ubanews.com\/site\/","name":"Ub\u00e1 News","description":"","publisher":{"@id":"https:\/\/ubanews.com\/site\/#organization"},"potentialAction":[{"@type":"SearchAction","target":{"@type":"EntryPoint","urlTemplate":"https:\/\/ubanews.com\/site\/?s={search_term_string}"},"query-input":{"@type":"PropertyValueSpecification","valueRequired":true,"valueName":"search_term_string"}}],"inLanguage":"pt-BR"},{"@type":"Organization","@id":"https:\/\/ubanews.com\/site\/#organization","name":"Ub\u00e1 News","url":"https:\/\/ubanews.com\/site\/","logo":{"@type":"ImageObject","inLanguage":"pt-BR","@id":"https:\/\/ubanews.com\/site\/#\/schema\/logo\/image\/","url":"https:\/\/ubanews.com\/site\/wp-content\/uploads\/2018\/01\/logoubanews.png","contentUrl":"https:\/\/ubanews.com\/site\/wp-content\/uploads\/2018\/01\/logoubanews.png","width":261,"height":99,"caption":"Ub\u00e1 News"},"image":{"@id":"https:\/\/ubanews.com\/site\/#\/schema\/logo\/image\/"},"sameAs":["https:\/\/www.facebook.com\/Ub\u00e1News-Carlos-Roberto-Sodr\u00e9-418778301977370"]},{"@type":"Person","@id":"https:\/\/ubanews.com\/site\/#\/schema\/person\/d90c9e47252fbb63dcc969fe4c8b9d10","name":"Sodr\u00e9","image":{"@type":"ImageObject","inLanguage":"pt-BR","@id":"https:\/\/secure.gravatar.com\/avatar\/5ba2793f0590b9dbfad3fdec4ee714485b3eef211c9b32ee53d414060454a56c?s=96&d=mm&r=g","url":"https:\/\/secure.gravatar.com\/avatar\/5ba2793f0590b9dbfad3fdec4ee714485b3eef211c9b32ee53d414060454a56c?s=96&d=mm&r=g","contentUrl":"https:\/\/secure.gravatar.com\/avatar\/5ba2793f0590b9dbfad3fdec4ee714485b3eef211c9b32ee53d414060454a56c?s=96&d=mm&r=g","caption":"Sodr\u00e9"},"sameAs":["https:\/\/www.facebook.com\/carosroberto.sodre.5\/"],"url":"https:\/\/ubanews.com\/site\/author\/felipe\/"}]}},"_links":{"self":[{"href":"https:\/\/ubanews.com\/site\/wp-json\/wp\/v2\/posts\/20327","targetHints":{"allow":["GET"]}}],"collection":[{"href":"https:\/\/ubanews.com\/site\/wp-json\/wp\/v2\/posts"}],"about":[{"href":"https:\/\/ubanews.com\/site\/wp-json\/wp\/v2\/types\/post"}],"author":[{"embeddable":true,"href":"https:\/\/ubanews.com\/site\/wp-json\/wp\/v2\/users\/2"}],"replies":[{"embeddable":true,"href":"https:\/\/ubanews.com\/site\/wp-json\/wp\/v2\/comments?post=20327"}],"version-history":[{"count":0,"href":"https:\/\/ubanews.com\/site\/wp-json\/wp\/v2\/posts\/20327\/revisions"}],"wp:featuredmedia":[{"embeddable":true,"href":"https:\/\/ubanews.com\/site\/wp-json\/wp\/v2\/media\/20329"}],"wp:attachment":[{"href":"https:\/\/ubanews.com\/site\/wp-json\/wp\/v2\/media?parent=20327"}],"wp:term":[{"taxonomy":"category","embeddable":true,"href":"https:\/\/ubanews.com\/site\/wp-json\/wp\/v2\/categories?post=20327"},{"taxonomy":"post_tag","embeddable":true,"href":"https:\/\/ubanews.com\/site\/wp-json\/wp\/v2\/tags?post=20327"}],"curies":[{"name":"wp","href":"https:\/\/api.w.org\/{rel}","templated":true}]}}