{"id":20290,"date":"2021-08-11T17:08:51","date_gmt":"2021-08-11T20:08:51","guid":{"rendered":"http:\/\/ubanews.com\/site\/?p=20290"},"modified":"2021-08-11T17:10:30","modified_gmt":"2021-08-11T20:10:30","slug":"uba-acao-integrada-apreende-cerca-de-uma-tonelada-de-carnes-em-abatedouro-clandestino","status":"publish","type":"post","link":"https:\/\/ubanews.com\/site\/2021\/08\/11\/uba-acao-integrada-apreende-cerca-de-uma-tonelada-de-carnes-em-abatedouro-clandestino\/","title":{"rendered":"Ub\u00e1: a\u00e7\u00e3o integrada apreende cerca de uma tonelada de carnes em abatedouro clandestino"},"content":{"rendered":"<p>Um suspeito de 42 anos foi preso, durante a\u00e7\u00e3o realizada pela PCMG, em parceria com Minist\u00e9rio P\u00fablico, Vigil\u00e2ncia Sanit\u00e1ria e Instituto do Meio Ambiente.<\/p>\n<p>Nesta quarta-feira (11\/8), a Pol\u00edcia Civil de Minas Gerais &#8211; em parceria com o Minist\u00e9rio P\u00fablico de Minas Gerais, Vigil\u00e2ncia Sanit\u00e1ria e Instituto do Meio Ambiente \u2013 apreendeu cerca de uma tonelada de carnes, em um abatedouro clandestino, no munic\u00edpio de Ub\u00e1, na Zona da Mata mineira. Um suspeito de 42 anos foi preso pela pr\u00e1tica de crime contra a rela\u00e7\u00e3o de consumo e de crime ambiental.<\/p>\n<p>Ap\u00f3s a PCMG receber decis\u00e3o judicial para cumprimento de mandado de busca e apreens\u00e3o, trabalhos investigativos foram realizados pela Delegacia Regional em Ub\u00e1 e resultaram na a\u00e7\u00e3o desencadeada na cidade. Durante levantamentos, foi constatado que o investigado possu\u00eda um abatedouro de animais clandestino na resid\u00eancia dele, al\u00e9m de locais para acautelar carnes em desacordo com a legisla\u00e7\u00e3o e sem inspe\u00e7\u00e3o dos \u00f3rg\u00e3os competentes.<\/p>\n<div id=\"metaslider-id-17652\" style=\"max-width: 1000px;\" class=\"ml-slider-3-106-0 metaslider metaslider-nivo metaslider-17652 ml-slider ms-theme-outline\" role=\"region\" aria-label=\"Texto\" data-height=\"200\" data-width=\"1000\">\n    <div id=\"metaslider_container_17652\">\n        <div class='slider-wrapper theme-default'><div class='ribbon'><\/div><div id='metaslider_17652' class='nivoSlider'><\/div><\/div>\n        \n    <\/div>\n<\/div>\n<p>Durante as buscas, foram apreendidos duas carca\u00e7as de animais su\u00ednos que estavam sendo manuseadas no momento da chegada dos policiais civis, al\u00e9m de carnes e lingui\u00e7as acauteladas em freezers e c\u00e2maras frias que podem ultrapassar o peso de uma tonelada. As carnes eram distribu\u00eddas para restaurantes e a\u00e7ougues da regi\u00e3o. Apura\u00e7\u00f5es indicaram que o suspeito dispensava os res\u00edduos s\u00f3lidos e l\u00edquidos no meio ambiente, sem o devido tratamento e destina\u00e7\u00e3o.<\/p>\n<p>De acordo com o delegado Douglas Mota, as a\u00e7\u00f5es integradas entre Pol\u00edcia Civil, Minist\u00e9rio P\u00fablico, Vigil\u00e2ncia Sanit\u00e1ria e Instituto do Meio Ambiente contribuem para combater esse tipo de delito. \u201cQue, al\u00e9m de onerar os cofres p\u00fablicos pela n\u00e3o arrecada\u00e7\u00e3o dos impostos e taxas devidos, ainda degrada o ambiente e coloca em risco a sa\u00fade p\u00fablica\u201d, ressaltou.<\/p>\n<p>O homem foi conduzido at\u00e9 a Delegacia Regional em Ub\u00e1, onde teve o flagrante ratificado pela autoridade policial. Posteriormente, foi encaminhado ao sistema prisional, permanecendo \u00e0 disposi\u00e7\u00e3o da Justi\u00e7a.<\/p>\n<div style=\"width: 840px;\" class=\"wp-video\"><video class=\"wp-video-shortcode\" id=\"video-20290-1\" width=\"840\" height=\"473\" autoplay preload=\"auto\" controls=\"controls\"><source type=\"video\/mp4\" src=\"https:\/\/ubanews.com\/site\/wp-content\/uploads\/2020\/12\/01020002.00_00_53_25.mp4?_=1\" \/><a href=\"https:\/\/ubanews.com\/site\/wp-content\/uploads\/2020\/12\/01020002.00_00_53_25.mp4\">https:\/\/ubanews.com\/site\/wp-content\/uploads\/2020\/12\/01020002.00_00_53_25.mp4<\/a><\/video><\/div>\n","protected":false},"excerpt":{"rendered":"<p>Um suspeito de 42 anos foi preso, durante a\u00e7\u00e3o realizada<\/p>\n","protected":false},"author":2,"featured_media":20291,"comment_status":"open","ping_status":"open","sticky":false,"template":"","format":"standard","meta":{"footnotes":""},"categories":[1],"tags":[],"class_list":["post-20290","post","type-post","status-publish","format-standard","has-post-thumbnail","hentry","category-sem-categoria"],"yoast_head":"<!-- This site is optimized with the Yoast SEO plugin v27.2 - https:\/\/yoast.com\/product\/yoast-seo-wordpress\/ -->\n<title>Ub\u00e1: a\u00e7\u00e3o integrada apreende cerca de uma tonelada de carnes em abatedouro clandestino - Ub\u00e1 News<\/title>\n<meta name=\"robots\" content=\"index, follow, max-snippet:-1, max-image-preview:large, max-video-preview:-1\" \/>\n<link rel=\"canonical\" href=\"https:\/\/ubanews.com\/site\/2021\/08\/11\/uba-acao-integrada-apreende-cerca-de-uma-tonelada-de-carnes-em-abatedouro-clandestino\/\" \/>\n<meta property=\"og:locale\" content=\"pt_BR\" \/>\n<meta property=\"og:type\" content=\"article\" \/>\n<meta property=\"og:title\" content=\"Ub\u00e1: a\u00e7\u00e3o integrada apreende cerca de uma tonelada de carnes em abatedouro clandestino - Ub\u00e1 News\" \/>\n<meta property=\"og:description\" content=\"Um suspeito de 42 anos foi preso, durante a\u00e7\u00e3o realizada\" \/>\n<meta property=\"og:url\" content=\"https:\/\/ubanews.com\/site\/2021\/08\/11\/uba-acao-integrada-apreende-cerca-de-uma-tonelada-de-carnes-em-abatedouro-clandestino\/\" \/>\n<meta property=\"og:site_name\" content=\"Ub\u00e1 News\" \/>\n<meta property=\"article:publisher\" content=\"https:\/\/www.facebook.com\/Ub%c3%a1News-Carlos-Roberto-Sodr%c3%a9-418778301977370\" \/>\n<meta property=\"article:author\" content=\"https:\/\/www.facebook.com\/carosroberto.sodre.5\/\" \/>\n<meta property=\"article:published_time\" content=\"2021-08-11T20:08:51+00:00\" \/>\n<meta property=\"article:modified_time\" content=\"2021-08-11T20:10:30+00:00\" \/>\n<meta property=\"og:image\" content=\"https:\/\/ubanews.com\/site\/wp-content\/uploads\/2021\/08\/716.jpg\" \/>\n\t<meta property=\"og:image:width\" content=\"1000\" \/>\n\t<meta property=\"og:image:height\" content=\"500\" \/>\n\t<meta property=\"og:image:type\" content=\"image\/jpeg\" \/>\n<meta name=\"author\" content=\"Sodr\u00e9\" \/>\n<meta name=\"twitter:card\" content=\"summary_large_image\" \/>\n<meta name=\"twitter:label1\" content=\"Escrito por\" \/>\n\t<meta name=\"twitter:data1\" content=\"Sodr\u00e9\" \/>\n\t<meta name=\"twitter:label2\" content=\"Est. tempo de leitura\" \/>\n\t<meta name=\"twitter:data2\" content=\"2 minutos\" \/>\n<script type=\"application\/ld+json\" class=\"yoast-schema-graph\">{\"@context\":\"https:\/\/schema.org\",\"@graph\":[{\"@type\":\"Article\",\"@id\":\"https:\/\/ubanews.com\/site\/2021\/08\/11\/uba-acao-integrada-apreende-cerca-de-uma-tonelada-de-carnes-em-abatedouro-clandestino\/#article\",\"isPartOf\":{\"@id\":\"https:\/\/ubanews.com\/site\/2021\/08\/11\/uba-acao-integrada-apreende-cerca-de-uma-tonelada-de-carnes-em-abatedouro-clandestino\/\"},\"author\":{\"name\":\"Sodr\u00e9\",\"@id\":\"https:\/\/ubanews.com\/site\/#\/schema\/person\/d90c9e47252fbb63dcc969fe4c8b9d10\"},\"headline\":\"Ub\u00e1: a\u00e7\u00e3o integrada apreende cerca de uma tonelada de carnes em abatedouro clandestino\",\"datePublished\":\"2021-08-11T20:08:51+00:00\",\"dateModified\":\"2021-08-11T20:10:30+00:00\",\"mainEntityOfPage\":{\"@id\":\"https:\/\/ubanews.com\/site\/2021\/08\/11\/uba-acao-integrada-apreende-cerca-de-uma-tonelada-de-carnes-em-abatedouro-clandestino\/\"},\"wordCount\":386,\"commentCount\":0,\"publisher\":{\"@id\":\"https:\/\/ubanews.com\/site\/#organization\"},\"image\":{\"@id\":\"https:\/\/ubanews.com\/site\/2021\/08\/11\/uba-acao-integrada-apreende-cerca-de-uma-tonelada-de-carnes-em-abatedouro-clandestino\/#primaryimage\"},\"thumbnailUrl\":\"https:\/\/ubanews.com\/site\/wp-content\/uploads\/2021\/08\/716.jpg\",\"articleSection\":[\"Geral\"],\"inLanguage\":\"pt-BR\",\"potentialAction\":[{\"@type\":\"CommentAction\",\"name\":\"Comment\",\"target\":[\"https:\/\/ubanews.com\/site\/2021\/08\/11\/uba-acao-integrada-apreende-cerca-de-uma-tonelada-de-carnes-em-abatedouro-clandestino\/#respond\"]}]},{\"@type\":\"WebPage\",\"@id\":\"https:\/\/ubanews.com\/site\/2021\/08\/11\/uba-acao-integrada-apreende-cerca-de-uma-tonelada-de-carnes-em-abatedouro-clandestino\/\",\"url\":\"https:\/\/ubanews.com\/site\/2021\/08\/11\/uba-acao-integrada-apreende-cerca-de-uma-tonelada-de-carnes-em-abatedouro-clandestino\/\",\"name\":\"Ub\u00e1: a\u00e7\u00e3o integrada apreende cerca de uma tonelada de carnes em abatedouro clandestino - Ub\u00e1 News\",\"isPartOf\":{\"@id\":\"https:\/\/ubanews.com\/site\/#website\"},\"primaryImageOfPage\":{\"@id\":\"https:\/\/ubanews.com\/site\/2021\/08\/11\/uba-acao-integrada-apreende-cerca-de-uma-tonelada-de-carnes-em-abatedouro-clandestino\/#primaryimage\"},\"image\":{\"@id\":\"https:\/\/ubanews.com\/site\/2021\/08\/11\/uba-acao-integrada-apreende-cerca-de-uma-tonelada-de-carnes-em-abatedouro-clandestino\/#primaryimage\"},\"thumbnailUrl\":\"https:\/\/ubanews.com\/site\/wp-content\/uploads\/2021\/08\/716.jpg\",\"datePublished\":\"2021-08-11T20:08:51+00:00\",\"dateModified\":\"2021-08-11T20:10:30+00:00\",\"breadcrumb\":{\"@id\":\"https:\/\/ubanews.com\/site\/2021\/08\/11\/uba-acao-integrada-apreende-cerca-de-uma-tonelada-de-carnes-em-abatedouro-clandestino\/#breadcrumb\"},\"inLanguage\":\"pt-BR\",\"potentialAction\":[{\"@type\":\"ReadAction\",\"target\":[\"https:\/\/ubanews.com\/site\/2021\/08\/11\/uba-acao-integrada-apreende-cerca-de-uma-tonelada-de-carnes-em-abatedouro-clandestino\/\"]}]},{\"@type\":\"ImageObject\",\"inLanguage\":\"pt-BR\",\"@id\":\"https:\/\/ubanews.com\/site\/2021\/08\/11\/uba-acao-integrada-apreende-cerca-de-uma-tonelada-de-carnes-em-abatedouro-clandestino\/#primaryimage\",\"url\":\"https:\/\/ubanews.com\/site\/wp-content\/uploads\/2021\/08\/716.jpg\",\"contentUrl\":\"https:\/\/ubanews.com\/site\/wp-content\/uploads\/2021\/08\/716.jpg\",\"width\":1000,\"height\":500},{\"@type\":\"BreadcrumbList\",\"@id\":\"https:\/\/ubanews.com\/site\/2021\/08\/11\/uba-acao-integrada-apreende-cerca-de-uma-tonelada-de-carnes-em-abatedouro-clandestino\/#breadcrumb\",\"itemListElement\":[{\"@type\":\"ListItem\",\"position\":1,\"name\":\"Home\",\"item\":\"https:\/\/ubanews.com\/site\/\"},{\"@type\":\"ListItem\",\"position\":2,\"name\":\"Ub\u00e1: a\u00e7\u00e3o integrada apreende cerca de uma tonelada de carnes em abatedouro clandestino\"}]},{\"@type\":\"WebSite\",\"@id\":\"https:\/\/ubanews.com\/site\/#website\",\"url\":\"https:\/\/ubanews.com\/site\/\",\"name\":\"Ub\u00e1 News\",\"description\":\"\",\"publisher\":{\"@id\":\"https:\/\/ubanews.com\/site\/#organization\"},\"potentialAction\":[{\"@type\":\"SearchAction\",\"target\":{\"@type\":\"EntryPoint\",\"urlTemplate\":\"https:\/\/ubanews.com\/site\/?s={search_term_string}\"},\"query-input\":{\"@type\":\"PropertyValueSpecification\",\"valueRequired\":true,\"valueName\":\"search_term_string\"}}],\"inLanguage\":\"pt-BR\"},{\"@type\":\"Organization\",\"@id\":\"https:\/\/ubanews.com\/site\/#organization\",\"name\":\"Ub\u00e1 News\",\"url\":\"https:\/\/ubanews.com\/site\/\",\"logo\":{\"@type\":\"ImageObject\",\"inLanguage\":\"pt-BR\",\"@id\":\"https:\/\/ubanews.com\/site\/#\/schema\/logo\/image\/\",\"url\":\"https:\/\/ubanews.com\/site\/wp-content\/uploads\/2018\/01\/logoubanews.png\",\"contentUrl\":\"https:\/\/ubanews.com\/site\/wp-content\/uploads\/2018\/01\/logoubanews.png\",\"width\":261,\"height\":99,\"caption\":\"Ub\u00e1 News\"},\"image\":{\"@id\":\"https:\/\/ubanews.com\/site\/#\/schema\/logo\/image\/\"},\"sameAs\":[\"https:\/\/www.facebook.com\/Ub\u00e1News-Carlos-Roberto-Sodr\u00e9-418778301977370\"]},{\"@type\":\"Person\",\"@id\":\"https:\/\/ubanews.com\/site\/#\/schema\/person\/d90c9e47252fbb63dcc969fe4c8b9d10\",\"name\":\"Sodr\u00e9\",\"image\":{\"@type\":\"ImageObject\",\"inLanguage\":\"pt-BR\",\"@id\":\"https:\/\/secure.gravatar.com\/avatar\/5ba2793f0590b9dbfad3fdec4ee714485b3eef211c9b32ee53d414060454a56c?s=96&d=mm&r=g\",\"url\":\"https:\/\/secure.gravatar.com\/avatar\/5ba2793f0590b9dbfad3fdec4ee714485b3eef211c9b32ee53d414060454a56c?s=96&d=mm&r=g\",\"contentUrl\":\"https:\/\/secure.gravatar.com\/avatar\/5ba2793f0590b9dbfad3fdec4ee714485b3eef211c9b32ee53d414060454a56c?s=96&d=mm&r=g\",\"caption\":\"Sodr\u00e9\"},\"sameAs\":[\"https:\/\/www.facebook.com\/carosroberto.sodre.5\/\"],\"url\":\"https:\/\/ubanews.com\/site\/author\/felipe\/\"}]}<\/script>\n<!-- \/ Yoast SEO plugin. -->","yoast_head_json":{"title":"Ub\u00e1: a\u00e7\u00e3o integrada apreende cerca de uma tonelada de carnes em abatedouro clandestino - Ub\u00e1 News","robots":{"index":"index","follow":"follow","max-snippet":"max-snippet:-1","max-image-preview":"max-image-preview:large","max-video-preview":"max-video-preview:-1"},"canonical":"https:\/\/ubanews.com\/site\/2021\/08\/11\/uba-acao-integrada-apreende-cerca-de-uma-tonelada-de-carnes-em-abatedouro-clandestino\/","og_locale":"pt_BR","og_type":"article","og_title":"Ub\u00e1: a\u00e7\u00e3o integrada apreende cerca de uma tonelada de carnes em abatedouro clandestino - Ub\u00e1 News","og_description":"Um suspeito de 42 anos foi preso, durante a\u00e7\u00e3o realizada","og_url":"https:\/\/ubanews.com\/site\/2021\/08\/11\/uba-acao-integrada-apreende-cerca-de-uma-tonelada-de-carnes-em-abatedouro-clandestino\/","og_site_name":"Ub\u00e1 News","article_publisher":"https:\/\/www.facebook.com\/Ub%c3%a1News-Carlos-Roberto-Sodr%c3%a9-418778301977370","article_author":"https:\/\/www.facebook.com\/carosroberto.sodre.5\/","article_published_time":"2021-08-11T20:08:51+00:00","article_modified_time":"2021-08-11T20:10:30+00:00","og_image":[{"width":1000,"height":500,"url":"https:\/\/ubanews.com\/site\/wp-content\/uploads\/2021\/08\/716.jpg","type":"image\/jpeg"}],"author":"Sodr\u00e9","twitter_card":"summary_large_image","twitter_misc":{"Escrito por":"Sodr\u00e9","Est. tempo de leitura":"2 minutos"},"schema":{"@context":"https:\/\/schema.org","@graph":[{"@type":"Article","@id":"https:\/\/ubanews.com\/site\/2021\/08\/11\/uba-acao-integrada-apreende-cerca-de-uma-tonelada-de-carnes-em-abatedouro-clandestino\/#article","isPartOf":{"@id":"https:\/\/ubanews.com\/site\/2021\/08\/11\/uba-acao-integrada-apreende-cerca-de-uma-tonelada-de-carnes-em-abatedouro-clandestino\/"},"author":{"name":"Sodr\u00e9","@id":"https:\/\/ubanews.com\/site\/#\/schema\/person\/d90c9e47252fbb63dcc969fe4c8b9d10"},"headline":"Ub\u00e1: a\u00e7\u00e3o integrada apreende cerca de uma tonelada de carnes em abatedouro clandestino","datePublished":"2021-08-11T20:08:51+00:00","dateModified":"2021-08-11T20:10:30+00:00","mainEntityOfPage":{"@id":"https:\/\/ubanews.com\/site\/2021\/08\/11\/uba-acao-integrada-apreende-cerca-de-uma-tonelada-de-carnes-em-abatedouro-clandestino\/"},"wordCount":386,"commentCount":0,"publisher":{"@id":"https:\/\/ubanews.com\/site\/#organization"},"image":{"@id":"https:\/\/ubanews.com\/site\/2021\/08\/11\/uba-acao-integrada-apreende-cerca-de-uma-tonelada-de-carnes-em-abatedouro-clandestino\/#primaryimage"},"thumbnailUrl":"https:\/\/ubanews.com\/site\/wp-content\/uploads\/2021\/08\/716.jpg","articleSection":["Geral"],"inLanguage":"pt-BR","potentialAction":[{"@type":"CommentAction","name":"Comment","target":["https:\/\/ubanews.com\/site\/2021\/08\/11\/uba-acao-integrada-apreende-cerca-de-uma-tonelada-de-carnes-em-abatedouro-clandestino\/#respond"]}]},{"@type":"WebPage","@id":"https:\/\/ubanews.com\/site\/2021\/08\/11\/uba-acao-integrada-apreende-cerca-de-uma-tonelada-de-carnes-em-abatedouro-clandestino\/","url":"https:\/\/ubanews.com\/site\/2021\/08\/11\/uba-acao-integrada-apreende-cerca-de-uma-tonelada-de-carnes-em-abatedouro-clandestino\/","name":"Ub\u00e1: a\u00e7\u00e3o integrada apreende cerca de uma tonelada de carnes em abatedouro clandestino - Ub\u00e1 News","isPartOf":{"@id":"https:\/\/ubanews.com\/site\/#website"},"primaryImageOfPage":{"@id":"https:\/\/ubanews.com\/site\/2021\/08\/11\/uba-acao-integrada-apreende-cerca-de-uma-tonelada-de-carnes-em-abatedouro-clandestino\/#primaryimage"},"image":{"@id":"https:\/\/ubanews.com\/site\/2021\/08\/11\/uba-acao-integrada-apreende-cerca-de-uma-tonelada-de-carnes-em-abatedouro-clandestino\/#primaryimage"},"thumbnailUrl":"https:\/\/ubanews.com\/site\/wp-content\/uploads\/2021\/08\/716.jpg","datePublished":"2021-08-11T20:08:51+00:00","dateModified":"2021-08-11T20:10:30+00:00","breadcrumb":{"@id":"https:\/\/ubanews.com\/site\/2021\/08\/11\/uba-acao-integrada-apreende-cerca-de-uma-tonelada-de-carnes-em-abatedouro-clandestino\/#breadcrumb"},"inLanguage":"pt-BR","potentialAction":[{"@type":"ReadAction","target":["https:\/\/ubanews.com\/site\/2021\/08\/11\/uba-acao-integrada-apreende-cerca-de-uma-tonelada-de-carnes-em-abatedouro-clandestino\/"]}]},{"@type":"ImageObject","inLanguage":"pt-BR","@id":"https:\/\/ubanews.com\/site\/2021\/08\/11\/uba-acao-integrada-apreende-cerca-de-uma-tonelada-de-carnes-em-abatedouro-clandestino\/#primaryimage","url":"https:\/\/ubanews.com\/site\/wp-content\/uploads\/2021\/08\/716.jpg","contentUrl":"https:\/\/ubanews.com\/site\/wp-content\/uploads\/2021\/08\/716.jpg","width":1000,"height":500},{"@type":"BreadcrumbList","@id":"https:\/\/ubanews.com\/site\/2021\/08\/11\/uba-acao-integrada-apreende-cerca-de-uma-tonelada-de-carnes-em-abatedouro-clandestino\/#breadcrumb","itemListElement":[{"@type":"ListItem","position":1,"name":"Home","item":"https:\/\/ubanews.com\/site\/"},{"@type":"ListItem","position":2,"name":"Ub\u00e1: a\u00e7\u00e3o integrada apreende cerca de uma tonelada de carnes em abatedouro clandestino"}]},{"@type":"WebSite","@id":"https:\/\/ubanews.com\/site\/#website","url":"https:\/\/ubanews.com\/site\/","name":"Ub\u00e1 News","description":"","publisher":{"@id":"https:\/\/ubanews.com\/site\/#organization"},"potentialAction":[{"@type":"SearchAction","target":{"@type":"EntryPoint","urlTemplate":"https:\/\/ubanews.com\/site\/?s={search_term_string}"},"query-input":{"@type":"PropertyValueSpecification","valueRequired":true,"valueName":"search_term_string"}}],"inLanguage":"pt-BR"},{"@type":"Organization","@id":"https:\/\/ubanews.com\/site\/#organization","name":"Ub\u00e1 News","url":"https:\/\/ubanews.com\/site\/","logo":{"@type":"ImageObject","inLanguage":"pt-BR","@id":"https:\/\/ubanews.com\/site\/#\/schema\/logo\/image\/","url":"https:\/\/ubanews.com\/site\/wp-content\/uploads\/2018\/01\/logoubanews.png","contentUrl":"https:\/\/ubanews.com\/site\/wp-content\/uploads\/2018\/01\/logoubanews.png","width":261,"height":99,"caption":"Ub\u00e1 News"},"image":{"@id":"https:\/\/ubanews.com\/site\/#\/schema\/logo\/image\/"},"sameAs":["https:\/\/www.facebook.com\/Ub\u00e1News-Carlos-Roberto-Sodr\u00e9-418778301977370"]},{"@type":"Person","@id":"https:\/\/ubanews.com\/site\/#\/schema\/person\/d90c9e47252fbb63dcc969fe4c8b9d10","name":"Sodr\u00e9","image":{"@type":"ImageObject","inLanguage":"pt-BR","@id":"https:\/\/secure.gravatar.com\/avatar\/5ba2793f0590b9dbfad3fdec4ee714485b3eef211c9b32ee53d414060454a56c?s=96&d=mm&r=g","url":"https:\/\/secure.gravatar.com\/avatar\/5ba2793f0590b9dbfad3fdec4ee714485b3eef211c9b32ee53d414060454a56c?s=96&d=mm&r=g","contentUrl":"https:\/\/secure.gravatar.com\/avatar\/5ba2793f0590b9dbfad3fdec4ee714485b3eef211c9b32ee53d414060454a56c?s=96&d=mm&r=g","caption":"Sodr\u00e9"},"sameAs":["https:\/\/www.facebook.com\/carosroberto.sodre.5\/"],"url":"https:\/\/ubanews.com\/site\/author\/felipe\/"}]}},"_links":{"self":[{"href":"https:\/\/ubanews.com\/site\/wp-json\/wp\/v2\/posts\/20290","targetHints":{"allow":["GET"]}}],"collection":[{"href":"https:\/\/ubanews.com\/site\/wp-json\/wp\/v2\/posts"}],"about":[{"href":"https:\/\/ubanews.com\/site\/wp-json\/wp\/v2\/types\/post"}],"author":[{"embeddable":true,"href":"https:\/\/ubanews.com\/site\/wp-json\/wp\/v2\/users\/2"}],"replies":[{"embeddable":true,"href":"https:\/\/ubanews.com\/site\/wp-json\/wp\/v2\/comments?post=20290"}],"version-history":[{"count":0,"href":"https:\/\/ubanews.com\/site\/wp-json\/wp\/v2\/posts\/20290\/revisions"}],"wp:featuredmedia":[{"embeddable":true,"href":"https:\/\/ubanews.com\/site\/wp-json\/wp\/v2\/media\/20291"}],"wp:attachment":[{"href":"https:\/\/ubanews.com\/site\/wp-json\/wp\/v2\/media?parent=20290"}],"wp:term":[{"taxonomy":"category","embeddable":true,"href":"https:\/\/ubanews.com\/site\/wp-json\/wp\/v2\/categories?post=20290"},{"taxonomy":"post_tag","embeddable":true,"href":"https:\/\/ubanews.com\/site\/wp-json\/wp\/v2\/tags?post=20290"}],"curies":[{"name":"wp","href":"https:\/\/api.w.org\/{rel}","templated":true}]}}