{"id":20288,"date":"2021-08-11T17:03:01","date_gmt":"2021-08-11T20:03:01","guid":{"rendered":"http:\/\/ubanews.com\/site\/?p=20288"},"modified":"2021-08-11T17:03:01","modified_gmt":"2021-08-11T20:03:01","slug":"policia-militar-efetua-prisao-de-tres-autores-por-trafico-ilicito-de-drogas-e-resistencia","status":"publish","type":"post","link":"https:\/\/ubanews.com\/site\/2021\/08\/11\/policia-militar-efetua-prisao-de-tres-autores-por-trafico-ilicito-de-drogas-e-resistencia\/","title":{"rendered":"POL\u00cdCIA MILITAR EFETUA PRIS\u00c3O DE TR\u00caS AUTORES POR TR\u00c1FICO IL\u00cdCITO DE DROGAS E RESIST\u00caNCIA"},"content":{"rendered":"<p>10\/08\/2021<\/p>\n<p><strong>UB\u00c1<\/strong> &#8211; Rua Jos\u00e9 Medice, Da Luz<\/p>\n<p>Durante \u201cOpera\u00e7\u00e3o Batida Policial\u201d pela Rua Jos\u00e9 Medice, bairro Da Luz, Policias Militares avistaram um indiv\u00edduo, em atitude suspeita, sendo que este, ao receber ordem de parada para busca pessoal, n\u00e3o a acatou e tentou evadir-se correndo, momento em que arremessou uma pedra bruta de subst\u00e2ncia semelhante \u00e0 coca\u00edna e um r\u00e1dio comunicador, tipo HT ao solo.<\/p>\n<p>Durante a tentativa de fuga, o autor entrou em uma obra e subiu em um muro, o qual acabou caindo junto com toda a alvenaria em cima do telhado de uma casa, e mesmo com a queda, o autor tentou continuar sua fuga, vindo a invadir v\u00e1rios domic\u00edlios, sendo em determinado momento, abordado e contido.<\/p>\n<div id=\"metaslider-id-17652\" style=\"max-width: 1000px;\" class=\"ml-slider-3-106-0 metaslider metaslider-nivo metaslider-17652 ml-slider ms-theme-outline\" role=\"region\" aria-label=\"Texto\" data-height=\"200\" data-width=\"1000\">\n    <div id=\"metaslider_container_17652\">\n        <div class='slider-wrapper theme-default'><div class='ribbon'><\/div><div id='metaslider_17652' class='nivoSlider'><\/div><\/div>\n        \n    <\/div>\n<\/div>\n<p>O autor, um homem de 36 anos foi preso em flagrante pelo crime de tr\u00e1fico de drogas, desobedi\u00eancia e dano, e no desenvolver da ocorr\u00eancia, ainda foram presas duas mulheres, de 22 e 32 anos pelo crime de resist\u00eancia.<\/p>\n<p>Os materiais il\u00edcitos foram recolhidos, apreendidos e entregues na Delegacia de Pol\u00edcia.<\/p>\n<p><strong>ASSESSORIA DE COMUNICA\u00c7\u00c3O ORGANIZACIONAL<\/strong><br \/>\n<strong>Vig\u00e9simo Primeiro Batalh\u00e3o de Pol\u00edcia Militar<\/strong><\/p>\n<div style=\"width: 840px;\" class=\"wp-video\"><video class=\"wp-video-shortcode\" id=\"video-20288-1\" width=\"840\" height=\"473\" autoplay preload=\"auto\" controls=\"controls\"><source type=\"video\/mp4\" src=\"https:\/\/ubanews.com\/site\/wp-content\/uploads\/2020\/12\/01020002.00_00_53_25.mp4?_=1\" \/><a href=\"https:\/\/ubanews.com\/site\/wp-content\/uploads\/2020\/12\/01020002.00_00_53_25.mp4\">https:\/\/ubanews.com\/site\/wp-content\/uploads\/2020\/12\/01020002.00_00_53_25.mp4<\/a><\/video><\/div>\n","protected":false},"excerpt":{"rendered":"<p>10\/08\/2021 UB\u00c1 &#8211; Rua Jos\u00e9 Medice, Da Luz Durante \u201cOpera\u00e7\u00e3o<\/p>\n","protected":false},"author":2,"featured_media":20289,"comment_status":"open","ping_status":"open","sticky":false,"template":"","format":"standard","meta":{"footnotes":""},"categories":[13],"tags":[],"class_list":["post-20288","post","type-post","status-publish","format-standard","has-post-thumbnail","hentry","category-sintese-das-ocorrencias"],"yoast_head":"<!-- This site is optimized with the Yoast SEO plugin v27.2 - https:\/\/yoast.com\/product\/yoast-seo-wordpress\/ -->\n<title>POL\u00cdCIA MILITAR EFETUA PRIS\u00c3O DE TR\u00caS AUTORES POR TR\u00c1FICO IL\u00cdCITO DE DROGAS E RESIST\u00caNCIA - Ub\u00e1 News<\/title>\n<meta name=\"robots\" content=\"index, follow, max-snippet:-1, max-image-preview:large, max-video-preview:-1\" \/>\n<link rel=\"canonical\" href=\"https:\/\/ubanews.com\/site\/2021\/08\/11\/policia-militar-efetua-prisao-de-tres-autores-por-trafico-ilicito-de-drogas-e-resistencia\/\" \/>\n<meta property=\"og:locale\" content=\"pt_BR\" \/>\n<meta property=\"og:type\" content=\"article\" \/>\n<meta property=\"og:title\" content=\"POL\u00cdCIA MILITAR EFETUA PRIS\u00c3O DE TR\u00caS AUTORES POR TR\u00c1FICO IL\u00cdCITO DE DROGAS E RESIST\u00caNCIA - Ub\u00e1 News\" \/>\n<meta property=\"og:description\" content=\"10\/08\/2021 UB\u00c1 &#8211; Rua Jos\u00e9 Medice, Da Luz Durante \u201cOpera\u00e7\u00e3o\" \/>\n<meta property=\"og:url\" content=\"https:\/\/ubanews.com\/site\/2021\/08\/11\/policia-militar-efetua-prisao-de-tres-autores-por-trafico-ilicito-de-drogas-e-resistencia\/\" \/>\n<meta property=\"og:site_name\" content=\"Ub\u00e1 News\" \/>\n<meta property=\"article:publisher\" content=\"https:\/\/www.facebook.com\/Ub%c3%a1News-Carlos-Roberto-Sodr%c3%a9-418778301977370\" \/>\n<meta property=\"article:author\" content=\"https:\/\/www.facebook.com\/carosroberto.sodre.5\/\" \/>\n<meta property=\"article:published_time\" content=\"2021-08-11T20:03:01+00:00\" \/>\n<meta property=\"og:image\" content=\"https:\/\/ubanews.com\/site\/wp-content\/uploads\/2021\/08\/715.jpg\" \/>\n\t<meta property=\"og:image:width\" content=\"1000\" \/>\n\t<meta property=\"og:image:height\" content=\"500\" \/>\n\t<meta property=\"og:image:type\" content=\"image\/jpeg\" \/>\n<meta name=\"author\" content=\"Sodr\u00e9\" \/>\n<meta name=\"twitter:card\" content=\"summary_large_image\" \/>\n<meta name=\"twitter:label1\" content=\"Escrito por\" \/>\n\t<meta name=\"twitter:data1\" content=\"Sodr\u00e9\" \/>\n\t<meta name=\"twitter:label2\" content=\"Est. tempo de leitura\" \/>\n\t<meta name=\"twitter:data2\" content=\"1 minuto\" \/>\n<script type=\"application\/ld+json\" class=\"yoast-schema-graph\">{\"@context\":\"https:\/\/schema.org\",\"@graph\":[{\"@type\":\"Article\",\"@id\":\"https:\/\/ubanews.com\/site\/2021\/08\/11\/policia-militar-efetua-prisao-de-tres-autores-por-trafico-ilicito-de-drogas-e-resistencia\/#article\",\"isPartOf\":{\"@id\":\"https:\/\/ubanews.com\/site\/2021\/08\/11\/policia-militar-efetua-prisao-de-tres-autores-por-trafico-ilicito-de-drogas-e-resistencia\/\"},\"author\":{\"name\":\"Sodr\u00e9\",\"@id\":\"https:\/\/ubanews.com\/site\/#\/schema\/person\/d90c9e47252fbb63dcc969fe4c8b9d10\"},\"headline\":\"POL\u00cdCIA MILITAR EFETUA PRIS\u00c3O DE TR\u00caS AUTORES POR TR\u00c1FICO IL\u00cdCITO DE DROGAS E RESIST\u00caNCIA\",\"datePublished\":\"2021-08-11T20:03:01+00:00\",\"mainEntityOfPage\":{\"@id\":\"https:\/\/ubanews.com\/site\/2021\/08\/11\/policia-militar-efetua-prisao-de-tres-autores-por-trafico-ilicito-de-drogas-e-resistencia\/\"},\"wordCount\":232,\"commentCount\":0,\"publisher\":{\"@id\":\"https:\/\/ubanews.com\/site\/#organization\"},\"image\":{\"@id\":\"https:\/\/ubanews.com\/site\/2021\/08\/11\/policia-militar-efetua-prisao-de-tres-autores-por-trafico-ilicito-de-drogas-e-resistencia\/#primaryimage\"},\"thumbnailUrl\":\"https:\/\/ubanews.com\/site\/wp-content\/uploads\/2021\/08\/715.jpg\",\"articleSection\":[\"S\u00edntese das Ocorr\u00eancias\"],\"inLanguage\":\"pt-BR\",\"potentialAction\":[{\"@type\":\"CommentAction\",\"name\":\"Comment\",\"target\":[\"https:\/\/ubanews.com\/site\/2021\/08\/11\/policia-militar-efetua-prisao-de-tres-autores-por-trafico-ilicito-de-drogas-e-resistencia\/#respond\"]}]},{\"@type\":\"WebPage\",\"@id\":\"https:\/\/ubanews.com\/site\/2021\/08\/11\/policia-militar-efetua-prisao-de-tres-autores-por-trafico-ilicito-de-drogas-e-resistencia\/\",\"url\":\"https:\/\/ubanews.com\/site\/2021\/08\/11\/policia-militar-efetua-prisao-de-tres-autores-por-trafico-ilicito-de-drogas-e-resistencia\/\",\"name\":\"POL\u00cdCIA MILITAR EFETUA PRIS\u00c3O DE TR\u00caS AUTORES POR TR\u00c1FICO IL\u00cdCITO DE DROGAS E RESIST\u00caNCIA - Ub\u00e1 News\",\"isPartOf\":{\"@id\":\"https:\/\/ubanews.com\/site\/#website\"},\"primaryImageOfPage\":{\"@id\":\"https:\/\/ubanews.com\/site\/2021\/08\/11\/policia-militar-efetua-prisao-de-tres-autores-por-trafico-ilicito-de-drogas-e-resistencia\/#primaryimage\"},\"image\":{\"@id\":\"https:\/\/ubanews.com\/site\/2021\/08\/11\/policia-militar-efetua-prisao-de-tres-autores-por-trafico-ilicito-de-drogas-e-resistencia\/#primaryimage\"},\"thumbnailUrl\":\"https:\/\/ubanews.com\/site\/wp-content\/uploads\/2021\/08\/715.jpg\",\"datePublished\":\"2021-08-11T20:03:01+00:00\",\"breadcrumb\":{\"@id\":\"https:\/\/ubanews.com\/site\/2021\/08\/11\/policia-militar-efetua-prisao-de-tres-autores-por-trafico-ilicito-de-drogas-e-resistencia\/#breadcrumb\"},\"inLanguage\":\"pt-BR\",\"potentialAction\":[{\"@type\":\"ReadAction\",\"target\":[\"https:\/\/ubanews.com\/site\/2021\/08\/11\/policia-militar-efetua-prisao-de-tres-autores-por-trafico-ilicito-de-drogas-e-resistencia\/\"]}]},{\"@type\":\"ImageObject\",\"inLanguage\":\"pt-BR\",\"@id\":\"https:\/\/ubanews.com\/site\/2021\/08\/11\/policia-militar-efetua-prisao-de-tres-autores-por-trafico-ilicito-de-drogas-e-resistencia\/#primaryimage\",\"url\":\"https:\/\/ubanews.com\/site\/wp-content\/uploads\/2021\/08\/715.jpg\",\"contentUrl\":\"https:\/\/ubanews.com\/site\/wp-content\/uploads\/2021\/08\/715.jpg\",\"width\":1000,\"height\":500},{\"@type\":\"BreadcrumbList\",\"@id\":\"https:\/\/ubanews.com\/site\/2021\/08\/11\/policia-militar-efetua-prisao-de-tres-autores-por-trafico-ilicito-de-drogas-e-resistencia\/#breadcrumb\",\"itemListElement\":[{\"@type\":\"ListItem\",\"position\":1,\"name\":\"Home\",\"item\":\"https:\/\/ubanews.com\/site\/\"},{\"@type\":\"ListItem\",\"position\":2,\"name\":\"POL\u00cdCIA MILITAR EFETUA PRIS\u00c3O DE TR\u00caS AUTORES POR TR\u00c1FICO IL\u00cdCITO DE DROGAS E RESIST\u00caNCIA\"}]},{\"@type\":\"WebSite\",\"@id\":\"https:\/\/ubanews.com\/site\/#website\",\"url\":\"https:\/\/ubanews.com\/site\/\",\"name\":\"Ub\u00e1 News\",\"description\":\"\",\"publisher\":{\"@id\":\"https:\/\/ubanews.com\/site\/#organization\"},\"potentialAction\":[{\"@type\":\"SearchAction\",\"target\":{\"@type\":\"EntryPoint\",\"urlTemplate\":\"https:\/\/ubanews.com\/site\/?s={search_term_string}\"},\"query-input\":{\"@type\":\"PropertyValueSpecification\",\"valueRequired\":true,\"valueName\":\"search_term_string\"}}],\"inLanguage\":\"pt-BR\"},{\"@type\":\"Organization\",\"@id\":\"https:\/\/ubanews.com\/site\/#organization\",\"name\":\"Ub\u00e1 News\",\"url\":\"https:\/\/ubanews.com\/site\/\",\"logo\":{\"@type\":\"ImageObject\",\"inLanguage\":\"pt-BR\",\"@id\":\"https:\/\/ubanews.com\/site\/#\/schema\/logo\/image\/\",\"url\":\"https:\/\/ubanews.com\/site\/wp-content\/uploads\/2018\/01\/logoubanews.png\",\"contentUrl\":\"https:\/\/ubanews.com\/site\/wp-content\/uploads\/2018\/01\/logoubanews.png\",\"width\":261,\"height\":99,\"caption\":\"Ub\u00e1 News\"},\"image\":{\"@id\":\"https:\/\/ubanews.com\/site\/#\/schema\/logo\/image\/\"},\"sameAs\":[\"https:\/\/www.facebook.com\/Ub\u00e1News-Carlos-Roberto-Sodr\u00e9-418778301977370\"]},{\"@type\":\"Person\",\"@id\":\"https:\/\/ubanews.com\/site\/#\/schema\/person\/d90c9e47252fbb63dcc969fe4c8b9d10\",\"name\":\"Sodr\u00e9\",\"image\":{\"@type\":\"ImageObject\",\"inLanguage\":\"pt-BR\",\"@id\":\"https:\/\/secure.gravatar.com\/avatar\/5ba2793f0590b9dbfad3fdec4ee714485b3eef211c9b32ee53d414060454a56c?s=96&d=mm&r=g\",\"url\":\"https:\/\/secure.gravatar.com\/avatar\/5ba2793f0590b9dbfad3fdec4ee714485b3eef211c9b32ee53d414060454a56c?s=96&d=mm&r=g\",\"contentUrl\":\"https:\/\/secure.gravatar.com\/avatar\/5ba2793f0590b9dbfad3fdec4ee714485b3eef211c9b32ee53d414060454a56c?s=96&d=mm&r=g\",\"caption\":\"Sodr\u00e9\"},\"sameAs\":[\"https:\/\/www.facebook.com\/carosroberto.sodre.5\/\"],\"url\":\"https:\/\/ubanews.com\/site\/author\/felipe\/\"}]}<\/script>\n<!-- \/ Yoast SEO plugin. -->","yoast_head_json":{"title":"POL\u00cdCIA MILITAR EFETUA PRIS\u00c3O DE TR\u00caS AUTORES POR TR\u00c1FICO IL\u00cdCITO DE DROGAS E RESIST\u00caNCIA - Ub\u00e1 News","robots":{"index":"index","follow":"follow","max-snippet":"max-snippet:-1","max-image-preview":"max-image-preview:large","max-video-preview":"max-video-preview:-1"},"canonical":"https:\/\/ubanews.com\/site\/2021\/08\/11\/policia-militar-efetua-prisao-de-tres-autores-por-trafico-ilicito-de-drogas-e-resistencia\/","og_locale":"pt_BR","og_type":"article","og_title":"POL\u00cdCIA MILITAR EFETUA PRIS\u00c3O DE TR\u00caS AUTORES POR TR\u00c1FICO IL\u00cdCITO DE DROGAS E RESIST\u00caNCIA - Ub\u00e1 News","og_description":"10\/08\/2021 UB\u00c1 &#8211; Rua Jos\u00e9 Medice, Da Luz Durante \u201cOpera\u00e7\u00e3o","og_url":"https:\/\/ubanews.com\/site\/2021\/08\/11\/policia-militar-efetua-prisao-de-tres-autores-por-trafico-ilicito-de-drogas-e-resistencia\/","og_site_name":"Ub\u00e1 News","article_publisher":"https:\/\/www.facebook.com\/Ub%c3%a1News-Carlos-Roberto-Sodr%c3%a9-418778301977370","article_author":"https:\/\/www.facebook.com\/carosroberto.sodre.5\/","article_published_time":"2021-08-11T20:03:01+00:00","og_image":[{"width":1000,"height":500,"url":"https:\/\/ubanews.com\/site\/wp-content\/uploads\/2021\/08\/715.jpg","type":"image\/jpeg"}],"author":"Sodr\u00e9","twitter_card":"summary_large_image","twitter_misc":{"Escrito por":"Sodr\u00e9","Est. tempo de leitura":"1 minuto"},"schema":{"@context":"https:\/\/schema.org","@graph":[{"@type":"Article","@id":"https:\/\/ubanews.com\/site\/2021\/08\/11\/policia-militar-efetua-prisao-de-tres-autores-por-trafico-ilicito-de-drogas-e-resistencia\/#article","isPartOf":{"@id":"https:\/\/ubanews.com\/site\/2021\/08\/11\/policia-militar-efetua-prisao-de-tres-autores-por-trafico-ilicito-de-drogas-e-resistencia\/"},"author":{"name":"Sodr\u00e9","@id":"https:\/\/ubanews.com\/site\/#\/schema\/person\/d90c9e47252fbb63dcc969fe4c8b9d10"},"headline":"POL\u00cdCIA MILITAR EFETUA PRIS\u00c3O DE TR\u00caS AUTORES POR TR\u00c1FICO IL\u00cdCITO DE DROGAS E RESIST\u00caNCIA","datePublished":"2021-08-11T20:03:01+00:00","mainEntityOfPage":{"@id":"https:\/\/ubanews.com\/site\/2021\/08\/11\/policia-militar-efetua-prisao-de-tres-autores-por-trafico-ilicito-de-drogas-e-resistencia\/"},"wordCount":232,"commentCount":0,"publisher":{"@id":"https:\/\/ubanews.com\/site\/#organization"},"image":{"@id":"https:\/\/ubanews.com\/site\/2021\/08\/11\/policia-militar-efetua-prisao-de-tres-autores-por-trafico-ilicito-de-drogas-e-resistencia\/#primaryimage"},"thumbnailUrl":"https:\/\/ubanews.com\/site\/wp-content\/uploads\/2021\/08\/715.jpg","articleSection":["S\u00edntese das Ocorr\u00eancias"],"inLanguage":"pt-BR","potentialAction":[{"@type":"CommentAction","name":"Comment","target":["https:\/\/ubanews.com\/site\/2021\/08\/11\/policia-militar-efetua-prisao-de-tres-autores-por-trafico-ilicito-de-drogas-e-resistencia\/#respond"]}]},{"@type":"WebPage","@id":"https:\/\/ubanews.com\/site\/2021\/08\/11\/policia-militar-efetua-prisao-de-tres-autores-por-trafico-ilicito-de-drogas-e-resistencia\/","url":"https:\/\/ubanews.com\/site\/2021\/08\/11\/policia-militar-efetua-prisao-de-tres-autores-por-trafico-ilicito-de-drogas-e-resistencia\/","name":"POL\u00cdCIA MILITAR EFETUA PRIS\u00c3O DE TR\u00caS AUTORES POR TR\u00c1FICO IL\u00cdCITO DE DROGAS E RESIST\u00caNCIA - Ub\u00e1 News","isPartOf":{"@id":"https:\/\/ubanews.com\/site\/#website"},"primaryImageOfPage":{"@id":"https:\/\/ubanews.com\/site\/2021\/08\/11\/policia-militar-efetua-prisao-de-tres-autores-por-trafico-ilicito-de-drogas-e-resistencia\/#primaryimage"},"image":{"@id":"https:\/\/ubanews.com\/site\/2021\/08\/11\/policia-militar-efetua-prisao-de-tres-autores-por-trafico-ilicito-de-drogas-e-resistencia\/#primaryimage"},"thumbnailUrl":"https:\/\/ubanews.com\/site\/wp-content\/uploads\/2021\/08\/715.jpg","datePublished":"2021-08-11T20:03:01+00:00","breadcrumb":{"@id":"https:\/\/ubanews.com\/site\/2021\/08\/11\/policia-militar-efetua-prisao-de-tres-autores-por-trafico-ilicito-de-drogas-e-resistencia\/#breadcrumb"},"inLanguage":"pt-BR","potentialAction":[{"@type":"ReadAction","target":["https:\/\/ubanews.com\/site\/2021\/08\/11\/policia-militar-efetua-prisao-de-tres-autores-por-trafico-ilicito-de-drogas-e-resistencia\/"]}]},{"@type":"ImageObject","inLanguage":"pt-BR","@id":"https:\/\/ubanews.com\/site\/2021\/08\/11\/policia-militar-efetua-prisao-de-tres-autores-por-trafico-ilicito-de-drogas-e-resistencia\/#primaryimage","url":"https:\/\/ubanews.com\/site\/wp-content\/uploads\/2021\/08\/715.jpg","contentUrl":"https:\/\/ubanews.com\/site\/wp-content\/uploads\/2021\/08\/715.jpg","width":1000,"height":500},{"@type":"BreadcrumbList","@id":"https:\/\/ubanews.com\/site\/2021\/08\/11\/policia-militar-efetua-prisao-de-tres-autores-por-trafico-ilicito-de-drogas-e-resistencia\/#breadcrumb","itemListElement":[{"@type":"ListItem","position":1,"name":"Home","item":"https:\/\/ubanews.com\/site\/"},{"@type":"ListItem","position":2,"name":"POL\u00cdCIA MILITAR EFETUA PRIS\u00c3O DE TR\u00caS AUTORES POR TR\u00c1FICO IL\u00cdCITO DE DROGAS E RESIST\u00caNCIA"}]},{"@type":"WebSite","@id":"https:\/\/ubanews.com\/site\/#website","url":"https:\/\/ubanews.com\/site\/","name":"Ub\u00e1 News","description":"","publisher":{"@id":"https:\/\/ubanews.com\/site\/#organization"},"potentialAction":[{"@type":"SearchAction","target":{"@type":"EntryPoint","urlTemplate":"https:\/\/ubanews.com\/site\/?s={search_term_string}"},"query-input":{"@type":"PropertyValueSpecification","valueRequired":true,"valueName":"search_term_string"}}],"inLanguage":"pt-BR"},{"@type":"Organization","@id":"https:\/\/ubanews.com\/site\/#organization","name":"Ub\u00e1 News","url":"https:\/\/ubanews.com\/site\/","logo":{"@type":"ImageObject","inLanguage":"pt-BR","@id":"https:\/\/ubanews.com\/site\/#\/schema\/logo\/image\/","url":"https:\/\/ubanews.com\/site\/wp-content\/uploads\/2018\/01\/logoubanews.png","contentUrl":"https:\/\/ubanews.com\/site\/wp-content\/uploads\/2018\/01\/logoubanews.png","width":261,"height":99,"caption":"Ub\u00e1 News"},"image":{"@id":"https:\/\/ubanews.com\/site\/#\/schema\/logo\/image\/"},"sameAs":["https:\/\/www.facebook.com\/Ub\u00e1News-Carlos-Roberto-Sodr\u00e9-418778301977370"]},{"@type":"Person","@id":"https:\/\/ubanews.com\/site\/#\/schema\/person\/d90c9e47252fbb63dcc969fe4c8b9d10","name":"Sodr\u00e9","image":{"@type":"ImageObject","inLanguage":"pt-BR","@id":"https:\/\/secure.gravatar.com\/avatar\/5ba2793f0590b9dbfad3fdec4ee714485b3eef211c9b32ee53d414060454a56c?s=96&d=mm&r=g","url":"https:\/\/secure.gravatar.com\/avatar\/5ba2793f0590b9dbfad3fdec4ee714485b3eef211c9b32ee53d414060454a56c?s=96&d=mm&r=g","contentUrl":"https:\/\/secure.gravatar.com\/avatar\/5ba2793f0590b9dbfad3fdec4ee714485b3eef211c9b32ee53d414060454a56c?s=96&d=mm&r=g","caption":"Sodr\u00e9"},"sameAs":["https:\/\/www.facebook.com\/carosroberto.sodre.5\/"],"url":"https:\/\/ubanews.com\/site\/author\/felipe\/"}]}},"_links":{"self":[{"href":"https:\/\/ubanews.com\/site\/wp-json\/wp\/v2\/posts\/20288","targetHints":{"allow":["GET"]}}],"collection":[{"href":"https:\/\/ubanews.com\/site\/wp-json\/wp\/v2\/posts"}],"about":[{"href":"https:\/\/ubanews.com\/site\/wp-json\/wp\/v2\/types\/post"}],"author":[{"embeddable":true,"href":"https:\/\/ubanews.com\/site\/wp-json\/wp\/v2\/users\/2"}],"replies":[{"embeddable":true,"href":"https:\/\/ubanews.com\/site\/wp-json\/wp\/v2\/comments?post=20288"}],"version-history":[{"count":0,"href":"https:\/\/ubanews.com\/site\/wp-json\/wp\/v2\/posts\/20288\/revisions"}],"wp:featuredmedia":[{"embeddable":true,"href":"https:\/\/ubanews.com\/site\/wp-json\/wp\/v2\/media\/20289"}],"wp:attachment":[{"href":"https:\/\/ubanews.com\/site\/wp-json\/wp\/v2\/media?parent=20288"}],"wp:term":[{"taxonomy":"category","embeddable":true,"href":"https:\/\/ubanews.com\/site\/wp-json\/wp\/v2\/categories?post=20288"},{"taxonomy":"post_tag","embeddable":true,"href":"https:\/\/ubanews.com\/site\/wp-json\/wp\/v2\/tags?post=20288"}],"curies":[{"name":"wp","href":"https:\/\/api.w.org\/{rel}","templated":true}]}}