{"id":20281,"date":"2021-08-10T17:36:07","date_gmt":"2021-08-10T20:36:07","guid":{"rendered":"http:\/\/ubanews.com\/site\/?p=20281"},"modified":"2021-08-10T17:36:07","modified_gmt":"2021-08-10T20:36:07","slug":"pcmg-inaugura-nova-sede-da-deam-em-juiz-de-fora","status":"publish","type":"post","link":"https:\/\/ubanews.com\/site\/2021\/08\/10\/pcmg-inaugura-nova-sede-da-deam-em-juiz-de-fora\/","title":{"rendered":"PCMG inaugura nova sede da Deam em Juiz de Fora"},"content":{"rendered":"<p>No m\u00eas de conscientiza\u00e7\u00e3o pelo fim da viol\u00eancia contra a mulher, o Agosto Lil\u00e1s, a Pol\u00edcia Civil de Minas Gerais (PCMG) inaugura a nova sede da Delegacia Especializada de Atendimento \u00e0 Mulher (Deam), no Shopping Santa Cruz, em Juiz de Fora, na Zona da Mata mineira. A solenidade, realizada na manh\u00e3 dessa segunda-feira (9\/8), foi transmitida ao vivo pelo Instagram da PCMG.<\/p>\n<p><main class=\"texto_noticia\">A unidade policial passa a funcionar no 2\u00ba andar do shopping, localizado na rua Jarbas de Lery Santos, 1.655, na \u00e1rea central da cidade, e ainda conta com a instala\u00e7\u00e3o de uma sala onde ser\u00e1 prestado servi\u00e7o de escuta especializada de crian\u00e7as e adolescentes v\u00edtimas ou testemunhas de viol\u00eancia, conforme previsto na Lei Federal n\u00ba 13.431, de 2017.<\/p>\n<p>O evento<\/p>\n<p>O arcebispo metropolitano, Dom Gil Ant\u00f4nio Moreira, abriu a cerim\u00f4nia de inaugura\u00e7\u00e3o da nova sede da Delegacia Especializada de Atendimento \u00e0 Mulher em Juiz de Fora. Durante o evento, o chefe do 4\u00ba Departamento de Pol\u00edcia Civil, delegado-geral Gustavo Ad\u00e9lio Lara Ferreira, falou sobre a import\u00e2ncia do bom atendimento ao cidad\u00e3o, principalmente \u00e0 mulher v\u00edtima de viol\u00eancia. \u201cUm atendimento adequado, diferenciado e sobretudo cort\u00eas e humano. Temos aqui seguran\u00e7a, acessibilidade, instala\u00e7\u00f5es da OAB Mulher, Delegacia do Idoso, Posto de Atendimento da Pol\u00edcia Militar, enfim todos os aparatos que facilitam o acesso ao pronto atendimento a quem procurar essa importante unidade\u201d, afirma.<\/p>\n<p>O secret\u00e1rio de Estado de Justi\u00e7a e Seguran\u00e7a P\u00fablica, Rog\u00e9rio Grego, falou que a unidade atende um p\u00fablico importante, pois \u201ca mulher necessita dessa prote\u00e7\u00e3o especial\u201d. J\u00e1 o chefe da PCMG, Joaquim Francisco Neto e Silva, destacou que o trabalho da Pol\u00edcia Civil no acolhimento \u00e0s v\u00edtimas e no combate \u00e0 viol\u00eancia contra a mulher \u00e9 cont\u00ednuo. \u201cDiversos s\u00e3o os materiais e equipamentos p\u00fablicos que formam a base de enfrentamento \u00e0 viol\u00eancia dom\u00e9stica em nosso Estado. Atualmente, encontra-se em andamento um trabalho em equipe para a classifica\u00e7\u00e3o de todas as Delegacias Especializadas de Atendimento \u00e0 Mulher em Minas Gerais, uma dentre 63 iniciativas estrat\u00e9gicas adotadas pela Pol\u00edcia Civil para implementar melhorias no atendimento oferecido \u00e0 popula\u00e7\u00e3o\u201d, destaca.<\/p>\n<p>Na ocasi\u00e3o, o subs\u00edndico do Santa Cruz Shopping, Luciano Rodrigues Sobrinho, falou da honra em receber a unidade policial: \u201cEsse importante instrumento no combate \u00e0 viol\u00eancia contra a mulher, n\u00e3o apenas com a finalidade de punir os agressores, mas tamb\u00e9m amparar as v\u00edtimas, explicando e defendendo os seus direitos e, enfim, estimulando as den\u00fancias das agress\u00f5es\u201d.<\/p>\n<p>A prefeita de Juiz de Fora, Maria Margarida Martins Salom\u00e3o, ressaltou que a inaugura\u00e7\u00e3o ocorre no ano em que celebramos os 15 anos da Lei Maria da Penha. \u201cUma lei profundamente inovadora. Ela prev\u00ea mecanismos como medidas protetivas, a\u00e7\u00f5es de preven\u00e7\u00e3o, suporte \u00e0s mulheres e grupos reflexivos para os homens.<\/p>\n<p>Al\u00e9m disso, o presidente da C\u00e2mara Municipal de Juiz de Fora, vereador Juraci Scheffer, a deputada estadual Delegada Sheila, e o deputado federal Charles Evangelista tamb\u00e9m falaram sobre a import\u00e2ncia da inaugura\u00e7\u00e3o da unidade policial.<\/p>\n<p>Al\u00e9m das autoridades que se pronunciaram durante a cerim\u00f4nia, o dispositivo de honra contou com a participa\u00e7\u00e3o do diretor do Departamento de Tr\u00e2nsito de Minas Gerais, delegado-geral Eurico da Cunha Neto; da diretora do F\u00f3rum Benjamim Colucci, Ju\u00edza Raquel Gomes Barbosa; do promotor de Justi\u00e7a, Paulo Em\u00edlio Coimbra do Nascimento; do comandante da 4\u00aa Regi\u00e3o da Pol\u00edcia Militar, coronel Neir Adriano de Souza; do comandante do 3\u00ba Comando Operacional de Bombeiros, coronel Eduardo \u00c2ngelo Gomes da Silva; do chefe da Delegacia da Pol\u00edcia Rodovi\u00e1ria Federal em Juiz de Fora, Fl\u00e1vio Loures de Barros; do titular da 1\u00aa Delegacia Regional em Juiz de Fora, delegado Armando Avolio Neto; da titular da Delegacia Especializada de Atendimento \u00e0 Mulher em Juiz de Fora, delegada Alessandra Aparecida Azalim; mas tamb\u00e9m do conselheiro do Santa Cruz Shopping, Eumar Werneck de Toledo.<\/p>\n<p>Estiveram presentes na inaugura\u00e7\u00e3o a assessora de articula\u00e7\u00e3o institucional da PCMG, delegada Ana Paula Lamego Balbino; o chefe do 13\u00ba Departamento em Barbacena, Alexsander Soares Diniz; os delegados regionais do 4\u00ba Departamento, entre eles Diego Candian Alves, de Ub\u00e1; Gisela Borges, representando Mauro Ricardo Guimar\u00e3es Pinho, de Leopoldina; Alessandro Amaro da Matta, de Muria\u00e9; e Jos\u00e9 Donizetti Teixeira, de Vi\u00e7osa, e a delegada que atua na Deam, Danielle Alves Ribeiro. Tamb\u00e9m prestigiaram a cerim\u00f4nia o juiz da Vara Criminal Jos\u00e9 Clemente; a promotora de Justi\u00e7a Nicole Frossard; a coronel Juliana Ribeiro Maia \u2013 representando o comandante da 4\u00aa Brigada de Infantaria Leve de Montanha, General Jo\u00e3o Felipe Dias Alves; a coordenadora da Casa da Mulher, Fernanda Moura; a secret\u00e1ria de Seguran\u00e7a Municipal, Let\u00edcia Paiva; o secret\u00e1rio de Mobilidade Urbana, Tadeu Davi; a vereadora da Comiss\u00e3o de Mulheres, Cida Oliveira; al\u00e9m de delegados e outros policiais civis e representantes de institui\u00e7\u00f5es.<\/p>\n<p>Homenagens<\/p>\n<p>Ainda durante a cerim\u00f4nia, al\u00e9m do ato de descerramento de placa de inaugura\u00e7\u00e3o, foram entregues homenagens a representantes do Santa Cruz Shopping, em reconhecimento \u00e0 parceria e aos relevantes servi\u00e7os prestados \u00e0 Pol\u00edcia Civil. A deputada estadual Delegada Sheila tamb\u00e9m foi homenageada, em gratid\u00e3o \u00e0 jun\u00e7\u00e3o de for\u00e7as da deputada com a Pol\u00edcia Civil de Minas Gerais.<\/p>\n<p><\/main><\/p>\n","protected":false},"excerpt":{"rendered":"<p>No m\u00eas de conscientiza\u00e7\u00e3o pelo fim da viol\u00eancia contra a<\/p>\n","protected":false},"author":2,"featured_media":20282,"comment_status":"open","ping_status":"open","sticky":false,"template":"","format":"standard","meta":{"footnotes":""},"categories":[1],"tags":[],"class_list":["post-20281","post","type-post","status-publish","format-standard","has-post-thumbnail","hentry","category-sem-categoria"],"yoast_head":"<!-- This site is optimized with the Yoast SEO plugin v27.2 - https:\/\/yoast.com\/product\/yoast-seo-wordpress\/ -->\n<title>PCMG inaugura nova sede da Deam em Juiz de Fora - Ub\u00e1 News<\/title>\n<meta name=\"robots\" content=\"index, follow, max-snippet:-1, max-image-preview:large, max-video-preview:-1\" \/>\n<link rel=\"canonical\" href=\"https:\/\/ubanews.com\/site\/2021\/08\/10\/pcmg-inaugura-nova-sede-da-deam-em-juiz-de-fora\/\" \/>\n<meta property=\"og:locale\" content=\"pt_BR\" \/>\n<meta property=\"og:type\" content=\"article\" \/>\n<meta property=\"og:title\" content=\"PCMG inaugura nova sede da Deam em Juiz de Fora - Ub\u00e1 News\" \/>\n<meta property=\"og:description\" content=\"No m\u00eas de conscientiza\u00e7\u00e3o pelo fim da viol\u00eancia contra a\" \/>\n<meta property=\"og:url\" content=\"https:\/\/ubanews.com\/site\/2021\/08\/10\/pcmg-inaugura-nova-sede-da-deam-em-juiz-de-fora\/\" \/>\n<meta property=\"og:site_name\" content=\"Ub\u00e1 News\" \/>\n<meta property=\"article:publisher\" content=\"https:\/\/www.facebook.com\/Ub%c3%a1News-Carlos-Roberto-Sodr%c3%a9-418778301977370\" \/>\n<meta property=\"article:author\" content=\"https:\/\/www.facebook.com\/carosroberto.sodre.5\/\" \/>\n<meta property=\"article:published_time\" content=\"2021-08-10T20:36:07+00:00\" \/>\n<meta property=\"og:image\" content=\"https:\/\/ubanews.com\/site\/wp-content\/uploads\/2021\/08\/01.jpg\" \/>\n\t<meta property=\"og:image:width\" content=\"1000\" \/>\n\t<meta property=\"og:image:height\" content=\"500\" \/>\n\t<meta property=\"og:image:type\" content=\"image\/jpeg\" \/>\n<meta name=\"author\" content=\"Sodr\u00e9\" \/>\n<meta name=\"twitter:card\" content=\"summary_large_image\" \/>\n<meta name=\"twitter:label1\" content=\"Escrito por\" \/>\n\t<meta name=\"twitter:data1\" content=\"Sodr\u00e9\" \/>\n\t<meta name=\"twitter:label2\" content=\"Est. tempo de leitura\" \/>\n\t<meta name=\"twitter:data2\" content=\"4 minutos\" \/>\n<script type=\"application\/ld+json\" class=\"yoast-schema-graph\">{\"@context\":\"https:\/\/schema.org\",\"@graph\":[{\"@type\":\"Article\",\"@id\":\"https:\/\/ubanews.com\/site\/2021\/08\/10\/pcmg-inaugura-nova-sede-da-deam-em-juiz-de-fora\/#article\",\"isPartOf\":{\"@id\":\"https:\/\/ubanews.com\/site\/2021\/08\/10\/pcmg-inaugura-nova-sede-da-deam-em-juiz-de-fora\/\"},\"author\":{\"name\":\"Sodr\u00e9\",\"@id\":\"https:\/\/ubanews.com\/site\/#\/schema\/person\/d90c9e47252fbb63dcc969fe4c8b9d10\"},\"headline\":\"PCMG inaugura nova sede da Deam em Juiz de Fora\",\"datePublished\":\"2021-08-10T20:36:07+00:00\",\"mainEntityOfPage\":{\"@id\":\"https:\/\/ubanews.com\/site\/2021\/08\/10\/pcmg-inaugura-nova-sede-da-deam-em-juiz-de-fora\/\"},\"wordCount\":905,\"commentCount\":0,\"publisher\":{\"@id\":\"https:\/\/ubanews.com\/site\/#organization\"},\"image\":{\"@id\":\"https:\/\/ubanews.com\/site\/2021\/08\/10\/pcmg-inaugura-nova-sede-da-deam-em-juiz-de-fora\/#primaryimage\"},\"thumbnailUrl\":\"https:\/\/ubanews.com\/site\/wp-content\/uploads\/2021\/08\/01.jpg\",\"articleSection\":[\"Geral\"],\"inLanguage\":\"pt-BR\",\"potentialAction\":[{\"@type\":\"CommentAction\",\"name\":\"Comment\",\"target\":[\"https:\/\/ubanews.com\/site\/2021\/08\/10\/pcmg-inaugura-nova-sede-da-deam-em-juiz-de-fora\/#respond\"]}]},{\"@type\":\"WebPage\",\"@id\":\"https:\/\/ubanews.com\/site\/2021\/08\/10\/pcmg-inaugura-nova-sede-da-deam-em-juiz-de-fora\/\",\"url\":\"https:\/\/ubanews.com\/site\/2021\/08\/10\/pcmg-inaugura-nova-sede-da-deam-em-juiz-de-fora\/\",\"name\":\"PCMG inaugura nova sede da Deam em Juiz de Fora - Ub\u00e1 News\",\"isPartOf\":{\"@id\":\"https:\/\/ubanews.com\/site\/#website\"},\"primaryImageOfPage\":{\"@id\":\"https:\/\/ubanews.com\/site\/2021\/08\/10\/pcmg-inaugura-nova-sede-da-deam-em-juiz-de-fora\/#primaryimage\"},\"image\":{\"@id\":\"https:\/\/ubanews.com\/site\/2021\/08\/10\/pcmg-inaugura-nova-sede-da-deam-em-juiz-de-fora\/#primaryimage\"},\"thumbnailUrl\":\"https:\/\/ubanews.com\/site\/wp-content\/uploads\/2021\/08\/01.jpg\",\"datePublished\":\"2021-08-10T20:36:07+00:00\",\"breadcrumb\":{\"@id\":\"https:\/\/ubanews.com\/site\/2021\/08\/10\/pcmg-inaugura-nova-sede-da-deam-em-juiz-de-fora\/#breadcrumb\"},\"inLanguage\":\"pt-BR\",\"potentialAction\":[{\"@type\":\"ReadAction\",\"target\":[\"https:\/\/ubanews.com\/site\/2021\/08\/10\/pcmg-inaugura-nova-sede-da-deam-em-juiz-de-fora\/\"]}]},{\"@type\":\"ImageObject\",\"inLanguage\":\"pt-BR\",\"@id\":\"https:\/\/ubanews.com\/site\/2021\/08\/10\/pcmg-inaugura-nova-sede-da-deam-em-juiz-de-fora\/#primaryimage\",\"url\":\"https:\/\/ubanews.com\/site\/wp-content\/uploads\/2021\/08\/01.jpg\",\"contentUrl\":\"https:\/\/ubanews.com\/site\/wp-content\/uploads\/2021\/08\/01.jpg\",\"width\":1000,\"height\":500},{\"@type\":\"BreadcrumbList\",\"@id\":\"https:\/\/ubanews.com\/site\/2021\/08\/10\/pcmg-inaugura-nova-sede-da-deam-em-juiz-de-fora\/#breadcrumb\",\"itemListElement\":[{\"@type\":\"ListItem\",\"position\":1,\"name\":\"Home\",\"item\":\"https:\/\/ubanews.com\/site\/\"},{\"@type\":\"ListItem\",\"position\":2,\"name\":\"PCMG inaugura nova sede da Deam em Juiz de Fora\"}]},{\"@type\":\"WebSite\",\"@id\":\"https:\/\/ubanews.com\/site\/#website\",\"url\":\"https:\/\/ubanews.com\/site\/\",\"name\":\"Ub\u00e1 News\",\"description\":\"\",\"publisher\":{\"@id\":\"https:\/\/ubanews.com\/site\/#organization\"},\"potentialAction\":[{\"@type\":\"SearchAction\",\"target\":{\"@type\":\"EntryPoint\",\"urlTemplate\":\"https:\/\/ubanews.com\/site\/?s={search_term_string}\"},\"query-input\":{\"@type\":\"PropertyValueSpecification\",\"valueRequired\":true,\"valueName\":\"search_term_string\"}}],\"inLanguage\":\"pt-BR\"},{\"@type\":\"Organization\",\"@id\":\"https:\/\/ubanews.com\/site\/#organization\",\"name\":\"Ub\u00e1 News\",\"url\":\"https:\/\/ubanews.com\/site\/\",\"logo\":{\"@type\":\"ImageObject\",\"inLanguage\":\"pt-BR\",\"@id\":\"https:\/\/ubanews.com\/site\/#\/schema\/logo\/image\/\",\"url\":\"https:\/\/ubanews.com\/site\/wp-content\/uploads\/2018\/01\/logoubanews.png\",\"contentUrl\":\"https:\/\/ubanews.com\/site\/wp-content\/uploads\/2018\/01\/logoubanews.png\",\"width\":261,\"height\":99,\"caption\":\"Ub\u00e1 News\"},\"image\":{\"@id\":\"https:\/\/ubanews.com\/site\/#\/schema\/logo\/image\/\"},\"sameAs\":[\"https:\/\/www.facebook.com\/Ub\u00e1News-Carlos-Roberto-Sodr\u00e9-418778301977370\"]},{\"@type\":\"Person\",\"@id\":\"https:\/\/ubanews.com\/site\/#\/schema\/person\/d90c9e47252fbb63dcc969fe4c8b9d10\",\"name\":\"Sodr\u00e9\",\"image\":{\"@type\":\"ImageObject\",\"inLanguage\":\"pt-BR\",\"@id\":\"https:\/\/secure.gravatar.com\/avatar\/5ba2793f0590b9dbfad3fdec4ee714485b3eef211c9b32ee53d414060454a56c?s=96&d=mm&r=g\",\"url\":\"https:\/\/secure.gravatar.com\/avatar\/5ba2793f0590b9dbfad3fdec4ee714485b3eef211c9b32ee53d414060454a56c?s=96&d=mm&r=g\",\"contentUrl\":\"https:\/\/secure.gravatar.com\/avatar\/5ba2793f0590b9dbfad3fdec4ee714485b3eef211c9b32ee53d414060454a56c?s=96&d=mm&r=g\",\"caption\":\"Sodr\u00e9\"},\"sameAs\":[\"https:\/\/www.facebook.com\/carosroberto.sodre.5\/\"],\"url\":\"https:\/\/ubanews.com\/site\/author\/felipe\/\"}]}<\/script>\n<!-- \/ Yoast SEO plugin. -->","yoast_head_json":{"title":"PCMG inaugura nova sede da Deam em Juiz de Fora - Ub\u00e1 News","robots":{"index":"index","follow":"follow","max-snippet":"max-snippet:-1","max-image-preview":"max-image-preview:large","max-video-preview":"max-video-preview:-1"},"canonical":"https:\/\/ubanews.com\/site\/2021\/08\/10\/pcmg-inaugura-nova-sede-da-deam-em-juiz-de-fora\/","og_locale":"pt_BR","og_type":"article","og_title":"PCMG inaugura nova sede da Deam em Juiz de Fora - Ub\u00e1 News","og_description":"No m\u00eas de conscientiza\u00e7\u00e3o pelo fim da viol\u00eancia contra a","og_url":"https:\/\/ubanews.com\/site\/2021\/08\/10\/pcmg-inaugura-nova-sede-da-deam-em-juiz-de-fora\/","og_site_name":"Ub\u00e1 News","article_publisher":"https:\/\/www.facebook.com\/Ub%c3%a1News-Carlos-Roberto-Sodr%c3%a9-418778301977370","article_author":"https:\/\/www.facebook.com\/carosroberto.sodre.5\/","article_published_time":"2021-08-10T20:36:07+00:00","og_image":[{"width":1000,"height":500,"url":"https:\/\/ubanews.com\/site\/wp-content\/uploads\/2021\/08\/01.jpg","type":"image\/jpeg"}],"author":"Sodr\u00e9","twitter_card":"summary_large_image","twitter_misc":{"Escrito por":"Sodr\u00e9","Est. tempo de leitura":"4 minutos"},"schema":{"@context":"https:\/\/schema.org","@graph":[{"@type":"Article","@id":"https:\/\/ubanews.com\/site\/2021\/08\/10\/pcmg-inaugura-nova-sede-da-deam-em-juiz-de-fora\/#article","isPartOf":{"@id":"https:\/\/ubanews.com\/site\/2021\/08\/10\/pcmg-inaugura-nova-sede-da-deam-em-juiz-de-fora\/"},"author":{"name":"Sodr\u00e9","@id":"https:\/\/ubanews.com\/site\/#\/schema\/person\/d90c9e47252fbb63dcc969fe4c8b9d10"},"headline":"PCMG inaugura nova sede da Deam em Juiz de Fora","datePublished":"2021-08-10T20:36:07+00:00","mainEntityOfPage":{"@id":"https:\/\/ubanews.com\/site\/2021\/08\/10\/pcmg-inaugura-nova-sede-da-deam-em-juiz-de-fora\/"},"wordCount":905,"commentCount":0,"publisher":{"@id":"https:\/\/ubanews.com\/site\/#organization"},"image":{"@id":"https:\/\/ubanews.com\/site\/2021\/08\/10\/pcmg-inaugura-nova-sede-da-deam-em-juiz-de-fora\/#primaryimage"},"thumbnailUrl":"https:\/\/ubanews.com\/site\/wp-content\/uploads\/2021\/08\/01.jpg","articleSection":["Geral"],"inLanguage":"pt-BR","potentialAction":[{"@type":"CommentAction","name":"Comment","target":["https:\/\/ubanews.com\/site\/2021\/08\/10\/pcmg-inaugura-nova-sede-da-deam-em-juiz-de-fora\/#respond"]}]},{"@type":"WebPage","@id":"https:\/\/ubanews.com\/site\/2021\/08\/10\/pcmg-inaugura-nova-sede-da-deam-em-juiz-de-fora\/","url":"https:\/\/ubanews.com\/site\/2021\/08\/10\/pcmg-inaugura-nova-sede-da-deam-em-juiz-de-fora\/","name":"PCMG inaugura nova sede da Deam em Juiz de Fora - Ub\u00e1 News","isPartOf":{"@id":"https:\/\/ubanews.com\/site\/#website"},"primaryImageOfPage":{"@id":"https:\/\/ubanews.com\/site\/2021\/08\/10\/pcmg-inaugura-nova-sede-da-deam-em-juiz-de-fora\/#primaryimage"},"image":{"@id":"https:\/\/ubanews.com\/site\/2021\/08\/10\/pcmg-inaugura-nova-sede-da-deam-em-juiz-de-fora\/#primaryimage"},"thumbnailUrl":"https:\/\/ubanews.com\/site\/wp-content\/uploads\/2021\/08\/01.jpg","datePublished":"2021-08-10T20:36:07+00:00","breadcrumb":{"@id":"https:\/\/ubanews.com\/site\/2021\/08\/10\/pcmg-inaugura-nova-sede-da-deam-em-juiz-de-fora\/#breadcrumb"},"inLanguage":"pt-BR","potentialAction":[{"@type":"ReadAction","target":["https:\/\/ubanews.com\/site\/2021\/08\/10\/pcmg-inaugura-nova-sede-da-deam-em-juiz-de-fora\/"]}]},{"@type":"ImageObject","inLanguage":"pt-BR","@id":"https:\/\/ubanews.com\/site\/2021\/08\/10\/pcmg-inaugura-nova-sede-da-deam-em-juiz-de-fora\/#primaryimage","url":"https:\/\/ubanews.com\/site\/wp-content\/uploads\/2021\/08\/01.jpg","contentUrl":"https:\/\/ubanews.com\/site\/wp-content\/uploads\/2021\/08\/01.jpg","width":1000,"height":500},{"@type":"BreadcrumbList","@id":"https:\/\/ubanews.com\/site\/2021\/08\/10\/pcmg-inaugura-nova-sede-da-deam-em-juiz-de-fora\/#breadcrumb","itemListElement":[{"@type":"ListItem","position":1,"name":"Home","item":"https:\/\/ubanews.com\/site\/"},{"@type":"ListItem","position":2,"name":"PCMG inaugura nova sede da Deam em Juiz de Fora"}]},{"@type":"WebSite","@id":"https:\/\/ubanews.com\/site\/#website","url":"https:\/\/ubanews.com\/site\/","name":"Ub\u00e1 News","description":"","publisher":{"@id":"https:\/\/ubanews.com\/site\/#organization"},"potentialAction":[{"@type":"SearchAction","target":{"@type":"EntryPoint","urlTemplate":"https:\/\/ubanews.com\/site\/?s={search_term_string}"},"query-input":{"@type":"PropertyValueSpecification","valueRequired":true,"valueName":"search_term_string"}}],"inLanguage":"pt-BR"},{"@type":"Organization","@id":"https:\/\/ubanews.com\/site\/#organization","name":"Ub\u00e1 News","url":"https:\/\/ubanews.com\/site\/","logo":{"@type":"ImageObject","inLanguage":"pt-BR","@id":"https:\/\/ubanews.com\/site\/#\/schema\/logo\/image\/","url":"https:\/\/ubanews.com\/site\/wp-content\/uploads\/2018\/01\/logoubanews.png","contentUrl":"https:\/\/ubanews.com\/site\/wp-content\/uploads\/2018\/01\/logoubanews.png","width":261,"height":99,"caption":"Ub\u00e1 News"},"image":{"@id":"https:\/\/ubanews.com\/site\/#\/schema\/logo\/image\/"},"sameAs":["https:\/\/www.facebook.com\/Ub\u00e1News-Carlos-Roberto-Sodr\u00e9-418778301977370"]},{"@type":"Person","@id":"https:\/\/ubanews.com\/site\/#\/schema\/person\/d90c9e47252fbb63dcc969fe4c8b9d10","name":"Sodr\u00e9","image":{"@type":"ImageObject","inLanguage":"pt-BR","@id":"https:\/\/secure.gravatar.com\/avatar\/5ba2793f0590b9dbfad3fdec4ee714485b3eef211c9b32ee53d414060454a56c?s=96&d=mm&r=g","url":"https:\/\/secure.gravatar.com\/avatar\/5ba2793f0590b9dbfad3fdec4ee714485b3eef211c9b32ee53d414060454a56c?s=96&d=mm&r=g","contentUrl":"https:\/\/secure.gravatar.com\/avatar\/5ba2793f0590b9dbfad3fdec4ee714485b3eef211c9b32ee53d414060454a56c?s=96&d=mm&r=g","caption":"Sodr\u00e9"},"sameAs":["https:\/\/www.facebook.com\/carosroberto.sodre.5\/"],"url":"https:\/\/ubanews.com\/site\/author\/felipe\/"}]}},"_links":{"self":[{"href":"https:\/\/ubanews.com\/site\/wp-json\/wp\/v2\/posts\/20281","targetHints":{"allow":["GET"]}}],"collection":[{"href":"https:\/\/ubanews.com\/site\/wp-json\/wp\/v2\/posts"}],"about":[{"href":"https:\/\/ubanews.com\/site\/wp-json\/wp\/v2\/types\/post"}],"author":[{"embeddable":true,"href":"https:\/\/ubanews.com\/site\/wp-json\/wp\/v2\/users\/2"}],"replies":[{"embeddable":true,"href":"https:\/\/ubanews.com\/site\/wp-json\/wp\/v2\/comments?post=20281"}],"version-history":[{"count":0,"href":"https:\/\/ubanews.com\/site\/wp-json\/wp\/v2\/posts\/20281\/revisions"}],"wp:featuredmedia":[{"embeddable":true,"href":"https:\/\/ubanews.com\/site\/wp-json\/wp\/v2\/media\/20282"}],"wp:attachment":[{"href":"https:\/\/ubanews.com\/site\/wp-json\/wp\/v2\/media?parent=20281"}],"wp:term":[{"taxonomy":"category","embeddable":true,"href":"https:\/\/ubanews.com\/site\/wp-json\/wp\/v2\/categories?post=20281"},{"taxonomy":"post_tag","embeddable":true,"href":"https:\/\/ubanews.com\/site\/wp-json\/wp\/v2\/tags?post=20281"}],"curies":[{"name":"wp","href":"https:\/\/api.w.org\/{rel}","templated":true}]}}