{"id":20189,"date":"2021-07-28T14:22:33","date_gmt":"2021-07-28T17:22:33","guid":{"rendered":"http:\/\/ubanews.com\/site\/?p=20189"},"modified":"2021-07-28T17:23:10","modified_gmt":"2021-07-28T20:23:10","slug":"programacao-com-espetaculos-de-teatro-e-danca-encerram-comemoracoes-dos-164-anos-de-uba","status":"publish","type":"post","link":"https:\/\/ubanews.com\/site\/2021\/07\/28\/programacao-com-espetaculos-de-teatro-e-danca-encerram-comemoracoes-dos-164-anos-de-uba\/","title":{"rendered":"Programa\u00e7\u00e3o com espet\u00e1culos de teatro e dan\u00e7a encerram comemora\u00e7\u00f5es dos 164 anos de Ub\u00e1"},"content":{"rendered":"<p style=\"font-weight: 400;\">Ap\u00f3s a realiza\u00e7\u00e3o de 4 Lives Solid\u00e1rias musicais, reunindo dezenas de artistas da m\u00fasica da nossa cidade, a Prefeitura, por meio da Secretaria Municipal de Cultura, preparou uma programa\u00e7\u00e3o muito especial de teatro e dan\u00e7a&nbsp;que ser\u00e1 exibida como parte das comemora\u00e7\u00f5es dos 164 Anos de Ub\u00e1.<\/p>\n<p style=\"font-weight: 400;\">O evento online &#8220;Julho Cultural&#8221; ser\u00e1 transmitido atrav\u00e9s do canal da Prefeitura no Youtube nos dias 29, 30 e 31 de julho e contar\u00e1 com&nbsp;17 espet\u00e1culos de teatro, adulto e infantil, e de dan\u00e7a, produzidos por artistas da cidade.<\/p>\n<p style=\"font-weight: 400;\"><strong>Confira a programa\u00e7\u00e3o<\/strong><\/p>\n<p style=\"font-weight: 400;\">Abrindo o \u201cJulho Cultural\u201d, no dia 29\/07, a partir das 19h30, os ubaenses poder\u00e3o assistir as apresenta\u00e7\u00f5es: \u201cReden\u00e7\u00e3o\u201d, da Companhia Movimento Urbano; o espet\u00e1culo Banzo, da Companhia&nbsp;Rastro dos Astros; a coreografia Estilo \u201cTik Tok\u201d Tutorial Dance, com Adriano Lucas; Cord\u00e9is de Waltair Couto e Poemas em Homenagem \u00e0 Ub\u00e1, com H\u00e9lder Carneiro e a apresenta\u00e7\u00e3o \u201cSinergia\u201d, do Grupo Oeste 7.<\/p>\n<p style=\"font-weight: 400;\">No dia 30\/07, \u00e0s 19h30, se apresentam: Grupo Oeste 7, com a coreografia \u201cEm Busca de Valhalla\u201d; o Coletivo Libertas, com \u201cEst\u00f3rias de Palha\u00e7os\u201d; o &nbsp;Grupo New Clan, com a dan\u00e7a \u201cCypher\u201d e a Cia S\u00f3 Arte, com o espet\u00e1culo \u201cAinda \u00c9 Carnaval\u201d.<\/p>\n<p style=\"font-weight: 400;\">No s\u00e1bado, dia 31\/07, \u00e0s 15h30, a programa\u00e7\u00e3o ser\u00e1 voltada especialmente para a crian\u00e7ada e vai &nbsp;incluir apresenta\u00e7\u00f5es dos espet\u00e1culos: \u201cOs Saltimbancos\u201d da Cia S\u00f3 Arte; \u201cJardineiro\u201d, com a Cia de Ballet Rose Silva; \u201cContos e Encantos\u201d, com o Coletivo Libertas e \u201cIp\u00ea\u201d, com a Cia de Ballet Rose Silva.<\/p>\n<p style=\"font-weight: 400;\">J\u00e1 no dia 31\/07, \u00e0s 19:30, o encerramento do &nbsp;\u201cJulho Cultural\u201d contar\u00e1 com quatro apresenta\u00e7\u00f5es: \u201cA Farsa\u201d, da Companhia Rastro dos Astros; \u201c Mejanse\u201d, com Nanci Rocha; Cordeis de Waltair Couto em Homenagem \u00e0 Mauro Mendon\u00e7a, com Didi Paschoalino e \u201cConexos\u201d, da Companhia Movimento Urbano.<\/p>\n<p><strong>Assessoria de comunica\u00e7\u00e3o Prefeitura de Ub\u00e1<\/strong><\/p>\n<div style=\"width: 840px;\" class=\"wp-video\"><video class=\"wp-video-shortcode\" id=\"video-20189-1\" width=\"840\" height=\"473\" autoplay preload=\"auto\" controls=\"controls\"><source type=\"video\/mp4\" src=\"https:\/\/ubanews.com\/site\/wp-content\/uploads\/2020\/12\/01020002.00_00_53_25.mp4?_=1\" \/><a href=\"https:\/\/ubanews.com\/site\/wp-content\/uploads\/2020\/12\/01020002.00_00_53_25.mp4\">https:\/\/ubanews.com\/site\/wp-content\/uploads\/2020\/12\/01020002.00_00_53_25.mp4<\/a><\/video><\/div>\n","protected":false},"excerpt":{"rendered":"<p>Ap\u00f3s a realiza\u00e7\u00e3o de 4 Lives Solid\u00e1rias musicais, reunindo dezenas<\/p>\n","protected":false},"author":2,"featured_media":20190,"comment_status":"open","ping_status":"open","sticky":false,"template":"","format":"standard","meta":{"footnotes":""},"categories":[15],"tags":[],"class_list":["post-20189","post","type-post","status-publish","format-standard","has-post-thumbnail","hentry","category-prefeitura-municipal"],"yoast_head":"<!-- This site is optimized with the Yoast SEO plugin v27.2 - https:\/\/yoast.com\/product\/yoast-seo-wordpress\/ -->\n<title>Programa\u00e7\u00e3o com espet\u00e1culos de teatro e dan\u00e7a encerram comemora\u00e7\u00f5es dos 164 anos de Ub\u00e1 - Ub\u00e1 News<\/title>\n<meta name=\"robots\" content=\"index, follow, max-snippet:-1, max-image-preview:large, max-video-preview:-1\" \/>\n<link rel=\"canonical\" href=\"https:\/\/ubanews.com\/site\/2021\/07\/28\/programacao-com-espetaculos-de-teatro-e-danca-encerram-comemoracoes-dos-164-anos-de-uba\/\" \/>\n<meta property=\"og:locale\" content=\"pt_BR\" \/>\n<meta property=\"og:type\" content=\"article\" \/>\n<meta property=\"og:title\" content=\"Programa\u00e7\u00e3o com espet\u00e1culos de teatro e dan\u00e7a encerram comemora\u00e7\u00f5es dos 164 anos de Ub\u00e1 - Ub\u00e1 News\" \/>\n<meta property=\"og:description\" content=\"Ap\u00f3s a realiza\u00e7\u00e3o de 4 Lives Solid\u00e1rias musicais, reunindo dezenas\" \/>\n<meta property=\"og:url\" content=\"https:\/\/ubanews.com\/site\/2021\/07\/28\/programacao-com-espetaculos-de-teatro-e-danca-encerram-comemoracoes-dos-164-anos-de-uba\/\" \/>\n<meta property=\"og:site_name\" content=\"Ub\u00e1 News\" \/>\n<meta property=\"article:publisher\" content=\"https:\/\/www.facebook.com\/Ub%c3%a1News-Carlos-Roberto-Sodr%c3%a9-418778301977370\" \/>\n<meta property=\"article:author\" content=\"https:\/\/www.facebook.com\/carosroberto.sodre.5\/\" \/>\n<meta property=\"article:published_time\" content=\"2021-07-28T17:22:33+00:00\" \/>\n<meta property=\"article:modified_time\" content=\"2021-07-28T20:23:10+00:00\" \/>\n<meta property=\"og:image\" content=\"https:\/\/ubanews.com\/site\/wp-content\/uploads\/2021\/07\/WhatsApp-Image-2021-07-26-at-12.49.54.jpeg\" \/>\n\t<meta property=\"og:image:width\" content=\"1000\" \/>\n\t<meta property=\"og:image:height\" content=\"500\" \/>\n\t<meta property=\"og:image:type\" content=\"image\/jpeg\" \/>\n<meta name=\"author\" content=\"Sodr\u00e9\" \/>\n<meta name=\"twitter:card\" content=\"summary_large_image\" \/>\n<meta name=\"twitter:label1\" content=\"Escrito por\" \/>\n\t<meta name=\"twitter:data1\" content=\"Sodr\u00e9\" \/>\n\t<meta name=\"twitter:label2\" content=\"Est. tempo de leitura\" \/>\n\t<meta name=\"twitter:data2\" content=\"2 minutos\" \/>\n<script type=\"application\/ld+json\" class=\"yoast-schema-graph\">{\"@context\":\"https:\/\/schema.org\",\"@graph\":[{\"@type\":\"Article\",\"@id\":\"https:\/\/ubanews.com\/site\/2021\/07\/28\/programacao-com-espetaculos-de-teatro-e-danca-encerram-comemoracoes-dos-164-anos-de-uba\/#article\",\"isPartOf\":{\"@id\":\"https:\/\/ubanews.com\/site\/2021\/07\/28\/programacao-com-espetaculos-de-teatro-e-danca-encerram-comemoracoes-dos-164-anos-de-uba\/\"},\"author\":{\"name\":\"Sodr\u00e9\",\"@id\":\"https:\/\/ubanews.com\/site\/#\/schema\/person\/d90c9e47252fbb63dcc969fe4c8b9d10\"},\"headline\":\"Programa\u00e7\u00e3o com espet\u00e1culos de teatro e dan\u00e7a encerram comemora\u00e7\u00f5es dos 164 anos de Ub\u00e1\",\"datePublished\":\"2021-07-28T17:22:33+00:00\",\"dateModified\":\"2021-07-28T20:23:10+00:00\",\"mainEntityOfPage\":{\"@id\":\"https:\/\/ubanews.com\/site\/2021\/07\/28\/programacao-com-espetaculos-de-teatro-e-danca-encerram-comemoracoes-dos-164-anos-de-uba\/\"},\"wordCount\":347,\"commentCount\":0,\"publisher\":{\"@id\":\"https:\/\/ubanews.com\/site\/#organization\"},\"image\":{\"@id\":\"https:\/\/ubanews.com\/site\/2021\/07\/28\/programacao-com-espetaculos-de-teatro-e-danca-encerram-comemoracoes-dos-164-anos-de-uba\/#primaryimage\"},\"thumbnailUrl\":\"https:\/\/ubanews.com\/site\/wp-content\/uploads\/2021\/07\/WhatsApp-Image-2021-07-26-at-12.49.54.jpeg\",\"articleSection\":[\"Prefeitura Municipal\"],\"inLanguage\":\"pt-BR\",\"potentialAction\":[{\"@type\":\"CommentAction\",\"name\":\"Comment\",\"target\":[\"https:\/\/ubanews.com\/site\/2021\/07\/28\/programacao-com-espetaculos-de-teatro-e-danca-encerram-comemoracoes-dos-164-anos-de-uba\/#respond\"]}]},{\"@type\":\"WebPage\",\"@id\":\"https:\/\/ubanews.com\/site\/2021\/07\/28\/programacao-com-espetaculos-de-teatro-e-danca-encerram-comemoracoes-dos-164-anos-de-uba\/\",\"url\":\"https:\/\/ubanews.com\/site\/2021\/07\/28\/programacao-com-espetaculos-de-teatro-e-danca-encerram-comemoracoes-dos-164-anos-de-uba\/\",\"name\":\"Programa\u00e7\u00e3o com espet\u00e1culos de teatro e dan\u00e7a encerram comemora\u00e7\u00f5es dos 164 anos de Ub\u00e1 - Ub\u00e1 News\",\"isPartOf\":{\"@id\":\"https:\/\/ubanews.com\/site\/#website\"},\"primaryImageOfPage\":{\"@id\":\"https:\/\/ubanews.com\/site\/2021\/07\/28\/programacao-com-espetaculos-de-teatro-e-danca-encerram-comemoracoes-dos-164-anos-de-uba\/#primaryimage\"},\"image\":{\"@id\":\"https:\/\/ubanews.com\/site\/2021\/07\/28\/programacao-com-espetaculos-de-teatro-e-danca-encerram-comemoracoes-dos-164-anos-de-uba\/#primaryimage\"},\"thumbnailUrl\":\"https:\/\/ubanews.com\/site\/wp-content\/uploads\/2021\/07\/WhatsApp-Image-2021-07-26-at-12.49.54.jpeg\",\"datePublished\":\"2021-07-28T17:22:33+00:00\",\"dateModified\":\"2021-07-28T20:23:10+00:00\",\"breadcrumb\":{\"@id\":\"https:\/\/ubanews.com\/site\/2021\/07\/28\/programacao-com-espetaculos-de-teatro-e-danca-encerram-comemoracoes-dos-164-anos-de-uba\/#breadcrumb\"},\"inLanguage\":\"pt-BR\",\"potentialAction\":[{\"@type\":\"ReadAction\",\"target\":[\"https:\/\/ubanews.com\/site\/2021\/07\/28\/programacao-com-espetaculos-de-teatro-e-danca-encerram-comemoracoes-dos-164-anos-de-uba\/\"]}]},{\"@type\":\"ImageObject\",\"inLanguage\":\"pt-BR\",\"@id\":\"https:\/\/ubanews.com\/site\/2021\/07\/28\/programacao-com-espetaculos-de-teatro-e-danca-encerram-comemoracoes-dos-164-anos-de-uba\/#primaryimage\",\"url\":\"https:\/\/ubanews.com\/site\/wp-content\/uploads\/2021\/07\/WhatsApp-Image-2021-07-26-at-12.49.54.jpeg\",\"contentUrl\":\"https:\/\/ubanews.com\/site\/wp-content\/uploads\/2021\/07\/WhatsApp-Image-2021-07-26-at-12.49.54.jpeg\",\"width\":1000,\"height\":500},{\"@type\":\"BreadcrumbList\",\"@id\":\"https:\/\/ubanews.com\/site\/2021\/07\/28\/programacao-com-espetaculos-de-teatro-e-danca-encerram-comemoracoes-dos-164-anos-de-uba\/#breadcrumb\",\"itemListElement\":[{\"@type\":\"ListItem\",\"position\":1,\"name\":\"Home\",\"item\":\"https:\/\/ubanews.com\/site\/\"},{\"@type\":\"ListItem\",\"position\":2,\"name\":\"Programa\u00e7\u00e3o com espet\u00e1culos de teatro e dan\u00e7a encerram comemora\u00e7\u00f5es dos 164 anos de Ub\u00e1\"}]},{\"@type\":\"WebSite\",\"@id\":\"https:\/\/ubanews.com\/site\/#website\",\"url\":\"https:\/\/ubanews.com\/site\/\",\"name\":\"Ub\u00e1 News\",\"description\":\"\",\"publisher\":{\"@id\":\"https:\/\/ubanews.com\/site\/#organization\"},\"potentialAction\":[{\"@type\":\"SearchAction\",\"target\":{\"@type\":\"EntryPoint\",\"urlTemplate\":\"https:\/\/ubanews.com\/site\/?s={search_term_string}\"},\"query-input\":{\"@type\":\"PropertyValueSpecification\",\"valueRequired\":true,\"valueName\":\"search_term_string\"}}],\"inLanguage\":\"pt-BR\"},{\"@type\":\"Organization\",\"@id\":\"https:\/\/ubanews.com\/site\/#organization\",\"name\":\"Ub\u00e1 News\",\"url\":\"https:\/\/ubanews.com\/site\/\",\"logo\":{\"@type\":\"ImageObject\",\"inLanguage\":\"pt-BR\",\"@id\":\"https:\/\/ubanews.com\/site\/#\/schema\/logo\/image\/\",\"url\":\"https:\/\/ubanews.com\/site\/wp-content\/uploads\/2018\/01\/logoubanews.png\",\"contentUrl\":\"https:\/\/ubanews.com\/site\/wp-content\/uploads\/2018\/01\/logoubanews.png\",\"width\":261,\"height\":99,\"caption\":\"Ub\u00e1 News\"},\"image\":{\"@id\":\"https:\/\/ubanews.com\/site\/#\/schema\/logo\/image\/\"},\"sameAs\":[\"https:\/\/www.facebook.com\/Ub\u00e1News-Carlos-Roberto-Sodr\u00e9-418778301977370\"]},{\"@type\":\"Person\",\"@id\":\"https:\/\/ubanews.com\/site\/#\/schema\/person\/d90c9e47252fbb63dcc969fe4c8b9d10\",\"name\":\"Sodr\u00e9\",\"image\":{\"@type\":\"ImageObject\",\"inLanguage\":\"pt-BR\",\"@id\":\"https:\/\/secure.gravatar.com\/avatar\/5ba2793f0590b9dbfad3fdec4ee714485b3eef211c9b32ee53d414060454a56c?s=96&d=mm&r=g\",\"url\":\"https:\/\/secure.gravatar.com\/avatar\/5ba2793f0590b9dbfad3fdec4ee714485b3eef211c9b32ee53d414060454a56c?s=96&d=mm&r=g\",\"contentUrl\":\"https:\/\/secure.gravatar.com\/avatar\/5ba2793f0590b9dbfad3fdec4ee714485b3eef211c9b32ee53d414060454a56c?s=96&d=mm&r=g\",\"caption\":\"Sodr\u00e9\"},\"sameAs\":[\"https:\/\/www.facebook.com\/carosroberto.sodre.5\/\"],\"url\":\"https:\/\/ubanews.com\/site\/author\/felipe\/\"}]}<\/script>\n<!-- \/ Yoast SEO plugin. -->","yoast_head_json":{"title":"Programa\u00e7\u00e3o com espet\u00e1culos de teatro e dan\u00e7a encerram comemora\u00e7\u00f5es dos 164 anos de Ub\u00e1 - Ub\u00e1 News","robots":{"index":"index","follow":"follow","max-snippet":"max-snippet:-1","max-image-preview":"max-image-preview:large","max-video-preview":"max-video-preview:-1"},"canonical":"https:\/\/ubanews.com\/site\/2021\/07\/28\/programacao-com-espetaculos-de-teatro-e-danca-encerram-comemoracoes-dos-164-anos-de-uba\/","og_locale":"pt_BR","og_type":"article","og_title":"Programa\u00e7\u00e3o com espet\u00e1culos de teatro e dan\u00e7a encerram comemora\u00e7\u00f5es dos 164 anos de Ub\u00e1 - Ub\u00e1 News","og_description":"Ap\u00f3s a realiza\u00e7\u00e3o de 4 Lives Solid\u00e1rias musicais, reunindo dezenas","og_url":"https:\/\/ubanews.com\/site\/2021\/07\/28\/programacao-com-espetaculos-de-teatro-e-danca-encerram-comemoracoes-dos-164-anos-de-uba\/","og_site_name":"Ub\u00e1 News","article_publisher":"https:\/\/www.facebook.com\/Ub%c3%a1News-Carlos-Roberto-Sodr%c3%a9-418778301977370","article_author":"https:\/\/www.facebook.com\/carosroberto.sodre.5\/","article_published_time":"2021-07-28T17:22:33+00:00","article_modified_time":"2021-07-28T20:23:10+00:00","og_image":[{"width":1000,"height":500,"url":"https:\/\/ubanews.com\/site\/wp-content\/uploads\/2021\/07\/WhatsApp-Image-2021-07-26-at-12.49.54.jpeg","type":"image\/jpeg"}],"author":"Sodr\u00e9","twitter_card":"summary_large_image","twitter_misc":{"Escrito por":"Sodr\u00e9","Est. tempo de leitura":"2 minutos"},"schema":{"@context":"https:\/\/schema.org","@graph":[{"@type":"Article","@id":"https:\/\/ubanews.com\/site\/2021\/07\/28\/programacao-com-espetaculos-de-teatro-e-danca-encerram-comemoracoes-dos-164-anos-de-uba\/#article","isPartOf":{"@id":"https:\/\/ubanews.com\/site\/2021\/07\/28\/programacao-com-espetaculos-de-teatro-e-danca-encerram-comemoracoes-dos-164-anos-de-uba\/"},"author":{"name":"Sodr\u00e9","@id":"https:\/\/ubanews.com\/site\/#\/schema\/person\/d90c9e47252fbb63dcc969fe4c8b9d10"},"headline":"Programa\u00e7\u00e3o com espet\u00e1culos de teatro e dan\u00e7a encerram comemora\u00e7\u00f5es dos 164 anos de Ub\u00e1","datePublished":"2021-07-28T17:22:33+00:00","dateModified":"2021-07-28T20:23:10+00:00","mainEntityOfPage":{"@id":"https:\/\/ubanews.com\/site\/2021\/07\/28\/programacao-com-espetaculos-de-teatro-e-danca-encerram-comemoracoes-dos-164-anos-de-uba\/"},"wordCount":347,"commentCount":0,"publisher":{"@id":"https:\/\/ubanews.com\/site\/#organization"},"image":{"@id":"https:\/\/ubanews.com\/site\/2021\/07\/28\/programacao-com-espetaculos-de-teatro-e-danca-encerram-comemoracoes-dos-164-anos-de-uba\/#primaryimage"},"thumbnailUrl":"https:\/\/ubanews.com\/site\/wp-content\/uploads\/2021\/07\/WhatsApp-Image-2021-07-26-at-12.49.54.jpeg","articleSection":["Prefeitura Municipal"],"inLanguage":"pt-BR","potentialAction":[{"@type":"CommentAction","name":"Comment","target":["https:\/\/ubanews.com\/site\/2021\/07\/28\/programacao-com-espetaculos-de-teatro-e-danca-encerram-comemoracoes-dos-164-anos-de-uba\/#respond"]}]},{"@type":"WebPage","@id":"https:\/\/ubanews.com\/site\/2021\/07\/28\/programacao-com-espetaculos-de-teatro-e-danca-encerram-comemoracoes-dos-164-anos-de-uba\/","url":"https:\/\/ubanews.com\/site\/2021\/07\/28\/programacao-com-espetaculos-de-teatro-e-danca-encerram-comemoracoes-dos-164-anos-de-uba\/","name":"Programa\u00e7\u00e3o com espet\u00e1culos de teatro e dan\u00e7a encerram comemora\u00e7\u00f5es dos 164 anos de Ub\u00e1 - Ub\u00e1 News","isPartOf":{"@id":"https:\/\/ubanews.com\/site\/#website"},"primaryImageOfPage":{"@id":"https:\/\/ubanews.com\/site\/2021\/07\/28\/programacao-com-espetaculos-de-teatro-e-danca-encerram-comemoracoes-dos-164-anos-de-uba\/#primaryimage"},"image":{"@id":"https:\/\/ubanews.com\/site\/2021\/07\/28\/programacao-com-espetaculos-de-teatro-e-danca-encerram-comemoracoes-dos-164-anos-de-uba\/#primaryimage"},"thumbnailUrl":"https:\/\/ubanews.com\/site\/wp-content\/uploads\/2021\/07\/WhatsApp-Image-2021-07-26-at-12.49.54.jpeg","datePublished":"2021-07-28T17:22:33+00:00","dateModified":"2021-07-28T20:23:10+00:00","breadcrumb":{"@id":"https:\/\/ubanews.com\/site\/2021\/07\/28\/programacao-com-espetaculos-de-teatro-e-danca-encerram-comemoracoes-dos-164-anos-de-uba\/#breadcrumb"},"inLanguage":"pt-BR","potentialAction":[{"@type":"ReadAction","target":["https:\/\/ubanews.com\/site\/2021\/07\/28\/programacao-com-espetaculos-de-teatro-e-danca-encerram-comemoracoes-dos-164-anos-de-uba\/"]}]},{"@type":"ImageObject","inLanguage":"pt-BR","@id":"https:\/\/ubanews.com\/site\/2021\/07\/28\/programacao-com-espetaculos-de-teatro-e-danca-encerram-comemoracoes-dos-164-anos-de-uba\/#primaryimage","url":"https:\/\/ubanews.com\/site\/wp-content\/uploads\/2021\/07\/WhatsApp-Image-2021-07-26-at-12.49.54.jpeg","contentUrl":"https:\/\/ubanews.com\/site\/wp-content\/uploads\/2021\/07\/WhatsApp-Image-2021-07-26-at-12.49.54.jpeg","width":1000,"height":500},{"@type":"BreadcrumbList","@id":"https:\/\/ubanews.com\/site\/2021\/07\/28\/programacao-com-espetaculos-de-teatro-e-danca-encerram-comemoracoes-dos-164-anos-de-uba\/#breadcrumb","itemListElement":[{"@type":"ListItem","position":1,"name":"Home","item":"https:\/\/ubanews.com\/site\/"},{"@type":"ListItem","position":2,"name":"Programa\u00e7\u00e3o com espet\u00e1culos de teatro e dan\u00e7a encerram comemora\u00e7\u00f5es dos 164 anos de Ub\u00e1"}]},{"@type":"WebSite","@id":"https:\/\/ubanews.com\/site\/#website","url":"https:\/\/ubanews.com\/site\/","name":"Ub\u00e1 News","description":"","publisher":{"@id":"https:\/\/ubanews.com\/site\/#organization"},"potentialAction":[{"@type":"SearchAction","target":{"@type":"EntryPoint","urlTemplate":"https:\/\/ubanews.com\/site\/?s={search_term_string}"},"query-input":{"@type":"PropertyValueSpecification","valueRequired":true,"valueName":"search_term_string"}}],"inLanguage":"pt-BR"},{"@type":"Organization","@id":"https:\/\/ubanews.com\/site\/#organization","name":"Ub\u00e1 News","url":"https:\/\/ubanews.com\/site\/","logo":{"@type":"ImageObject","inLanguage":"pt-BR","@id":"https:\/\/ubanews.com\/site\/#\/schema\/logo\/image\/","url":"https:\/\/ubanews.com\/site\/wp-content\/uploads\/2018\/01\/logoubanews.png","contentUrl":"https:\/\/ubanews.com\/site\/wp-content\/uploads\/2018\/01\/logoubanews.png","width":261,"height":99,"caption":"Ub\u00e1 News"},"image":{"@id":"https:\/\/ubanews.com\/site\/#\/schema\/logo\/image\/"},"sameAs":["https:\/\/www.facebook.com\/Ub\u00e1News-Carlos-Roberto-Sodr\u00e9-418778301977370"]},{"@type":"Person","@id":"https:\/\/ubanews.com\/site\/#\/schema\/person\/d90c9e47252fbb63dcc969fe4c8b9d10","name":"Sodr\u00e9","image":{"@type":"ImageObject","inLanguage":"pt-BR","@id":"https:\/\/secure.gravatar.com\/avatar\/5ba2793f0590b9dbfad3fdec4ee714485b3eef211c9b32ee53d414060454a56c?s=96&d=mm&r=g","url":"https:\/\/secure.gravatar.com\/avatar\/5ba2793f0590b9dbfad3fdec4ee714485b3eef211c9b32ee53d414060454a56c?s=96&d=mm&r=g","contentUrl":"https:\/\/secure.gravatar.com\/avatar\/5ba2793f0590b9dbfad3fdec4ee714485b3eef211c9b32ee53d414060454a56c?s=96&d=mm&r=g","caption":"Sodr\u00e9"},"sameAs":["https:\/\/www.facebook.com\/carosroberto.sodre.5\/"],"url":"https:\/\/ubanews.com\/site\/author\/felipe\/"}]}},"_links":{"self":[{"href":"https:\/\/ubanews.com\/site\/wp-json\/wp\/v2\/posts\/20189","targetHints":{"allow":["GET"]}}],"collection":[{"href":"https:\/\/ubanews.com\/site\/wp-json\/wp\/v2\/posts"}],"about":[{"href":"https:\/\/ubanews.com\/site\/wp-json\/wp\/v2\/types\/post"}],"author":[{"embeddable":true,"href":"https:\/\/ubanews.com\/site\/wp-json\/wp\/v2\/users\/2"}],"replies":[{"embeddable":true,"href":"https:\/\/ubanews.com\/site\/wp-json\/wp\/v2\/comments?post=20189"}],"version-history":[{"count":0,"href":"https:\/\/ubanews.com\/site\/wp-json\/wp\/v2\/posts\/20189\/revisions"}],"wp:featuredmedia":[{"embeddable":true,"href":"https:\/\/ubanews.com\/site\/wp-json\/wp\/v2\/media\/20190"}],"wp:attachment":[{"href":"https:\/\/ubanews.com\/site\/wp-json\/wp\/v2\/media?parent=20189"}],"wp:term":[{"taxonomy":"category","embeddable":true,"href":"https:\/\/ubanews.com\/site\/wp-json\/wp\/v2\/categories?post=20189"},{"taxonomy":"post_tag","embeddable":true,"href":"https:\/\/ubanews.com\/site\/wp-json\/wp\/v2\/tags?post=20189"}],"curies":[{"name":"wp","href":"https:\/\/api.w.org\/{rel}","templated":true}]}}