{"id":20188,"date":"2021-07-28T14:16:56","date_gmt":"2021-07-28T17:16:56","guid":{"rendered":"http:\/\/ubanews.com\/site\/?p=20188"},"modified":"2021-07-28T17:18:31","modified_gmt":"2021-07-28T20:18:31","slug":"pcmg-prende-empresario-por-participacao-em-homicidio-cometido-em-rosario-da-limeira","status":"publish","type":"post","link":"https:\/\/ubanews.com\/site\/2021\/07\/28\/pcmg-prende-empresario-por-participacao-em-homicidio-cometido-em-rosario-da-limeira\/","title":{"rendered":"PCMG prende empres\u00e1rio por participa\u00e7\u00e3o em homic\u00eddio cometido em Ros\u00e1rio da Limeira"},"content":{"rendered":"<p><em>Investiga\u00e7\u00f5es apontaram que o empres\u00e1rio, de 64 anos, teria sido o mandante do crime praticado em abril de 2017. O empregado dele, de 50 anos, tamb\u00e9m foi preso em maio deste ano.<\/em><\/p>\n<p>Na tarde desta ter\u00e7a-feira (27\/7), a Pol\u00edcia Civil de Minas Gerais prendeu, no munic\u00edpio de Ros\u00e1rio da Limeira, na Zona da Mata mineira, um empres\u00e1rio de 64 anos, acusado por participa\u00e7\u00e3o no homic\u00eddio que vitimou um homem de 43 anos, executado a tiros no dia 12 de abril de 2017, na mesma cidade. O empregado dele, de 50 anos, j\u00e1 havia sido preso em 19 de maio deste ano. A dupla responde por homic\u00eddio triplamente qualificado, com pena que pode chegar a mais de 30 anos de pris\u00e3o.<\/p>\n<div id=\"metaslider-id-17652\" style=\"max-width: 1000px;\" class=\"ml-slider-3-106-0 metaslider metaslider-nivo metaslider-17652 ml-slider ms-theme-outline\" role=\"region\" aria-label=\"Texto\" data-height=\"200\" data-width=\"1000\">\n    <div id=\"metaslider_container_17652\">\n        <div class='slider-wrapper theme-default'><div class='ribbon'><\/div><div id='metaslider_17652' class='nivoSlider'><\/div><\/div>\n        \n    <\/div>\n<\/div>\n<p>No dia do crime, a v\u00edtima trafegava em dire\u00e7\u00e3o \u00e0 estrada que permite acesso \u00e0 localidade do Ancorado, quando foi surpreendida pelo atirador, que desferiu v\u00e1rios disparos contra o ve\u00edculo. Investiga\u00e7\u00e3o conduzida pela Delegacia de Homic\u00eddios e Prote\u00e7\u00e3o \u00e0 Pessoa da 4\u00aa Delegacia Regional em Muria\u00e9 apurou que o empres\u00e1rio teria sido o mandante do crime, j\u00e1 o empregado, o executor do homic\u00eddio. A motiva\u00e7\u00e3o estaria ligada a diverg\u00eancias entre a v\u00edtima e empres\u00e1rio, pois ele foi acionado na Justi\u00e7a do Trabalho. A v\u00edtima tamb\u00e9m chegou a denunciar um esquema de suposto tr\u00e1fico de armas do empres\u00e1rio.<\/p>\n<p>Em maio de 2021, a Pol\u00edcia Civil prendeu o homem de 50 anos, que assumiu o lugar da v\u00edtima, passando a ser o bra\u00e7o direito do empres\u00e1rio. Na \u00e9poca, depois de prestar depoimento na delegacia, os policiais civis constataram que ele mentiu ao afirmar que no dia do crime estaria em outra cidade. Ele tamb\u00e9m foi reconhecido por testemunha.<\/p>\n<p>O homem foi encaminhado ao sistema prisional, permanecendo \u00e0 disposi\u00e7\u00e3o da Justi\u00e7a.<\/p>\n<p><strong>Assessoria de Comunica\u00e7\u00e3o Pol\u00edcia Civil de Minas Gerais<\/strong><\/p>\n<div style=\"width: 840px;\" class=\"wp-video\"><video class=\"wp-video-shortcode\" id=\"video-20188-1\" width=\"840\" height=\"473\" autoplay preload=\"auto\" controls=\"controls\"><source type=\"video\/mp4\" src=\"https:\/\/ubanews.com\/site\/wp-content\/uploads\/2020\/12\/01020002.00_00_53_25.mp4?_=1\" \/><a href=\"https:\/\/ubanews.com\/site\/wp-content\/uploads\/2020\/12\/01020002.00_00_53_25.mp4\">https:\/\/ubanews.com\/site\/wp-content\/uploads\/2020\/12\/01020002.00_00_53_25.mp4<\/a><\/video><\/div>\n","protected":false},"excerpt":{"rendered":"<p>Investiga\u00e7\u00f5es apontaram que o empres\u00e1rio, de 64 anos, teria sido<\/p>\n","protected":false},"author":2,"featured_media":11163,"comment_status":"open","ping_status":"open","sticky":false,"template":"","format":"standard","meta":{"footnotes":""},"categories":[1],"tags":[],"class_list":["post-20188","post","type-post","status-publish","format-standard","has-post-thumbnail","hentry","category-sem-categoria"],"yoast_head":"<!-- This site is optimized with the Yoast SEO plugin v27.2 - https:\/\/yoast.com\/product\/yoast-seo-wordpress\/ -->\n<title>PCMG prende empres\u00e1rio por participa\u00e7\u00e3o em homic\u00eddio cometido em Ros\u00e1rio da Limeira - Ub\u00e1 News<\/title>\n<meta name=\"robots\" content=\"index, follow, max-snippet:-1, max-image-preview:large, max-video-preview:-1\" \/>\n<link rel=\"canonical\" href=\"https:\/\/ubanews.com\/site\/2021\/07\/28\/pcmg-prende-empresario-por-participacao-em-homicidio-cometido-em-rosario-da-limeira\/\" \/>\n<meta property=\"og:locale\" content=\"pt_BR\" \/>\n<meta property=\"og:type\" content=\"article\" \/>\n<meta property=\"og:title\" content=\"PCMG prende empres\u00e1rio por participa\u00e7\u00e3o em homic\u00eddio cometido em Ros\u00e1rio da Limeira - Ub\u00e1 News\" \/>\n<meta property=\"og:description\" content=\"Investiga\u00e7\u00f5es apontaram que o empres\u00e1rio, de 64 anos, teria sido\" \/>\n<meta property=\"og:url\" content=\"https:\/\/ubanews.com\/site\/2021\/07\/28\/pcmg-prende-empresario-por-participacao-em-homicidio-cometido-em-rosario-da-limeira\/\" \/>\n<meta property=\"og:site_name\" content=\"Ub\u00e1 News\" \/>\n<meta property=\"article:publisher\" content=\"https:\/\/www.facebook.com\/Ub%c3%a1News-Carlos-Roberto-Sodr%c3%a9-418778301977370\" \/>\n<meta property=\"article:author\" content=\"https:\/\/www.facebook.com\/carosroberto.sodre.5\/\" \/>\n<meta property=\"article:published_time\" content=\"2021-07-28T17:16:56+00:00\" \/>\n<meta property=\"article:modified_time\" content=\"2021-07-28T20:18:31+00:00\" \/>\n<meta property=\"og:image\" content=\"https:\/\/ubanews.com\/site\/wp-content\/uploads\/2019\/04\/Policia-Civil.jpg\" \/>\n\t<meta property=\"og:image:width\" content=\"800\" \/>\n\t<meta property=\"og:image:height\" content=\"389\" \/>\n\t<meta property=\"og:image:type\" content=\"image\/jpeg\" \/>\n<meta name=\"author\" content=\"Sodr\u00e9\" \/>\n<meta name=\"twitter:card\" content=\"summary_large_image\" \/>\n<meta name=\"twitter:label1\" content=\"Escrito por\" \/>\n\t<meta name=\"twitter:data1\" content=\"Sodr\u00e9\" \/>\n\t<meta name=\"twitter:label2\" content=\"Est. tempo de leitura\" \/>\n\t<meta name=\"twitter:data2\" content=\"2 minutos\" \/>\n<script type=\"application\/ld+json\" class=\"yoast-schema-graph\">{\"@context\":\"https:\/\/schema.org\",\"@graph\":[{\"@type\":\"Article\",\"@id\":\"https:\/\/ubanews.com\/site\/2021\/07\/28\/pcmg-prende-empresario-por-participacao-em-homicidio-cometido-em-rosario-da-limeira\/#article\",\"isPartOf\":{\"@id\":\"https:\/\/ubanews.com\/site\/2021\/07\/28\/pcmg-prende-empresario-por-participacao-em-homicidio-cometido-em-rosario-da-limeira\/\"},\"author\":{\"name\":\"Sodr\u00e9\",\"@id\":\"https:\/\/ubanews.com\/site\/#\/schema\/person\/d90c9e47252fbb63dcc969fe4c8b9d10\"},\"headline\":\"PCMG prende empres\u00e1rio por participa\u00e7\u00e3o em homic\u00eddio cometido em Ros\u00e1rio da Limeira\",\"datePublished\":\"2021-07-28T17:16:56+00:00\",\"dateModified\":\"2021-07-28T20:18:31+00:00\",\"mainEntityOfPage\":{\"@id\":\"https:\/\/ubanews.com\/site\/2021\/07\/28\/pcmg-prende-empresario-por-participacao-em-homicidio-cometido-em-rosario-da-limeira\/\"},\"wordCount\":351,\"commentCount\":0,\"publisher\":{\"@id\":\"https:\/\/ubanews.com\/site\/#organization\"},\"image\":{\"@id\":\"https:\/\/ubanews.com\/site\/2021\/07\/28\/pcmg-prende-empresario-por-participacao-em-homicidio-cometido-em-rosario-da-limeira\/#primaryimage\"},\"thumbnailUrl\":\"https:\/\/ubanews.com\/site\/wp-content\/uploads\/2019\/04\/Policia-Civil.jpg\",\"articleSection\":[\"Geral\"],\"inLanguage\":\"pt-BR\",\"potentialAction\":[{\"@type\":\"CommentAction\",\"name\":\"Comment\",\"target\":[\"https:\/\/ubanews.com\/site\/2021\/07\/28\/pcmg-prende-empresario-por-participacao-em-homicidio-cometido-em-rosario-da-limeira\/#respond\"]}]},{\"@type\":\"WebPage\",\"@id\":\"https:\/\/ubanews.com\/site\/2021\/07\/28\/pcmg-prende-empresario-por-participacao-em-homicidio-cometido-em-rosario-da-limeira\/\",\"url\":\"https:\/\/ubanews.com\/site\/2021\/07\/28\/pcmg-prende-empresario-por-participacao-em-homicidio-cometido-em-rosario-da-limeira\/\",\"name\":\"PCMG prende empres\u00e1rio por participa\u00e7\u00e3o em homic\u00eddio cometido em Ros\u00e1rio da Limeira - Ub\u00e1 News\",\"isPartOf\":{\"@id\":\"https:\/\/ubanews.com\/site\/#website\"},\"primaryImageOfPage\":{\"@id\":\"https:\/\/ubanews.com\/site\/2021\/07\/28\/pcmg-prende-empresario-por-participacao-em-homicidio-cometido-em-rosario-da-limeira\/#primaryimage\"},\"image\":{\"@id\":\"https:\/\/ubanews.com\/site\/2021\/07\/28\/pcmg-prende-empresario-por-participacao-em-homicidio-cometido-em-rosario-da-limeira\/#primaryimage\"},\"thumbnailUrl\":\"https:\/\/ubanews.com\/site\/wp-content\/uploads\/2019\/04\/Policia-Civil.jpg\",\"datePublished\":\"2021-07-28T17:16:56+00:00\",\"dateModified\":\"2021-07-28T20:18:31+00:00\",\"breadcrumb\":{\"@id\":\"https:\/\/ubanews.com\/site\/2021\/07\/28\/pcmg-prende-empresario-por-participacao-em-homicidio-cometido-em-rosario-da-limeira\/#breadcrumb\"},\"inLanguage\":\"pt-BR\",\"potentialAction\":[{\"@type\":\"ReadAction\",\"target\":[\"https:\/\/ubanews.com\/site\/2021\/07\/28\/pcmg-prende-empresario-por-participacao-em-homicidio-cometido-em-rosario-da-limeira\/\"]}]},{\"@type\":\"ImageObject\",\"inLanguage\":\"pt-BR\",\"@id\":\"https:\/\/ubanews.com\/site\/2021\/07\/28\/pcmg-prende-empresario-por-participacao-em-homicidio-cometido-em-rosario-da-limeira\/#primaryimage\",\"url\":\"https:\/\/ubanews.com\/site\/wp-content\/uploads\/2019\/04\/Policia-Civil.jpg\",\"contentUrl\":\"https:\/\/ubanews.com\/site\/wp-content\/uploads\/2019\/04\/Policia-Civil.jpg\",\"width\":800,\"height\":389,\"caption\":\"Red light flasher atop of a police car. City lights on the background.\"},{\"@type\":\"BreadcrumbList\",\"@id\":\"https:\/\/ubanews.com\/site\/2021\/07\/28\/pcmg-prende-empresario-por-participacao-em-homicidio-cometido-em-rosario-da-limeira\/#breadcrumb\",\"itemListElement\":[{\"@type\":\"ListItem\",\"position\":1,\"name\":\"Home\",\"item\":\"https:\/\/ubanews.com\/site\/\"},{\"@type\":\"ListItem\",\"position\":2,\"name\":\"PCMG prende empres\u00e1rio por participa\u00e7\u00e3o em homic\u00eddio cometido em Ros\u00e1rio da Limeira\"}]},{\"@type\":\"WebSite\",\"@id\":\"https:\/\/ubanews.com\/site\/#website\",\"url\":\"https:\/\/ubanews.com\/site\/\",\"name\":\"Ub\u00e1 News\",\"description\":\"\",\"publisher\":{\"@id\":\"https:\/\/ubanews.com\/site\/#organization\"},\"potentialAction\":[{\"@type\":\"SearchAction\",\"target\":{\"@type\":\"EntryPoint\",\"urlTemplate\":\"https:\/\/ubanews.com\/site\/?s={search_term_string}\"},\"query-input\":{\"@type\":\"PropertyValueSpecification\",\"valueRequired\":true,\"valueName\":\"search_term_string\"}}],\"inLanguage\":\"pt-BR\"},{\"@type\":\"Organization\",\"@id\":\"https:\/\/ubanews.com\/site\/#organization\",\"name\":\"Ub\u00e1 News\",\"url\":\"https:\/\/ubanews.com\/site\/\",\"logo\":{\"@type\":\"ImageObject\",\"inLanguage\":\"pt-BR\",\"@id\":\"https:\/\/ubanews.com\/site\/#\/schema\/logo\/image\/\",\"url\":\"https:\/\/ubanews.com\/site\/wp-content\/uploads\/2018\/01\/logoubanews.png\",\"contentUrl\":\"https:\/\/ubanews.com\/site\/wp-content\/uploads\/2018\/01\/logoubanews.png\",\"width\":261,\"height\":99,\"caption\":\"Ub\u00e1 News\"},\"image\":{\"@id\":\"https:\/\/ubanews.com\/site\/#\/schema\/logo\/image\/\"},\"sameAs\":[\"https:\/\/www.facebook.com\/Ub\u00e1News-Carlos-Roberto-Sodr\u00e9-418778301977370\"]},{\"@type\":\"Person\",\"@id\":\"https:\/\/ubanews.com\/site\/#\/schema\/person\/d90c9e47252fbb63dcc969fe4c8b9d10\",\"name\":\"Sodr\u00e9\",\"image\":{\"@type\":\"ImageObject\",\"inLanguage\":\"pt-BR\",\"@id\":\"https:\/\/secure.gravatar.com\/avatar\/5ba2793f0590b9dbfad3fdec4ee714485b3eef211c9b32ee53d414060454a56c?s=96&d=mm&r=g\",\"url\":\"https:\/\/secure.gravatar.com\/avatar\/5ba2793f0590b9dbfad3fdec4ee714485b3eef211c9b32ee53d414060454a56c?s=96&d=mm&r=g\",\"contentUrl\":\"https:\/\/secure.gravatar.com\/avatar\/5ba2793f0590b9dbfad3fdec4ee714485b3eef211c9b32ee53d414060454a56c?s=96&d=mm&r=g\",\"caption\":\"Sodr\u00e9\"},\"sameAs\":[\"https:\/\/www.facebook.com\/carosroberto.sodre.5\/\"],\"url\":\"https:\/\/ubanews.com\/site\/author\/felipe\/\"}]}<\/script>\n<!-- \/ Yoast SEO plugin. -->","yoast_head_json":{"title":"PCMG prende empres\u00e1rio por participa\u00e7\u00e3o em homic\u00eddio cometido em Ros\u00e1rio da Limeira - Ub\u00e1 News","robots":{"index":"index","follow":"follow","max-snippet":"max-snippet:-1","max-image-preview":"max-image-preview:large","max-video-preview":"max-video-preview:-1"},"canonical":"https:\/\/ubanews.com\/site\/2021\/07\/28\/pcmg-prende-empresario-por-participacao-em-homicidio-cometido-em-rosario-da-limeira\/","og_locale":"pt_BR","og_type":"article","og_title":"PCMG prende empres\u00e1rio por participa\u00e7\u00e3o em homic\u00eddio cometido em Ros\u00e1rio da Limeira - Ub\u00e1 News","og_description":"Investiga\u00e7\u00f5es apontaram que o empres\u00e1rio, de 64 anos, teria sido","og_url":"https:\/\/ubanews.com\/site\/2021\/07\/28\/pcmg-prende-empresario-por-participacao-em-homicidio-cometido-em-rosario-da-limeira\/","og_site_name":"Ub\u00e1 News","article_publisher":"https:\/\/www.facebook.com\/Ub%c3%a1News-Carlos-Roberto-Sodr%c3%a9-418778301977370","article_author":"https:\/\/www.facebook.com\/carosroberto.sodre.5\/","article_published_time":"2021-07-28T17:16:56+00:00","article_modified_time":"2021-07-28T20:18:31+00:00","og_image":[{"width":800,"height":389,"url":"https:\/\/ubanews.com\/site\/wp-content\/uploads\/2019\/04\/Policia-Civil.jpg","type":"image\/jpeg"}],"author":"Sodr\u00e9","twitter_card":"summary_large_image","twitter_misc":{"Escrito por":"Sodr\u00e9","Est. tempo de leitura":"2 minutos"},"schema":{"@context":"https:\/\/schema.org","@graph":[{"@type":"Article","@id":"https:\/\/ubanews.com\/site\/2021\/07\/28\/pcmg-prende-empresario-por-participacao-em-homicidio-cometido-em-rosario-da-limeira\/#article","isPartOf":{"@id":"https:\/\/ubanews.com\/site\/2021\/07\/28\/pcmg-prende-empresario-por-participacao-em-homicidio-cometido-em-rosario-da-limeira\/"},"author":{"name":"Sodr\u00e9","@id":"https:\/\/ubanews.com\/site\/#\/schema\/person\/d90c9e47252fbb63dcc969fe4c8b9d10"},"headline":"PCMG prende empres\u00e1rio por participa\u00e7\u00e3o em homic\u00eddio cometido em Ros\u00e1rio da Limeira","datePublished":"2021-07-28T17:16:56+00:00","dateModified":"2021-07-28T20:18:31+00:00","mainEntityOfPage":{"@id":"https:\/\/ubanews.com\/site\/2021\/07\/28\/pcmg-prende-empresario-por-participacao-em-homicidio-cometido-em-rosario-da-limeira\/"},"wordCount":351,"commentCount":0,"publisher":{"@id":"https:\/\/ubanews.com\/site\/#organization"},"image":{"@id":"https:\/\/ubanews.com\/site\/2021\/07\/28\/pcmg-prende-empresario-por-participacao-em-homicidio-cometido-em-rosario-da-limeira\/#primaryimage"},"thumbnailUrl":"https:\/\/ubanews.com\/site\/wp-content\/uploads\/2019\/04\/Policia-Civil.jpg","articleSection":["Geral"],"inLanguage":"pt-BR","potentialAction":[{"@type":"CommentAction","name":"Comment","target":["https:\/\/ubanews.com\/site\/2021\/07\/28\/pcmg-prende-empresario-por-participacao-em-homicidio-cometido-em-rosario-da-limeira\/#respond"]}]},{"@type":"WebPage","@id":"https:\/\/ubanews.com\/site\/2021\/07\/28\/pcmg-prende-empresario-por-participacao-em-homicidio-cometido-em-rosario-da-limeira\/","url":"https:\/\/ubanews.com\/site\/2021\/07\/28\/pcmg-prende-empresario-por-participacao-em-homicidio-cometido-em-rosario-da-limeira\/","name":"PCMG prende empres\u00e1rio por participa\u00e7\u00e3o em homic\u00eddio cometido em Ros\u00e1rio da Limeira - Ub\u00e1 News","isPartOf":{"@id":"https:\/\/ubanews.com\/site\/#website"},"primaryImageOfPage":{"@id":"https:\/\/ubanews.com\/site\/2021\/07\/28\/pcmg-prende-empresario-por-participacao-em-homicidio-cometido-em-rosario-da-limeira\/#primaryimage"},"image":{"@id":"https:\/\/ubanews.com\/site\/2021\/07\/28\/pcmg-prende-empresario-por-participacao-em-homicidio-cometido-em-rosario-da-limeira\/#primaryimage"},"thumbnailUrl":"https:\/\/ubanews.com\/site\/wp-content\/uploads\/2019\/04\/Policia-Civil.jpg","datePublished":"2021-07-28T17:16:56+00:00","dateModified":"2021-07-28T20:18:31+00:00","breadcrumb":{"@id":"https:\/\/ubanews.com\/site\/2021\/07\/28\/pcmg-prende-empresario-por-participacao-em-homicidio-cometido-em-rosario-da-limeira\/#breadcrumb"},"inLanguage":"pt-BR","potentialAction":[{"@type":"ReadAction","target":["https:\/\/ubanews.com\/site\/2021\/07\/28\/pcmg-prende-empresario-por-participacao-em-homicidio-cometido-em-rosario-da-limeira\/"]}]},{"@type":"ImageObject","inLanguage":"pt-BR","@id":"https:\/\/ubanews.com\/site\/2021\/07\/28\/pcmg-prende-empresario-por-participacao-em-homicidio-cometido-em-rosario-da-limeira\/#primaryimage","url":"https:\/\/ubanews.com\/site\/wp-content\/uploads\/2019\/04\/Policia-Civil.jpg","contentUrl":"https:\/\/ubanews.com\/site\/wp-content\/uploads\/2019\/04\/Policia-Civil.jpg","width":800,"height":389,"caption":"Red light flasher atop of a police car. City lights on the background."},{"@type":"BreadcrumbList","@id":"https:\/\/ubanews.com\/site\/2021\/07\/28\/pcmg-prende-empresario-por-participacao-em-homicidio-cometido-em-rosario-da-limeira\/#breadcrumb","itemListElement":[{"@type":"ListItem","position":1,"name":"Home","item":"https:\/\/ubanews.com\/site\/"},{"@type":"ListItem","position":2,"name":"PCMG prende empres\u00e1rio por participa\u00e7\u00e3o em homic\u00eddio cometido em Ros\u00e1rio da Limeira"}]},{"@type":"WebSite","@id":"https:\/\/ubanews.com\/site\/#website","url":"https:\/\/ubanews.com\/site\/","name":"Ub\u00e1 News","description":"","publisher":{"@id":"https:\/\/ubanews.com\/site\/#organization"},"potentialAction":[{"@type":"SearchAction","target":{"@type":"EntryPoint","urlTemplate":"https:\/\/ubanews.com\/site\/?s={search_term_string}"},"query-input":{"@type":"PropertyValueSpecification","valueRequired":true,"valueName":"search_term_string"}}],"inLanguage":"pt-BR"},{"@type":"Organization","@id":"https:\/\/ubanews.com\/site\/#organization","name":"Ub\u00e1 News","url":"https:\/\/ubanews.com\/site\/","logo":{"@type":"ImageObject","inLanguage":"pt-BR","@id":"https:\/\/ubanews.com\/site\/#\/schema\/logo\/image\/","url":"https:\/\/ubanews.com\/site\/wp-content\/uploads\/2018\/01\/logoubanews.png","contentUrl":"https:\/\/ubanews.com\/site\/wp-content\/uploads\/2018\/01\/logoubanews.png","width":261,"height":99,"caption":"Ub\u00e1 News"},"image":{"@id":"https:\/\/ubanews.com\/site\/#\/schema\/logo\/image\/"},"sameAs":["https:\/\/www.facebook.com\/Ub\u00e1News-Carlos-Roberto-Sodr\u00e9-418778301977370"]},{"@type":"Person","@id":"https:\/\/ubanews.com\/site\/#\/schema\/person\/d90c9e47252fbb63dcc969fe4c8b9d10","name":"Sodr\u00e9","image":{"@type":"ImageObject","inLanguage":"pt-BR","@id":"https:\/\/secure.gravatar.com\/avatar\/5ba2793f0590b9dbfad3fdec4ee714485b3eef211c9b32ee53d414060454a56c?s=96&d=mm&r=g","url":"https:\/\/secure.gravatar.com\/avatar\/5ba2793f0590b9dbfad3fdec4ee714485b3eef211c9b32ee53d414060454a56c?s=96&d=mm&r=g","contentUrl":"https:\/\/secure.gravatar.com\/avatar\/5ba2793f0590b9dbfad3fdec4ee714485b3eef211c9b32ee53d414060454a56c?s=96&d=mm&r=g","caption":"Sodr\u00e9"},"sameAs":["https:\/\/www.facebook.com\/carosroberto.sodre.5\/"],"url":"https:\/\/ubanews.com\/site\/author\/felipe\/"}]}},"_links":{"self":[{"href":"https:\/\/ubanews.com\/site\/wp-json\/wp\/v2\/posts\/20188","targetHints":{"allow":["GET"]}}],"collection":[{"href":"https:\/\/ubanews.com\/site\/wp-json\/wp\/v2\/posts"}],"about":[{"href":"https:\/\/ubanews.com\/site\/wp-json\/wp\/v2\/types\/post"}],"author":[{"embeddable":true,"href":"https:\/\/ubanews.com\/site\/wp-json\/wp\/v2\/users\/2"}],"replies":[{"embeddable":true,"href":"https:\/\/ubanews.com\/site\/wp-json\/wp\/v2\/comments?post=20188"}],"version-history":[{"count":0,"href":"https:\/\/ubanews.com\/site\/wp-json\/wp\/v2\/posts\/20188\/revisions"}],"wp:featuredmedia":[{"embeddable":true,"href":"https:\/\/ubanews.com\/site\/wp-json\/wp\/v2\/media\/11163"}],"wp:attachment":[{"href":"https:\/\/ubanews.com\/site\/wp-json\/wp\/v2\/media?parent=20188"}],"wp:term":[{"taxonomy":"category","embeddable":true,"href":"https:\/\/ubanews.com\/site\/wp-json\/wp\/v2\/categories?post=20188"},{"taxonomy":"post_tag","embeddable":true,"href":"https:\/\/ubanews.com\/site\/wp-json\/wp\/v2\/tags?post=20188"}],"curies":[{"name":"wp","href":"https:\/\/api.w.org\/{rel}","templated":true}]}}