{"id":20179,"date":"2021-07-25T16:12:10","date_gmt":"2021-07-25T19:12:10","guid":{"rendered":"http:\/\/ubanews.com\/site\/?p=20179"},"modified":"2021-07-25T16:12:41","modified_gmt":"2021-07-25T19:12:41","slug":"pcmg-cumpre-mandados-relacionados-a-homicidio-cometido-em-orizania-e-prende-suspeito","status":"publish","type":"post","link":"https:\/\/ubanews.com\/site\/2021\/07\/25\/pcmg-cumpre-mandados-relacionados-a-homicidio-cometido-em-orizania-e-prende-suspeito\/","title":{"rendered":"PCMG cumpre mandados relacionados a homic\u00eddio cometido em Oriz\u00e2nia e prende suspeito"},"content":{"rendered":"<p><em>Foram cumpridos dois mandados de busca e apreens\u00e3o e um mandado de pris\u00e3o tempor\u00e1ria em desfavor de um investigado de 21 anos, suspeito de participar de homic\u00eddio ocorrido em 21 de junho na cidade.<\/em><\/p>\n<p>Nesta sexta-feira (23\/7), a Pol\u00edcia Civil de Minas Gerais prendeu, no munic\u00edpio de Oriz\u00e2nia, na Zona da Mata mineira, um rapaz de 21 anos, suspeito de participar de homic\u00eddio &#8211; ocorrido em 21 de junho &#8211; em desfavor de um homem de 32 anos, na mesma cidade. Apura\u00e7\u00f5es indicam que, na ocasi\u00e3o, ele teria entrado em um ve\u00edculo com outros dois suspeitos de serem executores, guiando os envolvidos at\u00e9 a casa da v\u00edtima. Na a\u00e7\u00e3o, deflagrada pela 37\u00aa Delegacia de Pol\u00edcia Civil em Divino, tamb\u00e9m foram cumpridos dois mandados de busca e apreens\u00e3o.<\/p>\n<div id=\"metaslider-id-17652\" style=\"max-width: 1000px;\" class=\"ml-slider-3-106-0 metaslider metaslider-nivo metaslider-17652 ml-slider ms-theme-outline\" role=\"region\" aria-label=\"Texto\" data-height=\"200\" data-width=\"1000\">\n    <div id=\"metaslider_container_17652\">\n        <div class='slider-wrapper theme-default'><div class='ribbon'><\/div><div id='metaslider_17652' class='nivoSlider'><\/div><\/div>\n        \n    <\/div>\n<\/div>\n<p>Desde a data do crime, trabalhos investigativos t\u00eam sido realizados, com an\u00e1lises de imagens de c\u00e2meras de seguran\u00e7a, entrevistas, entre outras apura\u00e7\u00f5es que resultaram na representa\u00e7\u00e3o junto ao ju\u00edzo competente, pleiteando a expedi\u00e7\u00e3o dos mandados de busca e apreens\u00e3o e de pris\u00e3o, que foram cumpridos na cidade.<\/p>\n<p>Ap\u00f3s pris\u00e3o do investigado, ele foi encaminhado \u00e0 unidade policial e, posteriormente, ao sistema prisional, permanecendo \u00e0 disposi\u00e7\u00e3o da Justi\u00e7a. As investiga\u00e7\u00f5es prosseguem visando \u00e0 elucida\u00e7\u00e3o completa dos fatos.<\/p>\n<p><strong>Assessoria de Comunica\u00e7\u00e3o Pol\u00edcia Civil de Minas Gerais<\/strong><\/p>\n<div style=\"width: 840px;\" class=\"wp-video\"><video class=\"wp-video-shortcode\" id=\"video-20179-1\" width=\"840\" height=\"473\" autoplay preload=\"auto\" controls=\"controls\"><source type=\"video\/mp4\" src=\"https:\/\/ubanews.com\/site\/wp-content\/uploads\/2020\/12\/01020002.00_00_53_25.mp4?_=1\" \/><a href=\"https:\/\/ubanews.com\/site\/wp-content\/uploads\/2020\/12\/01020002.00_00_53_25.mp4\">https:\/\/ubanews.com\/site\/wp-content\/uploads\/2020\/12\/01020002.00_00_53_25.mp4<\/a><\/video><\/div>\n","protected":false},"excerpt":{"rendered":"<p>Foram cumpridos dois mandados de busca e apreens\u00e3o e um<\/p>\n","protected":false},"author":2,"featured_media":15824,"comment_status":"open","ping_status":"open","sticky":false,"template":"","format":"standard","meta":{"footnotes":""},"categories":[1],"tags":[],"class_list":["post-20179","post","type-post","status-publish","format-standard","has-post-thumbnail","hentry","category-sem-categoria"],"yoast_head":"<!-- This site is optimized with the Yoast SEO plugin v27.2 - https:\/\/yoast.com\/product\/yoast-seo-wordpress\/ -->\n<title>PCMG cumpre mandados relacionados a homic\u00eddio cometido em Oriz\u00e2nia e prende suspeito - Ub\u00e1 News<\/title>\n<meta name=\"robots\" content=\"index, follow, max-snippet:-1, max-image-preview:large, max-video-preview:-1\" \/>\n<link rel=\"canonical\" href=\"https:\/\/ubanews.com\/site\/2021\/07\/25\/pcmg-cumpre-mandados-relacionados-a-homicidio-cometido-em-orizania-e-prende-suspeito\/\" \/>\n<meta property=\"og:locale\" content=\"pt_BR\" \/>\n<meta property=\"og:type\" content=\"article\" \/>\n<meta property=\"og:title\" content=\"PCMG cumpre mandados relacionados a homic\u00eddio cometido em Oriz\u00e2nia e prende suspeito - Ub\u00e1 News\" \/>\n<meta property=\"og:description\" content=\"Foram cumpridos dois mandados de busca e apreens\u00e3o e um\" \/>\n<meta property=\"og:url\" content=\"https:\/\/ubanews.com\/site\/2021\/07\/25\/pcmg-cumpre-mandados-relacionados-a-homicidio-cometido-em-orizania-e-prende-suspeito\/\" \/>\n<meta property=\"og:site_name\" content=\"Ub\u00e1 News\" \/>\n<meta property=\"article:publisher\" content=\"https:\/\/www.facebook.com\/Ub%c3%a1News-Carlos-Roberto-Sodr%c3%a9-418778301977370\" \/>\n<meta property=\"article:author\" content=\"https:\/\/www.facebook.com\/carosroberto.sodre.5\/\" \/>\n<meta property=\"article:published_time\" content=\"2021-07-25T19:12:10+00:00\" \/>\n<meta property=\"article:modified_time\" content=\"2021-07-25T19:12:41+00:00\" \/>\n<meta property=\"og:image\" content=\"https:\/\/ubanews.com\/site\/wp-content\/uploads\/2020\/03\/Pol\u00edcia-Civil.jpg\" \/>\n\t<meta property=\"og:image:width\" content=\"800\" \/>\n\t<meta property=\"og:image:height\" content=\"389\" \/>\n\t<meta property=\"og:image:type\" content=\"image\/jpeg\" \/>\n<meta name=\"author\" content=\"Sodr\u00e9\" \/>\n<meta name=\"twitter:card\" content=\"summary_large_image\" \/>\n<meta name=\"twitter:label1\" content=\"Escrito por\" \/>\n\t<meta name=\"twitter:data1\" content=\"Sodr\u00e9\" \/>\n\t<meta name=\"twitter:label2\" content=\"Est. tempo de leitura\" \/>\n\t<meta name=\"twitter:data2\" content=\"1 minuto\" \/>\n<script type=\"application\/ld+json\" class=\"yoast-schema-graph\">{\"@context\":\"https:\/\/schema.org\",\"@graph\":[{\"@type\":\"Article\",\"@id\":\"https:\/\/ubanews.com\/site\/2021\/07\/25\/pcmg-cumpre-mandados-relacionados-a-homicidio-cometido-em-orizania-e-prende-suspeito\/#article\",\"isPartOf\":{\"@id\":\"https:\/\/ubanews.com\/site\/2021\/07\/25\/pcmg-cumpre-mandados-relacionados-a-homicidio-cometido-em-orizania-e-prende-suspeito\/\"},\"author\":{\"name\":\"Sodr\u00e9\",\"@id\":\"https:\/\/ubanews.com\/site\/#\/schema\/person\/d90c9e47252fbb63dcc969fe4c8b9d10\"},\"headline\":\"PCMG cumpre mandados relacionados a homic\u00eddio cometido em Oriz\u00e2nia e prende suspeito\",\"datePublished\":\"2021-07-25T19:12:10+00:00\",\"dateModified\":\"2021-07-25T19:12:41+00:00\",\"mainEntityOfPage\":{\"@id\":\"https:\/\/ubanews.com\/site\/2021\/07\/25\/pcmg-cumpre-mandados-relacionados-a-homicidio-cometido-em-orizania-e-prende-suspeito\/\"},\"wordCount\":267,\"commentCount\":0,\"publisher\":{\"@id\":\"https:\/\/ubanews.com\/site\/#organization\"},\"image\":{\"@id\":\"https:\/\/ubanews.com\/site\/2021\/07\/25\/pcmg-cumpre-mandados-relacionados-a-homicidio-cometido-em-orizania-e-prende-suspeito\/#primaryimage\"},\"thumbnailUrl\":\"https:\/\/ubanews.com\/site\/wp-content\/uploads\/2020\/03\/Pol\u00edcia-Civil.jpg\",\"articleSection\":[\"Geral\"],\"inLanguage\":\"pt-BR\",\"potentialAction\":[{\"@type\":\"CommentAction\",\"name\":\"Comment\",\"target\":[\"https:\/\/ubanews.com\/site\/2021\/07\/25\/pcmg-cumpre-mandados-relacionados-a-homicidio-cometido-em-orizania-e-prende-suspeito\/#respond\"]}]},{\"@type\":\"WebPage\",\"@id\":\"https:\/\/ubanews.com\/site\/2021\/07\/25\/pcmg-cumpre-mandados-relacionados-a-homicidio-cometido-em-orizania-e-prende-suspeito\/\",\"url\":\"https:\/\/ubanews.com\/site\/2021\/07\/25\/pcmg-cumpre-mandados-relacionados-a-homicidio-cometido-em-orizania-e-prende-suspeito\/\",\"name\":\"PCMG cumpre mandados relacionados a homic\u00eddio cometido em Oriz\u00e2nia e prende suspeito - Ub\u00e1 News\",\"isPartOf\":{\"@id\":\"https:\/\/ubanews.com\/site\/#website\"},\"primaryImageOfPage\":{\"@id\":\"https:\/\/ubanews.com\/site\/2021\/07\/25\/pcmg-cumpre-mandados-relacionados-a-homicidio-cometido-em-orizania-e-prende-suspeito\/#primaryimage\"},\"image\":{\"@id\":\"https:\/\/ubanews.com\/site\/2021\/07\/25\/pcmg-cumpre-mandados-relacionados-a-homicidio-cometido-em-orizania-e-prende-suspeito\/#primaryimage\"},\"thumbnailUrl\":\"https:\/\/ubanews.com\/site\/wp-content\/uploads\/2020\/03\/Pol\u00edcia-Civil.jpg\",\"datePublished\":\"2021-07-25T19:12:10+00:00\",\"dateModified\":\"2021-07-25T19:12:41+00:00\",\"breadcrumb\":{\"@id\":\"https:\/\/ubanews.com\/site\/2021\/07\/25\/pcmg-cumpre-mandados-relacionados-a-homicidio-cometido-em-orizania-e-prende-suspeito\/#breadcrumb\"},\"inLanguage\":\"pt-BR\",\"potentialAction\":[{\"@type\":\"ReadAction\",\"target\":[\"https:\/\/ubanews.com\/site\/2021\/07\/25\/pcmg-cumpre-mandados-relacionados-a-homicidio-cometido-em-orizania-e-prende-suspeito\/\"]}]},{\"@type\":\"ImageObject\",\"inLanguage\":\"pt-BR\",\"@id\":\"https:\/\/ubanews.com\/site\/2021\/07\/25\/pcmg-cumpre-mandados-relacionados-a-homicidio-cometido-em-orizania-e-prende-suspeito\/#primaryimage\",\"url\":\"https:\/\/ubanews.com\/site\/wp-content\/uploads\/2020\/03\/Pol\u00edcia-Civil.jpg\",\"contentUrl\":\"https:\/\/ubanews.com\/site\/wp-content\/uploads\/2020\/03\/Pol\u00edcia-Civil.jpg\",\"width\":800,\"height\":389},{\"@type\":\"BreadcrumbList\",\"@id\":\"https:\/\/ubanews.com\/site\/2021\/07\/25\/pcmg-cumpre-mandados-relacionados-a-homicidio-cometido-em-orizania-e-prende-suspeito\/#breadcrumb\",\"itemListElement\":[{\"@type\":\"ListItem\",\"position\":1,\"name\":\"Home\",\"item\":\"https:\/\/ubanews.com\/site\/\"},{\"@type\":\"ListItem\",\"position\":2,\"name\":\"PCMG cumpre mandados relacionados a homic\u00eddio cometido em Oriz\u00e2nia e prende suspeito\"}]},{\"@type\":\"WebSite\",\"@id\":\"https:\/\/ubanews.com\/site\/#website\",\"url\":\"https:\/\/ubanews.com\/site\/\",\"name\":\"Ub\u00e1 News\",\"description\":\"\",\"publisher\":{\"@id\":\"https:\/\/ubanews.com\/site\/#organization\"},\"potentialAction\":[{\"@type\":\"SearchAction\",\"target\":{\"@type\":\"EntryPoint\",\"urlTemplate\":\"https:\/\/ubanews.com\/site\/?s={search_term_string}\"},\"query-input\":{\"@type\":\"PropertyValueSpecification\",\"valueRequired\":true,\"valueName\":\"search_term_string\"}}],\"inLanguage\":\"pt-BR\"},{\"@type\":\"Organization\",\"@id\":\"https:\/\/ubanews.com\/site\/#organization\",\"name\":\"Ub\u00e1 News\",\"url\":\"https:\/\/ubanews.com\/site\/\",\"logo\":{\"@type\":\"ImageObject\",\"inLanguage\":\"pt-BR\",\"@id\":\"https:\/\/ubanews.com\/site\/#\/schema\/logo\/image\/\",\"url\":\"https:\/\/ubanews.com\/site\/wp-content\/uploads\/2018\/01\/logoubanews.png\",\"contentUrl\":\"https:\/\/ubanews.com\/site\/wp-content\/uploads\/2018\/01\/logoubanews.png\",\"width\":261,\"height\":99,\"caption\":\"Ub\u00e1 News\"},\"image\":{\"@id\":\"https:\/\/ubanews.com\/site\/#\/schema\/logo\/image\/\"},\"sameAs\":[\"https:\/\/www.facebook.com\/Ub\u00e1News-Carlos-Roberto-Sodr\u00e9-418778301977370\"]},{\"@type\":\"Person\",\"@id\":\"https:\/\/ubanews.com\/site\/#\/schema\/person\/d90c9e47252fbb63dcc969fe4c8b9d10\",\"name\":\"Sodr\u00e9\",\"image\":{\"@type\":\"ImageObject\",\"inLanguage\":\"pt-BR\",\"@id\":\"https:\/\/secure.gravatar.com\/avatar\/5ba2793f0590b9dbfad3fdec4ee714485b3eef211c9b32ee53d414060454a56c?s=96&d=mm&r=g\",\"url\":\"https:\/\/secure.gravatar.com\/avatar\/5ba2793f0590b9dbfad3fdec4ee714485b3eef211c9b32ee53d414060454a56c?s=96&d=mm&r=g\",\"contentUrl\":\"https:\/\/secure.gravatar.com\/avatar\/5ba2793f0590b9dbfad3fdec4ee714485b3eef211c9b32ee53d414060454a56c?s=96&d=mm&r=g\",\"caption\":\"Sodr\u00e9\"},\"sameAs\":[\"https:\/\/www.facebook.com\/carosroberto.sodre.5\/\"],\"url\":\"https:\/\/ubanews.com\/site\/author\/felipe\/\"}]}<\/script>\n<!-- \/ Yoast SEO plugin. -->","yoast_head_json":{"title":"PCMG cumpre mandados relacionados a homic\u00eddio cometido em Oriz\u00e2nia e prende suspeito - Ub\u00e1 News","robots":{"index":"index","follow":"follow","max-snippet":"max-snippet:-1","max-image-preview":"max-image-preview:large","max-video-preview":"max-video-preview:-1"},"canonical":"https:\/\/ubanews.com\/site\/2021\/07\/25\/pcmg-cumpre-mandados-relacionados-a-homicidio-cometido-em-orizania-e-prende-suspeito\/","og_locale":"pt_BR","og_type":"article","og_title":"PCMG cumpre mandados relacionados a homic\u00eddio cometido em Oriz\u00e2nia e prende suspeito - Ub\u00e1 News","og_description":"Foram cumpridos dois mandados de busca e apreens\u00e3o e um","og_url":"https:\/\/ubanews.com\/site\/2021\/07\/25\/pcmg-cumpre-mandados-relacionados-a-homicidio-cometido-em-orizania-e-prende-suspeito\/","og_site_name":"Ub\u00e1 News","article_publisher":"https:\/\/www.facebook.com\/Ub%c3%a1News-Carlos-Roberto-Sodr%c3%a9-418778301977370","article_author":"https:\/\/www.facebook.com\/carosroberto.sodre.5\/","article_published_time":"2021-07-25T19:12:10+00:00","article_modified_time":"2021-07-25T19:12:41+00:00","og_image":[{"width":800,"height":389,"url":"https:\/\/ubanews.com\/site\/wp-content\/uploads\/2020\/03\/Pol\u00edcia-Civil.jpg","type":"image\/jpeg"}],"author":"Sodr\u00e9","twitter_card":"summary_large_image","twitter_misc":{"Escrito por":"Sodr\u00e9","Est. tempo de leitura":"1 minuto"},"schema":{"@context":"https:\/\/schema.org","@graph":[{"@type":"Article","@id":"https:\/\/ubanews.com\/site\/2021\/07\/25\/pcmg-cumpre-mandados-relacionados-a-homicidio-cometido-em-orizania-e-prende-suspeito\/#article","isPartOf":{"@id":"https:\/\/ubanews.com\/site\/2021\/07\/25\/pcmg-cumpre-mandados-relacionados-a-homicidio-cometido-em-orizania-e-prende-suspeito\/"},"author":{"name":"Sodr\u00e9","@id":"https:\/\/ubanews.com\/site\/#\/schema\/person\/d90c9e47252fbb63dcc969fe4c8b9d10"},"headline":"PCMG cumpre mandados relacionados a homic\u00eddio cometido em Oriz\u00e2nia e prende suspeito","datePublished":"2021-07-25T19:12:10+00:00","dateModified":"2021-07-25T19:12:41+00:00","mainEntityOfPage":{"@id":"https:\/\/ubanews.com\/site\/2021\/07\/25\/pcmg-cumpre-mandados-relacionados-a-homicidio-cometido-em-orizania-e-prende-suspeito\/"},"wordCount":267,"commentCount":0,"publisher":{"@id":"https:\/\/ubanews.com\/site\/#organization"},"image":{"@id":"https:\/\/ubanews.com\/site\/2021\/07\/25\/pcmg-cumpre-mandados-relacionados-a-homicidio-cometido-em-orizania-e-prende-suspeito\/#primaryimage"},"thumbnailUrl":"https:\/\/ubanews.com\/site\/wp-content\/uploads\/2020\/03\/Pol\u00edcia-Civil.jpg","articleSection":["Geral"],"inLanguage":"pt-BR","potentialAction":[{"@type":"CommentAction","name":"Comment","target":["https:\/\/ubanews.com\/site\/2021\/07\/25\/pcmg-cumpre-mandados-relacionados-a-homicidio-cometido-em-orizania-e-prende-suspeito\/#respond"]}]},{"@type":"WebPage","@id":"https:\/\/ubanews.com\/site\/2021\/07\/25\/pcmg-cumpre-mandados-relacionados-a-homicidio-cometido-em-orizania-e-prende-suspeito\/","url":"https:\/\/ubanews.com\/site\/2021\/07\/25\/pcmg-cumpre-mandados-relacionados-a-homicidio-cometido-em-orizania-e-prende-suspeito\/","name":"PCMG cumpre mandados relacionados a homic\u00eddio cometido em Oriz\u00e2nia e prende suspeito - Ub\u00e1 News","isPartOf":{"@id":"https:\/\/ubanews.com\/site\/#website"},"primaryImageOfPage":{"@id":"https:\/\/ubanews.com\/site\/2021\/07\/25\/pcmg-cumpre-mandados-relacionados-a-homicidio-cometido-em-orizania-e-prende-suspeito\/#primaryimage"},"image":{"@id":"https:\/\/ubanews.com\/site\/2021\/07\/25\/pcmg-cumpre-mandados-relacionados-a-homicidio-cometido-em-orizania-e-prende-suspeito\/#primaryimage"},"thumbnailUrl":"https:\/\/ubanews.com\/site\/wp-content\/uploads\/2020\/03\/Pol\u00edcia-Civil.jpg","datePublished":"2021-07-25T19:12:10+00:00","dateModified":"2021-07-25T19:12:41+00:00","breadcrumb":{"@id":"https:\/\/ubanews.com\/site\/2021\/07\/25\/pcmg-cumpre-mandados-relacionados-a-homicidio-cometido-em-orizania-e-prende-suspeito\/#breadcrumb"},"inLanguage":"pt-BR","potentialAction":[{"@type":"ReadAction","target":["https:\/\/ubanews.com\/site\/2021\/07\/25\/pcmg-cumpre-mandados-relacionados-a-homicidio-cometido-em-orizania-e-prende-suspeito\/"]}]},{"@type":"ImageObject","inLanguage":"pt-BR","@id":"https:\/\/ubanews.com\/site\/2021\/07\/25\/pcmg-cumpre-mandados-relacionados-a-homicidio-cometido-em-orizania-e-prende-suspeito\/#primaryimage","url":"https:\/\/ubanews.com\/site\/wp-content\/uploads\/2020\/03\/Pol\u00edcia-Civil.jpg","contentUrl":"https:\/\/ubanews.com\/site\/wp-content\/uploads\/2020\/03\/Pol\u00edcia-Civil.jpg","width":800,"height":389},{"@type":"BreadcrumbList","@id":"https:\/\/ubanews.com\/site\/2021\/07\/25\/pcmg-cumpre-mandados-relacionados-a-homicidio-cometido-em-orizania-e-prende-suspeito\/#breadcrumb","itemListElement":[{"@type":"ListItem","position":1,"name":"Home","item":"https:\/\/ubanews.com\/site\/"},{"@type":"ListItem","position":2,"name":"PCMG cumpre mandados relacionados a homic\u00eddio cometido em Oriz\u00e2nia e prende suspeito"}]},{"@type":"WebSite","@id":"https:\/\/ubanews.com\/site\/#website","url":"https:\/\/ubanews.com\/site\/","name":"Ub\u00e1 News","description":"","publisher":{"@id":"https:\/\/ubanews.com\/site\/#organization"},"potentialAction":[{"@type":"SearchAction","target":{"@type":"EntryPoint","urlTemplate":"https:\/\/ubanews.com\/site\/?s={search_term_string}"},"query-input":{"@type":"PropertyValueSpecification","valueRequired":true,"valueName":"search_term_string"}}],"inLanguage":"pt-BR"},{"@type":"Organization","@id":"https:\/\/ubanews.com\/site\/#organization","name":"Ub\u00e1 News","url":"https:\/\/ubanews.com\/site\/","logo":{"@type":"ImageObject","inLanguage":"pt-BR","@id":"https:\/\/ubanews.com\/site\/#\/schema\/logo\/image\/","url":"https:\/\/ubanews.com\/site\/wp-content\/uploads\/2018\/01\/logoubanews.png","contentUrl":"https:\/\/ubanews.com\/site\/wp-content\/uploads\/2018\/01\/logoubanews.png","width":261,"height":99,"caption":"Ub\u00e1 News"},"image":{"@id":"https:\/\/ubanews.com\/site\/#\/schema\/logo\/image\/"},"sameAs":["https:\/\/www.facebook.com\/Ub\u00e1News-Carlos-Roberto-Sodr\u00e9-418778301977370"]},{"@type":"Person","@id":"https:\/\/ubanews.com\/site\/#\/schema\/person\/d90c9e47252fbb63dcc969fe4c8b9d10","name":"Sodr\u00e9","image":{"@type":"ImageObject","inLanguage":"pt-BR","@id":"https:\/\/secure.gravatar.com\/avatar\/5ba2793f0590b9dbfad3fdec4ee714485b3eef211c9b32ee53d414060454a56c?s=96&d=mm&r=g","url":"https:\/\/secure.gravatar.com\/avatar\/5ba2793f0590b9dbfad3fdec4ee714485b3eef211c9b32ee53d414060454a56c?s=96&d=mm&r=g","contentUrl":"https:\/\/secure.gravatar.com\/avatar\/5ba2793f0590b9dbfad3fdec4ee714485b3eef211c9b32ee53d414060454a56c?s=96&d=mm&r=g","caption":"Sodr\u00e9"},"sameAs":["https:\/\/www.facebook.com\/carosroberto.sodre.5\/"],"url":"https:\/\/ubanews.com\/site\/author\/felipe\/"}]}},"_links":{"self":[{"href":"https:\/\/ubanews.com\/site\/wp-json\/wp\/v2\/posts\/20179","targetHints":{"allow":["GET"]}}],"collection":[{"href":"https:\/\/ubanews.com\/site\/wp-json\/wp\/v2\/posts"}],"about":[{"href":"https:\/\/ubanews.com\/site\/wp-json\/wp\/v2\/types\/post"}],"author":[{"embeddable":true,"href":"https:\/\/ubanews.com\/site\/wp-json\/wp\/v2\/users\/2"}],"replies":[{"embeddable":true,"href":"https:\/\/ubanews.com\/site\/wp-json\/wp\/v2\/comments?post=20179"}],"version-history":[{"count":0,"href":"https:\/\/ubanews.com\/site\/wp-json\/wp\/v2\/posts\/20179\/revisions"}],"wp:featuredmedia":[{"embeddable":true,"href":"https:\/\/ubanews.com\/site\/wp-json\/wp\/v2\/media\/15824"}],"wp:attachment":[{"href":"https:\/\/ubanews.com\/site\/wp-json\/wp\/v2\/media?parent=20179"}],"wp:term":[{"taxonomy":"category","embeddable":true,"href":"https:\/\/ubanews.com\/site\/wp-json\/wp\/v2\/categories?post=20179"},{"taxonomy":"post_tag","embeddable":true,"href":"https:\/\/ubanews.com\/site\/wp-json\/wp\/v2\/tags?post=20179"}],"curies":[{"name":"wp","href":"https:\/\/api.w.org\/{rel}","templated":true}]}}