{"id":20176,"date":"2021-07-23T16:38:29","date_gmt":"2021-07-23T19:38:29","guid":{"rendered":"http:\/\/ubanews.com\/site\/?p=20176"},"modified":"2021-07-23T16:38:29","modified_gmt":"2021-07-23T19:38:29","slug":"policia-civil-de-minas-gerais-conclui-inqueritos-sobre-homicidio-tentado-e-posse-ilegal-de-arma-de-fogo-em-uba","status":"publish","type":"post","link":"https:\/\/ubanews.com\/site\/2021\/07\/23\/policia-civil-de-minas-gerais-conclui-inqueritos-sobre-homicidio-tentado-e-posse-ilegal-de-arma-de-fogo-em-uba\/","title":{"rendered":"Pol\u00edcia Civil de Minas Gerais conclui inqu\u00e9ritos sobre homic\u00eddio tentado e posse ilegal de arma de fogo em Ub\u00e1"},"content":{"rendered":"<p><em>Ap\u00f3s trabalhos investigativos, na ter\u00e7a-feira (20\/7), foi cumprido mandado de interna\u00e7\u00e3o em desfavor de um adolescente de 17 anos na cidade.<\/em><\/p>\n<p>A Pol\u00edcia Civil de Minas Gerais concluiu inqu\u00e9ritos sobre homic\u00eddio tentado e posse ilegal de arma de fogo, ocorridos em maio deste ano, no munic\u00edpio de Ub\u00e1, na Zona da Mata mineira. Trabalhos investigativos realizados pela Delegacia de Homic\u00eddios da 2\u00ba Delegacia Regional em Ub\u00e1 culminaram no cumprimento de mandado de interna\u00e7\u00e3o em desfavor de um jovem de 17 anos, efetuado pela Pol\u00edcia Militar, na ter\u00e7a-feira (20\/7).<\/p>\n<div id=\"metaslider-id-17652\" style=\"max-width: 1000px;\" class=\"ml-slider-3-106-0 metaslider metaslider-nivo metaslider-17652 ml-slider ms-theme-outline\" role=\"region\" aria-label=\"Texto\" data-height=\"200\" data-width=\"1000\">\n    <div id=\"metaslider_container_17652\">\n        <div class='slider-wrapper theme-default'><div class='ribbon'><\/div><div id='metaslider_17652' class='nivoSlider'><\/div><\/div>\n        \n    <\/div>\n<\/div>\n<p>Investiga\u00e7\u00f5es da Pol\u00edcia Civil apontaram que o adolescente teria cometido ato infracional an\u00e1logo ao crime de homic\u00eddio tentado, ocorrido no dia 2 de maio, ocasi\u00e3o em que a v\u00edtima, de 19 anos, estava fazendo entrega de marmita com a sua motocicleta e foi atingida com disparos de arma de fogo, por n\u00e3o ter parado o ve\u00edculo. Investiga\u00e7\u00f5es tamb\u00e9m apontaram que, no dia 22 de maio, ele tamb\u00e9m foi localizado com uma arma de fogo, durante opera\u00e7\u00e3o policial deflagrada no munic\u00edpio.<\/p>\n<p>O jovem tamb\u00e9m teria envolvimento com o tr\u00e1fico de drogas e outros crimes cometidos em Ub\u00e1, conforme apura\u00e7\u00f5es.<\/p>\n<p><strong>Assessoria de Comunica\u00e7\u00e3o Pol\u00edcia Civil de Minas Gerais<\/strong><\/p>\n<div style=\"width: 840px;\" class=\"wp-video\"><video class=\"wp-video-shortcode\" id=\"video-20176-1\" width=\"840\" height=\"473\" autoplay preload=\"auto\" controls=\"controls\"><source type=\"video\/mp4\" src=\"https:\/\/ubanews.com\/site\/wp-content\/uploads\/2020\/12\/01020002.00_00_53_25.mp4?_=1\" \/><a href=\"https:\/\/ubanews.com\/site\/wp-content\/uploads\/2020\/12\/01020002.00_00_53_25.mp4\">https:\/\/ubanews.com\/site\/wp-content\/uploads\/2020\/12\/01020002.00_00_53_25.mp4<\/a><\/video><\/div>\n","protected":false},"excerpt":{"rendered":"<p>Ap\u00f3s trabalhos investigativos, na ter\u00e7a-feira (20\/7), foi cumprido mandado de<\/p>\n","protected":false},"author":2,"featured_media":11163,"comment_status":"open","ping_status":"open","sticky":false,"template":"","format":"standard","meta":{"footnotes":""},"categories":[1],"tags":[],"class_list":["post-20176","post","type-post","status-publish","format-standard","has-post-thumbnail","hentry","category-sem-categoria"],"yoast_head":"<!-- This site is optimized with the Yoast SEO plugin v27.2 - https:\/\/yoast.com\/product\/yoast-seo-wordpress\/ -->\n<title>Pol\u00edcia Civil de Minas Gerais conclui inqu\u00e9ritos sobre homic\u00eddio tentado e posse ilegal de arma de fogo em Ub\u00e1 - Ub\u00e1 News<\/title>\n<meta name=\"robots\" content=\"index, follow, max-snippet:-1, max-image-preview:large, max-video-preview:-1\" \/>\n<link rel=\"canonical\" href=\"https:\/\/ubanews.com\/site\/2021\/07\/23\/policia-civil-de-minas-gerais-conclui-inqueritos-sobre-homicidio-tentado-e-posse-ilegal-de-arma-de-fogo-em-uba\/\" \/>\n<meta property=\"og:locale\" content=\"pt_BR\" \/>\n<meta property=\"og:type\" content=\"article\" \/>\n<meta property=\"og:title\" content=\"Pol\u00edcia Civil de Minas Gerais conclui inqu\u00e9ritos sobre homic\u00eddio tentado e posse ilegal de arma de fogo em Ub\u00e1 - Ub\u00e1 News\" \/>\n<meta property=\"og:description\" content=\"Ap\u00f3s trabalhos investigativos, na ter\u00e7a-feira (20\/7), foi cumprido mandado de\" \/>\n<meta property=\"og:url\" content=\"https:\/\/ubanews.com\/site\/2021\/07\/23\/policia-civil-de-minas-gerais-conclui-inqueritos-sobre-homicidio-tentado-e-posse-ilegal-de-arma-de-fogo-em-uba\/\" \/>\n<meta property=\"og:site_name\" content=\"Ub\u00e1 News\" \/>\n<meta property=\"article:publisher\" content=\"https:\/\/www.facebook.com\/Ub%c3%a1News-Carlos-Roberto-Sodr%c3%a9-418778301977370\" \/>\n<meta property=\"article:author\" content=\"https:\/\/www.facebook.com\/carosroberto.sodre.5\/\" \/>\n<meta property=\"article:published_time\" content=\"2021-07-23T19:38:29+00:00\" \/>\n<meta property=\"og:image\" content=\"https:\/\/ubanews.com\/site\/wp-content\/uploads\/2019\/04\/Policia-Civil.jpg\" \/>\n\t<meta property=\"og:image:width\" content=\"800\" \/>\n\t<meta property=\"og:image:height\" content=\"389\" \/>\n\t<meta property=\"og:image:type\" content=\"image\/jpeg\" \/>\n<meta name=\"author\" content=\"Sodr\u00e9\" \/>\n<meta name=\"twitter:card\" content=\"summary_large_image\" \/>\n<meta name=\"twitter:label1\" content=\"Escrito por\" \/>\n\t<meta name=\"twitter:data1\" content=\"Sodr\u00e9\" \/>\n\t<meta name=\"twitter:label2\" content=\"Est. tempo de leitura\" \/>\n\t<meta name=\"twitter:data2\" content=\"1 minuto\" \/>\n<script type=\"application\/ld+json\" class=\"yoast-schema-graph\">{\"@context\":\"https:\/\/schema.org\",\"@graph\":[{\"@type\":\"Article\",\"@id\":\"https:\/\/ubanews.com\/site\/2021\/07\/23\/policia-civil-de-minas-gerais-conclui-inqueritos-sobre-homicidio-tentado-e-posse-ilegal-de-arma-de-fogo-em-uba\/#article\",\"isPartOf\":{\"@id\":\"https:\/\/ubanews.com\/site\/2021\/07\/23\/policia-civil-de-minas-gerais-conclui-inqueritos-sobre-homicidio-tentado-e-posse-ilegal-de-arma-de-fogo-em-uba\/\"},\"author\":{\"name\":\"Sodr\u00e9\",\"@id\":\"https:\/\/ubanews.com\/site\/#\/schema\/person\/d90c9e47252fbb63dcc969fe4c8b9d10\"},\"headline\":\"Pol\u00edcia Civil de Minas Gerais conclui inqu\u00e9ritos sobre homic\u00eddio tentado e posse ilegal de arma de fogo em Ub\u00e1\",\"datePublished\":\"2021-07-23T19:38:29+00:00\",\"mainEntityOfPage\":{\"@id\":\"https:\/\/ubanews.com\/site\/2021\/07\/23\/policia-civil-de-minas-gerais-conclui-inqueritos-sobre-homicidio-tentado-e-posse-ilegal-de-arma-de-fogo-em-uba\/\"},\"wordCount\":255,\"commentCount\":0,\"publisher\":{\"@id\":\"https:\/\/ubanews.com\/site\/#organization\"},\"image\":{\"@id\":\"https:\/\/ubanews.com\/site\/2021\/07\/23\/policia-civil-de-minas-gerais-conclui-inqueritos-sobre-homicidio-tentado-e-posse-ilegal-de-arma-de-fogo-em-uba\/#primaryimage\"},\"thumbnailUrl\":\"https:\/\/ubanews.com\/site\/wp-content\/uploads\/2019\/04\/Policia-Civil.jpg\",\"articleSection\":[\"Geral\"],\"inLanguage\":\"pt-BR\",\"potentialAction\":[{\"@type\":\"CommentAction\",\"name\":\"Comment\",\"target\":[\"https:\/\/ubanews.com\/site\/2021\/07\/23\/policia-civil-de-minas-gerais-conclui-inqueritos-sobre-homicidio-tentado-e-posse-ilegal-de-arma-de-fogo-em-uba\/#respond\"]}]},{\"@type\":\"WebPage\",\"@id\":\"https:\/\/ubanews.com\/site\/2021\/07\/23\/policia-civil-de-minas-gerais-conclui-inqueritos-sobre-homicidio-tentado-e-posse-ilegal-de-arma-de-fogo-em-uba\/\",\"url\":\"https:\/\/ubanews.com\/site\/2021\/07\/23\/policia-civil-de-minas-gerais-conclui-inqueritos-sobre-homicidio-tentado-e-posse-ilegal-de-arma-de-fogo-em-uba\/\",\"name\":\"Pol\u00edcia Civil de Minas Gerais conclui inqu\u00e9ritos sobre homic\u00eddio tentado e posse ilegal de arma de fogo em Ub\u00e1 - Ub\u00e1 News\",\"isPartOf\":{\"@id\":\"https:\/\/ubanews.com\/site\/#website\"},\"primaryImageOfPage\":{\"@id\":\"https:\/\/ubanews.com\/site\/2021\/07\/23\/policia-civil-de-minas-gerais-conclui-inqueritos-sobre-homicidio-tentado-e-posse-ilegal-de-arma-de-fogo-em-uba\/#primaryimage\"},\"image\":{\"@id\":\"https:\/\/ubanews.com\/site\/2021\/07\/23\/policia-civil-de-minas-gerais-conclui-inqueritos-sobre-homicidio-tentado-e-posse-ilegal-de-arma-de-fogo-em-uba\/#primaryimage\"},\"thumbnailUrl\":\"https:\/\/ubanews.com\/site\/wp-content\/uploads\/2019\/04\/Policia-Civil.jpg\",\"datePublished\":\"2021-07-23T19:38:29+00:00\",\"breadcrumb\":{\"@id\":\"https:\/\/ubanews.com\/site\/2021\/07\/23\/policia-civil-de-minas-gerais-conclui-inqueritos-sobre-homicidio-tentado-e-posse-ilegal-de-arma-de-fogo-em-uba\/#breadcrumb\"},\"inLanguage\":\"pt-BR\",\"potentialAction\":[{\"@type\":\"ReadAction\",\"target\":[\"https:\/\/ubanews.com\/site\/2021\/07\/23\/policia-civil-de-minas-gerais-conclui-inqueritos-sobre-homicidio-tentado-e-posse-ilegal-de-arma-de-fogo-em-uba\/\"]}]},{\"@type\":\"ImageObject\",\"inLanguage\":\"pt-BR\",\"@id\":\"https:\/\/ubanews.com\/site\/2021\/07\/23\/policia-civil-de-minas-gerais-conclui-inqueritos-sobre-homicidio-tentado-e-posse-ilegal-de-arma-de-fogo-em-uba\/#primaryimage\",\"url\":\"https:\/\/ubanews.com\/site\/wp-content\/uploads\/2019\/04\/Policia-Civil.jpg\",\"contentUrl\":\"https:\/\/ubanews.com\/site\/wp-content\/uploads\/2019\/04\/Policia-Civil.jpg\",\"width\":800,\"height\":389,\"caption\":\"Red light flasher atop of a police car. City lights on the background.\"},{\"@type\":\"BreadcrumbList\",\"@id\":\"https:\/\/ubanews.com\/site\/2021\/07\/23\/policia-civil-de-minas-gerais-conclui-inqueritos-sobre-homicidio-tentado-e-posse-ilegal-de-arma-de-fogo-em-uba\/#breadcrumb\",\"itemListElement\":[{\"@type\":\"ListItem\",\"position\":1,\"name\":\"Home\",\"item\":\"https:\/\/ubanews.com\/site\/\"},{\"@type\":\"ListItem\",\"position\":2,\"name\":\"Pol\u00edcia Civil de Minas Gerais conclui inqu\u00e9ritos sobre homic\u00eddio tentado e posse ilegal de arma de fogo em Ub\u00e1\"}]},{\"@type\":\"WebSite\",\"@id\":\"https:\/\/ubanews.com\/site\/#website\",\"url\":\"https:\/\/ubanews.com\/site\/\",\"name\":\"Ub\u00e1 News\",\"description\":\"\",\"publisher\":{\"@id\":\"https:\/\/ubanews.com\/site\/#organization\"},\"potentialAction\":[{\"@type\":\"SearchAction\",\"target\":{\"@type\":\"EntryPoint\",\"urlTemplate\":\"https:\/\/ubanews.com\/site\/?s={search_term_string}\"},\"query-input\":{\"@type\":\"PropertyValueSpecification\",\"valueRequired\":true,\"valueName\":\"search_term_string\"}}],\"inLanguage\":\"pt-BR\"},{\"@type\":\"Organization\",\"@id\":\"https:\/\/ubanews.com\/site\/#organization\",\"name\":\"Ub\u00e1 News\",\"url\":\"https:\/\/ubanews.com\/site\/\",\"logo\":{\"@type\":\"ImageObject\",\"inLanguage\":\"pt-BR\",\"@id\":\"https:\/\/ubanews.com\/site\/#\/schema\/logo\/image\/\",\"url\":\"https:\/\/ubanews.com\/site\/wp-content\/uploads\/2018\/01\/logoubanews.png\",\"contentUrl\":\"https:\/\/ubanews.com\/site\/wp-content\/uploads\/2018\/01\/logoubanews.png\",\"width\":261,\"height\":99,\"caption\":\"Ub\u00e1 News\"},\"image\":{\"@id\":\"https:\/\/ubanews.com\/site\/#\/schema\/logo\/image\/\"},\"sameAs\":[\"https:\/\/www.facebook.com\/Ub\u00e1News-Carlos-Roberto-Sodr\u00e9-418778301977370\"]},{\"@type\":\"Person\",\"@id\":\"https:\/\/ubanews.com\/site\/#\/schema\/person\/d90c9e47252fbb63dcc969fe4c8b9d10\",\"name\":\"Sodr\u00e9\",\"image\":{\"@type\":\"ImageObject\",\"inLanguage\":\"pt-BR\",\"@id\":\"https:\/\/secure.gravatar.com\/avatar\/5ba2793f0590b9dbfad3fdec4ee714485b3eef211c9b32ee53d414060454a56c?s=96&d=mm&r=g\",\"url\":\"https:\/\/secure.gravatar.com\/avatar\/5ba2793f0590b9dbfad3fdec4ee714485b3eef211c9b32ee53d414060454a56c?s=96&d=mm&r=g\",\"contentUrl\":\"https:\/\/secure.gravatar.com\/avatar\/5ba2793f0590b9dbfad3fdec4ee714485b3eef211c9b32ee53d414060454a56c?s=96&d=mm&r=g\",\"caption\":\"Sodr\u00e9\"},\"sameAs\":[\"https:\/\/www.facebook.com\/carosroberto.sodre.5\/\"],\"url\":\"https:\/\/ubanews.com\/site\/author\/felipe\/\"}]}<\/script>\n<!-- \/ Yoast SEO plugin. -->","yoast_head_json":{"title":"Pol\u00edcia Civil de Minas Gerais conclui inqu\u00e9ritos sobre homic\u00eddio tentado e posse ilegal de arma de fogo em Ub\u00e1 - Ub\u00e1 News","robots":{"index":"index","follow":"follow","max-snippet":"max-snippet:-1","max-image-preview":"max-image-preview:large","max-video-preview":"max-video-preview:-1"},"canonical":"https:\/\/ubanews.com\/site\/2021\/07\/23\/policia-civil-de-minas-gerais-conclui-inqueritos-sobre-homicidio-tentado-e-posse-ilegal-de-arma-de-fogo-em-uba\/","og_locale":"pt_BR","og_type":"article","og_title":"Pol\u00edcia Civil de Minas Gerais conclui inqu\u00e9ritos sobre homic\u00eddio tentado e posse ilegal de arma de fogo em Ub\u00e1 - Ub\u00e1 News","og_description":"Ap\u00f3s trabalhos investigativos, na ter\u00e7a-feira (20\/7), foi cumprido mandado de","og_url":"https:\/\/ubanews.com\/site\/2021\/07\/23\/policia-civil-de-minas-gerais-conclui-inqueritos-sobre-homicidio-tentado-e-posse-ilegal-de-arma-de-fogo-em-uba\/","og_site_name":"Ub\u00e1 News","article_publisher":"https:\/\/www.facebook.com\/Ub%c3%a1News-Carlos-Roberto-Sodr%c3%a9-418778301977370","article_author":"https:\/\/www.facebook.com\/carosroberto.sodre.5\/","article_published_time":"2021-07-23T19:38:29+00:00","og_image":[{"width":800,"height":389,"url":"https:\/\/ubanews.com\/site\/wp-content\/uploads\/2019\/04\/Policia-Civil.jpg","type":"image\/jpeg"}],"author":"Sodr\u00e9","twitter_card":"summary_large_image","twitter_misc":{"Escrito por":"Sodr\u00e9","Est. tempo de leitura":"1 minuto"},"schema":{"@context":"https:\/\/schema.org","@graph":[{"@type":"Article","@id":"https:\/\/ubanews.com\/site\/2021\/07\/23\/policia-civil-de-minas-gerais-conclui-inqueritos-sobre-homicidio-tentado-e-posse-ilegal-de-arma-de-fogo-em-uba\/#article","isPartOf":{"@id":"https:\/\/ubanews.com\/site\/2021\/07\/23\/policia-civil-de-minas-gerais-conclui-inqueritos-sobre-homicidio-tentado-e-posse-ilegal-de-arma-de-fogo-em-uba\/"},"author":{"name":"Sodr\u00e9","@id":"https:\/\/ubanews.com\/site\/#\/schema\/person\/d90c9e47252fbb63dcc969fe4c8b9d10"},"headline":"Pol\u00edcia Civil de Minas Gerais conclui inqu\u00e9ritos sobre homic\u00eddio tentado e posse ilegal de arma de fogo em Ub\u00e1","datePublished":"2021-07-23T19:38:29+00:00","mainEntityOfPage":{"@id":"https:\/\/ubanews.com\/site\/2021\/07\/23\/policia-civil-de-minas-gerais-conclui-inqueritos-sobre-homicidio-tentado-e-posse-ilegal-de-arma-de-fogo-em-uba\/"},"wordCount":255,"commentCount":0,"publisher":{"@id":"https:\/\/ubanews.com\/site\/#organization"},"image":{"@id":"https:\/\/ubanews.com\/site\/2021\/07\/23\/policia-civil-de-minas-gerais-conclui-inqueritos-sobre-homicidio-tentado-e-posse-ilegal-de-arma-de-fogo-em-uba\/#primaryimage"},"thumbnailUrl":"https:\/\/ubanews.com\/site\/wp-content\/uploads\/2019\/04\/Policia-Civil.jpg","articleSection":["Geral"],"inLanguage":"pt-BR","potentialAction":[{"@type":"CommentAction","name":"Comment","target":["https:\/\/ubanews.com\/site\/2021\/07\/23\/policia-civil-de-minas-gerais-conclui-inqueritos-sobre-homicidio-tentado-e-posse-ilegal-de-arma-de-fogo-em-uba\/#respond"]}]},{"@type":"WebPage","@id":"https:\/\/ubanews.com\/site\/2021\/07\/23\/policia-civil-de-minas-gerais-conclui-inqueritos-sobre-homicidio-tentado-e-posse-ilegal-de-arma-de-fogo-em-uba\/","url":"https:\/\/ubanews.com\/site\/2021\/07\/23\/policia-civil-de-minas-gerais-conclui-inqueritos-sobre-homicidio-tentado-e-posse-ilegal-de-arma-de-fogo-em-uba\/","name":"Pol\u00edcia Civil de Minas Gerais conclui inqu\u00e9ritos sobre homic\u00eddio tentado e posse ilegal de arma de fogo em Ub\u00e1 - Ub\u00e1 News","isPartOf":{"@id":"https:\/\/ubanews.com\/site\/#website"},"primaryImageOfPage":{"@id":"https:\/\/ubanews.com\/site\/2021\/07\/23\/policia-civil-de-minas-gerais-conclui-inqueritos-sobre-homicidio-tentado-e-posse-ilegal-de-arma-de-fogo-em-uba\/#primaryimage"},"image":{"@id":"https:\/\/ubanews.com\/site\/2021\/07\/23\/policia-civil-de-minas-gerais-conclui-inqueritos-sobre-homicidio-tentado-e-posse-ilegal-de-arma-de-fogo-em-uba\/#primaryimage"},"thumbnailUrl":"https:\/\/ubanews.com\/site\/wp-content\/uploads\/2019\/04\/Policia-Civil.jpg","datePublished":"2021-07-23T19:38:29+00:00","breadcrumb":{"@id":"https:\/\/ubanews.com\/site\/2021\/07\/23\/policia-civil-de-minas-gerais-conclui-inqueritos-sobre-homicidio-tentado-e-posse-ilegal-de-arma-de-fogo-em-uba\/#breadcrumb"},"inLanguage":"pt-BR","potentialAction":[{"@type":"ReadAction","target":["https:\/\/ubanews.com\/site\/2021\/07\/23\/policia-civil-de-minas-gerais-conclui-inqueritos-sobre-homicidio-tentado-e-posse-ilegal-de-arma-de-fogo-em-uba\/"]}]},{"@type":"ImageObject","inLanguage":"pt-BR","@id":"https:\/\/ubanews.com\/site\/2021\/07\/23\/policia-civil-de-minas-gerais-conclui-inqueritos-sobre-homicidio-tentado-e-posse-ilegal-de-arma-de-fogo-em-uba\/#primaryimage","url":"https:\/\/ubanews.com\/site\/wp-content\/uploads\/2019\/04\/Policia-Civil.jpg","contentUrl":"https:\/\/ubanews.com\/site\/wp-content\/uploads\/2019\/04\/Policia-Civil.jpg","width":800,"height":389,"caption":"Red light flasher atop of a police car. City lights on the background."},{"@type":"BreadcrumbList","@id":"https:\/\/ubanews.com\/site\/2021\/07\/23\/policia-civil-de-minas-gerais-conclui-inqueritos-sobre-homicidio-tentado-e-posse-ilegal-de-arma-de-fogo-em-uba\/#breadcrumb","itemListElement":[{"@type":"ListItem","position":1,"name":"Home","item":"https:\/\/ubanews.com\/site\/"},{"@type":"ListItem","position":2,"name":"Pol\u00edcia Civil de Minas Gerais conclui inqu\u00e9ritos sobre homic\u00eddio tentado e posse ilegal de arma de fogo em Ub\u00e1"}]},{"@type":"WebSite","@id":"https:\/\/ubanews.com\/site\/#website","url":"https:\/\/ubanews.com\/site\/","name":"Ub\u00e1 News","description":"","publisher":{"@id":"https:\/\/ubanews.com\/site\/#organization"},"potentialAction":[{"@type":"SearchAction","target":{"@type":"EntryPoint","urlTemplate":"https:\/\/ubanews.com\/site\/?s={search_term_string}"},"query-input":{"@type":"PropertyValueSpecification","valueRequired":true,"valueName":"search_term_string"}}],"inLanguage":"pt-BR"},{"@type":"Organization","@id":"https:\/\/ubanews.com\/site\/#organization","name":"Ub\u00e1 News","url":"https:\/\/ubanews.com\/site\/","logo":{"@type":"ImageObject","inLanguage":"pt-BR","@id":"https:\/\/ubanews.com\/site\/#\/schema\/logo\/image\/","url":"https:\/\/ubanews.com\/site\/wp-content\/uploads\/2018\/01\/logoubanews.png","contentUrl":"https:\/\/ubanews.com\/site\/wp-content\/uploads\/2018\/01\/logoubanews.png","width":261,"height":99,"caption":"Ub\u00e1 News"},"image":{"@id":"https:\/\/ubanews.com\/site\/#\/schema\/logo\/image\/"},"sameAs":["https:\/\/www.facebook.com\/Ub\u00e1News-Carlos-Roberto-Sodr\u00e9-418778301977370"]},{"@type":"Person","@id":"https:\/\/ubanews.com\/site\/#\/schema\/person\/d90c9e47252fbb63dcc969fe4c8b9d10","name":"Sodr\u00e9","image":{"@type":"ImageObject","inLanguage":"pt-BR","@id":"https:\/\/secure.gravatar.com\/avatar\/5ba2793f0590b9dbfad3fdec4ee714485b3eef211c9b32ee53d414060454a56c?s=96&d=mm&r=g","url":"https:\/\/secure.gravatar.com\/avatar\/5ba2793f0590b9dbfad3fdec4ee714485b3eef211c9b32ee53d414060454a56c?s=96&d=mm&r=g","contentUrl":"https:\/\/secure.gravatar.com\/avatar\/5ba2793f0590b9dbfad3fdec4ee714485b3eef211c9b32ee53d414060454a56c?s=96&d=mm&r=g","caption":"Sodr\u00e9"},"sameAs":["https:\/\/www.facebook.com\/carosroberto.sodre.5\/"],"url":"https:\/\/ubanews.com\/site\/author\/felipe\/"}]}},"_links":{"self":[{"href":"https:\/\/ubanews.com\/site\/wp-json\/wp\/v2\/posts\/20176","targetHints":{"allow":["GET"]}}],"collection":[{"href":"https:\/\/ubanews.com\/site\/wp-json\/wp\/v2\/posts"}],"about":[{"href":"https:\/\/ubanews.com\/site\/wp-json\/wp\/v2\/types\/post"}],"author":[{"embeddable":true,"href":"https:\/\/ubanews.com\/site\/wp-json\/wp\/v2\/users\/2"}],"replies":[{"embeddable":true,"href":"https:\/\/ubanews.com\/site\/wp-json\/wp\/v2\/comments?post=20176"}],"version-history":[{"count":0,"href":"https:\/\/ubanews.com\/site\/wp-json\/wp\/v2\/posts\/20176\/revisions"}],"wp:featuredmedia":[{"embeddable":true,"href":"https:\/\/ubanews.com\/site\/wp-json\/wp\/v2\/media\/11163"}],"wp:attachment":[{"href":"https:\/\/ubanews.com\/site\/wp-json\/wp\/v2\/media?parent=20176"}],"wp:term":[{"taxonomy":"category","embeddable":true,"href":"https:\/\/ubanews.com\/site\/wp-json\/wp\/v2\/categories?post=20176"},{"taxonomy":"post_tag","embeddable":true,"href":"https:\/\/ubanews.com\/site\/wp-json\/wp\/v2\/tags?post=20176"}],"curies":[{"name":"wp","href":"https:\/\/api.w.org\/{rel}","templated":true}]}}