{"id":20175,"date":"2021-07-23T16:36:54","date_gmt":"2021-07-23T19:36:54","guid":{"rendered":"http:\/\/ubanews.com\/site\/?p=20175"},"modified":"2021-07-23T16:36:54","modified_gmt":"2021-07-23T19:36:54","slug":"pcmg-prende-suspeito-pela-pratica-de-homicidio-ocorrido-na-zona-rural-de-leopoldina","status":"publish","type":"post","link":"https:\/\/ubanews.com\/site\/2021\/07\/23\/pcmg-prende-suspeito-pela-pratica-de-homicidio-ocorrido-na-zona-rural-de-leopoldina\/","title":{"rendered":"PCMG prende suspeito pela pr\u00e1tica de homic\u00eddio ocorrido na Zona Rural de Leopoldina"},"content":{"rendered":"<p><em>Ap\u00f3s trabalhos investigativos, foi cumprido mandado de pris\u00e3o preventiva em desfavor do investigado, um jovem de 21 anos.<\/em><\/p>\n<p>Na ter\u00e7a-feira (20\/7), a Pol\u00edcia Civil de Minas Gerais cumpriu, no munic\u00edpio de Leopoldina, na Zona da Mata mineira, mandado de pris\u00e3o preventiva em desfavor de um suspeito de 21 anos, em virtude de investiga\u00e7\u00f5es relacionadas \u00e0 apura\u00e7\u00e3o de homic\u00eddio consumado, ocorrido no dia 8 de mar\u00e7o, na Zona Rural de Leopoldina. O corpo da v\u00edtima de 20 anos foi encontrado dias ap\u00f3s a pr\u00e1tica do crime, \u00e0s margens do Rio Pomba, pr\u00f3ximo \u00e0 cidade de Recreio.<\/p>\n<div id=\"metaslider-id-17652\" style=\"max-width: 1000px;\" class=\"ml-slider-3-106-0 metaslider metaslider-nivo metaslider-17652 ml-slider ms-theme-outline\" role=\"region\" aria-label=\"Texto\" data-height=\"200\" data-width=\"1000\">\n    <div id=\"metaslider_container_17652\">\n        <div class='slider-wrapper theme-default'><div class='ribbon'><\/div><div id='metaslider_17652' class='nivoSlider'><\/div><\/div>\n        \n    <\/div>\n<\/div>\n<p>Ap\u00f3s o t\u00e9rmino dos trabalhos investigativos e envio dos autos do inqu\u00e9rito \u00e0 Justi\u00e7a, foi decretada a pris\u00e3o preventiva do suspeito. Ele foi indiciado por homic\u00eddio duplamente qualificado, conforme disposto no artigo 121 do C\u00f3digo Penal e por oculta\u00e7\u00e3o de cad\u00e1ver.<\/p>\n<p>O suspeito se encontra no sistema prisional, \u00e0 disposi\u00e7\u00e3o da Justi\u00e7a.<\/p>\n<p><strong>Assessoria de Comunica\u00e7\u00e3o Pol\u00edcia Civil de Minas Gerais<\/strong><\/p>\n<div style=\"width: 840px;\" class=\"wp-video\"><video class=\"wp-video-shortcode\" id=\"video-20175-1\" width=\"840\" height=\"473\" autoplay preload=\"auto\" controls=\"controls\"><source type=\"video\/mp4\" src=\"https:\/\/ubanews.com\/site\/wp-content\/uploads\/2020\/12\/01020002.00_00_53_25.mp4?_=1\" \/><a href=\"https:\/\/ubanews.com\/site\/wp-content\/uploads\/2020\/12\/01020002.00_00_53_25.mp4\">https:\/\/ubanews.com\/site\/wp-content\/uploads\/2020\/12\/01020002.00_00_53_25.mp4<\/a><\/video><\/div>\n","protected":false},"excerpt":{"rendered":"<p>Ap\u00f3s trabalhos investigativos, foi cumprido mandado de pris\u00e3o preventiva em<\/p>\n","protected":false},"author":2,"featured_media":19561,"comment_status":"open","ping_status":"open","sticky":false,"template":"","format":"standard","meta":{"footnotes":""},"categories":[13],"tags":[],"class_list":["post-20175","post","type-post","status-publish","format-standard","has-post-thumbnail","hentry","category-sintese-das-ocorrencias"],"yoast_head":"<!-- This site is optimized with the Yoast SEO plugin v27.2 - https:\/\/yoast.com\/product\/yoast-seo-wordpress\/ -->\n<title>PCMG prende suspeito pela pr\u00e1tica de homic\u00eddio ocorrido na Zona Rural de Leopoldina - Ub\u00e1 News<\/title>\n<meta name=\"robots\" content=\"index, follow, max-snippet:-1, max-image-preview:large, max-video-preview:-1\" \/>\n<link rel=\"canonical\" href=\"https:\/\/ubanews.com\/site\/2021\/07\/23\/pcmg-prende-suspeito-pela-pratica-de-homicidio-ocorrido-na-zona-rural-de-leopoldina\/\" \/>\n<meta property=\"og:locale\" content=\"pt_BR\" \/>\n<meta property=\"og:type\" content=\"article\" \/>\n<meta property=\"og:title\" content=\"PCMG prende suspeito pela pr\u00e1tica de homic\u00eddio ocorrido na Zona Rural de Leopoldina - Ub\u00e1 News\" \/>\n<meta property=\"og:description\" content=\"Ap\u00f3s trabalhos investigativos, foi cumprido mandado de pris\u00e3o preventiva em\" \/>\n<meta property=\"og:url\" content=\"https:\/\/ubanews.com\/site\/2021\/07\/23\/pcmg-prende-suspeito-pela-pratica-de-homicidio-ocorrido-na-zona-rural-de-leopoldina\/\" \/>\n<meta property=\"og:site_name\" content=\"Ub\u00e1 News\" \/>\n<meta property=\"article:publisher\" content=\"https:\/\/www.facebook.com\/Ub%c3%a1News-Carlos-Roberto-Sodr%c3%a9-418778301977370\" \/>\n<meta property=\"article:author\" content=\"https:\/\/www.facebook.com\/carosroberto.sodre.5\/\" \/>\n<meta property=\"article:published_time\" content=\"2021-07-23T19:36:54+00:00\" \/>\n<meta property=\"og:image\" content=\"https:\/\/ubanews.com\/site\/wp-content\/uploads\/2021\/04\/Civil.jpg\" \/>\n\t<meta property=\"og:image:width\" content=\"1000\" \/>\n\t<meta property=\"og:image:height\" content=\"500\" \/>\n\t<meta property=\"og:image:type\" content=\"image\/jpeg\" \/>\n<meta name=\"author\" content=\"Sodr\u00e9\" \/>\n<meta name=\"twitter:card\" content=\"summary_large_image\" \/>\n<meta name=\"twitter:label1\" content=\"Escrito por\" \/>\n\t<meta name=\"twitter:data1\" content=\"Sodr\u00e9\" \/>\n\t<meta name=\"twitter:label2\" content=\"Est. tempo de leitura\" \/>\n\t<meta name=\"twitter:data2\" content=\"1 minuto\" \/>\n<script type=\"application\/ld+json\" class=\"yoast-schema-graph\">{\"@context\":\"https:\/\/schema.org\",\"@graph\":[{\"@type\":\"Article\",\"@id\":\"https:\/\/ubanews.com\/site\/2021\/07\/23\/pcmg-prende-suspeito-pela-pratica-de-homicidio-ocorrido-na-zona-rural-de-leopoldina\/#article\",\"isPartOf\":{\"@id\":\"https:\/\/ubanews.com\/site\/2021\/07\/23\/pcmg-prende-suspeito-pela-pratica-de-homicidio-ocorrido-na-zona-rural-de-leopoldina\/\"},\"author\":{\"name\":\"Sodr\u00e9\",\"@id\":\"https:\/\/ubanews.com\/site\/#\/schema\/person\/d90c9e47252fbb63dcc969fe4c8b9d10\"},\"headline\":\"PCMG prende suspeito pela pr\u00e1tica de homic\u00eddio ocorrido na Zona Rural de Leopoldina\",\"datePublished\":\"2021-07-23T19:36:54+00:00\",\"mainEntityOfPage\":{\"@id\":\"https:\/\/ubanews.com\/site\/2021\/07\/23\/pcmg-prende-suspeito-pela-pratica-de-homicidio-ocorrido-na-zona-rural-de-leopoldina\/\"},\"wordCount\":205,\"commentCount\":0,\"publisher\":{\"@id\":\"https:\/\/ubanews.com\/site\/#organization\"},\"image\":{\"@id\":\"https:\/\/ubanews.com\/site\/2021\/07\/23\/pcmg-prende-suspeito-pela-pratica-de-homicidio-ocorrido-na-zona-rural-de-leopoldina\/#primaryimage\"},\"thumbnailUrl\":\"https:\/\/ubanews.com\/site\/wp-content\/uploads\/2021\/04\/Civil.jpg\",\"articleSection\":[\"S\u00edntese das Ocorr\u00eancias\"],\"inLanguage\":\"pt-BR\",\"potentialAction\":[{\"@type\":\"CommentAction\",\"name\":\"Comment\",\"target\":[\"https:\/\/ubanews.com\/site\/2021\/07\/23\/pcmg-prende-suspeito-pela-pratica-de-homicidio-ocorrido-na-zona-rural-de-leopoldina\/#respond\"]}]},{\"@type\":\"WebPage\",\"@id\":\"https:\/\/ubanews.com\/site\/2021\/07\/23\/pcmg-prende-suspeito-pela-pratica-de-homicidio-ocorrido-na-zona-rural-de-leopoldina\/\",\"url\":\"https:\/\/ubanews.com\/site\/2021\/07\/23\/pcmg-prende-suspeito-pela-pratica-de-homicidio-ocorrido-na-zona-rural-de-leopoldina\/\",\"name\":\"PCMG prende suspeito pela pr\u00e1tica de homic\u00eddio ocorrido na Zona Rural de Leopoldina - Ub\u00e1 News\",\"isPartOf\":{\"@id\":\"https:\/\/ubanews.com\/site\/#website\"},\"primaryImageOfPage\":{\"@id\":\"https:\/\/ubanews.com\/site\/2021\/07\/23\/pcmg-prende-suspeito-pela-pratica-de-homicidio-ocorrido-na-zona-rural-de-leopoldina\/#primaryimage\"},\"image\":{\"@id\":\"https:\/\/ubanews.com\/site\/2021\/07\/23\/pcmg-prende-suspeito-pela-pratica-de-homicidio-ocorrido-na-zona-rural-de-leopoldina\/#primaryimage\"},\"thumbnailUrl\":\"https:\/\/ubanews.com\/site\/wp-content\/uploads\/2021\/04\/Civil.jpg\",\"datePublished\":\"2021-07-23T19:36:54+00:00\",\"breadcrumb\":{\"@id\":\"https:\/\/ubanews.com\/site\/2021\/07\/23\/pcmg-prende-suspeito-pela-pratica-de-homicidio-ocorrido-na-zona-rural-de-leopoldina\/#breadcrumb\"},\"inLanguage\":\"pt-BR\",\"potentialAction\":[{\"@type\":\"ReadAction\",\"target\":[\"https:\/\/ubanews.com\/site\/2021\/07\/23\/pcmg-prende-suspeito-pela-pratica-de-homicidio-ocorrido-na-zona-rural-de-leopoldina\/\"]}]},{\"@type\":\"ImageObject\",\"inLanguage\":\"pt-BR\",\"@id\":\"https:\/\/ubanews.com\/site\/2021\/07\/23\/pcmg-prende-suspeito-pela-pratica-de-homicidio-ocorrido-na-zona-rural-de-leopoldina\/#primaryimage\",\"url\":\"https:\/\/ubanews.com\/site\/wp-content\/uploads\/2021\/04\/Civil.jpg\",\"contentUrl\":\"https:\/\/ubanews.com\/site\/wp-content\/uploads\/2021\/04\/Civil.jpg\",\"width\":1000,\"height\":500},{\"@type\":\"BreadcrumbList\",\"@id\":\"https:\/\/ubanews.com\/site\/2021\/07\/23\/pcmg-prende-suspeito-pela-pratica-de-homicidio-ocorrido-na-zona-rural-de-leopoldina\/#breadcrumb\",\"itemListElement\":[{\"@type\":\"ListItem\",\"position\":1,\"name\":\"Home\",\"item\":\"https:\/\/ubanews.com\/site\/\"},{\"@type\":\"ListItem\",\"position\":2,\"name\":\"PCMG prende suspeito pela pr\u00e1tica de homic\u00eddio ocorrido na Zona Rural de Leopoldina\"}]},{\"@type\":\"WebSite\",\"@id\":\"https:\/\/ubanews.com\/site\/#website\",\"url\":\"https:\/\/ubanews.com\/site\/\",\"name\":\"Ub\u00e1 News\",\"description\":\"\",\"publisher\":{\"@id\":\"https:\/\/ubanews.com\/site\/#organization\"},\"potentialAction\":[{\"@type\":\"SearchAction\",\"target\":{\"@type\":\"EntryPoint\",\"urlTemplate\":\"https:\/\/ubanews.com\/site\/?s={search_term_string}\"},\"query-input\":{\"@type\":\"PropertyValueSpecification\",\"valueRequired\":true,\"valueName\":\"search_term_string\"}}],\"inLanguage\":\"pt-BR\"},{\"@type\":\"Organization\",\"@id\":\"https:\/\/ubanews.com\/site\/#organization\",\"name\":\"Ub\u00e1 News\",\"url\":\"https:\/\/ubanews.com\/site\/\",\"logo\":{\"@type\":\"ImageObject\",\"inLanguage\":\"pt-BR\",\"@id\":\"https:\/\/ubanews.com\/site\/#\/schema\/logo\/image\/\",\"url\":\"https:\/\/ubanews.com\/site\/wp-content\/uploads\/2018\/01\/logoubanews.png\",\"contentUrl\":\"https:\/\/ubanews.com\/site\/wp-content\/uploads\/2018\/01\/logoubanews.png\",\"width\":261,\"height\":99,\"caption\":\"Ub\u00e1 News\"},\"image\":{\"@id\":\"https:\/\/ubanews.com\/site\/#\/schema\/logo\/image\/\"},\"sameAs\":[\"https:\/\/www.facebook.com\/Ub\u00e1News-Carlos-Roberto-Sodr\u00e9-418778301977370\"]},{\"@type\":\"Person\",\"@id\":\"https:\/\/ubanews.com\/site\/#\/schema\/person\/d90c9e47252fbb63dcc969fe4c8b9d10\",\"name\":\"Sodr\u00e9\",\"image\":{\"@type\":\"ImageObject\",\"inLanguage\":\"pt-BR\",\"@id\":\"https:\/\/secure.gravatar.com\/avatar\/5ba2793f0590b9dbfad3fdec4ee714485b3eef211c9b32ee53d414060454a56c?s=96&d=mm&r=g\",\"url\":\"https:\/\/secure.gravatar.com\/avatar\/5ba2793f0590b9dbfad3fdec4ee714485b3eef211c9b32ee53d414060454a56c?s=96&d=mm&r=g\",\"contentUrl\":\"https:\/\/secure.gravatar.com\/avatar\/5ba2793f0590b9dbfad3fdec4ee714485b3eef211c9b32ee53d414060454a56c?s=96&d=mm&r=g\",\"caption\":\"Sodr\u00e9\"},\"sameAs\":[\"https:\/\/www.facebook.com\/carosroberto.sodre.5\/\"],\"url\":\"https:\/\/ubanews.com\/site\/author\/felipe\/\"}]}<\/script>\n<!-- \/ Yoast SEO plugin. -->","yoast_head_json":{"title":"PCMG prende suspeito pela pr\u00e1tica de homic\u00eddio ocorrido na Zona Rural de Leopoldina - Ub\u00e1 News","robots":{"index":"index","follow":"follow","max-snippet":"max-snippet:-1","max-image-preview":"max-image-preview:large","max-video-preview":"max-video-preview:-1"},"canonical":"https:\/\/ubanews.com\/site\/2021\/07\/23\/pcmg-prende-suspeito-pela-pratica-de-homicidio-ocorrido-na-zona-rural-de-leopoldina\/","og_locale":"pt_BR","og_type":"article","og_title":"PCMG prende suspeito pela pr\u00e1tica de homic\u00eddio ocorrido na Zona Rural de Leopoldina - Ub\u00e1 News","og_description":"Ap\u00f3s trabalhos investigativos, foi cumprido mandado de pris\u00e3o preventiva em","og_url":"https:\/\/ubanews.com\/site\/2021\/07\/23\/pcmg-prende-suspeito-pela-pratica-de-homicidio-ocorrido-na-zona-rural-de-leopoldina\/","og_site_name":"Ub\u00e1 News","article_publisher":"https:\/\/www.facebook.com\/Ub%c3%a1News-Carlos-Roberto-Sodr%c3%a9-418778301977370","article_author":"https:\/\/www.facebook.com\/carosroberto.sodre.5\/","article_published_time":"2021-07-23T19:36:54+00:00","og_image":[{"width":1000,"height":500,"url":"https:\/\/ubanews.com\/site\/wp-content\/uploads\/2021\/04\/Civil.jpg","type":"image\/jpeg"}],"author":"Sodr\u00e9","twitter_card":"summary_large_image","twitter_misc":{"Escrito por":"Sodr\u00e9","Est. tempo de leitura":"1 minuto"},"schema":{"@context":"https:\/\/schema.org","@graph":[{"@type":"Article","@id":"https:\/\/ubanews.com\/site\/2021\/07\/23\/pcmg-prende-suspeito-pela-pratica-de-homicidio-ocorrido-na-zona-rural-de-leopoldina\/#article","isPartOf":{"@id":"https:\/\/ubanews.com\/site\/2021\/07\/23\/pcmg-prende-suspeito-pela-pratica-de-homicidio-ocorrido-na-zona-rural-de-leopoldina\/"},"author":{"name":"Sodr\u00e9","@id":"https:\/\/ubanews.com\/site\/#\/schema\/person\/d90c9e47252fbb63dcc969fe4c8b9d10"},"headline":"PCMG prende suspeito pela pr\u00e1tica de homic\u00eddio ocorrido na Zona Rural de Leopoldina","datePublished":"2021-07-23T19:36:54+00:00","mainEntityOfPage":{"@id":"https:\/\/ubanews.com\/site\/2021\/07\/23\/pcmg-prende-suspeito-pela-pratica-de-homicidio-ocorrido-na-zona-rural-de-leopoldina\/"},"wordCount":205,"commentCount":0,"publisher":{"@id":"https:\/\/ubanews.com\/site\/#organization"},"image":{"@id":"https:\/\/ubanews.com\/site\/2021\/07\/23\/pcmg-prende-suspeito-pela-pratica-de-homicidio-ocorrido-na-zona-rural-de-leopoldina\/#primaryimage"},"thumbnailUrl":"https:\/\/ubanews.com\/site\/wp-content\/uploads\/2021\/04\/Civil.jpg","articleSection":["S\u00edntese das Ocorr\u00eancias"],"inLanguage":"pt-BR","potentialAction":[{"@type":"CommentAction","name":"Comment","target":["https:\/\/ubanews.com\/site\/2021\/07\/23\/pcmg-prende-suspeito-pela-pratica-de-homicidio-ocorrido-na-zona-rural-de-leopoldina\/#respond"]}]},{"@type":"WebPage","@id":"https:\/\/ubanews.com\/site\/2021\/07\/23\/pcmg-prende-suspeito-pela-pratica-de-homicidio-ocorrido-na-zona-rural-de-leopoldina\/","url":"https:\/\/ubanews.com\/site\/2021\/07\/23\/pcmg-prende-suspeito-pela-pratica-de-homicidio-ocorrido-na-zona-rural-de-leopoldina\/","name":"PCMG prende suspeito pela pr\u00e1tica de homic\u00eddio ocorrido na Zona Rural de Leopoldina - Ub\u00e1 News","isPartOf":{"@id":"https:\/\/ubanews.com\/site\/#website"},"primaryImageOfPage":{"@id":"https:\/\/ubanews.com\/site\/2021\/07\/23\/pcmg-prende-suspeito-pela-pratica-de-homicidio-ocorrido-na-zona-rural-de-leopoldina\/#primaryimage"},"image":{"@id":"https:\/\/ubanews.com\/site\/2021\/07\/23\/pcmg-prende-suspeito-pela-pratica-de-homicidio-ocorrido-na-zona-rural-de-leopoldina\/#primaryimage"},"thumbnailUrl":"https:\/\/ubanews.com\/site\/wp-content\/uploads\/2021\/04\/Civil.jpg","datePublished":"2021-07-23T19:36:54+00:00","breadcrumb":{"@id":"https:\/\/ubanews.com\/site\/2021\/07\/23\/pcmg-prende-suspeito-pela-pratica-de-homicidio-ocorrido-na-zona-rural-de-leopoldina\/#breadcrumb"},"inLanguage":"pt-BR","potentialAction":[{"@type":"ReadAction","target":["https:\/\/ubanews.com\/site\/2021\/07\/23\/pcmg-prende-suspeito-pela-pratica-de-homicidio-ocorrido-na-zona-rural-de-leopoldina\/"]}]},{"@type":"ImageObject","inLanguage":"pt-BR","@id":"https:\/\/ubanews.com\/site\/2021\/07\/23\/pcmg-prende-suspeito-pela-pratica-de-homicidio-ocorrido-na-zona-rural-de-leopoldina\/#primaryimage","url":"https:\/\/ubanews.com\/site\/wp-content\/uploads\/2021\/04\/Civil.jpg","contentUrl":"https:\/\/ubanews.com\/site\/wp-content\/uploads\/2021\/04\/Civil.jpg","width":1000,"height":500},{"@type":"BreadcrumbList","@id":"https:\/\/ubanews.com\/site\/2021\/07\/23\/pcmg-prende-suspeito-pela-pratica-de-homicidio-ocorrido-na-zona-rural-de-leopoldina\/#breadcrumb","itemListElement":[{"@type":"ListItem","position":1,"name":"Home","item":"https:\/\/ubanews.com\/site\/"},{"@type":"ListItem","position":2,"name":"PCMG prende suspeito pela pr\u00e1tica de homic\u00eddio ocorrido na Zona Rural de Leopoldina"}]},{"@type":"WebSite","@id":"https:\/\/ubanews.com\/site\/#website","url":"https:\/\/ubanews.com\/site\/","name":"Ub\u00e1 News","description":"","publisher":{"@id":"https:\/\/ubanews.com\/site\/#organization"},"potentialAction":[{"@type":"SearchAction","target":{"@type":"EntryPoint","urlTemplate":"https:\/\/ubanews.com\/site\/?s={search_term_string}"},"query-input":{"@type":"PropertyValueSpecification","valueRequired":true,"valueName":"search_term_string"}}],"inLanguage":"pt-BR"},{"@type":"Organization","@id":"https:\/\/ubanews.com\/site\/#organization","name":"Ub\u00e1 News","url":"https:\/\/ubanews.com\/site\/","logo":{"@type":"ImageObject","inLanguage":"pt-BR","@id":"https:\/\/ubanews.com\/site\/#\/schema\/logo\/image\/","url":"https:\/\/ubanews.com\/site\/wp-content\/uploads\/2018\/01\/logoubanews.png","contentUrl":"https:\/\/ubanews.com\/site\/wp-content\/uploads\/2018\/01\/logoubanews.png","width":261,"height":99,"caption":"Ub\u00e1 News"},"image":{"@id":"https:\/\/ubanews.com\/site\/#\/schema\/logo\/image\/"},"sameAs":["https:\/\/www.facebook.com\/Ub\u00e1News-Carlos-Roberto-Sodr\u00e9-418778301977370"]},{"@type":"Person","@id":"https:\/\/ubanews.com\/site\/#\/schema\/person\/d90c9e47252fbb63dcc969fe4c8b9d10","name":"Sodr\u00e9","image":{"@type":"ImageObject","inLanguage":"pt-BR","@id":"https:\/\/secure.gravatar.com\/avatar\/5ba2793f0590b9dbfad3fdec4ee714485b3eef211c9b32ee53d414060454a56c?s=96&d=mm&r=g","url":"https:\/\/secure.gravatar.com\/avatar\/5ba2793f0590b9dbfad3fdec4ee714485b3eef211c9b32ee53d414060454a56c?s=96&d=mm&r=g","contentUrl":"https:\/\/secure.gravatar.com\/avatar\/5ba2793f0590b9dbfad3fdec4ee714485b3eef211c9b32ee53d414060454a56c?s=96&d=mm&r=g","caption":"Sodr\u00e9"},"sameAs":["https:\/\/www.facebook.com\/carosroberto.sodre.5\/"],"url":"https:\/\/ubanews.com\/site\/author\/felipe\/"}]}},"_links":{"self":[{"href":"https:\/\/ubanews.com\/site\/wp-json\/wp\/v2\/posts\/20175","targetHints":{"allow":["GET"]}}],"collection":[{"href":"https:\/\/ubanews.com\/site\/wp-json\/wp\/v2\/posts"}],"about":[{"href":"https:\/\/ubanews.com\/site\/wp-json\/wp\/v2\/types\/post"}],"author":[{"embeddable":true,"href":"https:\/\/ubanews.com\/site\/wp-json\/wp\/v2\/users\/2"}],"replies":[{"embeddable":true,"href":"https:\/\/ubanews.com\/site\/wp-json\/wp\/v2\/comments?post=20175"}],"version-history":[{"count":0,"href":"https:\/\/ubanews.com\/site\/wp-json\/wp\/v2\/posts\/20175\/revisions"}],"wp:featuredmedia":[{"embeddable":true,"href":"https:\/\/ubanews.com\/site\/wp-json\/wp\/v2\/media\/19561"}],"wp:attachment":[{"href":"https:\/\/ubanews.com\/site\/wp-json\/wp\/v2\/media?parent=20175"}],"wp:term":[{"taxonomy":"category","embeddable":true,"href":"https:\/\/ubanews.com\/site\/wp-json\/wp\/v2\/categories?post=20175"},{"taxonomy":"post_tag","embeddable":true,"href":"https:\/\/ubanews.com\/site\/wp-json\/wp\/v2\/tags?post=20175"}],"curies":[{"name":"wp","href":"https:\/\/api.w.org\/{rel}","templated":true}]}}