{"id":20164,"date":"2021-07-23T16:18:37","date_gmt":"2021-07-23T19:18:37","guid":{"rendered":"http:\/\/ubanews.com\/site\/?p=20164"},"modified":"2021-07-23T16:18:37","modified_gmt":"2021-07-23T19:18:37","slug":"policia-militar-recupera-veiculo-produto-de-furto-e-autor-foi-apreendido","status":"publish","type":"post","link":"https:\/\/ubanews.com\/site\/2021\/07\/23\/policia-militar-recupera-veiculo-produto-de-furto-e-autor-foi-apreendido\/","title":{"rendered":"POL\u00cdCIA MILITAR RECUPERA VE\u00cdCULO PRODUTO DE FURTO E AUTOR FOI APREENDIDO"},"content":{"rendered":"<p>No dia 22 de julho, por volta de 14h e 24min, durante Opera\u00e7\u00e3o Policial na Avenida Jos\u00e9 Resende Brando, bairro Bom Pastor, Ub\u00e1, Policiais Militares visualizaram dois indiv\u00edduos em uma motocicleta, sendo o condutor, ao avistar a viatura policial, tentou realizar uma manobra brusca com a motocicleta, por\u00e9m, perdeu o controle do ve\u00edculo vindo a sofrer uma queda.<\/p>\n<p>Em continuidade, ambos empreenderam fuga pela rua, sendo um dos indiv\u00edduos abordado e submetido \u00e0 busca pessoal.<\/p>\n<div id=\"metaslider-id-17652\" style=\"max-width: 1000px;\" class=\"ml-slider-3-110-0 metaslider metaslider-nivo metaslider-17652 ml-slider ms-theme-outline\" role=\"region\" aria-label=\"Texto\" data-height=\"200\" data-width=\"1000\">\n    <div id=\"metaslider_container_17652\">\n        <div class='slider-wrapper theme-default'><div class='ribbon'><\/div><div id='metaslider_17652' class='nivoSlider'><\/div><\/div>\n        \n    <\/div>\n<\/div>\n<p>Ao ser realizada consulta ao sistema informatizado, ficou constatado sinaliza\u00e7\u00e3o de queixa\/furto quanto \u00e0 motocicleta.<\/p>\n<p>Diante do exposto a motocicleta, uma Honda\/CG 125 Titan KS, cor Prata, ano 2001, placa de Senador Firmino foi removida ao p\u00e1tio credenciado, ficando \u00e0 disposi\u00e7\u00e3o do Propriet\u00e1rio.<\/p>\n<p>O autor foi apreendido e conduzido para a Delegacia de Pol\u00edcia.<\/p>\n<p><strong>ASSESSORIA DE COMUNICA\u00c7\u00c3O ORGANIZACIONAL<\/strong><br \/>\n<strong>Vig\u00e9simo Primeiro Batalh\u00e3o de Pol\u00edcia Militar<\/strong><\/p>\n<div style=\"width: 840px;\" class=\"wp-video\"><video class=\"wp-video-shortcode\" id=\"video-20164-1\" width=\"840\" height=\"473\" autoplay preload=\"auto\" controls=\"controls\"><source type=\"video\/mp4\" src=\"https:\/\/ubanews.com\/site\/wp-content\/uploads\/2020\/12\/01020002.00_00_53_25.mp4?_=1\" \/><a href=\"https:\/\/ubanews.com\/site\/wp-content\/uploads\/2020\/12\/01020002.00_00_53_25.mp4\">https:\/\/ubanews.com\/site\/wp-content\/uploads\/2020\/12\/01020002.00_00_53_25.mp4<\/a><\/video><\/div>\n","protected":false},"excerpt":{"rendered":"<p>No dia 22 de julho, por volta de 14h e<\/p>\n","protected":false},"author":2,"featured_media":11175,"comment_status":"open","ping_status":"open","sticky":false,"template":"","format":"standard","meta":{"footnotes":""},"categories":[13],"tags":[],"class_list":["post-20164","post","type-post","status-publish","format-standard","has-post-thumbnail","hentry","category-sintese-das-ocorrencias"],"_links":{"self":[{"href":"https:\/\/ubanews.com\/site\/wp-json\/wp\/v2\/posts\/20164","targetHints":{"allow":["GET"]}}],"collection":[{"href":"https:\/\/ubanews.com\/site\/wp-json\/wp\/v2\/posts"}],"about":[{"href":"https:\/\/ubanews.com\/site\/wp-json\/wp\/v2\/types\/post"}],"author":[{"embeddable":true,"href":"https:\/\/ubanews.com\/site\/wp-json\/wp\/v2\/users\/2"}],"replies":[{"embeddable":true,"href":"https:\/\/ubanews.com\/site\/wp-json\/wp\/v2\/comments?post=20164"}],"version-history":[{"count":0,"href":"https:\/\/ubanews.com\/site\/wp-json\/wp\/v2\/posts\/20164\/revisions"}],"wp:featuredmedia":[{"embeddable":true,"href":"https:\/\/ubanews.com\/site\/wp-json\/wp\/v2\/media\/11175"}],"wp:attachment":[{"href":"https:\/\/ubanews.com\/site\/wp-json\/wp\/v2\/media?parent=20164"}],"wp:term":[{"taxonomy":"category","embeddable":true,"href":"https:\/\/ubanews.com\/site\/wp-json\/wp\/v2\/categories?post=20164"},{"taxonomy":"post_tag","embeddable":true,"href":"https:\/\/ubanews.com\/site\/wp-json\/wp\/v2\/tags?post=20164"}],"curies":[{"name":"wp","href":"https:\/\/api.w.org\/{rel}","templated":true}]}}