{"id":20107,"date":"2021-07-09T16:15:23","date_gmt":"2021-07-09T19:15:23","guid":{"rendered":"http:\/\/ubanews.com\/site\/?p=20107"},"modified":"2021-07-12T16:22:11","modified_gmt":"2021-07-12T19:22:11","slug":"20107","status":"publish","type":"post","link":"https:\/\/ubanews.com\/site\/2021\/07\/09\/20107\/","title":{"rendered":"POL\u00cdCIA MILITAR APREENDE DROGAS E ADOLESCENTE"},"content":{"rendered":"<p style=\"text-align: justify;\"><span style=\"font-size: 14.0pt; font-family: 'Arial','sans-serif';\">No dia 08\/07, por volta 22h e 51min, a Pol\u00edcia Militar durante busca pessoal, localizado na Rua Jos\u00e9 Augusto Marcos, bairro Ponte Preta, a um indiv\u00edduo. Foi localizou os seguintes materiais il\u00edcitos: 12 (doze) pinos pl\u00e1sticos em cores diversas, contendo em seu interior subst\u00e2ncia an\u00e1loga \u00e0 coca\u00edna, uma certa quantia em moeda corrente, 01 (um) aparelho de celular da marca Samsung modelo A51 &#8211; cor branca.<\/span><\/p>\n<div id=\"metaslider-id-17652\" style=\"max-width: 1000px;\" class=\"ml-slider-3-110-0 metaslider metaslider-nivo metaslider-17652 ml-slider ms-theme-outline\" role=\"region\" aria-label=\"Texto\" data-height=\"200\" data-width=\"1000\">\n    <div id=\"metaslider_container_17652\">\n        <div class='slider-wrapper theme-default'><div class='ribbon'><\/div><div id='metaslider_17652' class='nivoSlider'><\/div><\/div>\n        \n    <\/div>\n<\/div>\n<p style=\"text-align: justify;\"><span style=\"font-size: 14.0pt; font-family: 'Arial','sans-serif';\">Diante do exposto, o adolescente foi apreendido e conduzido \u00e0 Delegacia de Pol\u00edcia Judici\u00e1ria, juntamente com os materiais apreendidos.<\/span><\/p>\n<p><strong>ASSESSORIA DE COMUNICA\u00c7\u00c3O ORGANIZACIONAL<\/strong><br \/>\n<strong>Vig\u00e9simo Primeiro Batalh\u00e3o de Pol\u00edcia Militar<\/strong><\/p>\n<div style=\"width: 840px;\" class=\"wp-video\"><video class=\"wp-video-shortcode\" id=\"video-20107-1\" width=\"840\" height=\"473\" autoplay preload=\"auto\" controls=\"controls\"><source type=\"video\/mp4\" src=\"https:\/\/ubanews.com\/site\/wp-content\/uploads\/2020\/12\/01020002.00_00_53_25.mp4?_=1\" \/><a href=\"https:\/\/ubanews.com\/site\/wp-content\/uploads\/2020\/12\/01020002.00_00_53_25.mp4\">https:\/\/ubanews.com\/site\/wp-content\/uploads\/2020\/12\/01020002.00_00_53_25.mp4<\/a><\/video><\/div>\n","protected":false},"excerpt":{"rendered":"<p>No dia 08\/07, por volta 22h e 51min, a Pol\u00edcia<\/p>\n","protected":false},"author":2,"featured_media":20109,"comment_status":"open","ping_status":"open","sticky":false,"template":"","format":"standard","meta":{"footnotes":""},"categories":[13],"tags":[],"class_list":["post-20107","post","type-post","status-publish","format-standard","has-post-thumbnail","hentry","category-sintese-das-ocorrencias"],"_links":{"self":[{"href":"https:\/\/ubanews.com\/site\/wp-json\/wp\/v2\/posts\/20107","targetHints":{"allow":["GET"]}}],"collection":[{"href":"https:\/\/ubanews.com\/site\/wp-json\/wp\/v2\/posts"}],"about":[{"href":"https:\/\/ubanews.com\/site\/wp-json\/wp\/v2\/types\/post"}],"author":[{"embeddable":true,"href":"https:\/\/ubanews.com\/site\/wp-json\/wp\/v2\/users\/2"}],"replies":[{"embeddable":true,"href":"https:\/\/ubanews.com\/site\/wp-json\/wp\/v2\/comments?post=20107"}],"version-history":[{"count":0,"href":"https:\/\/ubanews.com\/site\/wp-json\/wp\/v2\/posts\/20107\/revisions"}],"wp:featuredmedia":[{"embeddable":true,"href":"https:\/\/ubanews.com\/site\/wp-json\/wp\/v2\/media\/20109"}],"wp:attachment":[{"href":"https:\/\/ubanews.com\/site\/wp-json\/wp\/v2\/media?parent=20107"}],"wp:term":[{"taxonomy":"category","embeddable":true,"href":"https:\/\/ubanews.com\/site\/wp-json\/wp\/v2\/categories?post=20107"},{"taxonomy":"post_tag","embeddable":true,"href":"https:\/\/ubanews.com\/site\/wp-json\/wp\/v2\/tags?post=20107"}],"curies":[{"name":"wp","href":"https:\/\/api.w.org\/{rel}","templated":true}]}}