{"id":20089,"date":"2021-07-06T14:35:47","date_gmt":"2021-07-06T17:35:47","guid":{"rendered":"http:\/\/ubanews.com\/site\/?p=20089"},"modified":"2021-07-06T14:35:47","modified_gmt":"2021-07-06T17:35:47","slug":"hoje-completa-tres-anos-que-dr-diego-candian-alves-esta-a-frente-da-2drpc-uba","status":"publish","type":"post","link":"https:\/\/ubanews.com\/site\/2021\/07\/06\/hoje-completa-tres-anos-que-dr-diego-candian-alves-esta-a-frente-da-2drpc-uba\/","title":{"rendered":"HOJE COMPLETA TR\u00caS ANOS QUE DR. DI\u00caGO CANDIAN ALVES EST\u00c1 \u00c0 FRENTE DA 2\u00b0DRPC &#8211; UB\u00c1"},"content":{"rendered":"<p>Hoje completa 3 anos que Dr. Di\u00eago Candian Alves est\u00e1 \u00e0 frente da 2\u00b0 DRPC &#8211; Ub\u00e1. Quis a Provid\u00eancia que esse delegado retornasse \u00e0 sua cidade natal, para capitanear a delegacia sede e as demais sete unidades policiais, cuja extens\u00e3o territorial abarca 17 munic\u00edpios, numa popula\u00e7\u00e3o aproximada de 289 mil habitantes.<\/p>\n<p>De tr\u00eas anos pra c\u00e1, obtivemos \u00eaxitos, tanto na seara administrativa, como operacional: com o apoio do Poder Judici\u00e1rio das comarcas de Ub\u00e1 e Senador Firmino, conseguimos verbas para a manuten\u00e7\u00e3o de viaturas, aquisi\u00e7\u00e3o de aparelho israelense indispens\u00e1vel para as investiga\u00e7\u00f5es, drones e novos aparelhos para o Posto de Pericias Integradas.<\/p>\n<p>Inauguramos, com o apoio da iniciativa privada e de prefeituras, duas unidades policiais, quais sejam, as obras da sede da delegacia regional e a nova delegacia de Senador Firmino.<\/p>\n<p>Criamos parcerias, firmamos conv\u00eanios com prefeituras e universidades de modo que nos foram cedidos servidores e estagi\u00e1rios que muito nos auxiliam.<\/p>\n<p>Ultrapassamos o vi\u00e9s policial repressivo e iniciamos um trabalho de apoio \u00e0 fam\u00edlia! V\u00edtimas de viol\u00eancia dom\u00e9stica est\u00e3o recebendo apoio psicol\u00f3gico, ao serem atendidas na delegacia.<\/p>\n<p>Nas escolas e comunidades, a Pol\u00edcia Civil tem se feito presente, seja ao ministrar palestras ou ainda para simplesmente ouvir a comunidade, que est\u00e1 mais pr\u00f3xima de n\u00f3s.<\/p>\n<p>Na seara operacional, tivemos eloquentes opera\u00e7\u00f5es de repress\u00e3o a crimes de tr\u00e1fico de entorpecentes, homic\u00eddios, agiotagem, roubos, adultera\u00e7\u00e3o de produtos destinados a consumidores e organiza\u00e7\u00f5es criminosas, prezando sempre pela investiga\u00e7\u00e3o de qualidade.<\/p>\n<p>Contribu\u00edmos na redu\u00e7\u00e3o da criminalidade violenta, com a apura\u00e7\u00e3o de 81% dos homic\u00eddios ocorridos em 2021.<\/p>\n<p>Criamos o Whatsapp den\u00fancia, a fim de estreitar la\u00e7os de credibilidade com a sociedade, mantendo sempre o anonimato e seguran\u00e7a do denunciante.<\/p>\n<p>Encaro com seriedade a fun\u00e7\u00e3o a mim confiada, com a plena convic\u00e7\u00e3o e serenidade de que n\u00e3o se trata de status, mas sim de miss\u00e3o dada por Deus.<\/p>\n<p>Agrade\u00e7o a todos os policiais civis (delegados, peritos, m\u00e9dicos legistas, escriv\u00e3es, investigadores) e administrativos pelos valorosos trabalhos prestados \u00e0 sociedade! Juntos somos mais fortes!<\/p>\n","protected":false},"excerpt":{"rendered":"<p>Hoje completa 3 anos que Dr. Di\u00eago Candian Alves est\u00e1<\/p>\n","protected":false},"author":2,"featured_media":20090,"comment_status":"open","ping_status":"open","sticky":false,"template":"","format":"standard","meta":{"footnotes":""},"categories":[1],"tags":[],"class_list":["post-20089","post","type-post","status-publish","format-standard","has-post-thumbnail","hentry","category-sem-categoria"],"yoast_head":"<!-- This site is optimized with the Yoast SEO plugin v27.2 - https:\/\/yoast.com\/product\/yoast-seo-wordpress\/ -->\n<title>HOJE COMPLETA TR\u00caS ANOS QUE DR. DI\u00caGO CANDIAN ALVES EST\u00c1 \u00c0 FRENTE DA 2\u00b0DRPC - UB\u00c1 - Ub\u00e1 News<\/title>\n<meta name=\"robots\" content=\"index, follow, max-snippet:-1, max-image-preview:large, max-video-preview:-1\" \/>\n<link rel=\"canonical\" href=\"https:\/\/ubanews.com\/site\/2021\/07\/06\/hoje-completa-tres-anos-que-dr-diego-candian-alves-esta-a-frente-da-2drpc-uba\/\" \/>\n<meta property=\"og:locale\" content=\"pt_BR\" \/>\n<meta property=\"og:type\" content=\"article\" \/>\n<meta property=\"og:title\" content=\"HOJE COMPLETA TR\u00caS ANOS QUE DR. DI\u00caGO CANDIAN ALVES EST\u00c1 \u00c0 FRENTE DA 2\u00b0DRPC - UB\u00c1 - Ub\u00e1 News\" \/>\n<meta property=\"og:description\" content=\"Hoje completa 3 anos que Dr. Di\u00eago Candian Alves est\u00e1\" \/>\n<meta property=\"og:url\" content=\"https:\/\/ubanews.com\/site\/2021\/07\/06\/hoje-completa-tres-anos-que-dr-diego-candian-alves-esta-a-frente-da-2drpc-uba\/\" \/>\n<meta property=\"og:site_name\" content=\"Ub\u00e1 News\" \/>\n<meta property=\"article:publisher\" content=\"https:\/\/www.facebook.com\/Ub%c3%a1News-Carlos-Roberto-Sodr%c3%a9-418778301977370\" \/>\n<meta property=\"article:author\" content=\"https:\/\/www.facebook.com\/carosroberto.sodre.5\/\" \/>\n<meta property=\"article:published_time\" content=\"2021-07-06T17:35:47+00:00\" \/>\n<meta property=\"og:image\" content=\"https:\/\/ubanews.com\/site\/wp-content\/uploads\/2021\/07\/679.jpg\" \/>\n\t<meta property=\"og:image:width\" content=\"800\" \/>\n\t<meta property=\"og:image:height\" content=\"389\" \/>\n\t<meta property=\"og:image:type\" content=\"image\/jpeg\" \/>\n<meta name=\"author\" content=\"Sodr\u00e9\" \/>\n<meta name=\"twitter:card\" content=\"summary_large_image\" \/>\n<meta name=\"twitter:label1\" content=\"Escrito por\" \/>\n\t<meta name=\"twitter:data1\" content=\"Sodr\u00e9\" \/>\n\t<meta name=\"twitter:label2\" content=\"Est. tempo de leitura\" \/>\n\t<meta name=\"twitter:data2\" content=\"2 minutos\" \/>\n<script type=\"application\/ld+json\" class=\"yoast-schema-graph\">{\"@context\":\"https:\/\/schema.org\",\"@graph\":[{\"@type\":\"Article\",\"@id\":\"https:\/\/ubanews.com\/site\/2021\/07\/06\/hoje-completa-tres-anos-que-dr-diego-candian-alves-esta-a-frente-da-2drpc-uba\/#article\",\"isPartOf\":{\"@id\":\"https:\/\/ubanews.com\/site\/2021\/07\/06\/hoje-completa-tres-anos-que-dr-diego-candian-alves-esta-a-frente-da-2drpc-uba\/\"},\"author\":{\"name\":\"Sodr\u00e9\",\"@id\":\"https:\/\/ubanews.com\/site\/#\/schema\/person\/d90c9e47252fbb63dcc969fe4c8b9d10\"},\"headline\":\"HOJE COMPLETA TR\u00caS ANOS QUE DR. DI\u00caGO CANDIAN ALVES EST\u00c1 \u00c0 FRENTE DA 2\u00b0DRPC &#8211; UB\u00c1\",\"datePublished\":\"2021-07-06T17:35:47+00:00\",\"mainEntityOfPage\":{\"@id\":\"https:\/\/ubanews.com\/site\/2021\/07\/06\/hoje-completa-tres-anos-que-dr-diego-candian-alves-esta-a-frente-da-2drpc-uba\/\"},\"wordCount\":380,\"commentCount\":0,\"publisher\":{\"@id\":\"https:\/\/ubanews.com\/site\/#organization\"},\"image\":{\"@id\":\"https:\/\/ubanews.com\/site\/2021\/07\/06\/hoje-completa-tres-anos-que-dr-diego-candian-alves-esta-a-frente-da-2drpc-uba\/#primaryimage\"},\"thumbnailUrl\":\"https:\/\/ubanews.com\/site\/wp-content\/uploads\/2021\/07\/679.jpg\",\"articleSection\":[\"Geral\"],\"inLanguage\":\"pt-BR\",\"potentialAction\":[{\"@type\":\"CommentAction\",\"name\":\"Comment\",\"target\":[\"https:\/\/ubanews.com\/site\/2021\/07\/06\/hoje-completa-tres-anos-que-dr-diego-candian-alves-esta-a-frente-da-2drpc-uba\/#respond\"]}]},{\"@type\":\"WebPage\",\"@id\":\"https:\/\/ubanews.com\/site\/2021\/07\/06\/hoje-completa-tres-anos-que-dr-diego-candian-alves-esta-a-frente-da-2drpc-uba\/\",\"url\":\"https:\/\/ubanews.com\/site\/2021\/07\/06\/hoje-completa-tres-anos-que-dr-diego-candian-alves-esta-a-frente-da-2drpc-uba\/\",\"name\":\"HOJE COMPLETA TR\u00caS ANOS QUE DR. DI\u00caGO CANDIAN ALVES EST\u00c1 \u00c0 FRENTE DA 2\u00b0DRPC - UB\u00c1 - Ub\u00e1 News\",\"isPartOf\":{\"@id\":\"https:\/\/ubanews.com\/site\/#website\"},\"primaryImageOfPage\":{\"@id\":\"https:\/\/ubanews.com\/site\/2021\/07\/06\/hoje-completa-tres-anos-que-dr-diego-candian-alves-esta-a-frente-da-2drpc-uba\/#primaryimage\"},\"image\":{\"@id\":\"https:\/\/ubanews.com\/site\/2021\/07\/06\/hoje-completa-tres-anos-que-dr-diego-candian-alves-esta-a-frente-da-2drpc-uba\/#primaryimage\"},\"thumbnailUrl\":\"https:\/\/ubanews.com\/site\/wp-content\/uploads\/2021\/07\/679.jpg\",\"datePublished\":\"2021-07-06T17:35:47+00:00\",\"breadcrumb\":{\"@id\":\"https:\/\/ubanews.com\/site\/2021\/07\/06\/hoje-completa-tres-anos-que-dr-diego-candian-alves-esta-a-frente-da-2drpc-uba\/#breadcrumb\"},\"inLanguage\":\"pt-BR\",\"potentialAction\":[{\"@type\":\"ReadAction\",\"target\":[\"https:\/\/ubanews.com\/site\/2021\/07\/06\/hoje-completa-tres-anos-que-dr-diego-candian-alves-esta-a-frente-da-2drpc-uba\/\"]}]},{\"@type\":\"ImageObject\",\"inLanguage\":\"pt-BR\",\"@id\":\"https:\/\/ubanews.com\/site\/2021\/07\/06\/hoje-completa-tres-anos-que-dr-diego-candian-alves-esta-a-frente-da-2drpc-uba\/#primaryimage\",\"url\":\"https:\/\/ubanews.com\/site\/wp-content\/uploads\/2021\/07\/679.jpg\",\"contentUrl\":\"https:\/\/ubanews.com\/site\/wp-content\/uploads\/2021\/07\/679.jpg\",\"width\":800,\"height\":389},{\"@type\":\"BreadcrumbList\",\"@id\":\"https:\/\/ubanews.com\/site\/2021\/07\/06\/hoje-completa-tres-anos-que-dr-diego-candian-alves-esta-a-frente-da-2drpc-uba\/#breadcrumb\",\"itemListElement\":[{\"@type\":\"ListItem\",\"position\":1,\"name\":\"Home\",\"item\":\"https:\/\/ubanews.com\/site\/\"},{\"@type\":\"ListItem\",\"position\":2,\"name\":\"HOJE COMPLETA TR\u00caS ANOS QUE DR. DI\u00caGO CANDIAN ALVES EST\u00c1 \u00c0 FRENTE DA 2\u00b0DRPC &#8211; UB\u00c1\"}]},{\"@type\":\"WebSite\",\"@id\":\"https:\/\/ubanews.com\/site\/#website\",\"url\":\"https:\/\/ubanews.com\/site\/\",\"name\":\"Ub\u00e1 News\",\"description\":\"\",\"publisher\":{\"@id\":\"https:\/\/ubanews.com\/site\/#organization\"},\"potentialAction\":[{\"@type\":\"SearchAction\",\"target\":{\"@type\":\"EntryPoint\",\"urlTemplate\":\"https:\/\/ubanews.com\/site\/?s={search_term_string}\"},\"query-input\":{\"@type\":\"PropertyValueSpecification\",\"valueRequired\":true,\"valueName\":\"search_term_string\"}}],\"inLanguage\":\"pt-BR\"},{\"@type\":\"Organization\",\"@id\":\"https:\/\/ubanews.com\/site\/#organization\",\"name\":\"Ub\u00e1 News\",\"url\":\"https:\/\/ubanews.com\/site\/\",\"logo\":{\"@type\":\"ImageObject\",\"inLanguage\":\"pt-BR\",\"@id\":\"https:\/\/ubanews.com\/site\/#\/schema\/logo\/image\/\",\"url\":\"https:\/\/ubanews.com\/site\/wp-content\/uploads\/2018\/01\/logoubanews.png\",\"contentUrl\":\"https:\/\/ubanews.com\/site\/wp-content\/uploads\/2018\/01\/logoubanews.png\",\"width\":261,\"height\":99,\"caption\":\"Ub\u00e1 News\"},\"image\":{\"@id\":\"https:\/\/ubanews.com\/site\/#\/schema\/logo\/image\/\"},\"sameAs\":[\"https:\/\/www.facebook.com\/Ub\u00e1News-Carlos-Roberto-Sodr\u00e9-418778301977370\"]},{\"@type\":\"Person\",\"@id\":\"https:\/\/ubanews.com\/site\/#\/schema\/person\/d90c9e47252fbb63dcc969fe4c8b9d10\",\"name\":\"Sodr\u00e9\",\"image\":{\"@type\":\"ImageObject\",\"inLanguage\":\"pt-BR\",\"@id\":\"https:\/\/secure.gravatar.com\/avatar\/5ba2793f0590b9dbfad3fdec4ee714485b3eef211c9b32ee53d414060454a56c?s=96&d=mm&r=g\",\"url\":\"https:\/\/secure.gravatar.com\/avatar\/5ba2793f0590b9dbfad3fdec4ee714485b3eef211c9b32ee53d414060454a56c?s=96&d=mm&r=g\",\"contentUrl\":\"https:\/\/secure.gravatar.com\/avatar\/5ba2793f0590b9dbfad3fdec4ee714485b3eef211c9b32ee53d414060454a56c?s=96&d=mm&r=g\",\"caption\":\"Sodr\u00e9\"},\"sameAs\":[\"https:\/\/www.facebook.com\/carosroberto.sodre.5\/\"],\"url\":\"https:\/\/ubanews.com\/site\/author\/felipe\/\"}]}<\/script>\n<!-- \/ Yoast SEO plugin. -->","yoast_head_json":{"title":"HOJE COMPLETA TR\u00caS ANOS QUE DR. DI\u00caGO CANDIAN ALVES EST\u00c1 \u00c0 FRENTE DA 2\u00b0DRPC - UB\u00c1 - Ub\u00e1 News","robots":{"index":"index","follow":"follow","max-snippet":"max-snippet:-1","max-image-preview":"max-image-preview:large","max-video-preview":"max-video-preview:-1"},"canonical":"https:\/\/ubanews.com\/site\/2021\/07\/06\/hoje-completa-tres-anos-que-dr-diego-candian-alves-esta-a-frente-da-2drpc-uba\/","og_locale":"pt_BR","og_type":"article","og_title":"HOJE COMPLETA TR\u00caS ANOS QUE DR. DI\u00caGO CANDIAN ALVES EST\u00c1 \u00c0 FRENTE DA 2\u00b0DRPC - UB\u00c1 - Ub\u00e1 News","og_description":"Hoje completa 3 anos que Dr. Di\u00eago Candian Alves est\u00e1","og_url":"https:\/\/ubanews.com\/site\/2021\/07\/06\/hoje-completa-tres-anos-que-dr-diego-candian-alves-esta-a-frente-da-2drpc-uba\/","og_site_name":"Ub\u00e1 News","article_publisher":"https:\/\/www.facebook.com\/Ub%c3%a1News-Carlos-Roberto-Sodr%c3%a9-418778301977370","article_author":"https:\/\/www.facebook.com\/carosroberto.sodre.5\/","article_published_time":"2021-07-06T17:35:47+00:00","og_image":[{"width":800,"height":389,"url":"https:\/\/ubanews.com\/site\/wp-content\/uploads\/2021\/07\/679.jpg","type":"image\/jpeg"}],"author":"Sodr\u00e9","twitter_card":"summary_large_image","twitter_misc":{"Escrito por":"Sodr\u00e9","Est. tempo de leitura":"2 minutos"},"schema":{"@context":"https:\/\/schema.org","@graph":[{"@type":"Article","@id":"https:\/\/ubanews.com\/site\/2021\/07\/06\/hoje-completa-tres-anos-que-dr-diego-candian-alves-esta-a-frente-da-2drpc-uba\/#article","isPartOf":{"@id":"https:\/\/ubanews.com\/site\/2021\/07\/06\/hoje-completa-tres-anos-que-dr-diego-candian-alves-esta-a-frente-da-2drpc-uba\/"},"author":{"name":"Sodr\u00e9","@id":"https:\/\/ubanews.com\/site\/#\/schema\/person\/d90c9e47252fbb63dcc969fe4c8b9d10"},"headline":"HOJE COMPLETA TR\u00caS ANOS QUE DR. DI\u00caGO CANDIAN ALVES EST\u00c1 \u00c0 FRENTE DA 2\u00b0DRPC &#8211; UB\u00c1","datePublished":"2021-07-06T17:35:47+00:00","mainEntityOfPage":{"@id":"https:\/\/ubanews.com\/site\/2021\/07\/06\/hoje-completa-tres-anos-que-dr-diego-candian-alves-esta-a-frente-da-2drpc-uba\/"},"wordCount":380,"commentCount":0,"publisher":{"@id":"https:\/\/ubanews.com\/site\/#organization"},"image":{"@id":"https:\/\/ubanews.com\/site\/2021\/07\/06\/hoje-completa-tres-anos-que-dr-diego-candian-alves-esta-a-frente-da-2drpc-uba\/#primaryimage"},"thumbnailUrl":"https:\/\/ubanews.com\/site\/wp-content\/uploads\/2021\/07\/679.jpg","articleSection":["Geral"],"inLanguage":"pt-BR","potentialAction":[{"@type":"CommentAction","name":"Comment","target":["https:\/\/ubanews.com\/site\/2021\/07\/06\/hoje-completa-tres-anos-que-dr-diego-candian-alves-esta-a-frente-da-2drpc-uba\/#respond"]}]},{"@type":"WebPage","@id":"https:\/\/ubanews.com\/site\/2021\/07\/06\/hoje-completa-tres-anos-que-dr-diego-candian-alves-esta-a-frente-da-2drpc-uba\/","url":"https:\/\/ubanews.com\/site\/2021\/07\/06\/hoje-completa-tres-anos-que-dr-diego-candian-alves-esta-a-frente-da-2drpc-uba\/","name":"HOJE COMPLETA TR\u00caS ANOS QUE DR. DI\u00caGO CANDIAN ALVES EST\u00c1 \u00c0 FRENTE DA 2\u00b0DRPC - UB\u00c1 - Ub\u00e1 News","isPartOf":{"@id":"https:\/\/ubanews.com\/site\/#website"},"primaryImageOfPage":{"@id":"https:\/\/ubanews.com\/site\/2021\/07\/06\/hoje-completa-tres-anos-que-dr-diego-candian-alves-esta-a-frente-da-2drpc-uba\/#primaryimage"},"image":{"@id":"https:\/\/ubanews.com\/site\/2021\/07\/06\/hoje-completa-tres-anos-que-dr-diego-candian-alves-esta-a-frente-da-2drpc-uba\/#primaryimage"},"thumbnailUrl":"https:\/\/ubanews.com\/site\/wp-content\/uploads\/2021\/07\/679.jpg","datePublished":"2021-07-06T17:35:47+00:00","breadcrumb":{"@id":"https:\/\/ubanews.com\/site\/2021\/07\/06\/hoje-completa-tres-anos-que-dr-diego-candian-alves-esta-a-frente-da-2drpc-uba\/#breadcrumb"},"inLanguage":"pt-BR","potentialAction":[{"@type":"ReadAction","target":["https:\/\/ubanews.com\/site\/2021\/07\/06\/hoje-completa-tres-anos-que-dr-diego-candian-alves-esta-a-frente-da-2drpc-uba\/"]}]},{"@type":"ImageObject","inLanguage":"pt-BR","@id":"https:\/\/ubanews.com\/site\/2021\/07\/06\/hoje-completa-tres-anos-que-dr-diego-candian-alves-esta-a-frente-da-2drpc-uba\/#primaryimage","url":"https:\/\/ubanews.com\/site\/wp-content\/uploads\/2021\/07\/679.jpg","contentUrl":"https:\/\/ubanews.com\/site\/wp-content\/uploads\/2021\/07\/679.jpg","width":800,"height":389},{"@type":"BreadcrumbList","@id":"https:\/\/ubanews.com\/site\/2021\/07\/06\/hoje-completa-tres-anos-que-dr-diego-candian-alves-esta-a-frente-da-2drpc-uba\/#breadcrumb","itemListElement":[{"@type":"ListItem","position":1,"name":"Home","item":"https:\/\/ubanews.com\/site\/"},{"@type":"ListItem","position":2,"name":"HOJE COMPLETA TR\u00caS ANOS QUE DR. DI\u00caGO CANDIAN ALVES EST\u00c1 \u00c0 FRENTE DA 2\u00b0DRPC &#8211; UB\u00c1"}]},{"@type":"WebSite","@id":"https:\/\/ubanews.com\/site\/#website","url":"https:\/\/ubanews.com\/site\/","name":"Ub\u00e1 News","description":"","publisher":{"@id":"https:\/\/ubanews.com\/site\/#organization"},"potentialAction":[{"@type":"SearchAction","target":{"@type":"EntryPoint","urlTemplate":"https:\/\/ubanews.com\/site\/?s={search_term_string}"},"query-input":{"@type":"PropertyValueSpecification","valueRequired":true,"valueName":"search_term_string"}}],"inLanguage":"pt-BR"},{"@type":"Organization","@id":"https:\/\/ubanews.com\/site\/#organization","name":"Ub\u00e1 News","url":"https:\/\/ubanews.com\/site\/","logo":{"@type":"ImageObject","inLanguage":"pt-BR","@id":"https:\/\/ubanews.com\/site\/#\/schema\/logo\/image\/","url":"https:\/\/ubanews.com\/site\/wp-content\/uploads\/2018\/01\/logoubanews.png","contentUrl":"https:\/\/ubanews.com\/site\/wp-content\/uploads\/2018\/01\/logoubanews.png","width":261,"height":99,"caption":"Ub\u00e1 News"},"image":{"@id":"https:\/\/ubanews.com\/site\/#\/schema\/logo\/image\/"},"sameAs":["https:\/\/www.facebook.com\/Ub\u00e1News-Carlos-Roberto-Sodr\u00e9-418778301977370"]},{"@type":"Person","@id":"https:\/\/ubanews.com\/site\/#\/schema\/person\/d90c9e47252fbb63dcc969fe4c8b9d10","name":"Sodr\u00e9","image":{"@type":"ImageObject","inLanguage":"pt-BR","@id":"https:\/\/secure.gravatar.com\/avatar\/5ba2793f0590b9dbfad3fdec4ee714485b3eef211c9b32ee53d414060454a56c?s=96&d=mm&r=g","url":"https:\/\/secure.gravatar.com\/avatar\/5ba2793f0590b9dbfad3fdec4ee714485b3eef211c9b32ee53d414060454a56c?s=96&d=mm&r=g","contentUrl":"https:\/\/secure.gravatar.com\/avatar\/5ba2793f0590b9dbfad3fdec4ee714485b3eef211c9b32ee53d414060454a56c?s=96&d=mm&r=g","caption":"Sodr\u00e9"},"sameAs":["https:\/\/www.facebook.com\/carosroberto.sodre.5\/"],"url":"https:\/\/ubanews.com\/site\/author\/felipe\/"}]}},"_links":{"self":[{"href":"https:\/\/ubanews.com\/site\/wp-json\/wp\/v2\/posts\/20089","targetHints":{"allow":["GET"]}}],"collection":[{"href":"https:\/\/ubanews.com\/site\/wp-json\/wp\/v2\/posts"}],"about":[{"href":"https:\/\/ubanews.com\/site\/wp-json\/wp\/v2\/types\/post"}],"author":[{"embeddable":true,"href":"https:\/\/ubanews.com\/site\/wp-json\/wp\/v2\/users\/2"}],"replies":[{"embeddable":true,"href":"https:\/\/ubanews.com\/site\/wp-json\/wp\/v2\/comments?post=20089"}],"version-history":[{"count":0,"href":"https:\/\/ubanews.com\/site\/wp-json\/wp\/v2\/posts\/20089\/revisions"}],"wp:featuredmedia":[{"embeddable":true,"href":"https:\/\/ubanews.com\/site\/wp-json\/wp\/v2\/media\/20090"}],"wp:attachment":[{"href":"https:\/\/ubanews.com\/site\/wp-json\/wp\/v2\/media?parent=20089"}],"wp:term":[{"taxonomy":"category","embeddable":true,"href":"https:\/\/ubanews.com\/site\/wp-json\/wp\/v2\/categories?post=20089"},{"taxonomy":"post_tag","embeddable":true,"href":"https:\/\/ubanews.com\/site\/wp-json\/wp\/v2\/tags?post=20089"}],"curies":[{"name":"wp","href":"https:\/\/api.w.org\/{rel}","templated":true}]}}