{"id":20083,"date":"2021-07-05T18:11:33","date_gmt":"2021-07-05T21:11:33","guid":{"rendered":"http:\/\/ubanews.com\/site\/?p=20083"},"modified":"2021-07-05T18:24:20","modified_gmt":"2021-07-05T21:24:20","slug":"prefeitura-promove-evento-de-forma-remota-para-comemorar-o-aniversario-da-cidade","status":"publish","type":"post","link":"https:\/\/ubanews.com\/site\/2021\/07\/05\/prefeitura-promove-evento-de-forma-remota-para-comemorar-o-aniversario-da-cidade\/","title":{"rendered":"PREFEITURA PROMOVE EVENTO DE FORMA REMOTA PARA COMEMORAR O ANIVERS\u00c1RIO DA CIDADE"},"content":{"rendered":"<p>A prefeitura Municipal de Ub\u00e1 atrav\u00e9s da Secretaria de Cultura est\u00e1 realizando no Horto Florestal evento para marcar o anivers\u00e1rio de Ub\u00e1.<br \/>\nS\u00e1bado, 02 de julho, v\u00e9spera da cidade completar 164 de emancipa\u00e7\u00e3o pol\u00edtica administrativa. De forma bem criteriosa, 09 apresenta\u00e7\u00f5es foram escolhidas para esta primeira noite. Sim, porque, nos pr\u00f3ximos dias 10, 17 e 24 de julho v\u00e1rias atra\u00e7\u00f5es ir\u00e3o se apresentar no mesmo palco.<br \/>\nEsta foi a ordem das apresenta\u00e7\u00f5es:<br \/>\nHesio e Juliana<br \/>\nClodoaldo Paiva<br \/>\nC\u00e9lio diLuccas<br \/>\nSheila e Jaime<br \/>\nDennis e Cristiano<br \/>\nThiaguinho<br \/>\nNana e Nega<br \/>\nAnna Mel<br \/>\nBraulio<\/p>\n<p>DJ Bruno Oliveira<br \/>\nO Portal Ub\u00e1 News acompanhou os bastidores, conversando com alguns dos artistas!<\/p>\n<p><iframe title=\"YouTube video player\" data-src=\"https:\/\/www.youtube.com\/embed\/75vPlw3L_qA\" width=\"560\" height=\"315\" frameborder=\"0\" allowfullscreen=\"allowfullscreen\" src=\"data:image\/svg+xml;base64,PHN2ZyB3aWR0aD0iMSIgaGVpZ2h0PSIxIiB4bWxucz0iaHR0cDovL3d3dy53My5vcmcvMjAwMC9zdmciPjwvc3ZnPg==\" class=\"lazyload\" data-load-mode=\"1\"><\/iframe>&nbsp;<\/p>\n<p>&nbsp;<\/p>\n<div style=\"width: 840px;\" class=\"wp-video\"><video class=\"wp-video-shortcode\" id=\"video-20083-1\" width=\"840\" height=\"473\" autoplay preload=\"auto\" controls=\"controls\"><source type=\"video\/mp4\" src=\"https:\/\/ubanews.com\/site\/wp-content\/uploads\/2020\/12\/01020002.00_00_53_25.mp4?_=1\" \/><a href=\"https:\/\/ubanews.com\/site\/wp-content\/uploads\/2020\/12\/01020002.00_00_53_25.mp4\">https:\/\/ubanews.com\/site\/wp-content\/uploads\/2020\/12\/01020002.00_00_53_25.mp4<\/a><\/video><\/div>\n","protected":false},"excerpt":{"rendered":"<p>A prefeitura Municipal de Ub\u00e1 atrav\u00e9s da Secretaria de Cultura<\/p>\n","protected":false},"author":2,"featured_media":20086,"comment_status":"open","ping_status":"open","sticky":false,"template":"","format":"standard","meta":{"footnotes":""},"categories":[1,3],"tags":[],"class_list":["post-20083","post","type-post","status-publish","format-standard","has-post-thumbnail","hentry","category-sem-categoria","category-slide"],"yoast_head":"<!-- This site is optimized with the Yoast SEO plugin v27.2 - https:\/\/yoast.com\/product\/yoast-seo-wordpress\/ -->\n<title>PREFEITURA PROMOVE EVENTO DE FORMA REMOTA PARA COMEMORAR O ANIVERS\u00c1RIO DA CIDADE - Ub\u00e1 News<\/title>\n<meta name=\"robots\" content=\"index, follow, max-snippet:-1, max-image-preview:large, max-video-preview:-1\" \/>\n<link rel=\"canonical\" href=\"https:\/\/ubanews.com\/site\/2021\/07\/05\/prefeitura-promove-evento-de-forma-remota-para-comemorar-o-aniversario-da-cidade\/\" \/>\n<meta property=\"og:locale\" content=\"pt_BR\" \/>\n<meta property=\"og:type\" content=\"article\" \/>\n<meta property=\"og:title\" content=\"PREFEITURA PROMOVE EVENTO DE FORMA REMOTA PARA COMEMORAR O ANIVERS\u00c1RIO DA CIDADE - Ub\u00e1 News\" \/>\n<meta property=\"og:description\" content=\"A prefeitura Municipal de Ub\u00e1 atrav\u00e9s da Secretaria de Cultura\" \/>\n<meta property=\"og:url\" content=\"https:\/\/ubanews.com\/site\/2021\/07\/05\/prefeitura-promove-evento-de-forma-remota-para-comemorar-o-aniversario-da-cidade\/\" \/>\n<meta property=\"og:site_name\" content=\"Ub\u00e1 News\" \/>\n<meta property=\"article:publisher\" content=\"https:\/\/www.facebook.com\/Ub%c3%a1News-Carlos-Roberto-Sodr%c3%a9-418778301977370\" \/>\n<meta property=\"article:author\" content=\"https:\/\/www.facebook.com\/carosroberto.sodre.5\/\" \/>\n<meta property=\"article:published_time\" content=\"2021-07-05T21:11:33+00:00\" \/>\n<meta property=\"article:modified_time\" content=\"2021-07-05T21:24:20+00:00\" \/>\n<meta property=\"og:image\" content=\"https:\/\/ubanews.com\/site\/wp-content\/uploads\/2021\/07\/DSC9985-scaled.jpg\" \/>\n\t<meta property=\"og:image:width\" content=\"2560\" \/>\n\t<meta property=\"og:image:height\" content=\"1251\" \/>\n\t<meta property=\"og:image:type\" content=\"image\/jpeg\" \/>\n<meta name=\"author\" content=\"Sodr\u00e9\" \/>\n<meta name=\"twitter:card\" content=\"summary_large_image\" \/>\n<meta name=\"twitter:label1\" content=\"Escrito por\" \/>\n\t<meta name=\"twitter:data1\" content=\"Sodr\u00e9\" \/>\n\t<meta name=\"twitter:label2\" content=\"Est. tempo de leitura\" \/>\n\t<meta name=\"twitter:data2\" content=\"1 minuto\" \/>\n<script type=\"application\/ld+json\" class=\"yoast-schema-graph\">{\"@context\":\"https:\/\/schema.org\",\"@graph\":[{\"@type\":\"Article\",\"@id\":\"https:\/\/ubanews.com\/site\/2021\/07\/05\/prefeitura-promove-evento-de-forma-remota-para-comemorar-o-aniversario-da-cidade\/#article\",\"isPartOf\":{\"@id\":\"https:\/\/ubanews.com\/site\/2021\/07\/05\/prefeitura-promove-evento-de-forma-remota-para-comemorar-o-aniversario-da-cidade\/\"},\"author\":{\"name\":\"Sodr\u00e9\",\"@id\":\"https:\/\/ubanews.com\/site\/#\/schema\/person\/d90c9e47252fbb63dcc969fe4c8b9d10\"},\"headline\":\"PREFEITURA PROMOVE EVENTO DE FORMA REMOTA PARA COMEMORAR O ANIVERS\u00c1RIO DA CIDADE\",\"datePublished\":\"2021-07-05T21:11:33+00:00\",\"dateModified\":\"2021-07-05T21:24:20+00:00\",\"mainEntityOfPage\":{\"@id\":\"https:\/\/ubanews.com\/site\/2021\/07\/05\/prefeitura-promove-evento-de-forma-remota-para-comemorar-o-aniversario-da-cidade\/\"},\"wordCount\":145,\"commentCount\":0,\"publisher\":{\"@id\":\"https:\/\/ubanews.com\/site\/#organization\"},\"image\":{\"@id\":\"https:\/\/ubanews.com\/site\/2021\/07\/05\/prefeitura-promove-evento-de-forma-remota-para-comemorar-o-aniversario-da-cidade\/#primaryimage\"},\"thumbnailUrl\":\"https:\/\/ubanews.com\/site\/wp-content\/uploads\/2021\/07\/DSC9985-scaled.jpg\",\"articleSection\":[\"Geral\",\"Slide\"],\"inLanguage\":\"pt-BR\",\"potentialAction\":[{\"@type\":\"CommentAction\",\"name\":\"Comment\",\"target\":[\"https:\/\/ubanews.com\/site\/2021\/07\/05\/prefeitura-promove-evento-de-forma-remota-para-comemorar-o-aniversario-da-cidade\/#respond\"]}]},{\"@type\":\"WebPage\",\"@id\":\"https:\/\/ubanews.com\/site\/2021\/07\/05\/prefeitura-promove-evento-de-forma-remota-para-comemorar-o-aniversario-da-cidade\/\",\"url\":\"https:\/\/ubanews.com\/site\/2021\/07\/05\/prefeitura-promove-evento-de-forma-remota-para-comemorar-o-aniversario-da-cidade\/\",\"name\":\"PREFEITURA PROMOVE EVENTO DE FORMA REMOTA PARA COMEMORAR O ANIVERS\u00c1RIO DA CIDADE - Ub\u00e1 News\",\"isPartOf\":{\"@id\":\"https:\/\/ubanews.com\/site\/#website\"},\"primaryImageOfPage\":{\"@id\":\"https:\/\/ubanews.com\/site\/2021\/07\/05\/prefeitura-promove-evento-de-forma-remota-para-comemorar-o-aniversario-da-cidade\/#primaryimage\"},\"image\":{\"@id\":\"https:\/\/ubanews.com\/site\/2021\/07\/05\/prefeitura-promove-evento-de-forma-remota-para-comemorar-o-aniversario-da-cidade\/#primaryimage\"},\"thumbnailUrl\":\"https:\/\/ubanews.com\/site\/wp-content\/uploads\/2021\/07\/DSC9985-scaled.jpg\",\"datePublished\":\"2021-07-05T21:11:33+00:00\",\"dateModified\":\"2021-07-05T21:24:20+00:00\",\"breadcrumb\":{\"@id\":\"https:\/\/ubanews.com\/site\/2021\/07\/05\/prefeitura-promove-evento-de-forma-remota-para-comemorar-o-aniversario-da-cidade\/#breadcrumb\"},\"inLanguage\":\"pt-BR\",\"potentialAction\":[{\"@type\":\"ReadAction\",\"target\":[\"https:\/\/ubanews.com\/site\/2021\/07\/05\/prefeitura-promove-evento-de-forma-remota-para-comemorar-o-aniversario-da-cidade\/\"]}]},{\"@type\":\"ImageObject\",\"inLanguage\":\"pt-BR\",\"@id\":\"https:\/\/ubanews.com\/site\/2021\/07\/05\/prefeitura-promove-evento-de-forma-remota-para-comemorar-o-aniversario-da-cidade\/#primaryimage\",\"url\":\"https:\/\/ubanews.com\/site\/wp-content\/uploads\/2021\/07\/DSC9985-scaled.jpg\",\"contentUrl\":\"https:\/\/ubanews.com\/site\/wp-content\/uploads\/2021\/07\/DSC9985-scaled.jpg\",\"width\":2560,\"height\":1251},{\"@type\":\"BreadcrumbList\",\"@id\":\"https:\/\/ubanews.com\/site\/2021\/07\/05\/prefeitura-promove-evento-de-forma-remota-para-comemorar-o-aniversario-da-cidade\/#breadcrumb\",\"itemListElement\":[{\"@type\":\"ListItem\",\"position\":1,\"name\":\"Home\",\"item\":\"https:\/\/ubanews.com\/site\/\"},{\"@type\":\"ListItem\",\"position\":2,\"name\":\"PREFEITURA PROMOVE EVENTO DE FORMA REMOTA PARA COMEMORAR O ANIVERS\u00c1RIO DA CIDADE\"}]},{\"@type\":\"WebSite\",\"@id\":\"https:\/\/ubanews.com\/site\/#website\",\"url\":\"https:\/\/ubanews.com\/site\/\",\"name\":\"Ub\u00e1 News\",\"description\":\"\",\"publisher\":{\"@id\":\"https:\/\/ubanews.com\/site\/#organization\"},\"potentialAction\":[{\"@type\":\"SearchAction\",\"target\":{\"@type\":\"EntryPoint\",\"urlTemplate\":\"https:\/\/ubanews.com\/site\/?s={search_term_string}\"},\"query-input\":{\"@type\":\"PropertyValueSpecification\",\"valueRequired\":true,\"valueName\":\"search_term_string\"}}],\"inLanguage\":\"pt-BR\"},{\"@type\":\"Organization\",\"@id\":\"https:\/\/ubanews.com\/site\/#organization\",\"name\":\"Ub\u00e1 News\",\"url\":\"https:\/\/ubanews.com\/site\/\",\"logo\":{\"@type\":\"ImageObject\",\"inLanguage\":\"pt-BR\",\"@id\":\"https:\/\/ubanews.com\/site\/#\/schema\/logo\/image\/\",\"url\":\"https:\/\/ubanews.com\/site\/wp-content\/uploads\/2018\/01\/logoubanews.png\",\"contentUrl\":\"https:\/\/ubanews.com\/site\/wp-content\/uploads\/2018\/01\/logoubanews.png\",\"width\":261,\"height\":99,\"caption\":\"Ub\u00e1 News\"},\"image\":{\"@id\":\"https:\/\/ubanews.com\/site\/#\/schema\/logo\/image\/\"},\"sameAs\":[\"https:\/\/www.facebook.com\/Ub\u00e1News-Carlos-Roberto-Sodr\u00e9-418778301977370\"]},{\"@type\":\"Person\",\"@id\":\"https:\/\/ubanews.com\/site\/#\/schema\/person\/d90c9e47252fbb63dcc969fe4c8b9d10\",\"name\":\"Sodr\u00e9\",\"image\":{\"@type\":\"ImageObject\",\"inLanguage\":\"pt-BR\",\"@id\":\"https:\/\/secure.gravatar.com\/avatar\/5ba2793f0590b9dbfad3fdec4ee714485b3eef211c9b32ee53d414060454a56c?s=96&d=mm&r=g\",\"url\":\"https:\/\/secure.gravatar.com\/avatar\/5ba2793f0590b9dbfad3fdec4ee714485b3eef211c9b32ee53d414060454a56c?s=96&d=mm&r=g\",\"contentUrl\":\"https:\/\/secure.gravatar.com\/avatar\/5ba2793f0590b9dbfad3fdec4ee714485b3eef211c9b32ee53d414060454a56c?s=96&d=mm&r=g\",\"caption\":\"Sodr\u00e9\"},\"sameAs\":[\"https:\/\/www.facebook.com\/carosroberto.sodre.5\/\"],\"url\":\"https:\/\/ubanews.com\/site\/author\/felipe\/\"}]}<\/script>\n<!-- \/ Yoast SEO plugin. -->","yoast_head_json":{"title":"PREFEITURA PROMOVE EVENTO DE FORMA REMOTA PARA COMEMORAR O ANIVERS\u00c1RIO DA CIDADE - Ub\u00e1 News","robots":{"index":"index","follow":"follow","max-snippet":"max-snippet:-1","max-image-preview":"max-image-preview:large","max-video-preview":"max-video-preview:-1"},"canonical":"https:\/\/ubanews.com\/site\/2021\/07\/05\/prefeitura-promove-evento-de-forma-remota-para-comemorar-o-aniversario-da-cidade\/","og_locale":"pt_BR","og_type":"article","og_title":"PREFEITURA PROMOVE EVENTO DE FORMA REMOTA PARA COMEMORAR O ANIVERS\u00c1RIO DA CIDADE - Ub\u00e1 News","og_description":"A prefeitura Municipal de Ub\u00e1 atrav\u00e9s da Secretaria de Cultura","og_url":"https:\/\/ubanews.com\/site\/2021\/07\/05\/prefeitura-promove-evento-de-forma-remota-para-comemorar-o-aniversario-da-cidade\/","og_site_name":"Ub\u00e1 News","article_publisher":"https:\/\/www.facebook.com\/Ub%c3%a1News-Carlos-Roberto-Sodr%c3%a9-418778301977370","article_author":"https:\/\/www.facebook.com\/carosroberto.sodre.5\/","article_published_time":"2021-07-05T21:11:33+00:00","article_modified_time":"2021-07-05T21:24:20+00:00","og_image":[{"width":2560,"height":1251,"url":"https:\/\/ubanews.com\/site\/wp-content\/uploads\/2021\/07\/DSC9985-scaled.jpg","type":"image\/jpeg"}],"author":"Sodr\u00e9","twitter_card":"summary_large_image","twitter_misc":{"Escrito por":"Sodr\u00e9","Est. tempo de leitura":"1 minuto"},"schema":{"@context":"https:\/\/schema.org","@graph":[{"@type":"Article","@id":"https:\/\/ubanews.com\/site\/2021\/07\/05\/prefeitura-promove-evento-de-forma-remota-para-comemorar-o-aniversario-da-cidade\/#article","isPartOf":{"@id":"https:\/\/ubanews.com\/site\/2021\/07\/05\/prefeitura-promove-evento-de-forma-remota-para-comemorar-o-aniversario-da-cidade\/"},"author":{"name":"Sodr\u00e9","@id":"https:\/\/ubanews.com\/site\/#\/schema\/person\/d90c9e47252fbb63dcc969fe4c8b9d10"},"headline":"PREFEITURA PROMOVE EVENTO DE FORMA REMOTA PARA COMEMORAR O ANIVERS\u00c1RIO DA CIDADE","datePublished":"2021-07-05T21:11:33+00:00","dateModified":"2021-07-05T21:24:20+00:00","mainEntityOfPage":{"@id":"https:\/\/ubanews.com\/site\/2021\/07\/05\/prefeitura-promove-evento-de-forma-remota-para-comemorar-o-aniversario-da-cidade\/"},"wordCount":145,"commentCount":0,"publisher":{"@id":"https:\/\/ubanews.com\/site\/#organization"},"image":{"@id":"https:\/\/ubanews.com\/site\/2021\/07\/05\/prefeitura-promove-evento-de-forma-remota-para-comemorar-o-aniversario-da-cidade\/#primaryimage"},"thumbnailUrl":"https:\/\/ubanews.com\/site\/wp-content\/uploads\/2021\/07\/DSC9985-scaled.jpg","articleSection":["Geral","Slide"],"inLanguage":"pt-BR","potentialAction":[{"@type":"CommentAction","name":"Comment","target":["https:\/\/ubanews.com\/site\/2021\/07\/05\/prefeitura-promove-evento-de-forma-remota-para-comemorar-o-aniversario-da-cidade\/#respond"]}]},{"@type":"WebPage","@id":"https:\/\/ubanews.com\/site\/2021\/07\/05\/prefeitura-promove-evento-de-forma-remota-para-comemorar-o-aniversario-da-cidade\/","url":"https:\/\/ubanews.com\/site\/2021\/07\/05\/prefeitura-promove-evento-de-forma-remota-para-comemorar-o-aniversario-da-cidade\/","name":"PREFEITURA PROMOVE EVENTO DE FORMA REMOTA PARA COMEMORAR O ANIVERS\u00c1RIO DA CIDADE - Ub\u00e1 News","isPartOf":{"@id":"https:\/\/ubanews.com\/site\/#website"},"primaryImageOfPage":{"@id":"https:\/\/ubanews.com\/site\/2021\/07\/05\/prefeitura-promove-evento-de-forma-remota-para-comemorar-o-aniversario-da-cidade\/#primaryimage"},"image":{"@id":"https:\/\/ubanews.com\/site\/2021\/07\/05\/prefeitura-promove-evento-de-forma-remota-para-comemorar-o-aniversario-da-cidade\/#primaryimage"},"thumbnailUrl":"https:\/\/ubanews.com\/site\/wp-content\/uploads\/2021\/07\/DSC9985-scaled.jpg","datePublished":"2021-07-05T21:11:33+00:00","dateModified":"2021-07-05T21:24:20+00:00","breadcrumb":{"@id":"https:\/\/ubanews.com\/site\/2021\/07\/05\/prefeitura-promove-evento-de-forma-remota-para-comemorar-o-aniversario-da-cidade\/#breadcrumb"},"inLanguage":"pt-BR","potentialAction":[{"@type":"ReadAction","target":["https:\/\/ubanews.com\/site\/2021\/07\/05\/prefeitura-promove-evento-de-forma-remota-para-comemorar-o-aniversario-da-cidade\/"]}]},{"@type":"ImageObject","inLanguage":"pt-BR","@id":"https:\/\/ubanews.com\/site\/2021\/07\/05\/prefeitura-promove-evento-de-forma-remota-para-comemorar-o-aniversario-da-cidade\/#primaryimage","url":"https:\/\/ubanews.com\/site\/wp-content\/uploads\/2021\/07\/DSC9985-scaled.jpg","contentUrl":"https:\/\/ubanews.com\/site\/wp-content\/uploads\/2021\/07\/DSC9985-scaled.jpg","width":2560,"height":1251},{"@type":"BreadcrumbList","@id":"https:\/\/ubanews.com\/site\/2021\/07\/05\/prefeitura-promove-evento-de-forma-remota-para-comemorar-o-aniversario-da-cidade\/#breadcrumb","itemListElement":[{"@type":"ListItem","position":1,"name":"Home","item":"https:\/\/ubanews.com\/site\/"},{"@type":"ListItem","position":2,"name":"PREFEITURA PROMOVE EVENTO DE FORMA REMOTA PARA COMEMORAR O ANIVERS\u00c1RIO DA CIDADE"}]},{"@type":"WebSite","@id":"https:\/\/ubanews.com\/site\/#website","url":"https:\/\/ubanews.com\/site\/","name":"Ub\u00e1 News","description":"","publisher":{"@id":"https:\/\/ubanews.com\/site\/#organization"},"potentialAction":[{"@type":"SearchAction","target":{"@type":"EntryPoint","urlTemplate":"https:\/\/ubanews.com\/site\/?s={search_term_string}"},"query-input":{"@type":"PropertyValueSpecification","valueRequired":true,"valueName":"search_term_string"}}],"inLanguage":"pt-BR"},{"@type":"Organization","@id":"https:\/\/ubanews.com\/site\/#organization","name":"Ub\u00e1 News","url":"https:\/\/ubanews.com\/site\/","logo":{"@type":"ImageObject","inLanguage":"pt-BR","@id":"https:\/\/ubanews.com\/site\/#\/schema\/logo\/image\/","url":"https:\/\/ubanews.com\/site\/wp-content\/uploads\/2018\/01\/logoubanews.png","contentUrl":"https:\/\/ubanews.com\/site\/wp-content\/uploads\/2018\/01\/logoubanews.png","width":261,"height":99,"caption":"Ub\u00e1 News"},"image":{"@id":"https:\/\/ubanews.com\/site\/#\/schema\/logo\/image\/"},"sameAs":["https:\/\/www.facebook.com\/Ub\u00e1News-Carlos-Roberto-Sodr\u00e9-418778301977370"]},{"@type":"Person","@id":"https:\/\/ubanews.com\/site\/#\/schema\/person\/d90c9e47252fbb63dcc969fe4c8b9d10","name":"Sodr\u00e9","image":{"@type":"ImageObject","inLanguage":"pt-BR","@id":"https:\/\/secure.gravatar.com\/avatar\/5ba2793f0590b9dbfad3fdec4ee714485b3eef211c9b32ee53d414060454a56c?s=96&d=mm&r=g","url":"https:\/\/secure.gravatar.com\/avatar\/5ba2793f0590b9dbfad3fdec4ee714485b3eef211c9b32ee53d414060454a56c?s=96&d=mm&r=g","contentUrl":"https:\/\/secure.gravatar.com\/avatar\/5ba2793f0590b9dbfad3fdec4ee714485b3eef211c9b32ee53d414060454a56c?s=96&d=mm&r=g","caption":"Sodr\u00e9"},"sameAs":["https:\/\/www.facebook.com\/carosroberto.sodre.5\/"],"url":"https:\/\/ubanews.com\/site\/author\/felipe\/"}]}},"_links":{"self":[{"href":"https:\/\/ubanews.com\/site\/wp-json\/wp\/v2\/posts\/20083","targetHints":{"allow":["GET"]}}],"collection":[{"href":"https:\/\/ubanews.com\/site\/wp-json\/wp\/v2\/posts"}],"about":[{"href":"https:\/\/ubanews.com\/site\/wp-json\/wp\/v2\/types\/post"}],"author":[{"embeddable":true,"href":"https:\/\/ubanews.com\/site\/wp-json\/wp\/v2\/users\/2"}],"replies":[{"embeddable":true,"href":"https:\/\/ubanews.com\/site\/wp-json\/wp\/v2\/comments?post=20083"}],"version-history":[{"count":0,"href":"https:\/\/ubanews.com\/site\/wp-json\/wp\/v2\/posts\/20083\/revisions"}],"wp:featuredmedia":[{"embeddable":true,"href":"https:\/\/ubanews.com\/site\/wp-json\/wp\/v2\/media\/20086"}],"wp:attachment":[{"href":"https:\/\/ubanews.com\/site\/wp-json\/wp\/v2\/media?parent=20083"}],"wp:term":[{"taxonomy":"category","embeddable":true,"href":"https:\/\/ubanews.com\/site\/wp-json\/wp\/v2\/categories?post=20083"},{"taxonomy":"post_tag","embeddable":true,"href":"https:\/\/ubanews.com\/site\/wp-json\/wp\/v2\/tags?post=20083"}],"curies":[{"name":"wp","href":"https:\/\/api.w.org\/{rel}","templated":true}]}}