{"id":20063,"date":"2021-07-02T15:46:07","date_gmt":"2021-07-02T18:46:07","guid":{"rendered":"http:\/\/ubanews.com\/site\/?p=20063"},"modified":"2021-07-02T15:46:07","modified_gmt":"2021-07-02T18:46:07","slug":"policia-militar-prende-autor-por-roubo-e-recupera-celulares-das-vitimas","status":"publish","type":"post","link":"https:\/\/ubanews.com\/site\/2021\/07\/02\/policia-militar-prende-autor-por-roubo-e-recupera-celulares-das-vitimas\/","title":{"rendered":"POL\u00cdCIA MILITAR PRENDE AUTOR POR ROUBO E RECUPERA CELULARES DAS V\u00cdTIMAS"},"content":{"rendered":"<p>No dia 30 de junho, por volta de 23h, a Pol\u00edcia Militar foi acionada na Avenida Hermes Bigonha, bairro Louri\u00e7al, onde, em contato com duas v\u00edtimas, estas relataram que &nbsp;estavam em um bar, quando um indiv\u00edduo se aproximou, simulando estar armado, com a m\u00e3o por debaixo da gandola camuflada que trajava, e ordenou que lhe entregassem os aparelhos celulares, que estavam sobre a mesa, em seguida evadiu do local.<\/p>\n<div id=\"metaslider-id-17652\" style=\"max-width: 1000px;\" class=\"ml-slider-3-106-0 metaslider metaslider-nivo metaslider-17652 ml-slider ms-theme-outline\" role=\"region\" aria-label=\"Texto\" data-height=\"200\" data-width=\"1000\">\n    <div id=\"metaslider_container_17652\">\n        <div class='slider-wrapper theme-default'><div class='ribbon'><\/div><div id='metaslider_17652' class='nivoSlider'><\/div><\/div>\n        \n    <\/div>\n<\/div>\n<p>De posse de tais informa\u00e7\u00f5es, as Guarni\u00e7\u00f5es PM do turno iniciaram rastreamento, logrando-se \u00eaxito em localiz\u00e1-lo e abord\u00e1-lo, sendo que este confessou o roubo, estando ainda de posse dos dois aparelhos celulares das v\u00edtimas e de um terceiro aparelho, de proced\u00eancia n\u00e3o declarada.<\/p>\n<p>O autor, um homem de 19 anos foi preso e conduzido para a Delegacia de Pol\u00edcia, bem como os dois celulares recuperados, para posterior devolu\u00e7\u00e3o \u00e0s v\u00edtimas, sendo o terceiro celular apreendido, ficando \u00e0 disposi\u00e7\u00e3o da Autoridade Policial.<\/p>\n<p><strong>ASSESSORIA DE COMUNICA\u00c7\u00c3O ORGANIZACIONAL<\/strong><br \/>\n<strong>Vig\u00e9simo Primeiro Batalh\u00e3o de Pol\u00edcia Militar<\/strong><\/p>\n<div style=\"width: 840px;\" class=\"wp-video\"><video class=\"wp-video-shortcode\" id=\"video-20063-1\" width=\"840\" height=\"473\" autoplay preload=\"auto\" controls=\"controls\"><source type=\"video\/mp4\" src=\"https:\/\/ubanews.com\/site\/wp-content\/uploads\/2020\/12\/01020002.00_00_53_25.mp4?_=1\" \/><a href=\"https:\/\/ubanews.com\/site\/wp-content\/uploads\/2020\/12\/01020002.00_00_53_25.mp4\">https:\/\/ubanews.com\/site\/wp-content\/uploads\/2020\/12\/01020002.00_00_53_25.mp4<\/a><\/video><\/div>\n","protected":false},"excerpt":{"rendered":"<p>No dia 30 de junho, por volta de 23h, a<\/p>\n","protected":false},"author":2,"featured_media":20064,"comment_status":"open","ping_status":"open","sticky":false,"template":"","format":"standard","meta":{"footnotes":""},"categories":[13],"tags":[],"class_list":["post-20063","post","type-post","status-publish","format-standard","has-post-thumbnail","hentry","category-sintese-das-ocorrencias"],"yoast_head":"<!-- This site is optimized with the Yoast SEO plugin v27.2 - https:\/\/yoast.com\/product\/yoast-seo-wordpress\/ -->\n<title>POL\u00cdCIA MILITAR PRENDE AUTOR POR ROUBO E RECUPERA CELULARES DAS V\u00cdTIMAS - Ub\u00e1 News<\/title>\n<meta name=\"robots\" content=\"index, follow, max-snippet:-1, max-image-preview:large, max-video-preview:-1\" \/>\n<link rel=\"canonical\" href=\"https:\/\/ubanews.com\/site\/2021\/07\/02\/policia-militar-prende-autor-por-roubo-e-recupera-celulares-das-vitimas\/\" \/>\n<meta property=\"og:locale\" content=\"pt_BR\" \/>\n<meta property=\"og:type\" content=\"article\" \/>\n<meta property=\"og:title\" content=\"POL\u00cdCIA MILITAR PRENDE AUTOR POR ROUBO E RECUPERA CELULARES DAS V\u00cdTIMAS - Ub\u00e1 News\" \/>\n<meta property=\"og:description\" content=\"No dia 30 de junho, por volta de 23h, a\" \/>\n<meta property=\"og:url\" content=\"https:\/\/ubanews.com\/site\/2021\/07\/02\/policia-militar-prende-autor-por-roubo-e-recupera-celulares-das-vitimas\/\" \/>\n<meta property=\"og:site_name\" content=\"Ub\u00e1 News\" \/>\n<meta property=\"article:publisher\" content=\"https:\/\/www.facebook.com\/Ub%c3%a1News-Carlos-Roberto-Sodr%c3%a9-418778301977370\" \/>\n<meta property=\"article:author\" content=\"https:\/\/www.facebook.com\/carosroberto.sodre.5\/\" \/>\n<meta property=\"article:published_time\" content=\"2021-07-02T18:46:07+00:00\" \/>\n<meta property=\"og:image\" content=\"https:\/\/ubanews.com\/site\/wp-content\/uploads\/2021\/07\/677.jpg\" \/>\n\t<meta property=\"og:image:width\" content=\"992\" \/>\n\t<meta property=\"og:image:height\" content=\"482\" \/>\n\t<meta property=\"og:image:type\" content=\"image\/jpeg\" \/>\n<meta name=\"author\" content=\"Sodr\u00e9\" \/>\n<meta name=\"twitter:card\" content=\"summary_large_image\" \/>\n<meta name=\"twitter:label1\" content=\"Escrito por\" \/>\n\t<meta name=\"twitter:data1\" content=\"Sodr\u00e9\" \/>\n\t<meta name=\"twitter:label2\" content=\"Est. tempo de leitura\" \/>\n\t<meta name=\"twitter:data2\" content=\"1 minuto\" \/>\n<script type=\"application\/ld+json\" class=\"yoast-schema-graph\">{\"@context\":\"https:\/\/schema.org\",\"@graph\":[{\"@type\":\"Article\",\"@id\":\"https:\/\/ubanews.com\/site\/2021\/07\/02\/policia-militar-prende-autor-por-roubo-e-recupera-celulares-das-vitimas\/#article\",\"isPartOf\":{\"@id\":\"https:\/\/ubanews.com\/site\/2021\/07\/02\/policia-militar-prende-autor-por-roubo-e-recupera-celulares-das-vitimas\/\"},\"author\":{\"name\":\"Sodr\u00e9\",\"@id\":\"https:\/\/ubanews.com\/site\/#\/schema\/person\/d90c9e47252fbb63dcc969fe4c8b9d10\"},\"headline\":\"POL\u00cdCIA MILITAR PRENDE AUTOR POR ROUBO E RECUPERA CELULARES DAS V\u00cdTIMAS\",\"datePublished\":\"2021-07-02T18:46:07+00:00\",\"mainEntityOfPage\":{\"@id\":\"https:\/\/ubanews.com\/site\/2021\/07\/02\/policia-militar-prende-autor-por-roubo-e-recupera-celulares-das-vitimas\/\"},\"wordCount\":209,\"commentCount\":0,\"publisher\":{\"@id\":\"https:\/\/ubanews.com\/site\/#organization\"},\"image\":{\"@id\":\"https:\/\/ubanews.com\/site\/2021\/07\/02\/policia-militar-prende-autor-por-roubo-e-recupera-celulares-das-vitimas\/#primaryimage\"},\"thumbnailUrl\":\"https:\/\/ubanews.com\/site\/wp-content\/uploads\/2021\/07\/677.jpg\",\"articleSection\":[\"S\u00edntese das Ocorr\u00eancias\"],\"inLanguage\":\"pt-BR\",\"potentialAction\":[{\"@type\":\"CommentAction\",\"name\":\"Comment\",\"target\":[\"https:\/\/ubanews.com\/site\/2021\/07\/02\/policia-militar-prende-autor-por-roubo-e-recupera-celulares-das-vitimas\/#respond\"]}]},{\"@type\":\"WebPage\",\"@id\":\"https:\/\/ubanews.com\/site\/2021\/07\/02\/policia-militar-prende-autor-por-roubo-e-recupera-celulares-das-vitimas\/\",\"url\":\"https:\/\/ubanews.com\/site\/2021\/07\/02\/policia-militar-prende-autor-por-roubo-e-recupera-celulares-das-vitimas\/\",\"name\":\"POL\u00cdCIA MILITAR PRENDE AUTOR POR ROUBO E RECUPERA CELULARES DAS V\u00cdTIMAS - Ub\u00e1 News\",\"isPartOf\":{\"@id\":\"https:\/\/ubanews.com\/site\/#website\"},\"primaryImageOfPage\":{\"@id\":\"https:\/\/ubanews.com\/site\/2021\/07\/02\/policia-militar-prende-autor-por-roubo-e-recupera-celulares-das-vitimas\/#primaryimage\"},\"image\":{\"@id\":\"https:\/\/ubanews.com\/site\/2021\/07\/02\/policia-militar-prende-autor-por-roubo-e-recupera-celulares-das-vitimas\/#primaryimage\"},\"thumbnailUrl\":\"https:\/\/ubanews.com\/site\/wp-content\/uploads\/2021\/07\/677.jpg\",\"datePublished\":\"2021-07-02T18:46:07+00:00\",\"breadcrumb\":{\"@id\":\"https:\/\/ubanews.com\/site\/2021\/07\/02\/policia-militar-prende-autor-por-roubo-e-recupera-celulares-das-vitimas\/#breadcrumb\"},\"inLanguage\":\"pt-BR\",\"potentialAction\":[{\"@type\":\"ReadAction\",\"target\":[\"https:\/\/ubanews.com\/site\/2021\/07\/02\/policia-militar-prende-autor-por-roubo-e-recupera-celulares-das-vitimas\/\"]}]},{\"@type\":\"ImageObject\",\"inLanguage\":\"pt-BR\",\"@id\":\"https:\/\/ubanews.com\/site\/2021\/07\/02\/policia-militar-prende-autor-por-roubo-e-recupera-celulares-das-vitimas\/#primaryimage\",\"url\":\"https:\/\/ubanews.com\/site\/wp-content\/uploads\/2021\/07\/677.jpg\",\"contentUrl\":\"https:\/\/ubanews.com\/site\/wp-content\/uploads\/2021\/07\/677.jpg\",\"width\":992,\"height\":482},{\"@type\":\"BreadcrumbList\",\"@id\":\"https:\/\/ubanews.com\/site\/2021\/07\/02\/policia-militar-prende-autor-por-roubo-e-recupera-celulares-das-vitimas\/#breadcrumb\",\"itemListElement\":[{\"@type\":\"ListItem\",\"position\":1,\"name\":\"Home\",\"item\":\"https:\/\/ubanews.com\/site\/\"},{\"@type\":\"ListItem\",\"position\":2,\"name\":\"POL\u00cdCIA MILITAR PRENDE AUTOR POR ROUBO E RECUPERA CELULARES DAS V\u00cdTIMAS\"}]},{\"@type\":\"WebSite\",\"@id\":\"https:\/\/ubanews.com\/site\/#website\",\"url\":\"https:\/\/ubanews.com\/site\/\",\"name\":\"Ub\u00e1 News\",\"description\":\"\",\"publisher\":{\"@id\":\"https:\/\/ubanews.com\/site\/#organization\"},\"potentialAction\":[{\"@type\":\"SearchAction\",\"target\":{\"@type\":\"EntryPoint\",\"urlTemplate\":\"https:\/\/ubanews.com\/site\/?s={search_term_string}\"},\"query-input\":{\"@type\":\"PropertyValueSpecification\",\"valueRequired\":true,\"valueName\":\"search_term_string\"}}],\"inLanguage\":\"pt-BR\"},{\"@type\":\"Organization\",\"@id\":\"https:\/\/ubanews.com\/site\/#organization\",\"name\":\"Ub\u00e1 News\",\"url\":\"https:\/\/ubanews.com\/site\/\",\"logo\":{\"@type\":\"ImageObject\",\"inLanguage\":\"pt-BR\",\"@id\":\"https:\/\/ubanews.com\/site\/#\/schema\/logo\/image\/\",\"url\":\"https:\/\/ubanews.com\/site\/wp-content\/uploads\/2018\/01\/logoubanews.png\",\"contentUrl\":\"https:\/\/ubanews.com\/site\/wp-content\/uploads\/2018\/01\/logoubanews.png\",\"width\":261,\"height\":99,\"caption\":\"Ub\u00e1 News\"},\"image\":{\"@id\":\"https:\/\/ubanews.com\/site\/#\/schema\/logo\/image\/\"},\"sameAs\":[\"https:\/\/www.facebook.com\/Ub\u00e1News-Carlos-Roberto-Sodr\u00e9-418778301977370\"]},{\"@type\":\"Person\",\"@id\":\"https:\/\/ubanews.com\/site\/#\/schema\/person\/d90c9e47252fbb63dcc969fe4c8b9d10\",\"name\":\"Sodr\u00e9\",\"image\":{\"@type\":\"ImageObject\",\"inLanguage\":\"pt-BR\",\"@id\":\"https:\/\/secure.gravatar.com\/avatar\/5ba2793f0590b9dbfad3fdec4ee714485b3eef211c9b32ee53d414060454a56c?s=96&d=mm&r=g\",\"url\":\"https:\/\/secure.gravatar.com\/avatar\/5ba2793f0590b9dbfad3fdec4ee714485b3eef211c9b32ee53d414060454a56c?s=96&d=mm&r=g\",\"contentUrl\":\"https:\/\/secure.gravatar.com\/avatar\/5ba2793f0590b9dbfad3fdec4ee714485b3eef211c9b32ee53d414060454a56c?s=96&d=mm&r=g\",\"caption\":\"Sodr\u00e9\"},\"sameAs\":[\"https:\/\/www.facebook.com\/carosroberto.sodre.5\/\"],\"url\":\"https:\/\/ubanews.com\/site\/author\/felipe\/\"}]}<\/script>\n<!-- \/ Yoast SEO plugin. -->","yoast_head_json":{"title":"POL\u00cdCIA MILITAR PRENDE AUTOR POR ROUBO E RECUPERA CELULARES DAS V\u00cdTIMAS - Ub\u00e1 News","robots":{"index":"index","follow":"follow","max-snippet":"max-snippet:-1","max-image-preview":"max-image-preview:large","max-video-preview":"max-video-preview:-1"},"canonical":"https:\/\/ubanews.com\/site\/2021\/07\/02\/policia-militar-prende-autor-por-roubo-e-recupera-celulares-das-vitimas\/","og_locale":"pt_BR","og_type":"article","og_title":"POL\u00cdCIA MILITAR PRENDE AUTOR POR ROUBO E RECUPERA CELULARES DAS V\u00cdTIMAS - Ub\u00e1 News","og_description":"No dia 30 de junho, por volta de 23h, a","og_url":"https:\/\/ubanews.com\/site\/2021\/07\/02\/policia-militar-prende-autor-por-roubo-e-recupera-celulares-das-vitimas\/","og_site_name":"Ub\u00e1 News","article_publisher":"https:\/\/www.facebook.com\/Ub%c3%a1News-Carlos-Roberto-Sodr%c3%a9-418778301977370","article_author":"https:\/\/www.facebook.com\/carosroberto.sodre.5\/","article_published_time":"2021-07-02T18:46:07+00:00","og_image":[{"width":992,"height":482,"url":"https:\/\/ubanews.com\/site\/wp-content\/uploads\/2021\/07\/677.jpg","type":"image\/jpeg"}],"author":"Sodr\u00e9","twitter_card":"summary_large_image","twitter_misc":{"Escrito por":"Sodr\u00e9","Est. tempo de leitura":"1 minuto"},"schema":{"@context":"https:\/\/schema.org","@graph":[{"@type":"Article","@id":"https:\/\/ubanews.com\/site\/2021\/07\/02\/policia-militar-prende-autor-por-roubo-e-recupera-celulares-das-vitimas\/#article","isPartOf":{"@id":"https:\/\/ubanews.com\/site\/2021\/07\/02\/policia-militar-prende-autor-por-roubo-e-recupera-celulares-das-vitimas\/"},"author":{"name":"Sodr\u00e9","@id":"https:\/\/ubanews.com\/site\/#\/schema\/person\/d90c9e47252fbb63dcc969fe4c8b9d10"},"headline":"POL\u00cdCIA MILITAR PRENDE AUTOR POR ROUBO E RECUPERA CELULARES DAS V\u00cdTIMAS","datePublished":"2021-07-02T18:46:07+00:00","mainEntityOfPage":{"@id":"https:\/\/ubanews.com\/site\/2021\/07\/02\/policia-militar-prende-autor-por-roubo-e-recupera-celulares-das-vitimas\/"},"wordCount":209,"commentCount":0,"publisher":{"@id":"https:\/\/ubanews.com\/site\/#organization"},"image":{"@id":"https:\/\/ubanews.com\/site\/2021\/07\/02\/policia-militar-prende-autor-por-roubo-e-recupera-celulares-das-vitimas\/#primaryimage"},"thumbnailUrl":"https:\/\/ubanews.com\/site\/wp-content\/uploads\/2021\/07\/677.jpg","articleSection":["S\u00edntese das Ocorr\u00eancias"],"inLanguage":"pt-BR","potentialAction":[{"@type":"CommentAction","name":"Comment","target":["https:\/\/ubanews.com\/site\/2021\/07\/02\/policia-militar-prende-autor-por-roubo-e-recupera-celulares-das-vitimas\/#respond"]}]},{"@type":"WebPage","@id":"https:\/\/ubanews.com\/site\/2021\/07\/02\/policia-militar-prende-autor-por-roubo-e-recupera-celulares-das-vitimas\/","url":"https:\/\/ubanews.com\/site\/2021\/07\/02\/policia-militar-prende-autor-por-roubo-e-recupera-celulares-das-vitimas\/","name":"POL\u00cdCIA MILITAR PRENDE AUTOR POR ROUBO E RECUPERA CELULARES DAS V\u00cdTIMAS - Ub\u00e1 News","isPartOf":{"@id":"https:\/\/ubanews.com\/site\/#website"},"primaryImageOfPage":{"@id":"https:\/\/ubanews.com\/site\/2021\/07\/02\/policia-militar-prende-autor-por-roubo-e-recupera-celulares-das-vitimas\/#primaryimage"},"image":{"@id":"https:\/\/ubanews.com\/site\/2021\/07\/02\/policia-militar-prende-autor-por-roubo-e-recupera-celulares-das-vitimas\/#primaryimage"},"thumbnailUrl":"https:\/\/ubanews.com\/site\/wp-content\/uploads\/2021\/07\/677.jpg","datePublished":"2021-07-02T18:46:07+00:00","breadcrumb":{"@id":"https:\/\/ubanews.com\/site\/2021\/07\/02\/policia-militar-prende-autor-por-roubo-e-recupera-celulares-das-vitimas\/#breadcrumb"},"inLanguage":"pt-BR","potentialAction":[{"@type":"ReadAction","target":["https:\/\/ubanews.com\/site\/2021\/07\/02\/policia-militar-prende-autor-por-roubo-e-recupera-celulares-das-vitimas\/"]}]},{"@type":"ImageObject","inLanguage":"pt-BR","@id":"https:\/\/ubanews.com\/site\/2021\/07\/02\/policia-militar-prende-autor-por-roubo-e-recupera-celulares-das-vitimas\/#primaryimage","url":"https:\/\/ubanews.com\/site\/wp-content\/uploads\/2021\/07\/677.jpg","contentUrl":"https:\/\/ubanews.com\/site\/wp-content\/uploads\/2021\/07\/677.jpg","width":992,"height":482},{"@type":"BreadcrumbList","@id":"https:\/\/ubanews.com\/site\/2021\/07\/02\/policia-militar-prende-autor-por-roubo-e-recupera-celulares-das-vitimas\/#breadcrumb","itemListElement":[{"@type":"ListItem","position":1,"name":"Home","item":"https:\/\/ubanews.com\/site\/"},{"@type":"ListItem","position":2,"name":"POL\u00cdCIA MILITAR PRENDE AUTOR POR ROUBO E RECUPERA CELULARES DAS V\u00cdTIMAS"}]},{"@type":"WebSite","@id":"https:\/\/ubanews.com\/site\/#website","url":"https:\/\/ubanews.com\/site\/","name":"Ub\u00e1 News","description":"","publisher":{"@id":"https:\/\/ubanews.com\/site\/#organization"},"potentialAction":[{"@type":"SearchAction","target":{"@type":"EntryPoint","urlTemplate":"https:\/\/ubanews.com\/site\/?s={search_term_string}"},"query-input":{"@type":"PropertyValueSpecification","valueRequired":true,"valueName":"search_term_string"}}],"inLanguage":"pt-BR"},{"@type":"Organization","@id":"https:\/\/ubanews.com\/site\/#organization","name":"Ub\u00e1 News","url":"https:\/\/ubanews.com\/site\/","logo":{"@type":"ImageObject","inLanguage":"pt-BR","@id":"https:\/\/ubanews.com\/site\/#\/schema\/logo\/image\/","url":"https:\/\/ubanews.com\/site\/wp-content\/uploads\/2018\/01\/logoubanews.png","contentUrl":"https:\/\/ubanews.com\/site\/wp-content\/uploads\/2018\/01\/logoubanews.png","width":261,"height":99,"caption":"Ub\u00e1 News"},"image":{"@id":"https:\/\/ubanews.com\/site\/#\/schema\/logo\/image\/"},"sameAs":["https:\/\/www.facebook.com\/Ub\u00e1News-Carlos-Roberto-Sodr\u00e9-418778301977370"]},{"@type":"Person","@id":"https:\/\/ubanews.com\/site\/#\/schema\/person\/d90c9e47252fbb63dcc969fe4c8b9d10","name":"Sodr\u00e9","image":{"@type":"ImageObject","inLanguage":"pt-BR","@id":"https:\/\/secure.gravatar.com\/avatar\/5ba2793f0590b9dbfad3fdec4ee714485b3eef211c9b32ee53d414060454a56c?s=96&d=mm&r=g","url":"https:\/\/secure.gravatar.com\/avatar\/5ba2793f0590b9dbfad3fdec4ee714485b3eef211c9b32ee53d414060454a56c?s=96&d=mm&r=g","contentUrl":"https:\/\/secure.gravatar.com\/avatar\/5ba2793f0590b9dbfad3fdec4ee714485b3eef211c9b32ee53d414060454a56c?s=96&d=mm&r=g","caption":"Sodr\u00e9"},"sameAs":["https:\/\/www.facebook.com\/carosroberto.sodre.5\/"],"url":"https:\/\/ubanews.com\/site\/author\/felipe\/"}]}},"_links":{"self":[{"href":"https:\/\/ubanews.com\/site\/wp-json\/wp\/v2\/posts\/20063","targetHints":{"allow":["GET"]}}],"collection":[{"href":"https:\/\/ubanews.com\/site\/wp-json\/wp\/v2\/posts"}],"about":[{"href":"https:\/\/ubanews.com\/site\/wp-json\/wp\/v2\/types\/post"}],"author":[{"embeddable":true,"href":"https:\/\/ubanews.com\/site\/wp-json\/wp\/v2\/users\/2"}],"replies":[{"embeddable":true,"href":"https:\/\/ubanews.com\/site\/wp-json\/wp\/v2\/comments?post=20063"}],"version-history":[{"count":0,"href":"https:\/\/ubanews.com\/site\/wp-json\/wp\/v2\/posts\/20063\/revisions"}],"wp:featuredmedia":[{"embeddable":true,"href":"https:\/\/ubanews.com\/site\/wp-json\/wp\/v2\/media\/20064"}],"wp:attachment":[{"href":"https:\/\/ubanews.com\/site\/wp-json\/wp\/v2\/media?parent=20063"}],"wp:term":[{"taxonomy":"category","embeddable":true,"href":"https:\/\/ubanews.com\/site\/wp-json\/wp\/v2\/categories?post=20063"},{"taxonomy":"post_tag","embeddable":true,"href":"https:\/\/ubanews.com\/site\/wp-json\/wp\/v2\/tags?post=20063"}],"curies":[{"name":"wp","href":"https:\/\/api.w.org\/{rel}","templated":true}]}}