{"id":20060,"date":"2021-07-02T15:44:05","date_gmt":"2021-07-02T18:44:05","guid":{"rendered":"http:\/\/ubanews.com\/site\/?p=20060"},"modified":"2021-07-02T15:44:05","modified_gmt":"2021-07-02T18:44:05","slug":"prefeitura-ira-construir-nova-escola-no-bairro-palmeiras","status":"publish","type":"post","link":"https:\/\/ubanews.com\/site\/2021\/07\/02\/prefeitura-ira-construir-nova-escola-no-bairro-palmeiras\/","title":{"rendered":"Prefeitura ir\u00e1 construir nova escola no bairro Palmeiras"},"content":{"rendered":"<p style=\"font-weight: 400;\"><em>Termo de Refer\u00eancia<\/em><em>&nbsp;para elabora\u00e7\u00e3o de projeto de constru\u00e7\u00e3o de sede pr\u00f3pria da Escola Municipal Nair de Ara\u00fajo j\u00e1 foi assinado<\/em><\/p>\n<p style=\"font-weight: 400;\">Visando garantir e ampliar o acesso de crian\u00e7as \u00e0 rede de Educa\u00e7\u00e3o Infantil,&nbsp;bem como a ambi\u00eancia e as condi\u00e7\u00f5es de trabalho para os profissionais de educa\u00e7\u00e3o,&nbsp;a Prefeitura de Ub\u00e1, atrav\u00e9s da Secretaria de Educa\u00e7\u00e3o,&nbsp;assinou o Termo de Refer\u00eancia&nbsp;para elabora\u00e7\u00e3o de projeto completo para constru\u00e7\u00e3o, com recursos municipais, de sede pr\u00f3pria da Escola Municipal Nair de Ara\u00fajo.<\/p>\n<p style=\"font-weight: 400;\">A ser constru\u00edda em terreno do munic\u00edpio, situado na rua Francisco Teixeira de Abreu, no bairro Palmeiras (em frente a entrada do bairro S\u00e3o Judas Tadeu), a nova sede ir\u00e1 ampliar o atendimento da escola para 130 vagas de&nbsp;educa\u00e7\u00e3o infantil&nbsp;&#8211; creche e pr\u00e9-escola&nbsp;(crian\u00e7as com idade de 6 meses a 5 anos e 11 meses). Atualmente, na estrutura alugada em que funciona, apenas 32 alunos s\u00e3o acolhidos pela escola.<\/p>\n<div id=\"metaslider-id-17652\" style=\"max-width: 1000px;\" class=\"ml-slider-3-106-0 metaslider metaslider-nivo metaslider-17652 ml-slider ms-theme-outline\" role=\"region\" aria-label=\"Texto\" data-height=\"200\" data-width=\"1000\">\n    <div id=\"metaslider_container_17652\">\n        <div class='slider-wrapper theme-default'><div class='ribbon'><\/div><div id='metaslider_17652' class='nivoSlider'><\/div><\/div>\n        \n    <\/div>\n<\/div>\n<p style=\"font-weight: 400;\">O projeto completo (arquitet\u00f4nico, el\u00e9trico e estrutural) da nova unidade escolar busca priorizar a modernidade e atualidade das instala\u00e7\u00f5es, concep\u00e7\u00f5es e&nbsp;solu\u00e7\u00f5es,&nbsp;gerando projetos totalmente integrados em arquitetura, engenharia e constru\u00e7\u00e3o, unindo o&nbsp;que \u00e9&nbsp;eficaz, econ\u00f4mico, harmonioso, resistente, e que produzir\u00e1 menor manuten\u00e7\u00e3o.<\/p>\n<p style=\"font-weight: 400;\">Segundo o secret\u00e1rio de Educa\u00e7\u00e3o Samuel Gazolla Lima, o investimento cont\u00ednuo em educa\u00e7\u00e3o \u00e9 um compromisso da administra\u00e7\u00e3o do prefeito Edson Teixeira Filho. \u201cAmpliar a oferta de vagas na rede municipal de educa\u00e7\u00e3o, incluindo as creches, \u00e9 uma das prioridades definidas pelo Plano de Governo de prefeito Edson. Com a constru\u00e7\u00e3o desta nova unidade na regi\u00e3o do bairro Palmeiras, os alunos ter\u00e3o um espa\u00e7o de qualidade para desenvolver as atividades pedag\u00f3gicas com muito mais conforto. Al\u00e9m da economia que ser\u00e1 gerada ao munic\u00edpio, que deixar\u00e1 de custear o aluguel onde hoje funciona a escola\u201d.<\/p>\n<p style=\"font-weight: 400;\">O novo pr\u00e9dio dever\u00e1 abranger, no m\u00ednimo, seis salas de aula, secretaria, sala de professores\/reuni\u00f5es, almoxarifado, sanit\u00e1rios acess\u00edveis adultos (masculino e feminino), lact\u00e1rio, amamenta\u00e7\u00e3o, sanit\u00e1rio acess\u00edvel infantil, lavanderia, dep\u00f3sito de material de limpeza, vesti\u00e1rios masculino e feminino, refeit\u00f3rio, cozinha industrial, sanit\u00e1rios infantis, salas de aula\/atividades separadas por faixas de idades, sala multiuso, p\u00e1tio coberto e playground.<\/p>\n<p><a href=\"https:\/\/ubanews.com\/site\/wp-content\/uploads\/2021\/07\/Uba-164-anos-Construcao-de-nova-Escola-Palmeiras-scaled.jpg\"><img decoding=\"async\" class=\"aligncenter size-full wp-image-20061 lazyload\" data-src=\"https:\/\/ubanews.com\/site\/wp-content\/uploads\/2021\/07\/Uba-164-anos-Construcao-de-nova-Escola-Palmeiras-scaled.jpg\" alt=\"\" width=\"2548\" height=\"2560\" data-srcset=\"https:\/\/ubanews.com\/site\/wp-content\/uploads\/2021\/07\/Uba-164-anos-Construcao-de-nova-Escola-Palmeiras-scaled.jpg 2548w, https:\/\/ubanews.com\/site\/wp-content\/uploads\/2021\/07\/Uba-164-anos-Construcao-de-nova-Escola-Palmeiras-300x300.jpg 300w, https:\/\/ubanews.com\/site\/wp-content\/uploads\/2021\/07\/Uba-164-anos-Construcao-de-nova-Escola-Palmeiras-1019x1024.jpg 1019w, https:\/\/ubanews.com\/site\/wp-content\/uploads\/2021\/07\/Uba-164-anos-Construcao-de-nova-Escola-Palmeiras-150x150.jpg 150w, https:\/\/ubanews.com\/site\/wp-content\/uploads\/2021\/07\/Uba-164-anos-Construcao-de-nova-Escola-Palmeiras-768x772.jpg 768w, https:\/\/ubanews.com\/site\/wp-content\/uploads\/2021\/07\/Uba-164-anos-Construcao-de-nova-Escola-Palmeiras-1529x1536.jpg 1529w, https:\/\/ubanews.com\/site\/wp-content\/uploads\/2021\/07\/Uba-164-anos-Construcao-de-nova-Escola-Palmeiras-2039x2048.jpg 2039w\" data-sizes=\"(max-width: 2548px) 100vw, 2548px\" src=\"data:image\/svg+xml;base64,PHN2ZyB3aWR0aD0iMSIgaGVpZ2h0PSIxIiB4bWxucz0iaHR0cDovL3d3dy53My5vcmcvMjAwMC9zdmciPjwvc3ZnPg==\" style=\"--smush-placeholder-width: 2548px; --smush-placeholder-aspect-ratio: 2548\/2560;\" \/><\/a><\/p>\n<div dir=\"auto\"><strong>Assessoria de Comunica\u00e7\u00e3o Prefeitura de Ub\u00e1<\/strong><\/div>\n<div dir=\"auto\">&nbsp;<\/div>\n<div dir=\"auto\">\n<div style=\"width: 840px;\" class=\"wp-video\"><video class=\"wp-video-shortcode\" id=\"video-20060-1\" width=\"840\" height=\"473\" autoplay preload=\"auto\" controls=\"controls\"><source type=\"video\/mp4\" src=\"https:\/\/ubanews.com\/site\/wp-content\/uploads\/2020\/12\/01020002.00_00_53_25.mp4?_=1\" \/><a href=\"https:\/\/ubanews.com\/site\/wp-content\/uploads\/2020\/12\/01020002.00_00_53_25.mp4\">https:\/\/ubanews.com\/site\/wp-content\/uploads\/2020\/12\/01020002.00_00_53_25.mp4<\/a><\/video><\/div>\n<\/div>\n","protected":false},"excerpt":{"rendered":"<p>Termo de Refer\u00eancia&nbsp;para elabora\u00e7\u00e3o de projeto de constru\u00e7\u00e3o de sede<\/p>\n","protected":false},"author":2,"featured_media":20062,"comment_status":"open","ping_status":"open","sticky":false,"template":"","format":"standard","meta":{"footnotes":""},"categories":[15],"tags":[],"class_list":["post-20060","post","type-post","status-publish","format-standard","has-post-thumbnail","hentry","category-prefeitura-municipal"],"yoast_head":"<!-- This site is optimized with the Yoast SEO plugin v27.2 - https:\/\/yoast.com\/product\/yoast-seo-wordpress\/ -->\n<title>Prefeitura ir\u00e1 construir nova escola no bairro Palmeiras - Ub\u00e1 News<\/title>\n<meta name=\"robots\" content=\"index, follow, max-snippet:-1, max-image-preview:large, max-video-preview:-1\" \/>\n<link rel=\"canonical\" href=\"https:\/\/ubanews.com\/site\/2021\/07\/02\/prefeitura-ira-construir-nova-escola-no-bairro-palmeiras\/\" \/>\n<meta property=\"og:locale\" content=\"pt_BR\" \/>\n<meta property=\"og:type\" content=\"article\" \/>\n<meta property=\"og:title\" content=\"Prefeitura ir\u00e1 construir nova escola no bairro Palmeiras - Ub\u00e1 News\" \/>\n<meta property=\"og:description\" content=\"Termo de Refer\u00eancia&nbsp;para elabora\u00e7\u00e3o de projeto de constru\u00e7\u00e3o de sede\" \/>\n<meta property=\"og:url\" content=\"https:\/\/ubanews.com\/site\/2021\/07\/02\/prefeitura-ira-construir-nova-escola-no-bairro-palmeiras\/\" \/>\n<meta property=\"og:site_name\" content=\"Ub\u00e1 News\" \/>\n<meta property=\"article:publisher\" content=\"https:\/\/www.facebook.com\/Ub%c3%a1News-Carlos-Roberto-Sodr%c3%a9-418778301977370\" \/>\n<meta property=\"article:author\" content=\"https:\/\/www.facebook.com\/carosroberto.sodre.5\/\" \/>\n<meta property=\"article:published_time\" content=\"2021-07-02T18:44:05+00:00\" \/>\n<meta property=\"og:image\" content=\"https:\/\/ubanews.com\/site\/wp-content\/uploads\/2021\/07\/Uba-164-anos-1.jpg\" \/>\n\t<meta property=\"og:image:width\" content=\"992\" \/>\n\t<meta property=\"og:image:height\" content=\"482\" \/>\n\t<meta property=\"og:image:type\" content=\"image\/jpeg\" \/>\n<meta name=\"author\" content=\"Sodr\u00e9\" \/>\n<meta name=\"twitter:card\" content=\"summary_large_image\" \/>\n<meta name=\"twitter:label1\" content=\"Escrito por\" \/>\n\t<meta name=\"twitter:data1\" content=\"Sodr\u00e9\" \/>\n\t<meta name=\"twitter:label2\" content=\"Est. tempo de leitura\" \/>\n\t<meta name=\"twitter:data2\" content=\"2 minutos\" \/>\n<script type=\"application\/ld+json\" class=\"yoast-schema-graph\">{\"@context\":\"https:\/\/schema.org\",\"@graph\":[{\"@type\":\"Article\",\"@id\":\"https:\/\/ubanews.com\/site\/2021\/07\/02\/prefeitura-ira-construir-nova-escola-no-bairro-palmeiras\/#article\",\"isPartOf\":{\"@id\":\"https:\/\/ubanews.com\/site\/2021\/07\/02\/prefeitura-ira-construir-nova-escola-no-bairro-palmeiras\/\"},\"author\":{\"name\":\"Sodr\u00e9\",\"@id\":\"https:\/\/ubanews.com\/site\/#\/schema\/person\/d90c9e47252fbb63dcc969fe4c8b9d10\"},\"headline\":\"Prefeitura ir\u00e1 construir nova escola no bairro Palmeiras\",\"datePublished\":\"2021-07-02T18:44:05+00:00\",\"mainEntityOfPage\":{\"@id\":\"https:\/\/ubanews.com\/site\/2021\/07\/02\/prefeitura-ira-construir-nova-escola-no-bairro-palmeiras\/\"},\"wordCount\":444,\"commentCount\":0,\"publisher\":{\"@id\":\"https:\/\/ubanews.com\/site\/#organization\"},\"image\":{\"@id\":\"https:\/\/ubanews.com\/site\/2021\/07\/02\/prefeitura-ira-construir-nova-escola-no-bairro-palmeiras\/#primaryimage\"},\"thumbnailUrl\":\"https:\/\/ubanews.com\/site\/wp-content\/uploads\/2021\/07\/Uba-164-anos-1.jpg\",\"articleSection\":[\"Prefeitura Municipal\"],\"inLanguage\":\"pt-BR\",\"potentialAction\":[{\"@type\":\"CommentAction\",\"name\":\"Comment\",\"target\":[\"https:\/\/ubanews.com\/site\/2021\/07\/02\/prefeitura-ira-construir-nova-escola-no-bairro-palmeiras\/#respond\"]}]},{\"@type\":\"WebPage\",\"@id\":\"https:\/\/ubanews.com\/site\/2021\/07\/02\/prefeitura-ira-construir-nova-escola-no-bairro-palmeiras\/\",\"url\":\"https:\/\/ubanews.com\/site\/2021\/07\/02\/prefeitura-ira-construir-nova-escola-no-bairro-palmeiras\/\",\"name\":\"Prefeitura ir\u00e1 construir nova escola no bairro Palmeiras - Ub\u00e1 News\",\"isPartOf\":{\"@id\":\"https:\/\/ubanews.com\/site\/#website\"},\"primaryImageOfPage\":{\"@id\":\"https:\/\/ubanews.com\/site\/2021\/07\/02\/prefeitura-ira-construir-nova-escola-no-bairro-palmeiras\/#primaryimage\"},\"image\":{\"@id\":\"https:\/\/ubanews.com\/site\/2021\/07\/02\/prefeitura-ira-construir-nova-escola-no-bairro-palmeiras\/#primaryimage\"},\"thumbnailUrl\":\"https:\/\/ubanews.com\/site\/wp-content\/uploads\/2021\/07\/Uba-164-anos-1.jpg\",\"datePublished\":\"2021-07-02T18:44:05+00:00\",\"breadcrumb\":{\"@id\":\"https:\/\/ubanews.com\/site\/2021\/07\/02\/prefeitura-ira-construir-nova-escola-no-bairro-palmeiras\/#breadcrumb\"},\"inLanguage\":\"pt-BR\",\"potentialAction\":[{\"@type\":\"ReadAction\",\"target\":[\"https:\/\/ubanews.com\/site\/2021\/07\/02\/prefeitura-ira-construir-nova-escola-no-bairro-palmeiras\/\"]}]},{\"@type\":\"ImageObject\",\"inLanguage\":\"pt-BR\",\"@id\":\"https:\/\/ubanews.com\/site\/2021\/07\/02\/prefeitura-ira-construir-nova-escola-no-bairro-palmeiras\/#primaryimage\",\"url\":\"https:\/\/ubanews.com\/site\/wp-content\/uploads\/2021\/07\/Uba-164-anos-1.jpg\",\"contentUrl\":\"https:\/\/ubanews.com\/site\/wp-content\/uploads\/2021\/07\/Uba-164-anos-1.jpg\",\"width\":992,\"height\":482},{\"@type\":\"BreadcrumbList\",\"@id\":\"https:\/\/ubanews.com\/site\/2021\/07\/02\/prefeitura-ira-construir-nova-escola-no-bairro-palmeiras\/#breadcrumb\",\"itemListElement\":[{\"@type\":\"ListItem\",\"position\":1,\"name\":\"Home\",\"item\":\"https:\/\/ubanews.com\/site\/\"},{\"@type\":\"ListItem\",\"position\":2,\"name\":\"Prefeitura ir\u00e1 construir nova escola no bairro Palmeiras\"}]},{\"@type\":\"WebSite\",\"@id\":\"https:\/\/ubanews.com\/site\/#website\",\"url\":\"https:\/\/ubanews.com\/site\/\",\"name\":\"Ub\u00e1 News\",\"description\":\"\",\"publisher\":{\"@id\":\"https:\/\/ubanews.com\/site\/#organization\"},\"potentialAction\":[{\"@type\":\"SearchAction\",\"target\":{\"@type\":\"EntryPoint\",\"urlTemplate\":\"https:\/\/ubanews.com\/site\/?s={search_term_string}\"},\"query-input\":{\"@type\":\"PropertyValueSpecification\",\"valueRequired\":true,\"valueName\":\"search_term_string\"}}],\"inLanguage\":\"pt-BR\"},{\"@type\":\"Organization\",\"@id\":\"https:\/\/ubanews.com\/site\/#organization\",\"name\":\"Ub\u00e1 News\",\"url\":\"https:\/\/ubanews.com\/site\/\",\"logo\":{\"@type\":\"ImageObject\",\"inLanguage\":\"pt-BR\",\"@id\":\"https:\/\/ubanews.com\/site\/#\/schema\/logo\/image\/\",\"url\":\"https:\/\/ubanews.com\/site\/wp-content\/uploads\/2018\/01\/logoubanews.png\",\"contentUrl\":\"https:\/\/ubanews.com\/site\/wp-content\/uploads\/2018\/01\/logoubanews.png\",\"width\":261,\"height\":99,\"caption\":\"Ub\u00e1 News\"},\"image\":{\"@id\":\"https:\/\/ubanews.com\/site\/#\/schema\/logo\/image\/\"},\"sameAs\":[\"https:\/\/www.facebook.com\/Ub\u00e1News-Carlos-Roberto-Sodr\u00e9-418778301977370\"]},{\"@type\":\"Person\",\"@id\":\"https:\/\/ubanews.com\/site\/#\/schema\/person\/d90c9e47252fbb63dcc969fe4c8b9d10\",\"name\":\"Sodr\u00e9\",\"image\":{\"@type\":\"ImageObject\",\"inLanguage\":\"pt-BR\",\"@id\":\"https:\/\/secure.gravatar.com\/avatar\/5ba2793f0590b9dbfad3fdec4ee714485b3eef211c9b32ee53d414060454a56c?s=96&d=mm&r=g\",\"url\":\"https:\/\/secure.gravatar.com\/avatar\/5ba2793f0590b9dbfad3fdec4ee714485b3eef211c9b32ee53d414060454a56c?s=96&d=mm&r=g\",\"contentUrl\":\"https:\/\/secure.gravatar.com\/avatar\/5ba2793f0590b9dbfad3fdec4ee714485b3eef211c9b32ee53d414060454a56c?s=96&d=mm&r=g\",\"caption\":\"Sodr\u00e9\"},\"sameAs\":[\"https:\/\/www.facebook.com\/carosroberto.sodre.5\/\"],\"url\":\"https:\/\/ubanews.com\/site\/author\/felipe\/\"}]}<\/script>\n<!-- \/ Yoast SEO plugin. -->","yoast_head_json":{"title":"Prefeitura ir\u00e1 construir nova escola no bairro Palmeiras - Ub\u00e1 News","robots":{"index":"index","follow":"follow","max-snippet":"max-snippet:-1","max-image-preview":"max-image-preview:large","max-video-preview":"max-video-preview:-1"},"canonical":"https:\/\/ubanews.com\/site\/2021\/07\/02\/prefeitura-ira-construir-nova-escola-no-bairro-palmeiras\/","og_locale":"pt_BR","og_type":"article","og_title":"Prefeitura ir\u00e1 construir nova escola no bairro Palmeiras - Ub\u00e1 News","og_description":"Termo de Refer\u00eancia&nbsp;para elabora\u00e7\u00e3o de projeto de constru\u00e7\u00e3o de sede","og_url":"https:\/\/ubanews.com\/site\/2021\/07\/02\/prefeitura-ira-construir-nova-escola-no-bairro-palmeiras\/","og_site_name":"Ub\u00e1 News","article_publisher":"https:\/\/www.facebook.com\/Ub%c3%a1News-Carlos-Roberto-Sodr%c3%a9-418778301977370","article_author":"https:\/\/www.facebook.com\/carosroberto.sodre.5\/","article_published_time":"2021-07-02T18:44:05+00:00","og_image":[{"width":992,"height":482,"url":"https:\/\/ubanews.com\/site\/wp-content\/uploads\/2021\/07\/Uba-164-anos-1.jpg","type":"image\/jpeg"}],"author":"Sodr\u00e9","twitter_card":"summary_large_image","twitter_misc":{"Escrito por":"Sodr\u00e9","Est. tempo de leitura":"2 minutos"},"schema":{"@context":"https:\/\/schema.org","@graph":[{"@type":"Article","@id":"https:\/\/ubanews.com\/site\/2021\/07\/02\/prefeitura-ira-construir-nova-escola-no-bairro-palmeiras\/#article","isPartOf":{"@id":"https:\/\/ubanews.com\/site\/2021\/07\/02\/prefeitura-ira-construir-nova-escola-no-bairro-palmeiras\/"},"author":{"name":"Sodr\u00e9","@id":"https:\/\/ubanews.com\/site\/#\/schema\/person\/d90c9e47252fbb63dcc969fe4c8b9d10"},"headline":"Prefeitura ir\u00e1 construir nova escola no bairro Palmeiras","datePublished":"2021-07-02T18:44:05+00:00","mainEntityOfPage":{"@id":"https:\/\/ubanews.com\/site\/2021\/07\/02\/prefeitura-ira-construir-nova-escola-no-bairro-palmeiras\/"},"wordCount":444,"commentCount":0,"publisher":{"@id":"https:\/\/ubanews.com\/site\/#organization"},"image":{"@id":"https:\/\/ubanews.com\/site\/2021\/07\/02\/prefeitura-ira-construir-nova-escola-no-bairro-palmeiras\/#primaryimage"},"thumbnailUrl":"https:\/\/ubanews.com\/site\/wp-content\/uploads\/2021\/07\/Uba-164-anos-1.jpg","articleSection":["Prefeitura Municipal"],"inLanguage":"pt-BR","potentialAction":[{"@type":"CommentAction","name":"Comment","target":["https:\/\/ubanews.com\/site\/2021\/07\/02\/prefeitura-ira-construir-nova-escola-no-bairro-palmeiras\/#respond"]}]},{"@type":"WebPage","@id":"https:\/\/ubanews.com\/site\/2021\/07\/02\/prefeitura-ira-construir-nova-escola-no-bairro-palmeiras\/","url":"https:\/\/ubanews.com\/site\/2021\/07\/02\/prefeitura-ira-construir-nova-escola-no-bairro-palmeiras\/","name":"Prefeitura ir\u00e1 construir nova escola no bairro Palmeiras - Ub\u00e1 News","isPartOf":{"@id":"https:\/\/ubanews.com\/site\/#website"},"primaryImageOfPage":{"@id":"https:\/\/ubanews.com\/site\/2021\/07\/02\/prefeitura-ira-construir-nova-escola-no-bairro-palmeiras\/#primaryimage"},"image":{"@id":"https:\/\/ubanews.com\/site\/2021\/07\/02\/prefeitura-ira-construir-nova-escola-no-bairro-palmeiras\/#primaryimage"},"thumbnailUrl":"https:\/\/ubanews.com\/site\/wp-content\/uploads\/2021\/07\/Uba-164-anos-1.jpg","datePublished":"2021-07-02T18:44:05+00:00","breadcrumb":{"@id":"https:\/\/ubanews.com\/site\/2021\/07\/02\/prefeitura-ira-construir-nova-escola-no-bairro-palmeiras\/#breadcrumb"},"inLanguage":"pt-BR","potentialAction":[{"@type":"ReadAction","target":["https:\/\/ubanews.com\/site\/2021\/07\/02\/prefeitura-ira-construir-nova-escola-no-bairro-palmeiras\/"]}]},{"@type":"ImageObject","inLanguage":"pt-BR","@id":"https:\/\/ubanews.com\/site\/2021\/07\/02\/prefeitura-ira-construir-nova-escola-no-bairro-palmeiras\/#primaryimage","url":"https:\/\/ubanews.com\/site\/wp-content\/uploads\/2021\/07\/Uba-164-anos-1.jpg","contentUrl":"https:\/\/ubanews.com\/site\/wp-content\/uploads\/2021\/07\/Uba-164-anos-1.jpg","width":992,"height":482},{"@type":"BreadcrumbList","@id":"https:\/\/ubanews.com\/site\/2021\/07\/02\/prefeitura-ira-construir-nova-escola-no-bairro-palmeiras\/#breadcrumb","itemListElement":[{"@type":"ListItem","position":1,"name":"Home","item":"https:\/\/ubanews.com\/site\/"},{"@type":"ListItem","position":2,"name":"Prefeitura ir\u00e1 construir nova escola no bairro Palmeiras"}]},{"@type":"WebSite","@id":"https:\/\/ubanews.com\/site\/#website","url":"https:\/\/ubanews.com\/site\/","name":"Ub\u00e1 News","description":"","publisher":{"@id":"https:\/\/ubanews.com\/site\/#organization"},"potentialAction":[{"@type":"SearchAction","target":{"@type":"EntryPoint","urlTemplate":"https:\/\/ubanews.com\/site\/?s={search_term_string}"},"query-input":{"@type":"PropertyValueSpecification","valueRequired":true,"valueName":"search_term_string"}}],"inLanguage":"pt-BR"},{"@type":"Organization","@id":"https:\/\/ubanews.com\/site\/#organization","name":"Ub\u00e1 News","url":"https:\/\/ubanews.com\/site\/","logo":{"@type":"ImageObject","inLanguage":"pt-BR","@id":"https:\/\/ubanews.com\/site\/#\/schema\/logo\/image\/","url":"https:\/\/ubanews.com\/site\/wp-content\/uploads\/2018\/01\/logoubanews.png","contentUrl":"https:\/\/ubanews.com\/site\/wp-content\/uploads\/2018\/01\/logoubanews.png","width":261,"height":99,"caption":"Ub\u00e1 News"},"image":{"@id":"https:\/\/ubanews.com\/site\/#\/schema\/logo\/image\/"},"sameAs":["https:\/\/www.facebook.com\/Ub\u00e1News-Carlos-Roberto-Sodr\u00e9-418778301977370"]},{"@type":"Person","@id":"https:\/\/ubanews.com\/site\/#\/schema\/person\/d90c9e47252fbb63dcc969fe4c8b9d10","name":"Sodr\u00e9","image":{"@type":"ImageObject","inLanguage":"pt-BR","@id":"https:\/\/secure.gravatar.com\/avatar\/5ba2793f0590b9dbfad3fdec4ee714485b3eef211c9b32ee53d414060454a56c?s=96&d=mm&r=g","url":"https:\/\/secure.gravatar.com\/avatar\/5ba2793f0590b9dbfad3fdec4ee714485b3eef211c9b32ee53d414060454a56c?s=96&d=mm&r=g","contentUrl":"https:\/\/secure.gravatar.com\/avatar\/5ba2793f0590b9dbfad3fdec4ee714485b3eef211c9b32ee53d414060454a56c?s=96&d=mm&r=g","caption":"Sodr\u00e9"},"sameAs":["https:\/\/www.facebook.com\/carosroberto.sodre.5\/"],"url":"https:\/\/ubanews.com\/site\/author\/felipe\/"}]}},"_links":{"self":[{"href":"https:\/\/ubanews.com\/site\/wp-json\/wp\/v2\/posts\/20060","targetHints":{"allow":["GET"]}}],"collection":[{"href":"https:\/\/ubanews.com\/site\/wp-json\/wp\/v2\/posts"}],"about":[{"href":"https:\/\/ubanews.com\/site\/wp-json\/wp\/v2\/types\/post"}],"author":[{"embeddable":true,"href":"https:\/\/ubanews.com\/site\/wp-json\/wp\/v2\/users\/2"}],"replies":[{"embeddable":true,"href":"https:\/\/ubanews.com\/site\/wp-json\/wp\/v2\/comments?post=20060"}],"version-history":[{"count":0,"href":"https:\/\/ubanews.com\/site\/wp-json\/wp\/v2\/posts\/20060\/revisions"}],"wp:featuredmedia":[{"embeddable":true,"href":"https:\/\/ubanews.com\/site\/wp-json\/wp\/v2\/media\/20062"}],"wp:attachment":[{"href":"https:\/\/ubanews.com\/site\/wp-json\/wp\/v2\/media?parent=20060"}],"wp:term":[{"taxonomy":"category","embeddable":true,"href":"https:\/\/ubanews.com\/site\/wp-json\/wp\/v2\/categories?post=20060"},{"taxonomy":"post_tag","embeddable":true,"href":"https:\/\/ubanews.com\/site\/wp-json\/wp\/v2\/tags?post=20060"}],"curies":[{"name":"wp","href":"https:\/\/api.w.org\/{rel}","templated":true}]}}