{"id":19951,"date":"2021-06-18T17:35:44","date_gmt":"2021-06-18T20:35:44","guid":{"rendered":"http:\/\/ubanews.com\/site\/?p=19951"},"modified":"2021-06-18T17:59:31","modified_gmt":"2021-06-18T20:59:31","slug":"foi-sepultado-em-uba-sob-forte-emocao-o-corpo-de-wesley-rosignoli-o-xingu","status":"publish","type":"post","link":"https:\/\/ubanews.com\/site\/2021\/06\/18\/foi-sepultado-em-uba-sob-forte-emocao-o-corpo-de-wesley-rosignoli-o-xingu\/","title":{"rendered":"FOI SEPULTADO EM UB\u00c1 SOB FORTE EMO\u00c7\u00c3O O CORPO DE WESLEY ROSIGNOLI \u2013 O XINGU"},"content":{"rendered":"<p><a href=\"https:\/\/ubanews.com\/site\/wp-content\/uploads\/2021\/06\/Velorio.jpg\"><img decoding=\"async\" class=\"aligncenter size-full wp-image-19953 lazyload\" data-src=\"https:\/\/ubanews.com\/site\/wp-content\/uploads\/2021\/06\/Velorio.jpg\" alt=\"\" width=\"1000\" height=\"500\" data-srcset=\"https:\/\/ubanews.com\/site\/wp-content\/uploads\/2021\/06\/Velorio.jpg 1000w, https:\/\/ubanews.com\/site\/wp-content\/uploads\/2021\/06\/Velorio-300x150.jpg 300w, https:\/\/ubanews.com\/site\/wp-content\/uploads\/2021\/06\/Velorio-768x384.jpg 768w\" data-sizes=\"(max-width: 1000px) 100vw, 1000px\" src=\"data:image\/svg+xml;base64,PHN2ZyB3aWR0aD0iMSIgaGVpZ2h0PSIxIiB4bWxucz0iaHR0cDovL3d3dy53My5vcmcvMjAwMC9zdmciPjwvc3ZnPg==\" style=\"--smush-placeholder-width: 1000px; --smush-placeholder-aspect-ratio: 1000\/500;\" \/><\/a><\/p>\n<p>Amigos e familiares foram at\u00e9 o cemit\u00e9rio municipal de Ub\u00e1 na tarde desta sexta-feira (18) para se despedirem do empres\u00e1rio Weslei Rosignoli (Xingu), de 45 anos.<\/p>\n<p>Xingu foi internado na UTI do Hospital Santa Isabel na \u00daLTIMA segunda-feira (14), onde ficou at\u00e9 essa data, quando morreu \u00e0s 3h da madrugada.<\/p>\n<p>Segundo membros da fam\u00edlia, Xingu contraiu o v\u00edrus do novo coronav\u00edrus h\u00e1 uns quarenta dias. Depois lutava contra as sequelas. Xingu foi um apaixonado pela pol\u00edtica, futebol e carnaval. Quando o H\u00e9sinho P\u00e3o Moiado faleceu, (o eterno Rei Momo dos carnavais de Ub\u00e1) Xingu ficou muito honrado em ter sido escolhido para ser o seu substituto.<\/p>\n<p>As redes sociais ficaram repletas de mensagens de carinho ao inesquec\u00edvel Xingu e aos seus familiares:<\/p>\n<div id=\"metaslider-id-17652\" style=\"max-width: 1000px;\" class=\"ml-slider-3-106-0 metaslider metaslider-nivo metaslider-17652 ml-slider ms-theme-outline\" role=\"region\" aria-label=\"Texto\" data-height=\"200\" data-width=\"1000\">\n    <div id=\"metaslider_container_17652\">\n        <div class='slider-wrapper theme-default'><div class='ribbon'><\/div><div id='metaslider_17652' class='nivoSlider'><\/div><\/div>\n        \n    <\/div>\n<\/div>\n<p>Esta \u00e9 a mensagem que nos foi enviada pelo Acad\u00eamico, professor aposentado e rotariano Joaquim Carlos de Souza:<\/p>\n<p>O ADEUS AO AMIGO XINGU DE TODOS OS COMPANHEIROS DO ROTARY CLUB DE UB\u00c1<\/p>\n<p>Quando morre um mun\u00edcipe, a sociedade fica um pouco desfalcada.<\/p>\n<p>Quando falece um cidad\u00e3o bom e do bem, a humanidade fica um pouco empobrecida.<\/p>\n<p>Quando desaparece um homem bom, que amava a pol\u00edtica do amor, que adorava a sua terra e alegrava todos \u00e0 sua volta, nossa sociedade se cobre de tristeza e saudade.<\/p>\n<p>Com sentimentos de pesar, entristecidos, recebemos, nesta manh\u00e3, a not\u00edcia do falecimento do amigo WESLEY ROSIGNOLI, o popular XINGU, filho do nosso companheiro ARY ROSIGNOLI &#8211; irm\u00e3o do tamb\u00e9m companheiro WILLIAM ROSIGNOLI, do nosso ROTARY CLUB DE UB\u00c1.<\/p>\n<p>Por esta raz\u00e3o, todos n\u00f3s companheiros do ROTARY CLUB DE UB\u00c1, abra\u00e7amos a todos os familiares enlutados, desejando que encontrem o consolo na f\u00e9 e no afeto dos amigos.<\/p>\n<p>Para a alma do nosso querido XINGU, nossas ora\u00e7\u00f5es e votos de que j\u00e1 esteja num reino de amor, paz e luz.<\/p>\n<p>Temos certeza de que, por ter sempre desejado o bem dos outros e espalhado s\u00f3 esperan\u00e7a e alegria, ele continuar\u00e1 vivo nos cora\u00e7\u00f5es de todos que com ele conviveram.<\/p>\n<p>Descanse em paz, querido companheiro XINGU. J\u00e1 estamos com SAUDADES!<\/p>\n<p>MENSAGEM DE PESAR DO PRESIDENTE JOAQUIM CARLOS DE SOUZA, EM NOME DE TODA A FAM\u00cdLIA DO ROTARY CLUB DE UB\u00c1.<\/p>\n<p>UB\u00c1 2021 &#8211; 18 JUNHO.<\/p>\n<p>Ap\u00f3s o sepultamento, que aconteceu \u00e0s 15h, o Portal Ub\u00e1 News conversou com alguns amigos do Xingu.<\/p>\n<div style=\"width: 840px;\" class=\"wp-video\"><video class=\"wp-video-shortcode\" id=\"video-19951-1\" width=\"840\" height=\"473\" autoplay preload=\"auto\" controls=\"controls\"><source type=\"video\/mp4\" src=\"https:\/\/ubanews.com\/site\/wp-content\/uploads\/2020\/12\/01020002.00_00_53_25.mp4?_=1\" \/><a href=\"https:\/\/ubanews.com\/site\/wp-content\/uploads\/2020\/12\/01020002.00_00_53_25.mp4\">https:\/\/ubanews.com\/site\/wp-content\/uploads\/2020\/12\/01020002.00_00_53_25.mp4<\/a><\/video><\/div>\n","protected":false},"excerpt":{"rendered":"<p>Amigos e familiares foram at\u00e9 o cemit\u00e9rio municipal de Ub\u00e1<\/p>\n","protected":false},"author":2,"featured_media":19952,"comment_status":"open","ping_status":"open","sticky":false,"template":"","format":"standard","meta":{"footnotes":""},"categories":[1],"tags":[],"class_list":["post-19951","post","type-post","status-publish","format-standard","has-post-thumbnail","hentry","category-sem-categoria"],"yoast_head":"<!-- This site is optimized with the Yoast SEO plugin v27.2 - https:\/\/yoast.com\/product\/yoast-seo-wordpress\/ -->\n<title>FOI SEPULTADO EM UB\u00c1 SOB FORTE EMO\u00c7\u00c3O O CORPO DE WESLEY ROSIGNOLI \u2013 O XINGU - Ub\u00e1 News<\/title>\n<meta name=\"robots\" content=\"index, follow, max-snippet:-1, max-image-preview:large, max-video-preview:-1\" \/>\n<link rel=\"canonical\" href=\"https:\/\/ubanews.com\/site\/2021\/06\/18\/foi-sepultado-em-uba-sob-forte-emocao-o-corpo-de-wesley-rosignoli-o-xingu\/\" \/>\n<meta property=\"og:locale\" content=\"pt_BR\" \/>\n<meta property=\"og:type\" content=\"article\" \/>\n<meta property=\"og:title\" content=\"FOI SEPULTADO EM UB\u00c1 SOB FORTE EMO\u00c7\u00c3O O CORPO DE WESLEY ROSIGNOLI \u2013 O XINGU - Ub\u00e1 News\" \/>\n<meta property=\"og:description\" content=\"Amigos e familiares foram at\u00e9 o cemit\u00e9rio municipal de Ub\u00e1\" \/>\n<meta property=\"og:url\" content=\"https:\/\/ubanews.com\/site\/2021\/06\/18\/foi-sepultado-em-uba-sob-forte-emocao-o-corpo-de-wesley-rosignoli-o-xingu\/\" \/>\n<meta property=\"og:site_name\" content=\"Ub\u00e1 News\" \/>\n<meta property=\"article:publisher\" content=\"https:\/\/www.facebook.com\/Ub%c3%a1News-Carlos-Roberto-Sodr%c3%a9-418778301977370\" \/>\n<meta property=\"article:author\" content=\"https:\/\/www.facebook.com\/carosroberto.sodre.5\/\" \/>\n<meta property=\"article:published_time\" content=\"2021-06-18T20:35:44+00:00\" \/>\n<meta property=\"article:modified_time\" content=\"2021-06-18T20:59:31+00:00\" \/>\n<meta property=\"og:image\" content=\"https:\/\/ubanews.com\/site\/wp-content\/uploads\/2021\/06\/Xingu.jpg\" \/>\n\t<meta property=\"og:image:width\" content=\"1000\" \/>\n\t<meta property=\"og:image:height\" content=\"500\" \/>\n\t<meta property=\"og:image:type\" content=\"image\/jpeg\" \/>\n<meta name=\"author\" content=\"Sodr\u00e9\" \/>\n<meta name=\"twitter:card\" content=\"summary_large_image\" \/>\n<meta name=\"twitter:label1\" content=\"Escrito por\" \/>\n\t<meta name=\"twitter:data1\" content=\"Sodr\u00e9\" \/>\n\t<meta name=\"twitter:label2\" content=\"Est. tempo de leitura\" \/>\n\t<meta name=\"twitter:data2\" content=\"2 minutos\" \/>\n<script type=\"application\/ld+json\" class=\"yoast-schema-graph\">{\"@context\":\"https:\/\/schema.org\",\"@graph\":[{\"@type\":\"Article\",\"@id\":\"https:\/\/ubanews.com\/site\/2021\/06\/18\/foi-sepultado-em-uba-sob-forte-emocao-o-corpo-de-wesley-rosignoli-o-xingu\/#article\",\"isPartOf\":{\"@id\":\"https:\/\/ubanews.com\/site\/2021\/06\/18\/foi-sepultado-em-uba-sob-forte-emocao-o-corpo-de-wesley-rosignoli-o-xingu\/\"},\"author\":{\"name\":\"Sodr\u00e9\",\"@id\":\"https:\/\/ubanews.com\/site\/#\/schema\/person\/d90c9e47252fbb63dcc969fe4c8b9d10\"},\"headline\":\"FOI SEPULTADO EM UB\u00c1 SOB FORTE EMO\u00c7\u00c3O O CORPO DE WESLEY ROSIGNOLI \u2013 O XINGU\",\"datePublished\":\"2021-06-18T20:35:44+00:00\",\"dateModified\":\"2021-06-18T20:59:31+00:00\",\"mainEntityOfPage\":{\"@id\":\"https:\/\/ubanews.com\/site\/2021\/06\/18\/foi-sepultado-em-uba-sob-forte-emocao-o-corpo-de-wesley-rosignoli-o-xingu\/\"},\"wordCount\":432,\"commentCount\":0,\"publisher\":{\"@id\":\"https:\/\/ubanews.com\/site\/#organization\"},\"image\":{\"@id\":\"https:\/\/ubanews.com\/site\/2021\/06\/18\/foi-sepultado-em-uba-sob-forte-emocao-o-corpo-de-wesley-rosignoli-o-xingu\/#primaryimage\"},\"thumbnailUrl\":\"https:\/\/ubanews.com\/site\/wp-content\/uploads\/2021\/06\/Xingu.jpg\",\"articleSection\":[\"Geral\"],\"inLanguage\":\"pt-BR\",\"potentialAction\":[{\"@type\":\"CommentAction\",\"name\":\"Comment\",\"target\":[\"https:\/\/ubanews.com\/site\/2021\/06\/18\/foi-sepultado-em-uba-sob-forte-emocao-o-corpo-de-wesley-rosignoli-o-xingu\/#respond\"]}]},{\"@type\":\"WebPage\",\"@id\":\"https:\/\/ubanews.com\/site\/2021\/06\/18\/foi-sepultado-em-uba-sob-forte-emocao-o-corpo-de-wesley-rosignoli-o-xingu\/\",\"url\":\"https:\/\/ubanews.com\/site\/2021\/06\/18\/foi-sepultado-em-uba-sob-forte-emocao-o-corpo-de-wesley-rosignoli-o-xingu\/\",\"name\":\"FOI SEPULTADO EM UB\u00c1 SOB FORTE EMO\u00c7\u00c3O O CORPO DE WESLEY ROSIGNOLI \u2013 O XINGU - Ub\u00e1 News\",\"isPartOf\":{\"@id\":\"https:\/\/ubanews.com\/site\/#website\"},\"primaryImageOfPage\":{\"@id\":\"https:\/\/ubanews.com\/site\/2021\/06\/18\/foi-sepultado-em-uba-sob-forte-emocao-o-corpo-de-wesley-rosignoli-o-xingu\/#primaryimage\"},\"image\":{\"@id\":\"https:\/\/ubanews.com\/site\/2021\/06\/18\/foi-sepultado-em-uba-sob-forte-emocao-o-corpo-de-wesley-rosignoli-o-xingu\/#primaryimage\"},\"thumbnailUrl\":\"https:\/\/ubanews.com\/site\/wp-content\/uploads\/2021\/06\/Xingu.jpg\",\"datePublished\":\"2021-06-18T20:35:44+00:00\",\"dateModified\":\"2021-06-18T20:59:31+00:00\",\"breadcrumb\":{\"@id\":\"https:\/\/ubanews.com\/site\/2021\/06\/18\/foi-sepultado-em-uba-sob-forte-emocao-o-corpo-de-wesley-rosignoli-o-xingu\/#breadcrumb\"},\"inLanguage\":\"pt-BR\",\"potentialAction\":[{\"@type\":\"ReadAction\",\"target\":[\"https:\/\/ubanews.com\/site\/2021\/06\/18\/foi-sepultado-em-uba-sob-forte-emocao-o-corpo-de-wesley-rosignoli-o-xingu\/\"]}]},{\"@type\":\"ImageObject\",\"inLanguage\":\"pt-BR\",\"@id\":\"https:\/\/ubanews.com\/site\/2021\/06\/18\/foi-sepultado-em-uba-sob-forte-emocao-o-corpo-de-wesley-rosignoli-o-xingu\/#primaryimage\",\"url\":\"https:\/\/ubanews.com\/site\/wp-content\/uploads\/2021\/06\/Xingu.jpg\",\"contentUrl\":\"https:\/\/ubanews.com\/site\/wp-content\/uploads\/2021\/06\/Xingu.jpg\",\"width\":1000,\"height\":500},{\"@type\":\"BreadcrumbList\",\"@id\":\"https:\/\/ubanews.com\/site\/2021\/06\/18\/foi-sepultado-em-uba-sob-forte-emocao-o-corpo-de-wesley-rosignoli-o-xingu\/#breadcrumb\",\"itemListElement\":[{\"@type\":\"ListItem\",\"position\":1,\"name\":\"Home\",\"item\":\"https:\/\/ubanews.com\/site\/\"},{\"@type\":\"ListItem\",\"position\":2,\"name\":\"FOI SEPULTADO EM UB\u00c1 SOB FORTE EMO\u00c7\u00c3O O CORPO DE WESLEY ROSIGNOLI \u2013 O XINGU\"}]},{\"@type\":\"WebSite\",\"@id\":\"https:\/\/ubanews.com\/site\/#website\",\"url\":\"https:\/\/ubanews.com\/site\/\",\"name\":\"Ub\u00e1 News\",\"description\":\"\",\"publisher\":{\"@id\":\"https:\/\/ubanews.com\/site\/#organization\"},\"potentialAction\":[{\"@type\":\"SearchAction\",\"target\":{\"@type\":\"EntryPoint\",\"urlTemplate\":\"https:\/\/ubanews.com\/site\/?s={search_term_string}\"},\"query-input\":{\"@type\":\"PropertyValueSpecification\",\"valueRequired\":true,\"valueName\":\"search_term_string\"}}],\"inLanguage\":\"pt-BR\"},{\"@type\":\"Organization\",\"@id\":\"https:\/\/ubanews.com\/site\/#organization\",\"name\":\"Ub\u00e1 News\",\"url\":\"https:\/\/ubanews.com\/site\/\",\"logo\":{\"@type\":\"ImageObject\",\"inLanguage\":\"pt-BR\",\"@id\":\"https:\/\/ubanews.com\/site\/#\/schema\/logo\/image\/\",\"url\":\"https:\/\/ubanews.com\/site\/wp-content\/uploads\/2018\/01\/logoubanews.png\",\"contentUrl\":\"https:\/\/ubanews.com\/site\/wp-content\/uploads\/2018\/01\/logoubanews.png\",\"width\":261,\"height\":99,\"caption\":\"Ub\u00e1 News\"},\"image\":{\"@id\":\"https:\/\/ubanews.com\/site\/#\/schema\/logo\/image\/\"},\"sameAs\":[\"https:\/\/www.facebook.com\/Ub\u00e1News-Carlos-Roberto-Sodr\u00e9-418778301977370\"]},{\"@type\":\"Person\",\"@id\":\"https:\/\/ubanews.com\/site\/#\/schema\/person\/d90c9e47252fbb63dcc969fe4c8b9d10\",\"name\":\"Sodr\u00e9\",\"image\":{\"@type\":\"ImageObject\",\"inLanguage\":\"pt-BR\",\"@id\":\"https:\/\/secure.gravatar.com\/avatar\/5ba2793f0590b9dbfad3fdec4ee714485b3eef211c9b32ee53d414060454a56c?s=96&d=mm&r=g\",\"url\":\"https:\/\/secure.gravatar.com\/avatar\/5ba2793f0590b9dbfad3fdec4ee714485b3eef211c9b32ee53d414060454a56c?s=96&d=mm&r=g\",\"contentUrl\":\"https:\/\/secure.gravatar.com\/avatar\/5ba2793f0590b9dbfad3fdec4ee714485b3eef211c9b32ee53d414060454a56c?s=96&d=mm&r=g\",\"caption\":\"Sodr\u00e9\"},\"sameAs\":[\"https:\/\/www.facebook.com\/carosroberto.sodre.5\/\"],\"url\":\"https:\/\/ubanews.com\/site\/author\/felipe\/\"}]}<\/script>\n<!-- \/ Yoast SEO plugin. -->","yoast_head_json":{"title":"FOI SEPULTADO EM UB\u00c1 SOB FORTE EMO\u00c7\u00c3O O CORPO DE WESLEY ROSIGNOLI \u2013 O XINGU - Ub\u00e1 News","robots":{"index":"index","follow":"follow","max-snippet":"max-snippet:-1","max-image-preview":"max-image-preview:large","max-video-preview":"max-video-preview:-1"},"canonical":"https:\/\/ubanews.com\/site\/2021\/06\/18\/foi-sepultado-em-uba-sob-forte-emocao-o-corpo-de-wesley-rosignoli-o-xingu\/","og_locale":"pt_BR","og_type":"article","og_title":"FOI SEPULTADO EM UB\u00c1 SOB FORTE EMO\u00c7\u00c3O O CORPO DE WESLEY ROSIGNOLI \u2013 O XINGU - Ub\u00e1 News","og_description":"Amigos e familiares foram at\u00e9 o cemit\u00e9rio municipal de Ub\u00e1","og_url":"https:\/\/ubanews.com\/site\/2021\/06\/18\/foi-sepultado-em-uba-sob-forte-emocao-o-corpo-de-wesley-rosignoli-o-xingu\/","og_site_name":"Ub\u00e1 News","article_publisher":"https:\/\/www.facebook.com\/Ub%c3%a1News-Carlos-Roberto-Sodr%c3%a9-418778301977370","article_author":"https:\/\/www.facebook.com\/carosroberto.sodre.5\/","article_published_time":"2021-06-18T20:35:44+00:00","article_modified_time":"2021-06-18T20:59:31+00:00","og_image":[{"width":1000,"height":500,"url":"https:\/\/ubanews.com\/site\/wp-content\/uploads\/2021\/06\/Xingu.jpg","type":"image\/jpeg"}],"author":"Sodr\u00e9","twitter_card":"summary_large_image","twitter_misc":{"Escrito por":"Sodr\u00e9","Est. tempo de leitura":"2 minutos"},"schema":{"@context":"https:\/\/schema.org","@graph":[{"@type":"Article","@id":"https:\/\/ubanews.com\/site\/2021\/06\/18\/foi-sepultado-em-uba-sob-forte-emocao-o-corpo-de-wesley-rosignoli-o-xingu\/#article","isPartOf":{"@id":"https:\/\/ubanews.com\/site\/2021\/06\/18\/foi-sepultado-em-uba-sob-forte-emocao-o-corpo-de-wesley-rosignoli-o-xingu\/"},"author":{"name":"Sodr\u00e9","@id":"https:\/\/ubanews.com\/site\/#\/schema\/person\/d90c9e47252fbb63dcc969fe4c8b9d10"},"headline":"FOI SEPULTADO EM UB\u00c1 SOB FORTE EMO\u00c7\u00c3O O CORPO DE WESLEY ROSIGNOLI \u2013 O XINGU","datePublished":"2021-06-18T20:35:44+00:00","dateModified":"2021-06-18T20:59:31+00:00","mainEntityOfPage":{"@id":"https:\/\/ubanews.com\/site\/2021\/06\/18\/foi-sepultado-em-uba-sob-forte-emocao-o-corpo-de-wesley-rosignoli-o-xingu\/"},"wordCount":432,"commentCount":0,"publisher":{"@id":"https:\/\/ubanews.com\/site\/#organization"},"image":{"@id":"https:\/\/ubanews.com\/site\/2021\/06\/18\/foi-sepultado-em-uba-sob-forte-emocao-o-corpo-de-wesley-rosignoli-o-xingu\/#primaryimage"},"thumbnailUrl":"https:\/\/ubanews.com\/site\/wp-content\/uploads\/2021\/06\/Xingu.jpg","articleSection":["Geral"],"inLanguage":"pt-BR","potentialAction":[{"@type":"CommentAction","name":"Comment","target":["https:\/\/ubanews.com\/site\/2021\/06\/18\/foi-sepultado-em-uba-sob-forte-emocao-o-corpo-de-wesley-rosignoli-o-xingu\/#respond"]}]},{"@type":"WebPage","@id":"https:\/\/ubanews.com\/site\/2021\/06\/18\/foi-sepultado-em-uba-sob-forte-emocao-o-corpo-de-wesley-rosignoli-o-xingu\/","url":"https:\/\/ubanews.com\/site\/2021\/06\/18\/foi-sepultado-em-uba-sob-forte-emocao-o-corpo-de-wesley-rosignoli-o-xingu\/","name":"FOI SEPULTADO EM UB\u00c1 SOB FORTE EMO\u00c7\u00c3O O CORPO DE WESLEY ROSIGNOLI \u2013 O XINGU - Ub\u00e1 News","isPartOf":{"@id":"https:\/\/ubanews.com\/site\/#website"},"primaryImageOfPage":{"@id":"https:\/\/ubanews.com\/site\/2021\/06\/18\/foi-sepultado-em-uba-sob-forte-emocao-o-corpo-de-wesley-rosignoli-o-xingu\/#primaryimage"},"image":{"@id":"https:\/\/ubanews.com\/site\/2021\/06\/18\/foi-sepultado-em-uba-sob-forte-emocao-o-corpo-de-wesley-rosignoli-o-xingu\/#primaryimage"},"thumbnailUrl":"https:\/\/ubanews.com\/site\/wp-content\/uploads\/2021\/06\/Xingu.jpg","datePublished":"2021-06-18T20:35:44+00:00","dateModified":"2021-06-18T20:59:31+00:00","breadcrumb":{"@id":"https:\/\/ubanews.com\/site\/2021\/06\/18\/foi-sepultado-em-uba-sob-forte-emocao-o-corpo-de-wesley-rosignoli-o-xingu\/#breadcrumb"},"inLanguage":"pt-BR","potentialAction":[{"@type":"ReadAction","target":["https:\/\/ubanews.com\/site\/2021\/06\/18\/foi-sepultado-em-uba-sob-forte-emocao-o-corpo-de-wesley-rosignoli-o-xingu\/"]}]},{"@type":"ImageObject","inLanguage":"pt-BR","@id":"https:\/\/ubanews.com\/site\/2021\/06\/18\/foi-sepultado-em-uba-sob-forte-emocao-o-corpo-de-wesley-rosignoli-o-xingu\/#primaryimage","url":"https:\/\/ubanews.com\/site\/wp-content\/uploads\/2021\/06\/Xingu.jpg","contentUrl":"https:\/\/ubanews.com\/site\/wp-content\/uploads\/2021\/06\/Xingu.jpg","width":1000,"height":500},{"@type":"BreadcrumbList","@id":"https:\/\/ubanews.com\/site\/2021\/06\/18\/foi-sepultado-em-uba-sob-forte-emocao-o-corpo-de-wesley-rosignoli-o-xingu\/#breadcrumb","itemListElement":[{"@type":"ListItem","position":1,"name":"Home","item":"https:\/\/ubanews.com\/site\/"},{"@type":"ListItem","position":2,"name":"FOI SEPULTADO EM UB\u00c1 SOB FORTE EMO\u00c7\u00c3O O CORPO DE WESLEY ROSIGNOLI \u2013 O XINGU"}]},{"@type":"WebSite","@id":"https:\/\/ubanews.com\/site\/#website","url":"https:\/\/ubanews.com\/site\/","name":"Ub\u00e1 News","description":"","publisher":{"@id":"https:\/\/ubanews.com\/site\/#organization"},"potentialAction":[{"@type":"SearchAction","target":{"@type":"EntryPoint","urlTemplate":"https:\/\/ubanews.com\/site\/?s={search_term_string}"},"query-input":{"@type":"PropertyValueSpecification","valueRequired":true,"valueName":"search_term_string"}}],"inLanguage":"pt-BR"},{"@type":"Organization","@id":"https:\/\/ubanews.com\/site\/#organization","name":"Ub\u00e1 News","url":"https:\/\/ubanews.com\/site\/","logo":{"@type":"ImageObject","inLanguage":"pt-BR","@id":"https:\/\/ubanews.com\/site\/#\/schema\/logo\/image\/","url":"https:\/\/ubanews.com\/site\/wp-content\/uploads\/2018\/01\/logoubanews.png","contentUrl":"https:\/\/ubanews.com\/site\/wp-content\/uploads\/2018\/01\/logoubanews.png","width":261,"height":99,"caption":"Ub\u00e1 News"},"image":{"@id":"https:\/\/ubanews.com\/site\/#\/schema\/logo\/image\/"},"sameAs":["https:\/\/www.facebook.com\/Ub\u00e1News-Carlos-Roberto-Sodr\u00e9-418778301977370"]},{"@type":"Person","@id":"https:\/\/ubanews.com\/site\/#\/schema\/person\/d90c9e47252fbb63dcc969fe4c8b9d10","name":"Sodr\u00e9","image":{"@type":"ImageObject","inLanguage":"pt-BR","@id":"https:\/\/secure.gravatar.com\/avatar\/5ba2793f0590b9dbfad3fdec4ee714485b3eef211c9b32ee53d414060454a56c?s=96&d=mm&r=g","url":"https:\/\/secure.gravatar.com\/avatar\/5ba2793f0590b9dbfad3fdec4ee714485b3eef211c9b32ee53d414060454a56c?s=96&d=mm&r=g","contentUrl":"https:\/\/secure.gravatar.com\/avatar\/5ba2793f0590b9dbfad3fdec4ee714485b3eef211c9b32ee53d414060454a56c?s=96&d=mm&r=g","caption":"Sodr\u00e9"},"sameAs":["https:\/\/www.facebook.com\/carosroberto.sodre.5\/"],"url":"https:\/\/ubanews.com\/site\/author\/felipe\/"}]}},"_links":{"self":[{"href":"https:\/\/ubanews.com\/site\/wp-json\/wp\/v2\/posts\/19951","targetHints":{"allow":["GET"]}}],"collection":[{"href":"https:\/\/ubanews.com\/site\/wp-json\/wp\/v2\/posts"}],"about":[{"href":"https:\/\/ubanews.com\/site\/wp-json\/wp\/v2\/types\/post"}],"author":[{"embeddable":true,"href":"https:\/\/ubanews.com\/site\/wp-json\/wp\/v2\/users\/2"}],"replies":[{"embeddable":true,"href":"https:\/\/ubanews.com\/site\/wp-json\/wp\/v2\/comments?post=19951"}],"version-history":[{"count":0,"href":"https:\/\/ubanews.com\/site\/wp-json\/wp\/v2\/posts\/19951\/revisions"}],"wp:featuredmedia":[{"embeddable":true,"href":"https:\/\/ubanews.com\/site\/wp-json\/wp\/v2\/media\/19952"}],"wp:attachment":[{"href":"https:\/\/ubanews.com\/site\/wp-json\/wp\/v2\/media?parent=19951"}],"wp:term":[{"taxonomy":"category","embeddable":true,"href":"https:\/\/ubanews.com\/site\/wp-json\/wp\/v2\/categories?post=19951"},{"taxonomy":"post_tag","embeddable":true,"href":"https:\/\/ubanews.com\/site\/wp-json\/wp\/v2\/tags?post=19951"}],"curies":[{"name":"wp","href":"https:\/\/api.w.org\/{rel}","templated":true}]}}