{"id":1976,"date":"2018-04-13T13:42:57","date_gmt":"2018-04-13T16:42:57","guid":{"rendered":"http:\/\/ubanews.com\/site\/?p=1976"},"modified":"2018-04-27T21:33:54","modified_gmt":"2018-04-28T00:33:54","slug":"farmacia-do-trabalhador-do-brasil-oferece-um-dia-de-acao-social-no-calcadao-deputado-ibrahim-jacob","status":"publish","type":"post","link":"https:\/\/ubanews.com\/site\/2018\/04\/13\/farmacia-do-trabalhador-do-brasil-oferece-um-dia-de-acao-social-no-calcadao-deputado-ibrahim-jacob\/","title":{"rendered":"Farm\u00e1cia do Trabalhador do Brasil oferece um dia de a\u00e7\u00e3o social no Cal\u00e7ad\u00e3o Deputado Ibrahim Jacob"},"content":{"rendered":"<p><img decoding=\"async\" class=\"alignnone size-full wp-image-1980 lazyload\" data-src=\"https:\/\/ubanews.com\/site\/wp-content\/uploads\/2018\/04\/DSC0956-c\u00f3pia-1.jpg\" alt=\"\" width=\"4724\" height=\"2954\" data-srcset=\"https:\/\/ubanews.com\/site\/wp-content\/uploads\/2018\/04\/DSC0956-c\u00f3pia-1.jpg 4724w, https:\/\/ubanews.com\/site\/wp-content\/uploads\/2018\/04\/DSC0956-c\u00f3pia-1-300x188.jpg 300w, https:\/\/ubanews.com\/site\/wp-content\/uploads\/2018\/04\/DSC0956-c\u00f3pia-1-768x480.jpg 768w, https:\/\/ubanews.com\/site\/wp-content\/uploads\/2018\/04\/DSC0956-c\u00f3pia-1-1024x640.jpg 1024w\" data-sizes=\"(max-width: 4724px) 100vw, 4724px\" src=\"data:image\/svg+xml;base64,PHN2ZyB3aWR0aD0iMSIgaGVpZ2h0PSIxIiB4bWxucz0iaHR0cDovL3d3dy53My5vcmcvMjAwMC9zdmciPjwvc3ZnPg==\" style=\"--smush-placeholder-width: 4724px; --smush-placeholder-aspect-ratio: 4724\/2954;\" \/> <img decoding=\"async\" class=\"alignnone size-full wp-image-1981 lazyload\" data-src=\"https:\/\/ubanews.com\/site\/wp-content\/uploads\/2018\/04\/DSC0962-c\u00f3pia.jpg\" alt=\"\" width=\"4724\" height=\"2954\" data-srcset=\"https:\/\/ubanews.com\/site\/wp-content\/uploads\/2018\/04\/DSC0962-c\u00f3pia.jpg 4724w, https:\/\/ubanews.com\/site\/wp-content\/uploads\/2018\/04\/DSC0962-c\u00f3pia-300x188.jpg 300w, https:\/\/ubanews.com\/site\/wp-content\/uploads\/2018\/04\/DSC0962-c\u00f3pia-768x480.jpg 768w, https:\/\/ubanews.com\/site\/wp-content\/uploads\/2018\/04\/DSC0962-c\u00f3pia-1024x640.jpg 1024w\" data-sizes=\"(max-width: 4724px) 100vw, 4724px\" src=\"data:image\/svg+xml;base64,PHN2ZyB3aWR0aD0iMSIgaGVpZ2h0PSIxIiB4bWxucz0iaHR0cDovL3d3dy53My5vcmcvMjAwMC9zdmciPjwvc3ZnPg==\" style=\"--smush-placeholder-width: 4724px; --smush-placeholder-aspect-ratio: 4724\/2954;\" \/> <img decoding=\"async\" class=\"alignnone size-full wp-image-1982 lazyload\" data-src=\"https:\/\/ubanews.com\/site\/wp-content\/uploads\/2018\/04\/DSC0966-c\u00f3pia.jpg\" alt=\"\" width=\"4724\" height=\"2954\" data-srcset=\"https:\/\/ubanews.com\/site\/wp-content\/uploads\/2018\/04\/DSC0966-c\u00f3pia.jpg 4724w, https:\/\/ubanews.com\/site\/wp-content\/uploads\/2018\/04\/DSC0966-c\u00f3pia-300x188.jpg 300w, https:\/\/ubanews.com\/site\/wp-content\/uploads\/2018\/04\/DSC0966-c\u00f3pia-768x480.jpg 768w, https:\/\/ubanews.com\/site\/wp-content\/uploads\/2018\/04\/DSC0966-c\u00f3pia-1024x640.jpg 1024w\" data-sizes=\"(max-width: 4724px) 100vw, 4724px\" src=\"data:image\/svg+xml;base64,PHN2ZyB3aWR0aD0iMSIgaGVpZ2h0PSIxIiB4bWxucz0iaHR0cDovL3d3dy53My5vcmcvMjAwMC9zdmciPjwvc3ZnPg==\" style=\"--smush-placeholder-width: 4724px; --smush-placeholder-aspect-ratio: 4724\/2954;\" \/> <img decoding=\"async\" class=\"alignnone size-full wp-image-1983 lazyload\" data-src=\"https:\/\/ubanews.com\/site\/wp-content\/uploads\/2018\/04\/DSC0968-c\u00f3pia.jpg\" alt=\"\" width=\"4724\" height=\"2954\" data-srcset=\"https:\/\/ubanews.com\/site\/wp-content\/uploads\/2018\/04\/DSC0968-c\u00f3pia.jpg 4724w, https:\/\/ubanews.com\/site\/wp-content\/uploads\/2018\/04\/DSC0968-c\u00f3pia-300x188.jpg 300w, https:\/\/ubanews.com\/site\/wp-content\/uploads\/2018\/04\/DSC0968-c\u00f3pia-768x480.jpg 768w, https:\/\/ubanews.com\/site\/wp-content\/uploads\/2018\/04\/DSC0968-c\u00f3pia-1024x640.jpg 1024w\" data-sizes=\"(max-width: 4724px) 100vw, 4724px\" src=\"data:image\/svg+xml;base64,PHN2ZyB3aWR0aD0iMSIgaGVpZ2h0PSIxIiB4bWxucz0iaHR0cDovL3d3dy53My5vcmcvMjAwMC9zdmciPjwvc3ZnPg==\" style=\"--smush-placeholder-width: 4724px; --smush-placeholder-aspect-ratio: 4724\/2954;\" \/><\/p>\n<p>H\u00e1 v\u00e1rios anos a Farm\u00e1cia do Trabalhador do Brasil oferece sempre um dia inteiro de A\u00e7\u00e3o Sa\u00fade, em todas as mais de 1.000 (mais de mil unidades em todo Brasil). Em Ub\u00e1, ela est\u00e1 no Cal\u00e7ad\u00e3o Deputado Ibrahim Jacob. O farmac\u00eautico e gerente Edson Soares Dias, em conversa com a nossa reportagem, disse que essa sexta-feira (13) foi toda dedicada ao atendimento \u00e0s pessoas. A popula\u00e7\u00e3o inicialmente foi recebida com um delicioso caf\u00e9 da manh\u00e3, com exce\u00e7\u00e3o \u00e0quelas pessoas que vieram para o teste de glicemia capilar, esses se submeteram ao teste primeiro, os demais degustaram um caf\u00e9 oferecido pela FTB logo na chegada.<\/p>\n<p>A Farm\u00e1cia do Trabalhador do Brasil \u00e9 uma das maiores redes com mais de mil unidades em todos os estados. E tem uma miss\u00e3o de servir com efici\u00eancia, respeitando os consumidores e colaboradores, valorizando sempre os aspectos \u00e9ticos e morais de cada ser humano. A Farm\u00e1cia do Trabalhador do Brasil tem parcerias com v\u00e1rios laborat\u00f3rios, e por isso vende mais barato.<\/p>\n","protected":false},"excerpt":{"rendered":"<p>H\u00e1 v\u00e1rios anos a Farm\u00e1cia do Trabalhador do Brasil oferece<\/p>\n","protected":false},"author":2,"featured_media":1984,"comment_status":"open","ping_status":"open","sticky":false,"template":"","format":"standard","meta":{"footnotes":""},"categories":[1],"tags":[],"class_list":["post-1976","post","type-post","status-publish","format-standard","has-post-thumbnail","hentry","category-sem-categoria"],"yoast_head":"<!-- This site is optimized with the Yoast SEO plugin v27.2 - https:\/\/yoast.com\/product\/yoast-seo-wordpress\/ -->\n<title>Farm\u00e1cia do Trabalhador do Brasil oferece um dia de a\u00e7\u00e3o social no Cal\u00e7ad\u00e3o Deputado Ibrahim Jacob - Ub\u00e1 News<\/title>\n<meta name=\"robots\" content=\"index, follow, max-snippet:-1, max-image-preview:large, max-video-preview:-1\" \/>\n<link rel=\"canonical\" href=\"https:\/\/ubanews.com\/site\/2018\/04\/13\/farmacia-do-trabalhador-do-brasil-oferece-um-dia-de-acao-social-no-calcadao-deputado-ibrahim-jacob\/\" \/>\n<meta property=\"og:locale\" content=\"pt_BR\" \/>\n<meta property=\"og:type\" content=\"article\" \/>\n<meta property=\"og:title\" content=\"Farm\u00e1cia do Trabalhador do Brasil oferece um dia de a\u00e7\u00e3o social no Cal\u00e7ad\u00e3o Deputado Ibrahim Jacob - Ub\u00e1 News\" \/>\n<meta property=\"og:description\" content=\"H\u00e1 v\u00e1rios anos a Farm\u00e1cia do Trabalhador do Brasil oferece\" \/>\n<meta property=\"og:url\" content=\"https:\/\/ubanews.com\/site\/2018\/04\/13\/farmacia-do-trabalhador-do-brasil-oferece-um-dia-de-acao-social-no-calcadao-deputado-ibrahim-jacob\/\" \/>\n<meta property=\"og:site_name\" content=\"Ub\u00e1 News\" \/>\n<meta property=\"article:publisher\" content=\"https:\/\/www.facebook.com\/Ub%c3%a1News-Carlos-Roberto-Sodr%c3%a9-418778301977370\" \/>\n<meta property=\"article:author\" content=\"https:\/\/www.facebook.com\/carosroberto.sodre.5\/\" \/>\n<meta property=\"article:published_time\" content=\"2018-04-13T16:42:57+00:00\" \/>\n<meta property=\"article:modified_time\" content=\"2018-04-28T00:33:54+00:00\" \/>\n<meta property=\"og:image\" content=\"https:\/\/ubanews.com\/site\/wp-content\/uploads\/2018\/04\/DSC0952-c\u00f3pia-1.jpg\" \/>\n\t<meta property=\"og:image:width\" content=\"4724\" \/>\n\t<meta property=\"og:image:height\" content=\"2954\" \/>\n\t<meta property=\"og:image:type\" content=\"image\/jpeg\" \/>\n<meta name=\"author\" content=\"Sodr\u00e9\" \/>\n<meta name=\"twitter:card\" content=\"summary_large_image\" \/>\n<meta name=\"twitter:label1\" content=\"Escrito por\" \/>\n\t<meta name=\"twitter:data1\" content=\"Sodr\u00e9\" \/>\n\t<meta name=\"twitter:label2\" content=\"Est. tempo de leitura\" \/>\n\t<meta name=\"twitter:data2\" content=\"1 minuto\" \/>\n<script type=\"application\/ld+json\" class=\"yoast-schema-graph\">{\"@context\":\"https:\/\/schema.org\",\"@graph\":[{\"@type\":\"Article\",\"@id\":\"https:\/\/ubanews.com\/site\/2018\/04\/13\/farmacia-do-trabalhador-do-brasil-oferece-um-dia-de-acao-social-no-calcadao-deputado-ibrahim-jacob\/#article\",\"isPartOf\":{\"@id\":\"https:\/\/ubanews.com\/site\/2018\/04\/13\/farmacia-do-trabalhador-do-brasil-oferece-um-dia-de-acao-social-no-calcadao-deputado-ibrahim-jacob\/\"},\"author\":{\"name\":\"Sodr\u00e9\",\"@id\":\"https:\/\/ubanews.com\/site\/#\/schema\/person\/d90c9e47252fbb63dcc969fe4c8b9d10\"},\"headline\":\"Farm\u00e1cia do Trabalhador do Brasil oferece um dia de a\u00e7\u00e3o social no Cal\u00e7ad\u00e3o Deputado Ibrahim Jacob\",\"datePublished\":\"2018-04-13T16:42:57+00:00\",\"dateModified\":\"2018-04-28T00:33:54+00:00\",\"mainEntityOfPage\":{\"@id\":\"https:\/\/ubanews.com\/site\/2018\/04\/13\/farmacia-do-trabalhador-do-brasil-oferece-um-dia-de-acao-social-no-calcadao-deputado-ibrahim-jacob\/\"},\"wordCount\":197,\"commentCount\":0,\"publisher\":{\"@id\":\"https:\/\/ubanews.com\/site\/#organization\"},\"image\":{\"@id\":\"https:\/\/ubanews.com\/site\/2018\/04\/13\/farmacia-do-trabalhador-do-brasil-oferece-um-dia-de-acao-social-no-calcadao-deputado-ibrahim-jacob\/#primaryimage\"},\"thumbnailUrl\":\"https:\/\/ubanews.com\/site\/wp-content\/uploads\/2018\/04\/DSC0952-c\u00f3pia-1.jpg\",\"articleSection\":[\"Geral\"],\"inLanguage\":\"pt-BR\",\"potentialAction\":[{\"@type\":\"CommentAction\",\"name\":\"Comment\",\"target\":[\"https:\/\/ubanews.com\/site\/2018\/04\/13\/farmacia-do-trabalhador-do-brasil-oferece-um-dia-de-acao-social-no-calcadao-deputado-ibrahim-jacob\/#respond\"]}]},{\"@type\":\"WebPage\",\"@id\":\"https:\/\/ubanews.com\/site\/2018\/04\/13\/farmacia-do-trabalhador-do-brasil-oferece-um-dia-de-acao-social-no-calcadao-deputado-ibrahim-jacob\/\",\"url\":\"https:\/\/ubanews.com\/site\/2018\/04\/13\/farmacia-do-trabalhador-do-brasil-oferece-um-dia-de-acao-social-no-calcadao-deputado-ibrahim-jacob\/\",\"name\":\"Farm\u00e1cia do Trabalhador do Brasil oferece um dia de a\u00e7\u00e3o social no Cal\u00e7ad\u00e3o Deputado Ibrahim Jacob - Ub\u00e1 News\",\"isPartOf\":{\"@id\":\"https:\/\/ubanews.com\/site\/#website\"},\"primaryImageOfPage\":{\"@id\":\"https:\/\/ubanews.com\/site\/2018\/04\/13\/farmacia-do-trabalhador-do-brasil-oferece-um-dia-de-acao-social-no-calcadao-deputado-ibrahim-jacob\/#primaryimage\"},\"image\":{\"@id\":\"https:\/\/ubanews.com\/site\/2018\/04\/13\/farmacia-do-trabalhador-do-brasil-oferece-um-dia-de-acao-social-no-calcadao-deputado-ibrahim-jacob\/#primaryimage\"},\"thumbnailUrl\":\"https:\/\/ubanews.com\/site\/wp-content\/uploads\/2018\/04\/DSC0952-c\u00f3pia-1.jpg\",\"datePublished\":\"2018-04-13T16:42:57+00:00\",\"dateModified\":\"2018-04-28T00:33:54+00:00\",\"breadcrumb\":{\"@id\":\"https:\/\/ubanews.com\/site\/2018\/04\/13\/farmacia-do-trabalhador-do-brasil-oferece-um-dia-de-acao-social-no-calcadao-deputado-ibrahim-jacob\/#breadcrumb\"},\"inLanguage\":\"pt-BR\",\"potentialAction\":[{\"@type\":\"ReadAction\",\"target\":[\"https:\/\/ubanews.com\/site\/2018\/04\/13\/farmacia-do-trabalhador-do-brasil-oferece-um-dia-de-acao-social-no-calcadao-deputado-ibrahim-jacob\/\"]}]},{\"@type\":\"ImageObject\",\"inLanguage\":\"pt-BR\",\"@id\":\"https:\/\/ubanews.com\/site\/2018\/04\/13\/farmacia-do-trabalhador-do-brasil-oferece-um-dia-de-acao-social-no-calcadao-deputado-ibrahim-jacob\/#primaryimage\",\"url\":\"https:\/\/ubanews.com\/site\/wp-content\/uploads\/2018\/04\/DSC0952-c\u00f3pia-1.jpg\",\"contentUrl\":\"https:\/\/ubanews.com\/site\/wp-content\/uploads\/2018\/04\/DSC0952-c\u00f3pia-1.jpg\",\"width\":4724,\"height\":2954},{\"@type\":\"BreadcrumbList\",\"@id\":\"https:\/\/ubanews.com\/site\/2018\/04\/13\/farmacia-do-trabalhador-do-brasil-oferece-um-dia-de-acao-social-no-calcadao-deputado-ibrahim-jacob\/#breadcrumb\",\"itemListElement\":[{\"@type\":\"ListItem\",\"position\":1,\"name\":\"Home\",\"item\":\"https:\/\/ubanews.com\/site\/\"},{\"@type\":\"ListItem\",\"position\":2,\"name\":\"Farm\u00e1cia do Trabalhador do Brasil oferece um dia de a\u00e7\u00e3o social no Cal\u00e7ad\u00e3o Deputado Ibrahim Jacob\"}]},{\"@type\":\"WebSite\",\"@id\":\"https:\/\/ubanews.com\/site\/#website\",\"url\":\"https:\/\/ubanews.com\/site\/\",\"name\":\"Ub\u00e1 News\",\"description\":\"\",\"publisher\":{\"@id\":\"https:\/\/ubanews.com\/site\/#organization\"},\"potentialAction\":[{\"@type\":\"SearchAction\",\"target\":{\"@type\":\"EntryPoint\",\"urlTemplate\":\"https:\/\/ubanews.com\/site\/?s={search_term_string}\"},\"query-input\":{\"@type\":\"PropertyValueSpecification\",\"valueRequired\":true,\"valueName\":\"search_term_string\"}}],\"inLanguage\":\"pt-BR\"},{\"@type\":\"Organization\",\"@id\":\"https:\/\/ubanews.com\/site\/#organization\",\"name\":\"Ub\u00e1 News\",\"url\":\"https:\/\/ubanews.com\/site\/\",\"logo\":{\"@type\":\"ImageObject\",\"inLanguage\":\"pt-BR\",\"@id\":\"https:\/\/ubanews.com\/site\/#\/schema\/logo\/image\/\",\"url\":\"https:\/\/ubanews.com\/site\/wp-content\/uploads\/2018\/01\/logoubanews.png\",\"contentUrl\":\"https:\/\/ubanews.com\/site\/wp-content\/uploads\/2018\/01\/logoubanews.png\",\"width\":261,\"height\":99,\"caption\":\"Ub\u00e1 News\"},\"image\":{\"@id\":\"https:\/\/ubanews.com\/site\/#\/schema\/logo\/image\/\"},\"sameAs\":[\"https:\/\/www.facebook.com\/Ub\u00e1News-Carlos-Roberto-Sodr\u00e9-418778301977370\"]},{\"@type\":\"Person\",\"@id\":\"https:\/\/ubanews.com\/site\/#\/schema\/person\/d90c9e47252fbb63dcc969fe4c8b9d10\",\"name\":\"Sodr\u00e9\",\"image\":{\"@type\":\"ImageObject\",\"inLanguage\":\"pt-BR\",\"@id\":\"https:\/\/secure.gravatar.com\/avatar\/5ba2793f0590b9dbfad3fdec4ee714485b3eef211c9b32ee53d414060454a56c?s=96&d=mm&r=g\",\"url\":\"https:\/\/secure.gravatar.com\/avatar\/5ba2793f0590b9dbfad3fdec4ee714485b3eef211c9b32ee53d414060454a56c?s=96&d=mm&r=g\",\"contentUrl\":\"https:\/\/secure.gravatar.com\/avatar\/5ba2793f0590b9dbfad3fdec4ee714485b3eef211c9b32ee53d414060454a56c?s=96&d=mm&r=g\",\"caption\":\"Sodr\u00e9\"},\"sameAs\":[\"https:\/\/www.facebook.com\/carosroberto.sodre.5\/\"],\"url\":\"https:\/\/ubanews.com\/site\/author\/felipe\/\"}]}<\/script>\n<!-- \/ Yoast SEO plugin. -->","yoast_head_json":{"title":"Farm\u00e1cia do Trabalhador do Brasil oferece um dia de a\u00e7\u00e3o social no Cal\u00e7ad\u00e3o Deputado Ibrahim Jacob - Ub\u00e1 News","robots":{"index":"index","follow":"follow","max-snippet":"max-snippet:-1","max-image-preview":"max-image-preview:large","max-video-preview":"max-video-preview:-1"},"canonical":"https:\/\/ubanews.com\/site\/2018\/04\/13\/farmacia-do-trabalhador-do-brasil-oferece-um-dia-de-acao-social-no-calcadao-deputado-ibrahim-jacob\/","og_locale":"pt_BR","og_type":"article","og_title":"Farm\u00e1cia do Trabalhador do Brasil oferece um dia de a\u00e7\u00e3o social no Cal\u00e7ad\u00e3o Deputado Ibrahim Jacob - Ub\u00e1 News","og_description":"H\u00e1 v\u00e1rios anos a Farm\u00e1cia do Trabalhador do Brasil oferece","og_url":"https:\/\/ubanews.com\/site\/2018\/04\/13\/farmacia-do-trabalhador-do-brasil-oferece-um-dia-de-acao-social-no-calcadao-deputado-ibrahim-jacob\/","og_site_name":"Ub\u00e1 News","article_publisher":"https:\/\/www.facebook.com\/Ub%c3%a1News-Carlos-Roberto-Sodr%c3%a9-418778301977370","article_author":"https:\/\/www.facebook.com\/carosroberto.sodre.5\/","article_published_time":"2018-04-13T16:42:57+00:00","article_modified_time":"2018-04-28T00:33:54+00:00","og_image":[{"width":4724,"height":2954,"url":"https:\/\/ubanews.com\/site\/wp-content\/uploads\/2018\/04\/DSC0952-c\u00f3pia-1.jpg","type":"image\/jpeg"}],"author":"Sodr\u00e9","twitter_card":"summary_large_image","twitter_misc":{"Escrito por":"Sodr\u00e9","Est. tempo de leitura":"1 minuto"},"schema":{"@context":"https:\/\/schema.org","@graph":[{"@type":"Article","@id":"https:\/\/ubanews.com\/site\/2018\/04\/13\/farmacia-do-trabalhador-do-brasil-oferece-um-dia-de-acao-social-no-calcadao-deputado-ibrahim-jacob\/#article","isPartOf":{"@id":"https:\/\/ubanews.com\/site\/2018\/04\/13\/farmacia-do-trabalhador-do-brasil-oferece-um-dia-de-acao-social-no-calcadao-deputado-ibrahim-jacob\/"},"author":{"name":"Sodr\u00e9","@id":"https:\/\/ubanews.com\/site\/#\/schema\/person\/d90c9e47252fbb63dcc969fe4c8b9d10"},"headline":"Farm\u00e1cia do Trabalhador do Brasil oferece um dia de a\u00e7\u00e3o social no Cal\u00e7ad\u00e3o Deputado Ibrahim Jacob","datePublished":"2018-04-13T16:42:57+00:00","dateModified":"2018-04-28T00:33:54+00:00","mainEntityOfPage":{"@id":"https:\/\/ubanews.com\/site\/2018\/04\/13\/farmacia-do-trabalhador-do-brasil-oferece-um-dia-de-acao-social-no-calcadao-deputado-ibrahim-jacob\/"},"wordCount":197,"commentCount":0,"publisher":{"@id":"https:\/\/ubanews.com\/site\/#organization"},"image":{"@id":"https:\/\/ubanews.com\/site\/2018\/04\/13\/farmacia-do-trabalhador-do-brasil-oferece-um-dia-de-acao-social-no-calcadao-deputado-ibrahim-jacob\/#primaryimage"},"thumbnailUrl":"https:\/\/ubanews.com\/site\/wp-content\/uploads\/2018\/04\/DSC0952-c\u00f3pia-1.jpg","articleSection":["Geral"],"inLanguage":"pt-BR","potentialAction":[{"@type":"CommentAction","name":"Comment","target":["https:\/\/ubanews.com\/site\/2018\/04\/13\/farmacia-do-trabalhador-do-brasil-oferece-um-dia-de-acao-social-no-calcadao-deputado-ibrahim-jacob\/#respond"]}]},{"@type":"WebPage","@id":"https:\/\/ubanews.com\/site\/2018\/04\/13\/farmacia-do-trabalhador-do-brasil-oferece-um-dia-de-acao-social-no-calcadao-deputado-ibrahim-jacob\/","url":"https:\/\/ubanews.com\/site\/2018\/04\/13\/farmacia-do-trabalhador-do-brasil-oferece-um-dia-de-acao-social-no-calcadao-deputado-ibrahim-jacob\/","name":"Farm\u00e1cia do Trabalhador do Brasil oferece um dia de a\u00e7\u00e3o social no Cal\u00e7ad\u00e3o Deputado Ibrahim Jacob - Ub\u00e1 News","isPartOf":{"@id":"https:\/\/ubanews.com\/site\/#website"},"primaryImageOfPage":{"@id":"https:\/\/ubanews.com\/site\/2018\/04\/13\/farmacia-do-trabalhador-do-brasil-oferece-um-dia-de-acao-social-no-calcadao-deputado-ibrahim-jacob\/#primaryimage"},"image":{"@id":"https:\/\/ubanews.com\/site\/2018\/04\/13\/farmacia-do-trabalhador-do-brasil-oferece-um-dia-de-acao-social-no-calcadao-deputado-ibrahim-jacob\/#primaryimage"},"thumbnailUrl":"https:\/\/ubanews.com\/site\/wp-content\/uploads\/2018\/04\/DSC0952-c\u00f3pia-1.jpg","datePublished":"2018-04-13T16:42:57+00:00","dateModified":"2018-04-28T00:33:54+00:00","breadcrumb":{"@id":"https:\/\/ubanews.com\/site\/2018\/04\/13\/farmacia-do-trabalhador-do-brasil-oferece-um-dia-de-acao-social-no-calcadao-deputado-ibrahim-jacob\/#breadcrumb"},"inLanguage":"pt-BR","potentialAction":[{"@type":"ReadAction","target":["https:\/\/ubanews.com\/site\/2018\/04\/13\/farmacia-do-trabalhador-do-brasil-oferece-um-dia-de-acao-social-no-calcadao-deputado-ibrahim-jacob\/"]}]},{"@type":"ImageObject","inLanguage":"pt-BR","@id":"https:\/\/ubanews.com\/site\/2018\/04\/13\/farmacia-do-trabalhador-do-brasil-oferece-um-dia-de-acao-social-no-calcadao-deputado-ibrahim-jacob\/#primaryimage","url":"https:\/\/ubanews.com\/site\/wp-content\/uploads\/2018\/04\/DSC0952-c\u00f3pia-1.jpg","contentUrl":"https:\/\/ubanews.com\/site\/wp-content\/uploads\/2018\/04\/DSC0952-c\u00f3pia-1.jpg","width":4724,"height":2954},{"@type":"BreadcrumbList","@id":"https:\/\/ubanews.com\/site\/2018\/04\/13\/farmacia-do-trabalhador-do-brasil-oferece-um-dia-de-acao-social-no-calcadao-deputado-ibrahim-jacob\/#breadcrumb","itemListElement":[{"@type":"ListItem","position":1,"name":"Home","item":"https:\/\/ubanews.com\/site\/"},{"@type":"ListItem","position":2,"name":"Farm\u00e1cia do Trabalhador do Brasil oferece um dia de a\u00e7\u00e3o social no Cal\u00e7ad\u00e3o Deputado Ibrahim Jacob"}]},{"@type":"WebSite","@id":"https:\/\/ubanews.com\/site\/#website","url":"https:\/\/ubanews.com\/site\/","name":"Ub\u00e1 News","description":"","publisher":{"@id":"https:\/\/ubanews.com\/site\/#organization"},"potentialAction":[{"@type":"SearchAction","target":{"@type":"EntryPoint","urlTemplate":"https:\/\/ubanews.com\/site\/?s={search_term_string}"},"query-input":{"@type":"PropertyValueSpecification","valueRequired":true,"valueName":"search_term_string"}}],"inLanguage":"pt-BR"},{"@type":"Organization","@id":"https:\/\/ubanews.com\/site\/#organization","name":"Ub\u00e1 News","url":"https:\/\/ubanews.com\/site\/","logo":{"@type":"ImageObject","inLanguage":"pt-BR","@id":"https:\/\/ubanews.com\/site\/#\/schema\/logo\/image\/","url":"https:\/\/ubanews.com\/site\/wp-content\/uploads\/2018\/01\/logoubanews.png","contentUrl":"https:\/\/ubanews.com\/site\/wp-content\/uploads\/2018\/01\/logoubanews.png","width":261,"height":99,"caption":"Ub\u00e1 News"},"image":{"@id":"https:\/\/ubanews.com\/site\/#\/schema\/logo\/image\/"},"sameAs":["https:\/\/www.facebook.com\/Ub\u00e1News-Carlos-Roberto-Sodr\u00e9-418778301977370"]},{"@type":"Person","@id":"https:\/\/ubanews.com\/site\/#\/schema\/person\/d90c9e47252fbb63dcc969fe4c8b9d10","name":"Sodr\u00e9","image":{"@type":"ImageObject","inLanguage":"pt-BR","@id":"https:\/\/secure.gravatar.com\/avatar\/5ba2793f0590b9dbfad3fdec4ee714485b3eef211c9b32ee53d414060454a56c?s=96&d=mm&r=g","url":"https:\/\/secure.gravatar.com\/avatar\/5ba2793f0590b9dbfad3fdec4ee714485b3eef211c9b32ee53d414060454a56c?s=96&d=mm&r=g","contentUrl":"https:\/\/secure.gravatar.com\/avatar\/5ba2793f0590b9dbfad3fdec4ee714485b3eef211c9b32ee53d414060454a56c?s=96&d=mm&r=g","caption":"Sodr\u00e9"},"sameAs":["https:\/\/www.facebook.com\/carosroberto.sodre.5\/"],"url":"https:\/\/ubanews.com\/site\/author\/felipe\/"}]}},"_links":{"self":[{"href":"https:\/\/ubanews.com\/site\/wp-json\/wp\/v2\/posts\/1976","targetHints":{"allow":["GET"]}}],"collection":[{"href":"https:\/\/ubanews.com\/site\/wp-json\/wp\/v2\/posts"}],"about":[{"href":"https:\/\/ubanews.com\/site\/wp-json\/wp\/v2\/types\/post"}],"author":[{"embeddable":true,"href":"https:\/\/ubanews.com\/site\/wp-json\/wp\/v2\/users\/2"}],"replies":[{"embeddable":true,"href":"https:\/\/ubanews.com\/site\/wp-json\/wp\/v2\/comments?post=1976"}],"version-history":[{"count":0,"href":"https:\/\/ubanews.com\/site\/wp-json\/wp\/v2\/posts\/1976\/revisions"}],"wp:featuredmedia":[{"embeddable":true,"href":"https:\/\/ubanews.com\/site\/wp-json\/wp\/v2\/media\/1984"}],"wp:attachment":[{"href":"https:\/\/ubanews.com\/site\/wp-json\/wp\/v2\/media?parent=1976"}],"wp:term":[{"taxonomy":"category","embeddable":true,"href":"https:\/\/ubanews.com\/site\/wp-json\/wp\/v2\/categories?post=1976"},{"taxonomy":"post_tag","embeddable":true,"href":"https:\/\/ubanews.com\/site\/wp-json\/wp\/v2\/tags?post=1976"}],"curies":[{"name":"wp","href":"https:\/\/api.w.org\/{rel}","templated":true}]}}