{"id":1964,"date":"2018-04-12T14:40:04","date_gmt":"2018-04-12T17:40:04","guid":{"rendered":"http:\/\/ubanews.com\/site\/?p=1964"},"modified":"2018-04-14T12:19:22","modified_gmt":"2018-04-14T15:19:22","slug":"corpo-de-bombeiros-militar-de-uba-atende-acidente-automobilistico-com-vitima-fatal","status":"publish","type":"post","link":"https:\/\/ubanews.com\/site\/2018\/04\/12\/corpo-de-bombeiros-militar-de-uba-atende-acidente-automobilistico-com-vitima-fatal\/","title":{"rendered":"Corpo de Bombeiros Militar de Ub\u00e1 atende acidente automobil\u00edstico com v\u00edtima fatal"},"content":{"rendered":"<p><img decoding=\"async\" class=\"alignnone size-full wp-image-1965 lazyload\" data-src=\"https:\/\/ubanews.com\/site\/wp-content\/uploads\/2018\/04\/2018-04-12-at-13.46.49.jpeg\" alt=\"\" width=\"720\" height=\"1280\" data-srcset=\"https:\/\/ubanews.com\/site\/wp-content\/uploads\/2018\/04\/2018-04-12-at-13.46.49.jpeg 720w, https:\/\/ubanews.com\/site\/wp-content\/uploads\/2018\/04\/2018-04-12-at-13.46.49-169x300.jpeg 169w, https:\/\/ubanews.com\/site\/wp-content\/uploads\/2018\/04\/2018-04-12-at-13.46.49-576x1024.jpeg 576w\" data-sizes=\"(max-width: 720px) 100vw, 720px\" src=\"data:image\/svg+xml;base64,PHN2ZyB3aWR0aD0iMSIgaGVpZ2h0PSIxIiB4bWxucz0iaHR0cDovL3d3dy53My5vcmcvMjAwMC9zdmciPjwvc3ZnPg==\" style=\"--smush-placeholder-width: 720px; --smush-placeholder-aspect-ratio: 720\/1280;\" \/> <img decoding=\"async\" class=\"alignnone size-full wp-image-1966 lazyload\" data-src=\"https:\/\/ubanews.com\/site\/wp-content\/uploads\/2018\/04\/29873428_1676021585817743_4883876950140560048_o.jpg\" alt=\"\" width=\"576\" height=\"1024\" data-srcset=\"https:\/\/ubanews.com\/site\/wp-content\/uploads\/2018\/04\/29873428_1676021585817743_4883876950140560048_o.jpg 576w, https:\/\/ubanews.com\/site\/wp-content\/uploads\/2018\/04\/29873428_1676021585817743_4883876950140560048_o-169x300.jpg 169w\" data-sizes=\"(max-width: 576px) 100vw, 576px\" src=\"data:image\/svg+xml;base64,PHN2ZyB3aWR0aD0iMSIgaGVpZ2h0PSIxIiB4bWxucz0iaHR0cDovL3d3dy53My5vcmcvMjAwMC9zdmciPjwvc3ZnPg==\" style=\"--smush-placeholder-width: 576px; --smush-placeholder-aspect-ratio: 576\/1024;\" \/> <img decoding=\"async\" class=\"alignnone size-full wp-image-1968 lazyload\" data-src=\"https:\/\/ubanews.com\/site\/wp-content\/uploads\/2018\/04\/29983210_1676021275817774_8268020100160540713_o.jpg\" alt=\"\" width=\"576\" height=\"1024\" data-srcset=\"https:\/\/ubanews.com\/site\/wp-content\/uploads\/2018\/04\/29983210_1676021275817774_8268020100160540713_o.jpg 576w, https:\/\/ubanews.com\/site\/wp-content\/uploads\/2018\/04\/29983210_1676021275817774_8268020100160540713_o-169x300.jpg 169w\" data-sizes=\"(max-width: 576px) 100vw, 576px\" src=\"data:image\/svg+xml;base64,PHN2ZyB3aWR0aD0iMSIgaGVpZ2h0PSIxIiB4bWxucz0iaHR0cDovL3d3dy53My5vcmcvMjAwMC9zdmciPjwvc3ZnPg==\" style=\"--smush-placeholder-width: 576px; --smush-placeholder-aspect-ratio: 576\/1024;\" \/> <img decoding=\"async\" class=\"alignnone size-full wp-image-1969 lazyload\" data-src=\"https:\/\/ubanews.com\/site\/wp-content\/uploads\/2018\/04\/30167528_1676021592484409_8818202862168088951_o.jpg\" alt=\"\" width=\"1024\" height=\"576\" data-srcset=\"https:\/\/ubanews.com\/site\/wp-content\/uploads\/2018\/04\/30167528_1676021592484409_8818202862168088951_o.jpg 1024w, https:\/\/ubanews.com\/site\/wp-content\/uploads\/2018\/04\/30167528_1676021592484409_8818202862168088951_o-300x169.jpg 300w, https:\/\/ubanews.com\/site\/wp-content\/uploads\/2018\/04\/30167528_1676021592484409_8818202862168088951_o-768x432.jpg 768w\" data-sizes=\"(max-width: 1024px) 100vw, 1024px\" src=\"data:image\/svg+xml;base64,PHN2ZyB3aWR0aD0iMSIgaGVpZ2h0PSIxIiB4bWxucz0iaHR0cDovL3d3dy53My5vcmcvMjAwMC9zdmciPjwvc3ZnPg==\" style=\"--smush-placeholder-width: 1024px; --smush-placeholder-aspect-ratio: 1024\/576;\" \/><img decoding=\"async\" class=\"alignnone size-full wp-image-1971 lazyload\" data-src=\"https:\/\/ubanews.com\/site\/wp-content\/uploads\/2018\/04\/WhatsApp-Image-2018-04-12-at-13.33.34.jpg\" alt=\"\" width=\"960\" height=\"1280\" data-srcset=\"https:\/\/ubanews.com\/site\/wp-content\/uploads\/2018\/04\/WhatsApp-Image-2018-04-12-at-13.33.34.jpg 960w, https:\/\/ubanews.com\/site\/wp-content\/uploads\/2018\/04\/WhatsApp-Image-2018-04-12-at-13.33.34-225x300.jpg 225w, https:\/\/ubanews.com\/site\/wp-content\/uploads\/2018\/04\/WhatsApp-Image-2018-04-12-at-13.33.34-768x1024.jpg 768w\" data-sizes=\"(max-width: 960px) 100vw, 960px\" src=\"data:image\/svg+xml;base64,PHN2ZyB3aWR0aD0iMSIgaGVpZ2h0PSIxIiB4bWxucz0iaHR0cDovL3d3dy53My5vcmcvMjAwMC9zdmciPjwvc3ZnPg==\" style=\"--smush-placeholder-width: 960px; --smush-placeholder-aspect-ratio: 960\/1280;\" \/><\/p>\n<p>Militares da Segunda Companhia do Corpo de Bombeiros de Ub\u00e1 atenderam na manh\u00e3 de quarta-feira (12), por volta de 09h 30min, um acidente envolvendo uma colis\u00e3o frontal entre um caminh\u00e3o de S\u00e3o Sebasti\u00e3o da Vargem Alegre \u2013 MG, dirigido por Cristiano Alves (36) e um ve\u00edculo de passeio, Celta de Guiricema \u2013 MG, conduzido por Amilton D\u2019Battisti (55) na MG 447, KM 27.<\/p>\n<p>Amilton D\u2019Battisti, se encontrava sem os sinais vitais, preso no interior do ve\u00edculo. Quanto ao Cristiano, ele n\u00e3o sofreu nenhum tipo de ferimentos e dispensou apoio m\u00e9dico. A guarni\u00e7\u00e3o de salvamento, ap\u00f3s a avalia\u00e7\u00e3o da cena e a libera\u00e7\u00e3o do perito, retirou a v\u00edtima fatal do interior do Celta e a deixou aos cuidados da funer\u00e1ria Rio Branco.<\/p>\n<p>Fotos: Facebook<\/p>\n","protected":false},"excerpt":{"rendered":"<p>Militares da Segunda Companhia do Corpo de Bombeiros de Ub\u00e1<\/p>\n","protected":false},"author":2,"featured_media":1967,"comment_status":"open","ping_status":"open","sticky":false,"template":"","format":"standard","meta":{"footnotes":""},"categories":[1],"tags":[],"class_list":["post-1964","post","type-post","status-publish","format-standard","has-post-thumbnail","hentry","category-sem-categoria"],"yoast_head":"<!-- This site is optimized with the Yoast SEO plugin v27.2 - https:\/\/yoast.com\/product\/yoast-seo-wordpress\/ -->\n<title>Corpo de Bombeiros Militar de Ub\u00e1 atende acidente automobil\u00edstico com v\u00edtima fatal - Ub\u00e1 News<\/title>\n<meta name=\"robots\" content=\"index, follow, max-snippet:-1, max-image-preview:large, max-video-preview:-1\" \/>\n<link rel=\"canonical\" href=\"https:\/\/ubanews.com\/site\/2018\/04\/12\/corpo-de-bombeiros-militar-de-uba-atende-acidente-automobilistico-com-vitima-fatal\/\" \/>\n<meta property=\"og:locale\" content=\"pt_BR\" \/>\n<meta property=\"og:type\" content=\"article\" \/>\n<meta property=\"og:title\" content=\"Corpo de Bombeiros Militar de Ub\u00e1 atende acidente automobil\u00edstico com v\u00edtima fatal - Ub\u00e1 News\" \/>\n<meta property=\"og:description\" content=\"Militares da Segunda Companhia do Corpo de Bombeiros de Ub\u00e1\" \/>\n<meta property=\"og:url\" content=\"https:\/\/ubanews.com\/site\/2018\/04\/12\/corpo-de-bombeiros-militar-de-uba-atende-acidente-automobilistico-com-vitima-fatal\/\" \/>\n<meta property=\"og:site_name\" content=\"Ub\u00e1 News\" \/>\n<meta property=\"article:publisher\" content=\"https:\/\/www.facebook.com\/Ub%c3%a1News-Carlos-Roberto-Sodr%c3%a9-418778301977370\" \/>\n<meta property=\"article:author\" content=\"https:\/\/www.facebook.com\/carosroberto.sodre.5\/\" \/>\n<meta property=\"article:published_time\" content=\"2018-04-12T17:40:04+00:00\" \/>\n<meta property=\"article:modified_time\" content=\"2018-04-14T15:19:22+00:00\" \/>\n<meta property=\"og:image\" content=\"https:\/\/ubanews.com\/site\/wp-content\/uploads\/2018\/04\/29982887_1676025645817337_6395964813097576092_o.jpg\" \/>\n\t<meta property=\"og:image:width\" content=\"720\" \/>\n\t<meta property=\"og:image:height\" content=\"1280\" \/>\n\t<meta property=\"og:image:type\" content=\"image\/jpeg\" \/>\n<meta name=\"author\" content=\"Sodr\u00e9\" \/>\n<meta name=\"twitter:card\" content=\"summary_large_image\" \/>\n<meta name=\"twitter:label1\" content=\"Escrito por\" \/>\n\t<meta name=\"twitter:data1\" content=\"Sodr\u00e9\" \/>\n\t<meta name=\"twitter:label2\" content=\"Est. tempo de leitura\" \/>\n\t<meta name=\"twitter:data2\" content=\"1 minuto\" \/>\n<script type=\"application\/ld+json\" class=\"yoast-schema-graph\">{\"@context\":\"https:\/\/schema.org\",\"@graph\":[{\"@type\":\"Article\",\"@id\":\"https:\/\/ubanews.com\/site\/2018\/04\/12\/corpo-de-bombeiros-militar-de-uba-atende-acidente-automobilistico-com-vitima-fatal\/#article\",\"isPartOf\":{\"@id\":\"https:\/\/ubanews.com\/site\/2018\/04\/12\/corpo-de-bombeiros-militar-de-uba-atende-acidente-automobilistico-com-vitima-fatal\/\"},\"author\":{\"name\":\"Sodr\u00e9\",\"@id\":\"https:\/\/ubanews.com\/site\/#\/schema\/person\/d90c9e47252fbb63dcc969fe4c8b9d10\"},\"headline\":\"Corpo de Bombeiros Militar de Ub\u00e1 atende acidente automobil\u00edstico com v\u00edtima fatal\",\"datePublished\":\"2018-04-12T17:40:04+00:00\",\"dateModified\":\"2018-04-14T15:19:22+00:00\",\"mainEntityOfPage\":{\"@id\":\"https:\/\/ubanews.com\/site\/2018\/04\/12\/corpo-de-bombeiros-militar-de-uba-atende-acidente-automobilistico-com-vitima-fatal\/\"},\"wordCount\":146,\"commentCount\":0,\"publisher\":{\"@id\":\"https:\/\/ubanews.com\/site\/#organization\"},\"image\":{\"@id\":\"https:\/\/ubanews.com\/site\/2018\/04\/12\/corpo-de-bombeiros-militar-de-uba-atende-acidente-automobilistico-com-vitima-fatal\/#primaryimage\"},\"thumbnailUrl\":\"https:\/\/ubanews.com\/site\/wp-content\/uploads\/2018\/04\/29982887_1676025645817337_6395964813097576092_o.jpg\",\"articleSection\":[\"Geral\"],\"inLanguage\":\"pt-BR\",\"potentialAction\":[{\"@type\":\"CommentAction\",\"name\":\"Comment\",\"target\":[\"https:\/\/ubanews.com\/site\/2018\/04\/12\/corpo-de-bombeiros-militar-de-uba-atende-acidente-automobilistico-com-vitima-fatal\/#respond\"]}]},{\"@type\":\"WebPage\",\"@id\":\"https:\/\/ubanews.com\/site\/2018\/04\/12\/corpo-de-bombeiros-militar-de-uba-atende-acidente-automobilistico-com-vitima-fatal\/\",\"url\":\"https:\/\/ubanews.com\/site\/2018\/04\/12\/corpo-de-bombeiros-militar-de-uba-atende-acidente-automobilistico-com-vitima-fatal\/\",\"name\":\"Corpo de Bombeiros Militar de Ub\u00e1 atende acidente automobil\u00edstico com v\u00edtima fatal - Ub\u00e1 News\",\"isPartOf\":{\"@id\":\"https:\/\/ubanews.com\/site\/#website\"},\"primaryImageOfPage\":{\"@id\":\"https:\/\/ubanews.com\/site\/2018\/04\/12\/corpo-de-bombeiros-militar-de-uba-atende-acidente-automobilistico-com-vitima-fatal\/#primaryimage\"},\"image\":{\"@id\":\"https:\/\/ubanews.com\/site\/2018\/04\/12\/corpo-de-bombeiros-militar-de-uba-atende-acidente-automobilistico-com-vitima-fatal\/#primaryimage\"},\"thumbnailUrl\":\"https:\/\/ubanews.com\/site\/wp-content\/uploads\/2018\/04\/29982887_1676025645817337_6395964813097576092_o.jpg\",\"datePublished\":\"2018-04-12T17:40:04+00:00\",\"dateModified\":\"2018-04-14T15:19:22+00:00\",\"breadcrumb\":{\"@id\":\"https:\/\/ubanews.com\/site\/2018\/04\/12\/corpo-de-bombeiros-militar-de-uba-atende-acidente-automobilistico-com-vitima-fatal\/#breadcrumb\"},\"inLanguage\":\"pt-BR\",\"potentialAction\":[{\"@type\":\"ReadAction\",\"target\":[\"https:\/\/ubanews.com\/site\/2018\/04\/12\/corpo-de-bombeiros-militar-de-uba-atende-acidente-automobilistico-com-vitima-fatal\/\"]}]},{\"@type\":\"ImageObject\",\"inLanguage\":\"pt-BR\",\"@id\":\"https:\/\/ubanews.com\/site\/2018\/04\/12\/corpo-de-bombeiros-militar-de-uba-atende-acidente-automobilistico-com-vitima-fatal\/#primaryimage\",\"url\":\"https:\/\/ubanews.com\/site\/wp-content\/uploads\/2018\/04\/29982887_1676025645817337_6395964813097576092_o.jpg\",\"contentUrl\":\"https:\/\/ubanews.com\/site\/wp-content\/uploads\/2018\/04\/29982887_1676025645817337_6395964813097576092_o.jpg\",\"width\":720,\"height\":1280},{\"@type\":\"BreadcrumbList\",\"@id\":\"https:\/\/ubanews.com\/site\/2018\/04\/12\/corpo-de-bombeiros-militar-de-uba-atende-acidente-automobilistico-com-vitima-fatal\/#breadcrumb\",\"itemListElement\":[{\"@type\":\"ListItem\",\"position\":1,\"name\":\"Home\",\"item\":\"https:\/\/ubanews.com\/site\/\"},{\"@type\":\"ListItem\",\"position\":2,\"name\":\"Corpo de Bombeiros Militar de Ub\u00e1 atende acidente automobil\u00edstico com v\u00edtima fatal\"}]},{\"@type\":\"WebSite\",\"@id\":\"https:\/\/ubanews.com\/site\/#website\",\"url\":\"https:\/\/ubanews.com\/site\/\",\"name\":\"Ub\u00e1 News\",\"description\":\"\",\"publisher\":{\"@id\":\"https:\/\/ubanews.com\/site\/#organization\"},\"potentialAction\":[{\"@type\":\"SearchAction\",\"target\":{\"@type\":\"EntryPoint\",\"urlTemplate\":\"https:\/\/ubanews.com\/site\/?s={search_term_string}\"},\"query-input\":{\"@type\":\"PropertyValueSpecification\",\"valueRequired\":true,\"valueName\":\"search_term_string\"}}],\"inLanguage\":\"pt-BR\"},{\"@type\":\"Organization\",\"@id\":\"https:\/\/ubanews.com\/site\/#organization\",\"name\":\"Ub\u00e1 News\",\"url\":\"https:\/\/ubanews.com\/site\/\",\"logo\":{\"@type\":\"ImageObject\",\"inLanguage\":\"pt-BR\",\"@id\":\"https:\/\/ubanews.com\/site\/#\/schema\/logo\/image\/\",\"url\":\"https:\/\/ubanews.com\/site\/wp-content\/uploads\/2018\/01\/logoubanews.png\",\"contentUrl\":\"https:\/\/ubanews.com\/site\/wp-content\/uploads\/2018\/01\/logoubanews.png\",\"width\":261,\"height\":99,\"caption\":\"Ub\u00e1 News\"},\"image\":{\"@id\":\"https:\/\/ubanews.com\/site\/#\/schema\/logo\/image\/\"},\"sameAs\":[\"https:\/\/www.facebook.com\/Ub\u00e1News-Carlos-Roberto-Sodr\u00e9-418778301977370\"]},{\"@type\":\"Person\",\"@id\":\"https:\/\/ubanews.com\/site\/#\/schema\/person\/d90c9e47252fbb63dcc969fe4c8b9d10\",\"name\":\"Sodr\u00e9\",\"image\":{\"@type\":\"ImageObject\",\"inLanguage\":\"pt-BR\",\"@id\":\"https:\/\/secure.gravatar.com\/avatar\/5ba2793f0590b9dbfad3fdec4ee714485b3eef211c9b32ee53d414060454a56c?s=96&d=mm&r=g\",\"url\":\"https:\/\/secure.gravatar.com\/avatar\/5ba2793f0590b9dbfad3fdec4ee714485b3eef211c9b32ee53d414060454a56c?s=96&d=mm&r=g\",\"contentUrl\":\"https:\/\/secure.gravatar.com\/avatar\/5ba2793f0590b9dbfad3fdec4ee714485b3eef211c9b32ee53d414060454a56c?s=96&d=mm&r=g\",\"caption\":\"Sodr\u00e9\"},\"sameAs\":[\"https:\/\/www.facebook.com\/carosroberto.sodre.5\/\"],\"url\":\"https:\/\/ubanews.com\/site\/author\/felipe\/\"}]}<\/script>\n<!-- \/ Yoast SEO plugin. -->","yoast_head_json":{"title":"Corpo de Bombeiros Militar de Ub\u00e1 atende acidente automobil\u00edstico com v\u00edtima fatal - Ub\u00e1 News","robots":{"index":"index","follow":"follow","max-snippet":"max-snippet:-1","max-image-preview":"max-image-preview:large","max-video-preview":"max-video-preview:-1"},"canonical":"https:\/\/ubanews.com\/site\/2018\/04\/12\/corpo-de-bombeiros-militar-de-uba-atende-acidente-automobilistico-com-vitima-fatal\/","og_locale":"pt_BR","og_type":"article","og_title":"Corpo de Bombeiros Militar de Ub\u00e1 atende acidente automobil\u00edstico com v\u00edtima fatal - Ub\u00e1 News","og_description":"Militares da Segunda Companhia do Corpo de Bombeiros de Ub\u00e1","og_url":"https:\/\/ubanews.com\/site\/2018\/04\/12\/corpo-de-bombeiros-militar-de-uba-atende-acidente-automobilistico-com-vitima-fatal\/","og_site_name":"Ub\u00e1 News","article_publisher":"https:\/\/www.facebook.com\/Ub%c3%a1News-Carlos-Roberto-Sodr%c3%a9-418778301977370","article_author":"https:\/\/www.facebook.com\/carosroberto.sodre.5\/","article_published_time":"2018-04-12T17:40:04+00:00","article_modified_time":"2018-04-14T15:19:22+00:00","og_image":[{"width":720,"height":1280,"url":"https:\/\/ubanews.com\/site\/wp-content\/uploads\/2018\/04\/29982887_1676025645817337_6395964813097576092_o.jpg","type":"image\/jpeg"}],"author":"Sodr\u00e9","twitter_card":"summary_large_image","twitter_misc":{"Escrito por":"Sodr\u00e9","Est. tempo de leitura":"1 minuto"},"schema":{"@context":"https:\/\/schema.org","@graph":[{"@type":"Article","@id":"https:\/\/ubanews.com\/site\/2018\/04\/12\/corpo-de-bombeiros-militar-de-uba-atende-acidente-automobilistico-com-vitima-fatal\/#article","isPartOf":{"@id":"https:\/\/ubanews.com\/site\/2018\/04\/12\/corpo-de-bombeiros-militar-de-uba-atende-acidente-automobilistico-com-vitima-fatal\/"},"author":{"name":"Sodr\u00e9","@id":"https:\/\/ubanews.com\/site\/#\/schema\/person\/d90c9e47252fbb63dcc969fe4c8b9d10"},"headline":"Corpo de Bombeiros Militar de Ub\u00e1 atende acidente automobil\u00edstico com v\u00edtima fatal","datePublished":"2018-04-12T17:40:04+00:00","dateModified":"2018-04-14T15:19:22+00:00","mainEntityOfPage":{"@id":"https:\/\/ubanews.com\/site\/2018\/04\/12\/corpo-de-bombeiros-militar-de-uba-atende-acidente-automobilistico-com-vitima-fatal\/"},"wordCount":146,"commentCount":0,"publisher":{"@id":"https:\/\/ubanews.com\/site\/#organization"},"image":{"@id":"https:\/\/ubanews.com\/site\/2018\/04\/12\/corpo-de-bombeiros-militar-de-uba-atende-acidente-automobilistico-com-vitima-fatal\/#primaryimage"},"thumbnailUrl":"https:\/\/ubanews.com\/site\/wp-content\/uploads\/2018\/04\/29982887_1676025645817337_6395964813097576092_o.jpg","articleSection":["Geral"],"inLanguage":"pt-BR","potentialAction":[{"@type":"CommentAction","name":"Comment","target":["https:\/\/ubanews.com\/site\/2018\/04\/12\/corpo-de-bombeiros-militar-de-uba-atende-acidente-automobilistico-com-vitima-fatal\/#respond"]}]},{"@type":"WebPage","@id":"https:\/\/ubanews.com\/site\/2018\/04\/12\/corpo-de-bombeiros-militar-de-uba-atende-acidente-automobilistico-com-vitima-fatal\/","url":"https:\/\/ubanews.com\/site\/2018\/04\/12\/corpo-de-bombeiros-militar-de-uba-atende-acidente-automobilistico-com-vitima-fatal\/","name":"Corpo de Bombeiros Militar de Ub\u00e1 atende acidente automobil\u00edstico com v\u00edtima fatal - Ub\u00e1 News","isPartOf":{"@id":"https:\/\/ubanews.com\/site\/#website"},"primaryImageOfPage":{"@id":"https:\/\/ubanews.com\/site\/2018\/04\/12\/corpo-de-bombeiros-militar-de-uba-atende-acidente-automobilistico-com-vitima-fatal\/#primaryimage"},"image":{"@id":"https:\/\/ubanews.com\/site\/2018\/04\/12\/corpo-de-bombeiros-militar-de-uba-atende-acidente-automobilistico-com-vitima-fatal\/#primaryimage"},"thumbnailUrl":"https:\/\/ubanews.com\/site\/wp-content\/uploads\/2018\/04\/29982887_1676025645817337_6395964813097576092_o.jpg","datePublished":"2018-04-12T17:40:04+00:00","dateModified":"2018-04-14T15:19:22+00:00","breadcrumb":{"@id":"https:\/\/ubanews.com\/site\/2018\/04\/12\/corpo-de-bombeiros-militar-de-uba-atende-acidente-automobilistico-com-vitima-fatal\/#breadcrumb"},"inLanguage":"pt-BR","potentialAction":[{"@type":"ReadAction","target":["https:\/\/ubanews.com\/site\/2018\/04\/12\/corpo-de-bombeiros-militar-de-uba-atende-acidente-automobilistico-com-vitima-fatal\/"]}]},{"@type":"ImageObject","inLanguage":"pt-BR","@id":"https:\/\/ubanews.com\/site\/2018\/04\/12\/corpo-de-bombeiros-militar-de-uba-atende-acidente-automobilistico-com-vitima-fatal\/#primaryimage","url":"https:\/\/ubanews.com\/site\/wp-content\/uploads\/2018\/04\/29982887_1676025645817337_6395964813097576092_o.jpg","contentUrl":"https:\/\/ubanews.com\/site\/wp-content\/uploads\/2018\/04\/29982887_1676025645817337_6395964813097576092_o.jpg","width":720,"height":1280},{"@type":"BreadcrumbList","@id":"https:\/\/ubanews.com\/site\/2018\/04\/12\/corpo-de-bombeiros-militar-de-uba-atende-acidente-automobilistico-com-vitima-fatal\/#breadcrumb","itemListElement":[{"@type":"ListItem","position":1,"name":"Home","item":"https:\/\/ubanews.com\/site\/"},{"@type":"ListItem","position":2,"name":"Corpo de Bombeiros Militar de Ub\u00e1 atende acidente automobil\u00edstico com v\u00edtima fatal"}]},{"@type":"WebSite","@id":"https:\/\/ubanews.com\/site\/#website","url":"https:\/\/ubanews.com\/site\/","name":"Ub\u00e1 News","description":"","publisher":{"@id":"https:\/\/ubanews.com\/site\/#organization"},"potentialAction":[{"@type":"SearchAction","target":{"@type":"EntryPoint","urlTemplate":"https:\/\/ubanews.com\/site\/?s={search_term_string}"},"query-input":{"@type":"PropertyValueSpecification","valueRequired":true,"valueName":"search_term_string"}}],"inLanguage":"pt-BR"},{"@type":"Organization","@id":"https:\/\/ubanews.com\/site\/#organization","name":"Ub\u00e1 News","url":"https:\/\/ubanews.com\/site\/","logo":{"@type":"ImageObject","inLanguage":"pt-BR","@id":"https:\/\/ubanews.com\/site\/#\/schema\/logo\/image\/","url":"https:\/\/ubanews.com\/site\/wp-content\/uploads\/2018\/01\/logoubanews.png","contentUrl":"https:\/\/ubanews.com\/site\/wp-content\/uploads\/2018\/01\/logoubanews.png","width":261,"height":99,"caption":"Ub\u00e1 News"},"image":{"@id":"https:\/\/ubanews.com\/site\/#\/schema\/logo\/image\/"},"sameAs":["https:\/\/www.facebook.com\/Ub\u00e1News-Carlos-Roberto-Sodr\u00e9-418778301977370"]},{"@type":"Person","@id":"https:\/\/ubanews.com\/site\/#\/schema\/person\/d90c9e47252fbb63dcc969fe4c8b9d10","name":"Sodr\u00e9","image":{"@type":"ImageObject","inLanguage":"pt-BR","@id":"https:\/\/secure.gravatar.com\/avatar\/5ba2793f0590b9dbfad3fdec4ee714485b3eef211c9b32ee53d414060454a56c?s=96&d=mm&r=g","url":"https:\/\/secure.gravatar.com\/avatar\/5ba2793f0590b9dbfad3fdec4ee714485b3eef211c9b32ee53d414060454a56c?s=96&d=mm&r=g","contentUrl":"https:\/\/secure.gravatar.com\/avatar\/5ba2793f0590b9dbfad3fdec4ee714485b3eef211c9b32ee53d414060454a56c?s=96&d=mm&r=g","caption":"Sodr\u00e9"},"sameAs":["https:\/\/www.facebook.com\/carosroberto.sodre.5\/"],"url":"https:\/\/ubanews.com\/site\/author\/felipe\/"}]}},"_links":{"self":[{"href":"https:\/\/ubanews.com\/site\/wp-json\/wp\/v2\/posts\/1964","targetHints":{"allow":["GET"]}}],"collection":[{"href":"https:\/\/ubanews.com\/site\/wp-json\/wp\/v2\/posts"}],"about":[{"href":"https:\/\/ubanews.com\/site\/wp-json\/wp\/v2\/types\/post"}],"author":[{"embeddable":true,"href":"https:\/\/ubanews.com\/site\/wp-json\/wp\/v2\/users\/2"}],"replies":[{"embeddable":true,"href":"https:\/\/ubanews.com\/site\/wp-json\/wp\/v2\/comments?post=1964"}],"version-history":[{"count":0,"href":"https:\/\/ubanews.com\/site\/wp-json\/wp\/v2\/posts\/1964\/revisions"}],"wp:featuredmedia":[{"embeddable":true,"href":"https:\/\/ubanews.com\/site\/wp-json\/wp\/v2\/media\/1967"}],"wp:attachment":[{"href":"https:\/\/ubanews.com\/site\/wp-json\/wp\/v2\/media?parent=1964"}],"wp:term":[{"taxonomy":"category","embeddable":true,"href":"https:\/\/ubanews.com\/site\/wp-json\/wp\/v2\/categories?post=1964"},{"taxonomy":"post_tag","embeddable":true,"href":"https:\/\/ubanews.com\/site\/wp-json\/wp\/v2\/tags?post=1964"}],"curies":[{"name":"wp","href":"https:\/\/api.w.org\/{rel}","templated":true}]}}