{"id":1960,"date":"2018-04-12T13:13:30","date_gmt":"2018-04-12T16:13:30","guid":{"rendered":"http:\/\/ubanews.com\/site\/?p=1960"},"modified":"2018-04-12T13:13:30","modified_gmt":"2018-04-12T16:13:30","slug":"policia-militar-prende-autores-de-trafico-ilicito-de-drogas","status":"publish","type":"post","link":"https:\/\/ubanews.com\/site\/2018\/04\/12\/policia-militar-prende-autores-de-trafico-ilicito-de-drogas\/","title":{"rendered":"Pol\u00edcia Militar Prende autores de trafico il\u00edcito de drogas"},"content":{"rendered":"<p>No dia 11 de abril, por volta das 19h364min a Pol\u00edcia Militara realizava patrulhamento pelo Trevo do bairro Santa Edwiges, quando os militares visualizaram um indiv\u00edduo as margens da rodovia, saindo de um matagal com um objeto de cor escura nas m\u00e3os semelhante a um rev\u00f3lver e correndo em dire\u00e7\u00e3o a um segundo indiv\u00edduo que se encontrava montado em movimento lento em uma motocicleta Honda CG Titan de placa NTN-9700. Os policiais abordaram Clayton Yuri Gomes de Souza de 23 anos tentou fugir da abordagem correndo pelas margens do matagal e arremessando o revolver em meio a mata. O segundo indiv\u00edduo o condutor da motocicleta, Guilherme Felix Batalha de 27 anos. Ambos tentaram de diversas formas se desvencilhar da abordagem Policial. Ao ser procedida busca pessoal foi encontrado no bolso de Clayton um pino contendo subst\u00e2ncia an\u00e1loga a coca\u00edna, duzentos e dezesseis reais em notas fracionadas e um aparelho celular Samsung de cor branca. Durante dilig\u00eancias pelo local afim de localizar a poss\u00edvel arma de fogo arremessada foram encontrados ca\u00eddos pr\u00f3ximo a motocicleta mais quatro pinos contendo subst\u00e2ncia an\u00e1loga a coca\u00edna. Clayton assumiu ser dono de parte da subst\u00e2ncia e Guilherme assumiu ser propriet\u00e1rio da outra parte. Clayton Yuri Gomes de Souza e Guilherme Felix Batalha foram presos e conduzidos at\u00e9 a Delegacia com a motocicleta, a subst\u00e2ncia entorpecente e os celulares apreendidos.<\/p>\n","protected":false},"excerpt":{"rendered":"<p>No dia 11 de abril, por volta das 19h364min a<\/p>\n","protected":false},"author":2,"featured_media":0,"comment_status":"open","ping_status":"open","sticky":false,"template":"","format":"standard","meta":{"footnotes":""},"categories":[1],"tags":[],"class_list":["post-1960","post","type-post","status-publish","format-standard","hentry","category-sem-categoria"],"yoast_head":"<!-- This site is optimized with the Yoast SEO plugin v27.2 - https:\/\/yoast.com\/product\/yoast-seo-wordpress\/ -->\n<title>Pol\u00edcia Militar Prende autores de trafico il\u00edcito de drogas - Ub\u00e1 News<\/title>\n<meta name=\"robots\" content=\"index, follow, max-snippet:-1, max-image-preview:large, max-video-preview:-1\" \/>\n<link rel=\"canonical\" href=\"https:\/\/ubanews.com\/site\/2018\/04\/12\/policia-militar-prende-autores-de-trafico-ilicito-de-drogas\/\" \/>\n<meta property=\"og:locale\" content=\"pt_BR\" \/>\n<meta property=\"og:type\" content=\"article\" \/>\n<meta property=\"og:title\" content=\"Pol\u00edcia Militar Prende autores de trafico il\u00edcito de drogas - Ub\u00e1 News\" \/>\n<meta property=\"og:description\" content=\"No dia 11 de abril, por volta das 19h364min a\" \/>\n<meta property=\"og:url\" content=\"https:\/\/ubanews.com\/site\/2018\/04\/12\/policia-militar-prende-autores-de-trafico-ilicito-de-drogas\/\" \/>\n<meta property=\"og:site_name\" content=\"Ub\u00e1 News\" \/>\n<meta property=\"article:publisher\" content=\"https:\/\/www.facebook.com\/Ub%c3%a1News-Carlos-Roberto-Sodr%c3%a9-418778301977370\" \/>\n<meta property=\"article:author\" content=\"https:\/\/www.facebook.com\/carosroberto.sodre.5\/\" \/>\n<meta property=\"article:published_time\" content=\"2018-04-12T16:13:30+00:00\" \/>\n<meta name=\"author\" content=\"Sodr\u00e9\" \/>\n<meta name=\"twitter:card\" content=\"summary_large_image\" \/>\n<meta name=\"twitter:label1\" content=\"Escrito por\" \/>\n\t<meta name=\"twitter:data1\" content=\"Sodr\u00e9\" \/>\n\t<meta name=\"twitter:label2\" content=\"Est. tempo de leitura\" \/>\n\t<meta name=\"twitter:data2\" content=\"1 minuto\" \/>\n<script type=\"application\/ld+json\" class=\"yoast-schema-graph\">{\"@context\":\"https:\/\/schema.org\",\"@graph\":[{\"@type\":\"Article\",\"@id\":\"https:\/\/ubanews.com\/site\/2018\/04\/12\/policia-militar-prende-autores-de-trafico-ilicito-de-drogas\/#article\",\"isPartOf\":{\"@id\":\"https:\/\/ubanews.com\/site\/2018\/04\/12\/policia-militar-prende-autores-de-trafico-ilicito-de-drogas\/\"},\"author\":{\"name\":\"Sodr\u00e9\",\"@id\":\"https:\/\/ubanews.com\/site\/#\/schema\/person\/d90c9e47252fbb63dcc969fe4c8b9d10\"},\"headline\":\"Pol\u00edcia Militar Prende autores de trafico il\u00edcito de drogas\",\"datePublished\":\"2018-04-12T16:13:30+00:00\",\"mainEntityOfPage\":{\"@id\":\"https:\/\/ubanews.com\/site\/2018\/04\/12\/policia-militar-prende-autores-de-trafico-ilicito-de-drogas\/\"},\"wordCount\":252,\"commentCount\":0,\"publisher\":{\"@id\":\"https:\/\/ubanews.com\/site\/#organization\"},\"articleSection\":[\"Geral\"],\"inLanguage\":\"pt-BR\",\"potentialAction\":[{\"@type\":\"CommentAction\",\"name\":\"Comment\",\"target\":[\"https:\/\/ubanews.com\/site\/2018\/04\/12\/policia-militar-prende-autores-de-trafico-ilicito-de-drogas\/#respond\"]}]},{\"@type\":\"WebPage\",\"@id\":\"https:\/\/ubanews.com\/site\/2018\/04\/12\/policia-militar-prende-autores-de-trafico-ilicito-de-drogas\/\",\"url\":\"https:\/\/ubanews.com\/site\/2018\/04\/12\/policia-militar-prende-autores-de-trafico-ilicito-de-drogas\/\",\"name\":\"Pol\u00edcia Militar Prende autores de trafico il\u00edcito de drogas - Ub\u00e1 News\",\"isPartOf\":{\"@id\":\"https:\/\/ubanews.com\/site\/#website\"},\"datePublished\":\"2018-04-12T16:13:30+00:00\",\"breadcrumb\":{\"@id\":\"https:\/\/ubanews.com\/site\/2018\/04\/12\/policia-militar-prende-autores-de-trafico-ilicito-de-drogas\/#breadcrumb\"},\"inLanguage\":\"pt-BR\",\"potentialAction\":[{\"@type\":\"ReadAction\",\"target\":[\"https:\/\/ubanews.com\/site\/2018\/04\/12\/policia-militar-prende-autores-de-trafico-ilicito-de-drogas\/\"]}]},{\"@type\":\"BreadcrumbList\",\"@id\":\"https:\/\/ubanews.com\/site\/2018\/04\/12\/policia-militar-prende-autores-de-trafico-ilicito-de-drogas\/#breadcrumb\",\"itemListElement\":[{\"@type\":\"ListItem\",\"position\":1,\"name\":\"Home\",\"item\":\"https:\/\/ubanews.com\/site\/\"},{\"@type\":\"ListItem\",\"position\":2,\"name\":\"Pol\u00edcia Militar Prende autores de trafico il\u00edcito de drogas\"}]},{\"@type\":\"WebSite\",\"@id\":\"https:\/\/ubanews.com\/site\/#website\",\"url\":\"https:\/\/ubanews.com\/site\/\",\"name\":\"Ub\u00e1 News\",\"description\":\"\",\"publisher\":{\"@id\":\"https:\/\/ubanews.com\/site\/#organization\"},\"potentialAction\":[{\"@type\":\"SearchAction\",\"target\":{\"@type\":\"EntryPoint\",\"urlTemplate\":\"https:\/\/ubanews.com\/site\/?s={search_term_string}\"},\"query-input\":{\"@type\":\"PropertyValueSpecification\",\"valueRequired\":true,\"valueName\":\"search_term_string\"}}],\"inLanguage\":\"pt-BR\"},{\"@type\":\"Organization\",\"@id\":\"https:\/\/ubanews.com\/site\/#organization\",\"name\":\"Ub\u00e1 News\",\"url\":\"https:\/\/ubanews.com\/site\/\",\"logo\":{\"@type\":\"ImageObject\",\"inLanguage\":\"pt-BR\",\"@id\":\"https:\/\/ubanews.com\/site\/#\/schema\/logo\/image\/\",\"url\":\"https:\/\/ubanews.com\/site\/wp-content\/uploads\/2018\/01\/logoubanews.png\",\"contentUrl\":\"https:\/\/ubanews.com\/site\/wp-content\/uploads\/2018\/01\/logoubanews.png\",\"width\":261,\"height\":99,\"caption\":\"Ub\u00e1 News\"},\"image\":{\"@id\":\"https:\/\/ubanews.com\/site\/#\/schema\/logo\/image\/\"},\"sameAs\":[\"https:\/\/www.facebook.com\/Ub\u00e1News-Carlos-Roberto-Sodr\u00e9-418778301977370\"]},{\"@type\":\"Person\",\"@id\":\"https:\/\/ubanews.com\/site\/#\/schema\/person\/d90c9e47252fbb63dcc969fe4c8b9d10\",\"name\":\"Sodr\u00e9\",\"image\":{\"@type\":\"ImageObject\",\"inLanguage\":\"pt-BR\",\"@id\":\"https:\/\/secure.gravatar.com\/avatar\/5ba2793f0590b9dbfad3fdec4ee714485b3eef211c9b32ee53d414060454a56c?s=96&d=mm&r=g\",\"url\":\"https:\/\/secure.gravatar.com\/avatar\/5ba2793f0590b9dbfad3fdec4ee714485b3eef211c9b32ee53d414060454a56c?s=96&d=mm&r=g\",\"contentUrl\":\"https:\/\/secure.gravatar.com\/avatar\/5ba2793f0590b9dbfad3fdec4ee714485b3eef211c9b32ee53d414060454a56c?s=96&d=mm&r=g\",\"caption\":\"Sodr\u00e9\"},\"sameAs\":[\"https:\/\/www.facebook.com\/carosroberto.sodre.5\/\"],\"url\":\"https:\/\/ubanews.com\/site\/author\/felipe\/\"}]}<\/script>\n<!-- \/ Yoast SEO plugin. -->","yoast_head_json":{"title":"Pol\u00edcia Militar Prende autores de trafico il\u00edcito de drogas - Ub\u00e1 News","robots":{"index":"index","follow":"follow","max-snippet":"max-snippet:-1","max-image-preview":"max-image-preview:large","max-video-preview":"max-video-preview:-1"},"canonical":"https:\/\/ubanews.com\/site\/2018\/04\/12\/policia-militar-prende-autores-de-trafico-ilicito-de-drogas\/","og_locale":"pt_BR","og_type":"article","og_title":"Pol\u00edcia Militar Prende autores de trafico il\u00edcito de drogas - Ub\u00e1 News","og_description":"No dia 11 de abril, por volta das 19h364min a","og_url":"https:\/\/ubanews.com\/site\/2018\/04\/12\/policia-militar-prende-autores-de-trafico-ilicito-de-drogas\/","og_site_name":"Ub\u00e1 News","article_publisher":"https:\/\/www.facebook.com\/Ub%c3%a1News-Carlos-Roberto-Sodr%c3%a9-418778301977370","article_author":"https:\/\/www.facebook.com\/carosroberto.sodre.5\/","article_published_time":"2018-04-12T16:13:30+00:00","author":"Sodr\u00e9","twitter_card":"summary_large_image","twitter_misc":{"Escrito por":"Sodr\u00e9","Est. tempo de leitura":"1 minuto"},"schema":{"@context":"https:\/\/schema.org","@graph":[{"@type":"Article","@id":"https:\/\/ubanews.com\/site\/2018\/04\/12\/policia-militar-prende-autores-de-trafico-ilicito-de-drogas\/#article","isPartOf":{"@id":"https:\/\/ubanews.com\/site\/2018\/04\/12\/policia-militar-prende-autores-de-trafico-ilicito-de-drogas\/"},"author":{"name":"Sodr\u00e9","@id":"https:\/\/ubanews.com\/site\/#\/schema\/person\/d90c9e47252fbb63dcc969fe4c8b9d10"},"headline":"Pol\u00edcia Militar Prende autores de trafico il\u00edcito de drogas","datePublished":"2018-04-12T16:13:30+00:00","mainEntityOfPage":{"@id":"https:\/\/ubanews.com\/site\/2018\/04\/12\/policia-militar-prende-autores-de-trafico-ilicito-de-drogas\/"},"wordCount":252,"commentCount":0,"publisher":{"@id":"https:\/\/ubanews.com\/site\/#organization"},"articleSection":["Geral"],"inLanguage":"pt-BR","potentialAction":[{"@type":"CommentAction","name":"Comment","target":["https:\/\/ubanews.com\/site\/2018\/04\/12\/policia-militar-prende-autores-de-trafico-ilicito-de-drogas\/#respond"]}]},{"@type":"WebPage","@id":"https:\/\/ubanews.com\/site\/2018\/04\/12\/policia-militar-prende-autores-de-trafico-ilicito-de-drogas\/","url":"https:\/\/ubanews.com\/site\/2018\/04\/12\/policia-militar-prende-autores-de-trafico-ilicito-de-drogas\/","name":"Pol\u00edcia Militar Prende autores de trafico il\u00edcito de drogas - Ub\u00e1 News","isPartOf":{"@id":"https:\/\/ubanews.com\/site\/#website"},"datePublished":"2018-04-12T16:13:30+00:00","breadcrumb":{"@id":"https:\/\/ubanews.com\/site\/2018\/04\/12\/policia-militar-prende-autores-de-trafico-ilicito-de-drogas\/#breadcrumb"},"inLanguage":"pt-BR","potentialAction":[{"@type":"ReadAction","target":["https:\/\/ubanews.com\/site\/2018\/04\/12\/policia-militar-prende-autores-de-trafico-ilicito-de-drogas\/"]}]},{"@type":"BreadcrumbList","@id":"https:\/\/ubanews.com\/site\/2018\/04\/12\/policia-militar-prende-autores-de-trafico-ilicito-de-drogas\/#breadcrumb","itemListElement":[{"@type":"ListItem","position":1,"name":"Home","item":"https:\/\/ubanews.com\/site\/"},{"@type":"ListItem","position":2,"name":"Pol\u00edcia Militar Prende autores de trafico il\u00edcito de drogas"}]},{"@type":"WebSite","@id":"https:\/\/ubanews.com\/site\/#website","url":"https:\/\/ubanews.com\/site\/","name":"Ub\u00e1 News","description":"","publisher":{"@id":"https:\/\/ubanews.com\/site\/#organization"},"potentialAction":[{"@type":"SearchAction","target":{"@type":"EntryPoint","urlTemplate":"https:\/\/ubanews.com\/site\/?s={search_term_string}"},"query-input":{"@type":"PropertyValueSpecification","valueRequired":true,"valueName":"search_term_string"}}],"inLanguage":"pt-BR"},{"@type":"Organization","@id":"https:\/\/ubanews.com\/site\/#organization","name":"Ub\u00e1 News","url":"https:\/\/ubanews.com\/site\/","logo":{"@type":"ImageObject","inLanguage":"pt-BR","@id":"https:\/\/ubanews.com\/site\/#\/schema\/logo\/image\/","url":"https:\/\/ubanews.com\/site\/wp-content\/uploads\/2018\/01\/logoubanews.png","contentUrl":"https:\/\/ubanews.com\/site\/wp-content\/uploads\/2018\/01\/logoubanews.png","width":261,"height":99,"caption":"Ub\u00e1 News"},"image":{"@id":"https:\/\/ubanews.com\/site\/#\/schema\/logo\/image\/"},"sameAs":["https:\/\/www.facebook.com\/Ub\u00e1News-Carlos-Roberto-Sodr\u00e9-418778301977370"]},{"@type":"Person","@id":"https:\/\/ubanews.com\/site\/#\/schema\/person\/d90c9e47252fbb63dcc969fe4c8b9d10","name":"Sodr\u00e9","image":{"@type":"ImageObject","inLanguage":"pt-BR","@id":"https:\/\/secure.gravatar.com\/avatar\/5ba2793f0590b9dbfad3fdec4ee714485b3eef211c9b32ee53d414060454a56c?s=96&d=mm&r=g","url":"https:\/\/secure.gravatar.com\/avatar\/5ba2793f0590b9dbfad3fdec4ee714485b3eef211c9b32ee53d414060454a56c?s=96&d=mm&r=g","contentUrl":"https:\/\/secure.gravatar.com\/avatar\/5ba2793f0590b9dbfad3fdec4ee714485b3eef211c9b32ee53d414060454a56c?s=96&d=mm&r=g","caption":"Sodr\u00e9"},"sameAs":["https:\/\/www.facebook.com\/carosroberto.sodre.5\/"],"url":"https:\/\/ubanews.com\/site\/author\/felipe\/"}]}},"_links":{"self":[{"href":"https:\/\/ubanews.com\/site\/wp-json\/wp\/v2\/posts\/1960","targetHints":{"allow":["GET"]}}],"collection":[{"href":"https:\/\/ubanews.com\/site\/wp-json\/wp\/v2\/posts"}],"about":[{"href":"https:\/\/ubanews.com\/site\/wp-json\/wp\/v2\/types\/post"}],"author":[{"embeddable":true,"href":"https:\/\/ubanews.com\/site\/wp-json\/wp\/v2\/users\/2"}],"replies":[{"embeddable":true,"href":"https:\/\/ubanews.com\/site\/wp-json\/wp\/v2\/comments?post=1960"}],"version-history":[{"count":0,"href":"https:\/\/ubanews.com\/site\/wp-json\/wp\/v2\/posts\/1960\/revisions"}],"wp:attachment":[{"href":"https:\/\/ubanews.com\/site\/wp-json\/wp\/v2\/media?parent=1960"}],"wp:term":[{"taxonomy":"category","embeddable":true,"href":"https:\/\/ubanews.com\/site\/wp-json\/wp\/v2\/categories?post=1960"},{"taxonomy":"post_tag","embeddable":true,"href":"https:\/\/ubanews.com\/site\/wp-json\/wp\/v2\/tags?post=1960"}],"curies":[{"name":"wp","href":"https:\/\/api.w.org\/{rel}","templated":true}]}}