{"id":19595,"date":"2021-04-21T09:21:21","date_gmt":"2021-04-21T12:21:21","guid":{"rendered":"http:\/\/ubanews.com\/site\/?p=19595"},"modified":"2021-04-21T09:22:08","modified_gmt":"2021-04-21T12:22:08","slug":"felipe-oliveira-sofre-grave-acidente-de-moto-no-horario-de-trabalho","status":"publish","type":"post","link":"https:\/\/ubanews.com\/site\/2021\/04\/21\/felipe-oliveira-sofre-grave-acidente-de-moto-no-horario-de-trabalho\/","title":{"rendered":"FELIPE OLIVEIRA SOFRE GRAVE ACIDENTE DE MOTO NO HOR\u00c1RIO DE TRABALHO"},"content":{"rendered":"<p style=\"padding-left: 40px;\"><a href=\"https:\/\/ubanews.com\/site\/wp-content\/uploads\/2021\/04\/IMG-20210420-WA0043.jpg\"><img decoding=\"async\" class=\"size-full wp-image-19598 alignleft lazyload\" data-src=\"https:\/\/ubanews.com\/site\/wp-content\/uploads\/2021\/04\/IMG-20210420-WA0043.jpg\" alt=\"\" width=\"780\" height=\"1040\" data-srcset=\"https:\/\/ubanews.com\/site\/wp-content\/uploads\/2021\/04\/IMG-20210420-WA0043.jpg 780w, https:\/\/ubanews.com\/site\/wp-content\/uploads\/2021\/04\/IMG-20210420-WA0043-225x300.jpg 225w, https:\/\/ubanews.com\/site\/wp-content\/uploads\/2021\/04\/IMG-20210420-WA0043-768x1024.jpg 768w\" data-sizes=\"(max-width: 780px) 100vw, 780px\" src=\"data:image\/svg+xml;base64,PHN2ZyB3aWR0aD0iMSIgaGVpZ2h0PSIxIiB4bWxucz0iaHR0cDovL3d3dy53My5vcmcvMjAwMC9zdmciPjwvc3ZnPg==\" style=\"--smush-placeholder-width: 780px; --smush-placeholder-aspect-ratio: 780\/1040;\" \/><\/a><a href=\"https:\/\/ubanews.com\/site\/wp-content\/uploads\/2021\/04\/IMG-20210420-WA0045.jpg\"><img decoding=\"async\" class=\"aligncenter size-full wp-image-19596 lazyload\" data-src=\"https:\/\/ubanews.com\/site\/wp-content\/uploads\/2021\/04\/IMG-20210420-WA0045.jpg\" alt=\"\" width=\"1040\" height=\"780\" data-srcset=\"https:\/\/ubanews.com\/site\/wp-content\/uploads\/2021\/04\/IMG-20210420-WA0045.jpg 1040w, https:\/\/ubanews.com\/site\/wp-content\/uploads\/2021\/04\/IMG-20210420-WA0045-300x225.jpg 300w, https:\/\/ubanews.com\/site\/wp-content\/uploads\/2021\/04\/IMG-20210420-WA0045-1024x768.jpg 1024w, https:\/\/ubanews.com\/site\/wp-content\/uploads\/2021\/04\/IMG-20210420-WA0045-768x576.jpg 768w\" data-sizes=\"(max-width: 1040px) 100vw, 1040px\" src=\"data:image\/svg+xml;base64,PHN2ZyB3aWR0aD0iMSIgaGVpZ2h0PSIxIiB4bWxucz0iaHR0cDovL3d3dy53My5vcmcvMjAwMC9zdmciPjwvc3ZnPg==\" style=\"--smush-placeholder-width: 1040px; --smush-placeholder-aspect-ratio: 1040\/780;\" \/><\/a><span style=\"color: #303030; font-size: 1.0625rem;\"><br \/>\nPor volta das 10h e 35min, do dia 20\/04, na Rua Francisco Teixeira de Abreu, Felipe Oliveira de Souza estava indo para o Centro da cidade, quando foi vitimado por um condutor imprudente. Este saiu atr\u00e1s da carreta faltando alguns metros para entrar na Rua Joaquim Vaz da Silva, quando pegou em cheio do lado esquerdo da motocicleta. A moto CG-125 azul deu perca total, enquanto o ve\u00edculo utilit\u00e1rio Volkswagem, Amarok, branca, RFD8D74 teve o parachoque arrancado e outros danos pequenos.<\/span><br \/>\nFelipe teve a face, a t\u00edbia esquerda faturada em tr\u00eas partes, foi feito cirurgia no Hospital Santa Isabel e logo ap\u00f3s ficou em observa\u00e7\u00e3o acompanhado de sua noiva.<br \/>\nA Pol\u00edcia Militar e Corpo de Bombeiros estiveram no local para os servi\u00e7os de praxe<br \/>\nA moto de Felipe era de trabalho, fazia entregas de marmitex e lanches do Galileu.<br \/>\nFelipe Oliveira \u00e9 cinegrafista, fot\u00f3grafo e operador do Portal Ub\u00e1 News e propriet\u00e1rio do estabelecimento Galileu.<\/p>\n","protected":false},"excerpt":{"rendered":"<p>Por volta das 10h e 35min, do dia 20\/04, na<\/p>\n","protected":false},"author":2,"featured_media":19597,"comment_status":"open","ping_status":"open","sticky":false,"template":"","format":"standard","meta":{"footnotes":""},"categories":[1],"tags":[],"class_list":["post-19595","post","type-post","status-publish","format-standard","has-post-thumbnail","hentry","category-sem-categoria"],"yoast_head":"<!-- This site is optimized with the Yoast SEO plugin v27.2 - https:\/\/yoast.com\/product\/yoast-seo-wordpress\/ -->\n<title>FELIPE OLIVEIRA SOFRE GRAVE ACIDENTE DE MOTO NO HOR\u00c1RIO DE TRABALHO - Ub\u00e1 News<\/title>\n<meta name=\"robots\" content=\"index, follow, max-snippet:-1, max-image-preview:large, max-video-preview:-1\" \/>\n<link rel=\"canonical\" href=\"https:\/\/ubanews.com\/site\/2021\/04\/21\/felipe-oliveira-sofre-grave-acidente-de-moto-no-horario-de-trabalho\/\" \/>\n<meta property=\"og:locale\" content=\"pt_BR\" \/>\n<meta property=\"og:type\" content=\"article\" \/>\n<meta property=\"og:title\" content=\"FELIPE OLIVEIRA SOFRE GRAVE ACIDENTE DE MOTO NO HOR\u00c1RIO DE TRABALHO - Ub\u00e1 News\" \/>\n<meta property=\"og:description\" content=\"Por volta das 10h e 35min, do dia 20\/04, na\" \/>\n<meta property=\"og:url\" content=\"https:\/\/ubanews.com\/site\/2021\/04\/21\/felipe-oliveira-sofre-grave-acidente-de-moto-no-horario-de-trabalho\/\" \/>\n<meta property=\"og:site_name\" content=\"Ub\u00e1 News\" \/>\n<meta property=\"article:publisher\" content=\"https:\/\/www.facebook.com\/Ub%c3%a1News-Carlos-Roberto-Sodr%c3%a9-418778301977370\" \/>\n<meta property=\"article:author\" content=\"https:\/\/www.facebook.com\/carosroberto.sodre.5\/\" \/>\n<meta property=\"article:published_time\" content=\"2021-04-21T12:21:21+00:00\" \/>\n<meta property=\"article:modified_time\" content=\"2021-04-21T12:22:08+00:00\" \/>\n<meta property=\"og:image\" content=\"https:\/\/ubanews.com\/site\/wp-content\/uploads\/2021\/04\/IMG-20210420-WA0044.jpg\" \/>\n\t<meta property=\"og:image:width\" content=\"780\" \/>\n\t<meta property=\"og:image:height\" content=\"1040\" \/>\n\t<meta property=\"og:image:type\" content=\"image\/jpeg\" \/>\n<meta name=\"author\" content=\"Sodr\u00e9\" \/>\n<meta name=\"twitter:card\" content=\"summary_large_image\" \/>\n<meta name=\"twitter:label1\" content=\"Escrito por\" \/>\n\t<meta name=\"twitter:data1\" content=\"Sodr\u00e9\" \/>\n\t<meta name=\"twitter:label2\" content=\"Est. tempo de leitura\" \/>\n\t<meta name=\"twitter:data2\" content=\"2 minutos\" \/>\n<script type=\"application\/ld+json\" class=\"yoast-schema-graph\">{\"@context\":\"https:\/\/schema.org\",\"@graph\":[{\"@type\":\"Article\",\"@id\":\"https:\/\/ubanews.com\/site\/2021\/04\/21\/felipe-oliveira-sofre-grave-acidente-de-moto-no-horario-de-trabalho\/#article\",\"isPartOf\":{\"@id\":\"https:\/\/ubanews.com\/site\/2021\/04\/21\/felipe-oliveira-sofre-grave-acidente-de-moto-no-horario-de-trabalho\/\"},\"author\":{\"name\":\"Sodr\u00e9\",\"@id\":\"https:\/\/ubanews.com\/site\/#\/schema\/person\/d90c9e47252fbb63dcc969fe4c8b9d10\"},\"headline\":\"FELIPE OLIVEIRA SOFRE GRAVE ACIDENTE DE MOTO NO HOR\u00c1RIO DE TRABALHO\",\"datePublished\":\"2021-04-21T12:21:21+00:00\",\"dateModified\":\"2021-04-21T12:22:08+00:00\",\"mainEntityOfPage\":{\"@id\":\"https:\/\/ubanews.com\/site\/2021\/04\/21\/felipe-oliveira-sofre-grave-acidente-de-moto-no-horario-de-trabalho\/\"},\"wordCount\":177,\"commentCount\":0,\"publisher\":{\"@id\":\"https:\/\/ubanews.com\/site\/#organization\"},\"image\":{\"@id\":\"https:\/\/ubanews.com\/site\/2021\/04\/21\/felipe-oliveira-sofre-grave-acidente-de-moto-no-horario-de-trabalho\/#primaryimage\"},\"thumbnailUrl\":\"https:\/\/ubanews.com\/site\/wp-content\/uploads\/2021\/04\/IMG-20210420-WA0044.jpg\",\"articleSection\":[\"Geral\"],\"inLanguage\":\"pt-BR\",\"potentialAction\":[{\"@type\":\"CommentAction\",\"name\":\"Comment\",\"target\":[\"https:\/\/ubanews.com\/site\/2021\/04\/21\/felipe-oliveira-sofre-grave-acidente-de-moto-no-horario-de-trabalho\/#respond\"]}]},{\"@type\":\"WebPage\",\"@id\":\"https:\/\/ubanews.com\/site\/2021\/04\/21\/felipe-oliveira-sofre-grave-acidente-de-moto-no-horario-de-trabalho\/\",\"url\":\"https:\/\/ubanews.com\/site\/2021\/04\/21\/felipe-oliveira-sofre-grave-acidente-de-moto-no-horario-de-trabalho\/\",\"name\":\"FELIPE OLIVEIRA SOFRE GRAVE ACIDENTE DE MOTO NO HOR\u00c1RIO DE TRABALHO - Ub\u00e1 News\",\"isPartOf\":{\"@id\":\"https:\/\/ubanews.com\/site\/#website\"},\"primaryImageOfPage\":{\"@id\":\"https:\/\/ubanews.com\/site\/2021\/04\/21\/felipe-oliveira-sofre-grave-acidente-de-moto-no-horario-de-trabalho\/#primaryimage\"},\"image\":{\"@id\":\"https:\/\/ubanews.com\/site\/2021\/04\/21\/felipe-oliveira-sofre-grave-acidente-de-moto-no-horario-de-trabalho\/#primaryimage\"},\"thumbnailUrl\":\"https:\/\/ubanews.com\/site\/wp-content\/uploads\/2021\/04\/IMG-20210420-WA0044.jpg\",\"datePublished\":\"2021-04-21T12:21:21+00:00\",\"dateModified\":\"2021-04-21T12:22:08+00:00\",\"breadcrumb\":{\"@id\":\"https:\/\/ubanews.com\/site\/2021\/04\/21\/felipe-oliveira-sofre-grave-acidente-de-moto-no-horario-de-trabalho\/#breadcrumb\"},\"inLanguage\":\"pt-BR\",\"potentialAction\":[{\"@type\":\"ReadAction\",\"target\":[\"https:\/\/ubanews.com\/site\/2021\/04\/21\/felipe-oliveira-sofre-grave-acidente-de-moto-no-horario-de-trabalho\/\"]}]},{\"@type\":\"ImageObject\",\"inLanguage\":\"pt-BR\",\"@id\":\"https:\/\/ubanews.com\/site\/2021\/04\/21\/felipe-oliveira-sofre-grave-acidente-de-moto-no-horario-de-trabalho\/#primaryimage\",\"url\":\"https:\/\/ubanews.com\/site\/wp-content\/uploads\/2021\/04\/IMG-20210420-WA0044.jpg\",\"contentUrl\":\"https:\/\/ubanews.com\/site\/wp-content\/uploads\/2021\/04\/IMG-20210420-WA0044.jpg\",\"width\":780,\"height\":1040},{\"@type\":\"BreadcrumbList\",\"@id\":\"https:\/\/ubanews.com\/site\/2021\/04\/21\/felipe-oliveira-sofre-grave-acidente-de-moto-no-horario-de-trabalho\/#breadcrumb\",\"itemListElement\":[{\"@type\":\"ListItem\",\"position\":1,\"name\":\"Home\",\"item\":\"https:\/\/ubanews.com\/site\/\"},{\"@type\":\"ListItem\",\"position\":2,\"name\":\"FELIPE OLIVEIRA SOFRE GRAVE ACIDENTE DE MOTO NO HOR\u00c1RIO DE TRABALHO\"}]},{\"@type\":\"WebSite\",\"@id\":\"https:\/\/ubanews.com\/site\/#website\",\"url\":\"https:\/\/ubanews.com\/site\/\",\"name\":\"Ub\u00e1 News\",\"description\":\"\",\"publisher\":{\"@id\":\"https:\/\/ubanews.com\/site\/#organization\"},\"potentialAction\":[{\"@type\":\"SearchAction\",\"target\":{\"@type\":\"EntryPoint\",\"urlTemplate\":\"https:\/\/ubanews.com\/site\/?s={search_term_string}\"},\"query-input\":{\"@type\":\"PropertyValueSpecification\",\"valueRequired\":true,\"valueName\":\"search_term_string\"}}],\"inLanguage\":\"pt-BR\"},{\"@type\":\"Organization\",\"@id\":\"https:\/\/ubanews.com\/site\/#organization\",\"name\":\"Ub\u00e1 News\",\"url\":\"https:\/\/ubanews.com\/site\/\",\"logo\":{\"@type\":\"ImageObject\",\"inLanguage\":\"pt-BR\",\"@id\":\"https:\/\/ubanews.com\/site\/#\/schema\/logo\/image\/\",\"url\":\"https:\/\/ubanews.com\/site\/wp-content\/uploads\/2018\/01\/logoubanews.png\",\"contentUrl\":\"https:\/\/ubanews.com\/site\/wp-content\/uploads\/2018\/01\/logoubanews.png\",\"width\":261,\"height\":99,\"caption\":\"Ub\u00e1 News\"},\"image\":{\"@id\":\"https:\/\/ubanews.com\/site\/#\/schema\/logo\/image\/\"},\"sameAs\":[\"https:\/\/www.facebook.com\/Ub\u00e1News-Carlos-Roberto-Sodr\u00e9-418778301977370\"]},{\"@type\":\"Person\",\"@id\":\"https:\/\/ubanews.com\/site\/#\/schema\/person\/d90c9e47252fbb63dcc969fe4c8b9d10\",\"name\":\"Sodr\u00e9\",\"image\":{\"@type\":\"ImageObject\",\"inLanguage\":\"pt-BR\",\"@id\":\"https:\/\/secure.gravatar.com\/avatar\/5ba2793f0590b9dbfad3fdec4ee714485b3eef211c9b32ee53d414060454a56c?s=96&d=mm&r=g\",\"url\":\"https:\/\/secure.gravatar.com\/avatar\/5ba2793f0590b9dbfad3fdec4ee714485b3eef211c9b32ee53d414060454a56c?s=96&d=mm&r=g\",\"contentUrl\":\"https:\/\/secure.gravatar.com\/avatar\/5ba2793f0590b9dbfad3fdec4ee714485b3eef211c9b32ee53d414060454a56c?s=96&d=mm&r=g\",\"caption\":\"Sodr\u00e9\"},\"sameAs\":[\"https:\/\/www.facebook.com\/carosroberto.sodre.5\/\"],\"url\":\"https:\/\/ubanews.com\/site\/author\/felipe\/\"}]}<\/script>\n<!-- \/ Yoast SEO plugin. -->","yoast_head_json":{"title":"FELIPE OLIVEIRA SOFRE GRAVE ACIDENTE DE MOTO NO HOR\u00c1RIO DE TRABALHO - Ub\u00e1 News","robots":{"index":"index","follow":"follow","max-snippet":"max-snippet:-1","max-image-preview":"max-image-preview:large","max-video-preview":"max-video-preview:-1"},"canonical":"https:\/\/ubanews.com\/site\/2021\/04\/21\/felipe-oliveira-sofre-grave-acidente-de-moto-no-horario-de-trabalho\/","og_locale":"pt_BR","og_type":"article","og_title":"FELIPE OLIVEIRA SOFRE GRAVE ACIDENTE DE MOTO NO HOR\u00c1RIO DE TRABALHO - Ub\u00e1 News","og_description":"Por volta das 10h e 35min, do dia 20\/04, na","og_url":"https:\/\/ubanews.com\/site\/2021\/04\/21\/felipe-oliveira-sofre-grave-acidente-de-moto-no-horario-de-trabalho\/","og_site_name":"Ub\u00e1 News","article_publisher":"https:\/\/www.facebook.com\/Ub%c3%a1News-Carlos-Roberto-Sodr%c3%a9-418778301977370","article_author":"https:\/\/www.facebook.com\/carosroberto.sodre.5\/","article_published_time":"2021-04-21T12:21:21+00:00","article_modified_time":"2021-04-21T12:22:08+00:00","og_image":[{"width":780,"height":1040,"url":"https:\/\/ubanews.com\/site\/wp-content\/uploads\/2021\/04\/IMG-20210420-WA0044.jpg","type":"image\/jpeg"}],"author":"Sodr\u00e9","twitter_card":"summary_large_image","twitter_misc":{"Escrito por":"Sodr\u00e9","Est. tempo de leitura":"2 minutos"},"schema":{"@context":"https:\/\/schema.org","@graph":[{"@type":"Article","@id":"https:\/\/ubanews.com\/site\/2021\/04\/21\/felipe-oliveira-sofre-grave-acidente-de-moto-no-horario-de-trabalho\/#article","isPartOf":{"@id":"https:\/\/ubanews.com\/site\/2021\/04\/21\/felipe-oliveira-sofre-grave-acidente-de-moto-no-horario-de-trabalho\/"},"author":{"name":"Sodr\u00e9","@id":"https:\/\/ubanews.com\/site\/#\/schema\/person\/d90c9e47252fbb63dcc969fe4c8b9d10"},"headline":"FELIPE OLIVEIRA SOFRE GRAVE ACIDENTE DE MOTO NO HOR\u00c1RIO DE TRABALHO","datePublished":"2021-04-21T12:21:21+00:00","dateModified":"2021-04-21T12:22:08+00:00","mainEntityOfPage":{"@id":"https:\/\/ubanews.com\/site\/2021\/04\/21\/felipe-oliveira-sofre-grave-acidente-de-moto-no-horario-de-trabalho\/"},"wordCount":177,"commentCount":0,"publisher":{"@id":"https:\/\/ubanews.com\/site\/#organization"},"image":{"@id":"https:\/\/ubanews.com\/site\/2021\/04\/21\/felipe-oliveira-sofre-grave-acidente-de-moto-no-horario-de-trabalho\/#primaryimage"},"thumbnailUrl":"https:\/\/ubanews.com\/site\/wp-content\/uploads\/2021\/04\/IMG-20210420-WA0044.jpg","articleSection":["Geral"],"inLanguage":"pt-BR","potentialAction":[{"@type":"CommentAction","name":"Comment","target":["https:\/\/ubanews.com\/site\/2021\/04\/21\/felipe-oliveira-sofre-grave-acidente-de-moto-no-horario-de-trabalho\/#respond"]}]},{"@type":"WebPage","@id":"https:\/\/ubanews.com\/site\/2021\/04\/21\/felipe-oliveira-sofre-grave-acidente-de-moto-no-horario-de-trabalho\/","url":"https:\/\/ubanews.com\/site\/2021\/04\/21\/felipe-oliveira-sofre-grave-acidente-de-moto-no-horario-de-trabalho\/","name":"FELIPE OLIVEIRA SOFRE GRAVE ACIDENTE DE MOTO NO HOR\u00c1RIO DE TRABALHO - Ub\u00e1 News","isPartOf":{"@id":"https:\/\/ubanews.com\/site\/#website"},"primaryImageOfPage":{"@id":"https:\/\/ubanews.com\/site\/2021\/04\/21\/felipe-oliveira-sofre-grave-acidente-de-moto-no-horario-de-trabalho\/#primaryimage"},"image":{"@id":"https:\/\/ubanews.com\/site\/2021\/04\/21\/felipe-oliveira-sofre-grave-acidente-de-moto-no-horario-de-trabalho\/#primaryimage"},"thumbnailUrl":"https:\/\/ubanews.com\/site\/wp-content\/uploads\/2021\/04\/IMG-20210420-WA0044.jpg","datePublished":"2021-04-21T12:21:21+00:00","dateModified":"2021-04-21T12:22:08+00:00","breadcrumb":{"@id":"https:\/\/ubanews.com\/site\/2021\/04\/21\/felipe-oliveira-sofre-grave-acidente-de-moto-no-horario-de-trabalho\/#breadcrumb"},"inLanguage":"pt-BR","potentialAction":[{"@type":"ReadAction","target":["https:\/\/ubanews.com\/site\/2021\/04\/21\/felipe-oliveira-sofre-grave-acidente-de-moto-no-horario-de-trabalho\/"]}]},{"@type":"ImageObject","inLanguage":"pt-BR","@id":"https:\/\/ubanews.com\/site\/2021\/04\/21\/felipe-oliveira-sofre-grave-acidente-de-moto-no-horario-de-trabalho\/#primaryimage","url":"https:\/\/ubanews.com\/site\/wp-content\/uploads\/2021\/04\/IMG-20210420-WA0044.jpg","contentUrl":"https:\/\/ubanews.com\/site\/wp-content\/uploads\/2021\/04\/IMG-20210420-WA0044.jpg","width":780,"height":1040},{"@type":"BreadcrumbList","@id":"https:\/\/ubanews.com\/site\/2021\/04\/21\/felipe-oliveira-sofre-grave-acidente-de-moto-no-horario-de-trabalho\/#breadcrumb","itemListElement":[{"@type":"ListItem","position":1,"name":"Home","item":"https:\/\/ubanews.com\/site\/"},{"@type":"ListItem","position":2,"name":"FELIPE OLIVEIRA SOFRE GRAVE ACIDENTE DE MOTO NO HOR\u00c1RIO DE TRABALHO"}]},{"@type":"WebSite","@id":"https:\/\/ubanews.com\/site\/#website","url":"https:\/\/ubanews.com\/site\/","name":"Ub\u00e1 News","description":"","publisher":{"@id":"https:\/\/ubanews.com\/site\/#organization"},"potentialAction":[{"@type":"SearchAction","target":{"@type":"EntryPoint","urlTemplate":"https:\/\/ubanews.com\/site\/?s={search_term_string}"},"query-input":{"@type":"PropertyValueSpecification","valueRequired":true,"valueName":"search_term_string"}}],"inLanguage":"pt-BR"},{"@type":"Organization","@id":"https:\/\/ubanews.com\/site\/#organization","name":"Ub\u00e1 News","url":"https:\/\/ubanews.com\/site\/","logo":{"@type":"ImageObject","inLanguage":"pt-BR","@id":"https:\/\/ubanews.com\/site\/#\/schema\/logo\/image\/","url":"https:\/\/ubanews.com\/site\/wp-content\/uploads\/2018\/01\/logoubanews.png","contentUrl":"https:\/\/ubanews.com\/site\/wp-content\/uploads\/2018\/01\/logoubanews.png","width":261,"height":99,"caption":"Ub\u00e1 News"},"image":{"@id":"https:\/\/ubanews.com\/site\/#\/schema\/logo\/image\/"},"sameAs":["https:\/\/www.facebook.com\/Ub\u00e1News-Carlos-Roberto-Sodr\u00e9-418778301977370"]},{"@type":"Person","@id":"https:\/\/ubanews.com\/site\/#\/schema\/person\/d90c9e47252fbb63dcc969fe4c8b9d10","name":"Sodr\u00e9","image":{"@type":"ImageObject","inLanguage":"pt-BR","@id":"https:\/\/secure.gravatar.com\/avatar\/5ba2793f0590b9dbfad3fdec4ee714485b3eef211c9b32ee53d414060454a56c?s=96&d=mm&r=g","url":"https:\/\/secure.gravatar.com\/avatar\/5ba2793f0590b9dbfad3fdec4ee714485b3eef211c9b32ee53d414060454a56c?s=96&d=mm&r=g","contentUrl":"https:\/\/secure.gravatar.com\/avatar\/5ba2793f0590b9dbfad3fdec4ee714485b3eef211c9b32ee53d414060454a56c?s=96&d=mm&r=g","caption":"Sodr\u00e9"},"sameAs":["https:\/\/www.facebook.com\/carosroberto.sodre.5\/"],"url":"https:\/\/ubanews.com\/site\/author\/felipe\/"}]}},"_links":{"self":[{"href":"https:\/\/ubanews.com\/site\/wp-json\/wp\/v2\/posts\/19595","targetHints":{"allow":["GET"]}}],"collection":[{"href":"https:\/\/ubanews.com\/site\/wp-json\/wp\/v2\/posts"}],"about":[{"href":"https:\/\/ubanews.com\/site\/wp-json\/wp\/v2\/types\/post"}],"author":[{"embeddable":true,"href":"https:\/\/ubanews.com\/site\/wp-json\/wp\/v2\/users\/2"}],"replies":[{"embeddable":true,"href":"https:\/\/ubanews.com\/site\/wp-json\/wp\/v2\/comments?post=19595"}],"version-history":[{"count":0,"href":"https:\/\/ubanews.com\/site\/wp-json\/wp\/v2\/posts\/19595\/revisions"}],"wp:featuredmedia":[{"embeddable":true,"href":"https:\/\/ubanews.com\/site\/wp-json\/wp\/v2\/media\/19597"}],"wp:attachment":[{"href":"https:\/\/ubanews.com\/site\/wp-json\/wp\/v2\/media?parent=19595"}],"wp:term":[{"taxonomy":"category","embeddable":true,"href":"https:\/\/ubanews.com\/site\/wp-json\/wp\/v2\/categories?post=19595"},{"taxonomy":"post_tag","embeddable":true,"href":"https:\/\/ubanews.com\/site\/wp-json\/wp\/v2\/tags?post=19595"}],"curies":[{"name":"wp","href":"https:\/\/api.w.org\/{rel}","templated":true}]}}