{"id":19339,"date":"2021-03-18T18:35:15","date_gmt":"2021-03-18T21:35:15","guid":{"rendered":"http:\/\/ubanews.com\/site\/?p=19339"},"modified":"2021-03-18T18:35:15","modified_gmt":"2021-03-18T21:35:15","slug":"sobe-para-130-o-numero-de-vitimas-fatais-por-complicacoes-da-covid-19","status":"publish","type":"post","link":"https:\/\/ubanews.com\/site\/2021\/03\/18\/sobe-para-130-o-numero-de-vitimas-fatais-por-complicacoes-da-covid-19\/","title":{"rendered":"SOBE PARA 130 O N\u00daMERO DE V\u00cdTIMAS FATAIS POR COMPLICA\u00c7\u00d5ES DA COVID-19"},"content":{"rendered":"<p><a href=\"https:\/\/ubanews.com\/site\/wp-content\/uploads\/2021\/03\/42468ff8-3bf1-4945-9830-e99fb2d8c074.jpg\"><img decoding=\"async\" class=\"aligncenter size-full wp-image-19340 lazyload\" data-src=\"https:\/\/ubanews.com\/site\/wp-content\/uploads\/2021\/03\/42468ff8-3bf1-4945-9830-e99fb2d8c074.jpg\" alt=\"\" width=\"1191\" height=\"1280\" data-srcset=\"https:\/\/ubanews.com\/site\/wp-content\/uploads\/2021\/03\/42468ff8-3bf1-4945-9830-e99fb2d8c074.jpg 1191w, https:\/\/ubanews.com\/site\/wp-content\/uploads\/2021\/03\/42468ff8-3bf1-4945-9830-e99fb2d8c074-279x300.jpg 279w, https:\/\/ubanews.com\/site\/wp-content\/uploads\/2021\/03\/42468ff8-3bf1-4945-9830-e99fb2d8c074-953x1024.jpg 953w, https:\/\/ubanews.com\/site\/wp-content\/uploads\/2021\/03\/42468ff8-3bf1-4945-9830-e99fb2d8c074-768x825.jpg 768w\" data-sizes=\"(max-width: 1191px) 100vw, 1191px\" src=\"data:image\/svg+xml;base64,PHN2ZyB3aWR0aD0iMSIgaGVpZ2h0PSIxIiB4bWxucz0iaHR0cDovL3d3dy53My5vcmcvMjAwMC9zdmciPjwvc3ZnPg==\" style=\"--smush-placeholder-width: 1191px; --smush-placeholder-aspect-ratio: 1191\/1280;\" \/><\/a> <a href=\"https:\/\/ubanews.com\/site\/wp-content\/uploads\/2021\/03\/ae962a11-1ae0-41a3-8e51-bca2e8313e67.jpg\"><img decoding=\"async\" class=\"aligncenter size-full wp-image-19341 lazyload\" data-src=\"https:\/\/ubanews.com\/site\/wp-content\/uploads\/2021\/03\/ae962a11-1ae0-41a3-8e51-bca2e8313e67.jpg\" alt=\"\" width=\"1206\" height=\"1280\" data-srcset=\"https:\/\/ubanews.com\/site\/wp-content\/uploads\/2021\/03\/ae962a11-1ae0-41a3-8e51-bca2e8313e67.jpg 1206w, https:\/\/ubanews.com\/site\/wp-content\/uploads\/2021\/03\/ae962a11-1ae0-41a3-8e51-bca2e8313e67-283x300.jpg 283w, https:\/\/ubanews.com\/site\/wp-content\/uploads\/2021\/03\/ae962a11-1ae0-41a3-8e51-bca2e8313e67-965x1024.jpg 965w, https:\/\/ubanews.com\/site\/wp-content\/uploads\/2021\/03\/ae962a11-1ae0-41a3-8e51-bca2e8313e67-768x815.jpg 768w\" data-sizes=\"(max-width: 1206px) 100vw, 1206px\" src=\"data:image\/svg+xml;base64,PHN2ZyB3aWR0aD0iMSIgaGVpZ2h0PSIxIiB4bWxucz0iaHR0cDovL3d3dy53My5vcmcvMjAwMC9zdmciPjwvc3ZnPg==\" style=\"--smush-placeholder-width: 1206px; --smush-placeholder-aspect-ratio: 1206\/1280;\" \/><\/a><\/p>\n<p>Comunicado Oficial 369 &#8211; COVID\/19<\/p>\n<p>&#8211; Total de casos confirmados: 7376<br \/>\n(Soma dos casos confirmados de COVID-19 em pacientes residentes em Ub\u00e1 desde 15\/03\/20)<\/p>\n<p>&#8211; Casos confirmados em acompanhamento: 814<br \/>\n(casos confirmados de COVID-19 cuja condi\u00e7\u00e3o cl\u00ednica permanece sendo acompanhada)<\/p>\n<p>&#8211; Casos recuperados: 6432<br \/>\n(casos confirmados de COVID-19 que receberam alta hospitalar e\/ou cumpriram isolamento domiciliar de 10 dias sem intercorr\u00eancias e est\u00e3o h\u00e1, no m\u00ednimo, 72 horas assintom\u00e1ticos e sem a utiliza\u00e7\u00e3o de medicamentos.)<\/p>\n<p>&#8211; \u00d3bitos confirmados: 130<\/p>\n<p>&#8211; \u00d3bitos suspeitos\/investigados: 0<br \/>\n(soma dos casos de pacientes com suspeita de COVID-19 que vieram a \u00f3bito, cujo resultado do exame ainda \u00e9 aguardado.)<\/p>\n<div id=\"metaslider-id-17652\" style=\"max-width: 1000px;\" class=\"ml-slider-3-106-0 metaslider metaslider-nivo metaslider-17652 ml-slider ms-theme-outline\" role=\"region\" aria-label=\"Texto\" data-height=\"200\" data-width=\"1000\">\n    <div id=\"metaslider_container_17652\">\n        <div class='slider-wrapper theme-default'><div class='ribbon'><\/div><div id='metaslider_17652' class='nivoSlider'><\/div><\/div>\n        \n    <\/div>\n<\/div>\n<p>&#8211; Casos Notificados: 30521<br \/>\n(total de casos analisados, dentre monitorados, confirmados e descartados desde 15\/03\/20)<\/p>\n<p>&#8211; Casos em monitoramento por s\u00edndrome gripal: 14024<br \/>\n(casos de pacientes monitorados com s\u00edndrome gripais que n\u00e3o se enquadram para coleta do teste desde 15\/03\/20)<\/p>\n<p>&#8211; Casos em investiga\u00e7\u00e3o: 284<br \/>\n(casos suspeitos de pacientes aguardando resultado do teste.)<\/p>\n<p>Novos casos confirmados desde a \u00faltima atualiza\u00e7\u00e3o: (115)<\/p>\n<p>Sobre o novos \u00f3bito confirmado:<br \/>\n130\u00ba \u00f3bito: Paciente do sexo masculino, faixa et\u00e1ria de 80 a 85 anos de idade. Internado em 09\/03, com doen\u00e7a cardiovascular, diabetes e hipertens\u00e3o. \u00d3bito em 17\/03.<\/p>\n<p>Ub\u00e1 est\u00e1 na Onda Roxa<\/p>\n<p>O munic\u00edpio de Ub\u00e1 aderiu \u00e0 onda roxa atrav\u00e9s do Decreto Municipal 6.561\/2021. A norma municipal traz regras em conson\u00e2ncia com a Delibera\u00e7\u00e3o estadual COVID-19 n\u00ba 130.<\/p>\n<p>Al\u00e9m da ado\u00e7\u00e3o das regras j\u00e1 previstas na legisla\u00e7\u00e3o estadual, o munic\u00edpio de Ub\u00e1 limita a realiza\u00e7\u00e3o da Feira-Livre, sendo a mesma permitida apenas na quarta-feira e proibida aos domingos durante a vig\u00eancia da onda roxa; e recomenda a suspens\u00e3o das atividades presenciais em igrejas e templos. Funcionamento dos setores industriais \u00e9 permitido com ado\u00e7\u00e3o de protocolos, conforme a Delibera\u00e7\u00e3o n\u00ba 140. J\u00e1 o com\u00e9rcio e setor de servi\u00e7os poder\u00e1 funcionar somente com delivery e\/ou retirada em balc\u00e3o. O consumo interno est\u00e1 proibido em bares, restaurantes e lanchonetes, sendo que ap\u00f3s as 20h estes estabelecimentos somente podem funcionar com portas fechadas.<\/p>\n<p>A restri\u00e7\u00e3o de circula\u00e7\u00e3o de pessoas em vias p\u00fablicas ser\u00e1 adotada de 20h \u00e0s 5h. A Pol\u00edcia Militar, atrav\u00e9s da 35\u00aa CIA, informou que ir\u00e1 apoiar as a\u00e7\u00f5es da Fiscaliza\u00e7\u00e3o Municipal, e tamb\u00e9m atuar\u00e1 na abordagem de pessoas que estiverem as ruas nos hor\u00e1rios de circula\u00e7\u00e3o restrita (de 20h \u00e0s 5h), pessoas sem m\u00e1scara, eventos particulares em resid\u00eancias ou s\u00edtios e quaisquer outras a\u00e7\u00f5es que violem o Decreto Municipal e as regras da Onda Roxa.<\/p>\n<p>Fiscaliza\u00e7\u00e3o<br \/>\nPara den\u00fancias: Unidade Integrada de Fiscaliza\u00e7\u00e3o recebe e atende as demandas de den\u00fancias somente online, atrav\u00e9s do endere\u00e7o www.uba.mg.gov.br\/ouvidoria<\/p>\n<p>Orienta\u00e7\u00f5es \u00e0 comunidade<br \/>\nFa\u00e7am distanciamento social, atrav\u00e9s de isolamento domiciliar. Aten\u00e7\u00e3o redobrada aos pacientes do grupo de risco. Se voc\u00ea apresenta sintomas de s\u00edndrome gripal, caracterizados por pelo menos dois (2) ou mais dos seguintes sinais: febre (temperatura acima de 37,8\u00b0), calafrios, dor de garganta, dor de cabe\u00e7a, tosse, coriza, dist\u00farbios olfativos ou dist\u00farbios gustativos, sintomas gastrointestinais (diarreia) e dificuldade respirat\u00f3ria, procure a Unidade B\u00e1sica a Sa\u00fade do seu bairro (segunda a sexta, de 7h \u00e0s 16h) ou um dos Pronto Atendimentos Municipais 24h, instalados no Hospital S\u00e3o Vicente de Paulo e no Hospital Santa Isabel. \u00c9 obrigat\u00f3rio o uso de m\u00e1scara ao sair de casa.<br \/>\nEm caso de sintomas leves: Informe o setor de Epidemiologia ou a Unidade de Sa\u00fade mais pr\u00f3xima, permane\u00e7a em casa por 14 dias, siga rigorosamente todas as orienta\u00e7\u00f5es de higiene, n\u00e3o receba visitas, fa\u00e7a repouso, beba bastante \u00e1gua, evite permanecer em ambientes compartilhados da casa, como cozinha\/ sala de estar, use m\u00e1scara. O contato deve ser feito atrav\u00e9s da Central de Atendimento Covid-19, que atende a popula\u00e7\u00e3o por meio dos n\u00fameros 3531-9236 e 3531-6496 (todos os dias, de 7h \u00e0s 19h) ou pelo whatsapp 3301-6503 e 3301-6508.<\/p>\n<p><strong>Assessoria de Comunica\u00e7\u00e3o Prefeitura de Ub\u00e1<\/strong><\/p>\n","protected":false},"excerpt":{"rendered":"<p>Comunicado Oficial 369 &#8211; COVID\/19 &#8211; Total de casos confirmados:<\/p>\n","protected":false},"author":2,"featured_media":15588,"comment_status":"open","ping_status":"open","sticky":false,"template":"","format":"standard","meta":{"footnotes":""},"categories":[1],"tags":[],"class_list":["post-19339","post","type-post","status-publish","format-standard","has-post-thumbnail","hentry","category-sem-categoria"],"yoast_head":"<!-- This site is optimized with the Yoast SEO plugin v27.2 - https:\/\/yoast.com\/product\/yoast-seo-wordpress\/ -->\n<title>SOBE PARA 130 O N\u00daMERO DE V\u00cdTIMAS FATAIS POR COMPLICA\u00c7\u00d5ES DA COVID-19 - Ub\u00e1 News<\/title>\n<meta name=\"robots\" content=\"index, follow, max-snippet:-1, max-image-preview:large, max-video-preview:-1\" \/>\n<link rel=\"canonical\" href=\"https:\/\/ubanews.com\/site\/2021\/03\/18\/sobe-para-130-o-numero-de-vitimas-fatais-por-complicacoes-da-covid-19\/\" \/>\n<meta property=\"og:locale\" content=\"pt_BR\" \/>\n<meta property=\"og:type\" content=\"article\" \/>\n<meta property=\"og:title\" content=\"SOBE PARA 130 O N\u00daMERO DE V\u00cdTIMAS FATAIS POR COMPLICA\u00c7\u00d5ES DA COVID-19 - Ub\u00e1 News\" \/>\n<meta property=\"og:description\" content=\"Comunicado Oficial 369 &#8211; COVID\/19 &#8211; Total de casos confirmados:\" \/>\n<meta property=\"og:url\" content=\"https:\/\/ubanews.com\/site\/2021\/03\/18\/sobe-para-130-o-numero-de-vitimas-fatais-por-complicacoes-da-covid-19\/\" \/>\n<meta property=\"og:site_name\" content=\"Ub\u00e1 News\" \/>\n<meta property=\"article:publisher\" content=\"https:\/\/www.facebook.com\/Ub%c3%a1News-Carlos-Roberto-Sodr%c3%a9-418778301977370\" \/>\n<meta property=\"article:author\" content=\"https:\/\/www.facebook.com\/carosroberto.sodre.5\/\" \/>\n<meta property=\"article:published_time\" content=\"2021-03-18T21:35:15+00:00\" \/>\n<meta property=\"og:image\" content=\"https:\/\/ubanews.com\/site\/wp-content\/uploads\/2020\/03\/coronavirus.jpg\" \/>\n\t<meta property=\"og:image:width\" content=\"1000\" \/>\n\t<meta property=\"og:image:height\" content=\"500\" \/>\n\t<meta property=\"og:image:type\" content=\"image\/jpeg\" \/>\n<meta name=\"author\" content=\"Sodr\u00e9\" \/>\n<meta name=\"twitter:card\" content=\"summary_large_image\" \/>\n<meta name=\"twitter:label1\" content=\"Escrito por\" \/>\n\t<meta name=\"twitter:data1\" content=\"Sodr\u00e9\" \/>\n\t<meta name=\"twitter:label2\" content=\"Est. tempo de leitura\" \/>\n\t<meta name=\"twitter:data2\" content=\"4 minutos\" \/>\n<script type=\"application\/ld+json\" class=\"yoast-schema-graph\">{\"@context\":\"https:\/\/schema.org\",\"@graph\":[{\"@type\":\"Article\",\"@id\":\"https:\/\/ubanews.com\/site\/2021\/03\/18\/sobe-para-130-o-numero-de-vitimas-fatais-por-complicacoes-da-covid-19\/#article\",\"isPartOf\":{\"@id\":\"https:\/\/ubanews.com\/site\/2021\/03\/18\/sobe-para-130-o-numero-de-vitimas-fatais-por-complicacoes-da-covid-19\/\"},\"author\":{\"name\":\"Sodr\u00e9\",\"@id\":\"https:\/\/ubanews.com\/site\/#\/schema\/person\/d90c9e47252fbb63dcc969fe4c8b9d10\"},\"headline\":\"SOBE PARA 130 O N\u00daMERO DE V\u00cdTIMAS FATAIS POR COMPLICA\u00c7\u00d5ES DA COVID-19\",\"datePublished\":\"2021-03-18T21:35:15+00:00\",\"mainEntityOfPage\":{\"@id\":\"https:\/\/ubanews.com\/site\/2021\/03\/18\/sobe-para-130-o-numero-de-vitimas-fatais-por-complicacoes-da-covid-19\/\"},\"wordCount\":692,\"commentCount\":0,\"publisher\":{\"@id\":\"https:\/\/ubanews.com\/site\/#organization\"},\"image\":{\"@id\":\"https:\/\/ubanews.com\/site\/2021\/03\/18\/sobe-para-130-o-numero-de-vitimas-fatais-por-complicacoes-da-covid-19\/#primaryimage\"},\"thumbnailUrl\":\"https:\/\/ubanews.com\/site\/wp-content\/uploads\/2020\/03\/coronavirus.jpg\",\"articleSection\":[\"Geral\"],\"inLanguage\":\"pt-BR\",\"potentialAction\":[{\"@type\":\"CommentAction\",\"name\":\"Comment\",\"target\":[\"https:\/\/ubanews.com\/site\/2021\/03\/18\/sobe-para-130-o-numero-de-vitimas-fatais-por-complicacoes-da-covid-19\/#respond\"]}]},{\"@type\":\"WebPage\",\"@id\":\"https:\/\/ubanews.com\/site\/2021\/03\/18\/sobe-para-130-o-numero-de-vitimas-fatais-por-complicacoes-da-covid-19\/\",\"url\":\"https:\/\/ubanews.com\/site\/2021\/03\/18\/sobe-para-130-o-numero-de-vitimas-fatais-por-complicacoes-da-covid-19\/\",\"name\":\"SOBE PARA 130 O N\u00daMERO DE V\u00cdTIMAS FATAIS POR COMPLICA\u00c7\u00d5ES DA COVID-19 - Ub\u00e1 News\",\"isPartOf\":{\"@id\":\"https:\/\/ubanews.com\/site\/#website\"},\"primaryImageOfPage\":{\"@id\":\"https:\/\/ubanews.com\/site\/2021\/03\/18\/sobe-para-130-o-numero-de-vitimas-fatais-por-complicacoes-da-covid-19\/#primaryimage\"},\"image\":{\"@id\":\"https:\/\/ubanews.com\/site\/2021\/03\/18\/sobe-para-130-o-numero-de-vitimas-fatais-por-complicacoes-da-covid-19\/#primaryimage\"},\"thumbnailUrl\":\"https:\/\/ubanews.com\/site\/wp-content\/uploads\/2020\/03\/coronavirus.jpg\",\"datePublished\":\"2021-03-18T21:35:15+00:00\",\"breadcrumb\":{\"@id\":\"https:\/\/ubanews.com\/site\/2021\/03\/18\/sobe-para-130-o-numero-de-vitimas-fatais-por-complicacoes-da-covid-19\/#breadcrumb\"},\"inLanguage\":\"pt-BR\",\"potentialAction\":[{\"@type\":\"ReadAction\",\"target\":[\"https:\/\/ubanews.com\/site\/2021\/03\/18\/sobe-para-130-o-numero-de-vitimas-fatais-por-complicacoes-da-covid-19\/\"]}]},{\"@type\":\"ImageObject\",\"inLanguage\":\"pt-BR\",\"@id\":\"https:\/\/ubanews.com\/site\/2021\/03\/18\/sobe-para-130-o-numero-de-vitimas-fatais-por-complicacoes-da-covid-19\/#primaryimage\",\"url\":\"https:\/\/ubanews.com\/site\/wp-content\/uploads\/2020\/03\/coronavirus.jpg\",\"contentUrl\":\"https:\/\/ubanews.com\/site\/wp-content\/uploads\/2020\/03\/coronavirus.jpg\",\"width\":1000,\"height\":500},{\"@type\":\"BreadcrumbList\",\"@id\":\"https:\/\/ubanews.com\/site\/2021\/03\/18\/sobe-para-130-o-numero-de-vitimas-fatais-por-complicacoes-da-covid-19\/#breadcrumb\",\"itemListElement\":[{\"@type\":\"ListItem\",\"position\":1,\"name\":\"Home\",\"item\":\"https:\/\/ubanews.com\/site\/\"},{\"@type\":\"ListItem\",\"position\":2,\"name\":\"SOBE PARA 130 O N\u00daMERO DE V\u00cdTIMAS FATAIS POR COMPLICA\u00c7\u00d5ES DA COVID-19\"}]},{\"@type\":\"WebSite\",\"@id\":\"https:\/\/ubanews.com\/site\/#website\",\"url\":\"https:\/\/ubanews.com\/site\/\",\"name\":\"Ub\u00e1 News\",\"description\":\"\",\"publisher\":{\"@id\":\"https:\/\/ubanews.com\/site\/#organization\"},\"potentialAction\":[{\"@type\":\"SearchAction\",\"target\":{\"@type\":\"EntryPoint\",\"urlTemplate\":\"https:\/\/ubanews.com\/site\/?s={search_term_string}\"},\"query-input\":{\"@type\":\"PropertyValueSpecification\",\"valueRequired\":true,\"valueName\":\"search_term_string\"}}],\"inLanguage\":\"pt-BR\"},{\"@type\":\"Organization\",\"@id\":\"https:\/\/ubanews.com\/site\/#organization\",\"name\":\"Ub\u00e1 News\",\"url\":\"https:\/\/ubanews.com\/site\/\",\"logo\":{\"@type\":\"ImageObject\",\"inLanguage\":\"pt-BR\",\"@id\":\"https:\/\/ubanews.com\/site\/#\/schema\/logo\/image\/\",\"url\":\"https:\/\/ubanews.com\/site\/wp-content\/uploads\/2018\/01\/logoubanews.png\",\"contentUrl\":\"https:\/\/ubanews.com\/site\/wp-content\/uploads\/2018\/01\/logoubanews.png\",\"width\":261,\"height\":99,\"caption\":\"Ub\u00e1 News\"},\"image\":{\"@id\":\"https:\/\/ubanews.com\/site\/#\/schema\/logo\/image\/\"},\"sameAs\":[\"https:\/\/www.facebook.com\/Ub\u00e1News-Carlos-Roberto-Sodr\u00e9-418778301977370\"]},{\"@type\":\"Person\",\"@id\":\"https:\/\/ubanews.com\/site\/#\/schema\/person\/d90c9e47252fbb63dcc969fe4c8b9d10\",\"name\":\"Sodr\u00e9\",\"image\":{\"@type\":\"ImageObject\",\"inLanguage\":\"pt-BR\",\"@id\":\"https:\/\/secure.gravatar.com\/avatar\/5ba2793f0590b9dbfad3fdec4ee714485b3eef211c9b32ee53d414060454a56c?s=96&d=mm&r=g\",\"url\":\"https:\/\/secure.gravatar.com\/avatar\/5ba2793f0590b9dbfad3fdec4ee714485b3eef211c9b32ee53d414060454a56c?s=96&d=mm&r=g\",\"contentUrl\":\"https:\/\/secure.gravatar.com\/avatar\/5ba2793f0590b9dbfad3fdec4ee714485b3eef211c9b32ee53d414060454a56c?s=96&d=mm&r=g\",\"caption\":\"Sodr\u00e9\"},\"sameAs\":[\"https:\/\/www.facebook.com\/carosroberto.sodre.5\/\"],\"url\":\"https:\/\/ubanews.com\/site\/author\/felipe\/\"}]}<\/script>\n<!-- \/ Yoast SEO plugin. -->","yoast_head_json":{"title":"SOBE PARA 130 O N\u00daMERO DE V\u00cdTIMAS FATAIS POR COMPLICA\u00c7\u00d5ES DA COVID-19 - Ub\u00e1 News","robots":{"index":"index","follow":"follow","max-snippet":"max-snippet:-1","max-image-preview":"max-image-preview:large","max-video-preview":"max-video-preview:-1"},"canonical":"https:\/\/ubanews.com\/site\/2021\/03\/18\/sobe-para-130-o-numero-de-vitimas-fatais-por-complicacoes-da-covid-19\/","og_locale":"pt_BR","og_type":"article","og_title":"SOBE PARA 130 O N\u00daMERO DE V\u00cdTIMAS FATAIS POR COMPLICA\u00c7\u00d5ES DA COVID-19 - Ub\u00e1 News","og_description":"Comunicado Oficial 369 &#8211; COVID\/19 &#8211; Total de casos confirmados:","og_url":"https:\/\/ubanews.com\/site\/2021\/03\/18\/sobe-para-130-o-numero-de-vitimas-fatais-por-complicacoes-da-covid-19\/","og_site_name":"Ub\u00e1 News","article_publisher":"https:\/\/www.facebook.com\/Ub%c3%a1News-Carlos-Roberto-Sodr%c3%a9-418778301977370","article_author":"https:\/\/www.facebook.com\/carosroberto.sodre.5\/","article_published_time":"2021-03-18T21:35:15+00:00","og_image":[{"width":1000,"height":500,"url":"https:\/\/ubanews.com\/site\/wp-content\/uploads\/2020\/03\/coronavirus.jpg","type":"image\/jpeg"}],"author":"Sodr\u00e9","twitter_card":"summary_large_image","twitter_misc":{"Escrito por":"Sodr\u00e9","Est. tempo de leitura":"4 minutos"},"schema":{"@context":"https:\/\/schema.org","@graph":[{"@type":"Article","@id":"https:\/\/ubanews.com\/site\/2021\/03\/18\/sobe-para-130-o-numero-de-vitimas-fatais-por-complicacoes-da-covid-19\/#article","isPartOf":{"@id":"https:\/\/ubanews.com\/site\/2021\/03\/18\/sobe-para-130-o-numero-de-vitimas-fatais-por-complicacoes-da-covid-19\/"},"author":{"name":"Sodr\u00e9","@id":"https:\/\/ubanews.com\/site\/#\/schema\/person\/d90c9e47252fbb63dcc969fe4c8b9d10"},"headline":"SOBE PARA 130 O N\u00daMERO DE V\u00cdTIMAS FATAIS POR COMPLICA\u00c7\u00d5ES DA COVID-19","datePublished":"2021-03-18T21:35:15+00:00","mainEntityOfPage":{"@id":"https:\/\/ubanews.com\/site\/2021\/03\/18\/sobe-para-130-o-numero-de-vitimas-fatais-por-complicacoes-da-covid-19\/"},"wordCount":692,"commentCount":0,"publisher":{"@id":"https:\/\/ubanews.com\/site\/#organization"},"image":{"@id":"https:\/\/ubanews.com\/site\/2021\/03\/18\/sobe-para-130-o-numero-de-vitimas-fatais-por-complicacoes-da-covid-19\/#primaryimage"},"thumbnailUrl":"https:\/\/ubanews.com\/site\/wp-content\/uploads\/2020\/03\/coronavirus.jpg","articleSection":["Geral"],"inLanguage":"pt-BR","potentialAction":[{"@type":"CommentAction","name":"Comment","target":["https:\/\/ubanews.com\/site\/2021\/03\/18\/sobe-para-130-o-numero-de-vitimas-fatais-por-complicacoes-da-covid-19\/#respond"]}]},{"@type":"WebPage","@id":"https:\/\/ubanews.com\/site\/2021\/03\/18\/sobe-para-130-o-numero-de-vitimas-fatais-por-complicacoes-da-covid-19\/","url":"https:\/\/ubanews.com\/site\/2021\/03\/18\/sobe-para-130-o-numero-de-vitimas-fatais-por-complicacoes-da-covid-19\/","name":"SOBE PARA 130 O N\u00daMERO DE V\u00cdTIMAS FATAIS POR COMPLICA\u00c7\u00d5ES DA COVID-19 - Ub\u00e1 News","isPartOf":{"@id":"https:\/\/ubanews.com\/site\/#website"},"primaryImageOfPage":{"@id":"https:\/\/ubanews.com\/site\/2021\/03\/18\/sobe-para-130-o-numero-de-vitimas-fatais-por-complicacoes-da-covid-19\/#primaryimage"},"image":{"@id":"https:\/\/ubanews.com\/site\/2021\/03\/18\/sobe-para-130-o-numero-de-vitimas-fatais-por-complicacoes-da-covid-19\/#primaryimage"},"thumbnailUrl":"https:\/\/ubanews.com\/site\/wp-content\/uploads\/2020\/03\/coronavirus.jpg","datePublished":"2021-03-18T21:35:15+00:00","breadcrumb":{"@id":"https:\/\/ubanews.com\/site\/2021\/03\/18\/sobe-para-130-o-numero-de-vitimas-fatais-por-complicacoes-da-covid-19\/#breadcrumb"},"inLanguage":"pt-BR","potentialAction":[{"@type":"ReadAction","target":["https:\/\/ubanews.com\/site\/2021\/03\/18\/sobe-para-130-o-numero-de-vitimas-fatais-por-complicacoes-da-covid-19\/"]}]},{"@type":"ImageObject","inLanguage":"pt-BR","@id":"https:\/\/ubanews.com\/site\/2021\/03\/18\/sobe-para-130-o-numero-de-vitimas-fatais-por-complicacoes-da-covid-19\/#primaryimage","url":"https:\/\/ubanews.com\/site\/wp-content\/uploads\/2020\/03\/coronavirus.jpg","contentUrl":"https:\/\/ubanews.com\/site\/wp-content\/uploads\/2020\/03\/coronavirus.jpg","width":1000,"height":500},{"@type":"BreadcrumbList","@id":"https:\/\/ubanews.com\/site\/2021\/03\/18\/sobe-para-130-o-numero-de-vitimas-fatais-por-complicacoes-da-covid-19\/#breadcrumb","itemListElement":[{"@type":"ListItem","position":1,"name":"Home","item":"https:\/\/ubanews.com\/site\/"},{"@type":"ListItem","position":2,"name":"SOBE PARA 130 O N\u00daMERO DE V\u00cdTIMAS FATAIS POR COMPLICA\u00c7\u00d5ES DA COVID-19"}]},{"@type":"WebSite","@id":"https:\/\/ubanews.com\/site\/#website","url":"https:\/\/ubanews.com\/site\/","name":"Ub\u00e1 News","description":"","publisher":{"@id":"https:\/\/ubanews.com\/site\/#organization"},"potentialAction":[{"@type":"SearchAction","target":{"@type":"EntryPoint","urlTemplate":"https:\/\/ubanews.com\/site\/?s={search_term_string}"},"query-input":{"@type":"PropertyValueSpecification","valueRequired":true,"valueName":"search_term_string"}}],"inLanguage":"pt-BR"},{"@type":"Organization","@id":"https:\/\/ubanews.com\/site\/#organization","name":"Ub\u00e1 News","url":"https:\/\/ubanews.com\/site\/","logo":{"@type":"ImageObject","inLanguage":"pt-BR","@id":"https:\/\/ubanews.com\/site\/#\/schema\/logo\/image\/","url":"https:\/\/ubanews.com\/site\/wp-content\/uploads\/2018\/01\/logoubanews.png","contentUrl":"https:\/\/ubanews.com\/site\/wp-content\/uploads\/2018\/01\/logoubanews.png","width":261,"height":99,"caption":"Ub\u00e1 News"},"image":{"@id":"https:\/\/ubanews.com\/site\/#\/schema\/logo\/image\/"},"sameAs":["https:\/\/www.facebook.com\/Ub\u00e1News-Carlos-Roberto-Sodr\u00e9-418778301977370"]},{"@type":"Person","@id":"https:\/\/ubanews.com\/site\/#\/schema\/person\/d90c9e47252fbb63dcc969fe4c8b9d10","name":"Sodr\u00e9","image":{"@type":"ImageObject","inLanguage":"pt-BR","@id":"https:\/\/secure.gravatar.com\/avatar\/5ba2793f0590b9dbfad3fdec4ee714485b3eef211c9b32ee53d414060454a56c?s=96&d=mm&r=g","url":"https:\/\/secure.gravatar.com\/avatar\/5ba2793f0590b9dbfad3fdec4ee714485b3eef211c9b32ee53d414060454a56c?s=96&d=mm&r=g","contentUrl":"https:\/\/secure.gravatar.com\/avatar\/5ba2793f0590b9dbfad3fdec4ee714485b3eef211c9b32ee53d414060454a56c?s=96&d=mm&r=g","caption":"Sodr\u00e9"},"sameAs":["https:\/\/www.facebook.com\/carosroberto.sodre.5\/"],"url":"https:\/\/ubanews.com\/site\/author\/felipe\/"}]}},"_links":{"self":[{"href":"https:\/\/ubanews.com\/site\/wp-json\/wp\/v2\/posts\/19339","targetHints":{"allow":["GET"]}}],"collection":[{"href":"https:\/\/ubanews.com\/site\/wp-json\/wp\/v2\/posts"}],"about":[{"href":"https:\/\/ubanews.com\/site\/wp-json\/wp\/v2\/types\/post"}],"author":[{"embeddable":true,"href":"https:\/\/ubanews.com\/site\/wp-json\/wp\/v2\/users\/2"}],"replies":[{"embeddable":true,"href":"https:\/\/ubanews.com\/site\/wp-json\/wp\/v2\/comments?post=19339"}],"version-history":[{"count":0,"href":"https:\/\/ubanews.com\/site\/wp-json\/wp\/v2\/posts\/19339\/revisions"}],"wp:featuredmedia":[{"embeddable":true,"href":"https:\/\/ubanews.com\/site\/wp-json\/wp\/v2\/media\/15588"}],"wp:attachment":[{"href":"https:\/\/ubanews.com\/site\/wp-json\/wp\/v2\/media?parent=19339"}],"wp:term":[{"taxonomy":"category","embeddable":true,"href":"https:\/\/ubanews.com\/site\/wp-json\/wp\/v2\/categories?post=19339"},{"taxonomy":"post_tag","embeddable":true,"href":"https:\/\/ubanews.com\/site\/wp-json\/wp\/v2\/tags?post=19339"}],"curies":[{"name":"wp","href":"https:\/\/api.w.org\/{rel}","templated":true}]}}