{"id":19315,"date":"2021-03-14T14:30:05","date_gmt":"2021-03-14T17:30:05","guid":{"rendered":"http:\/\/ubanews.com\/site\/?p=19315"},"modified":"2021-03-15T17:29:30","modified_gmt":"2021-03-15T20:29:30","slug":"vandalo-picha-frente-de-escola-e-causa-revolta-na-comunidade","status":"publish","type":"post","link":"https:\/\/ubanews.com\/site\/2021\/03\/14\/vandalo-picha-frente-de-escola-e-causa-revolta-na-comunidade\/","title":{"rendered":"V\u00c2NDALO PICHA FRENTE DE ESCOLA E CAUSA REVOLTA NA COMUNIDADE"},"content":{"rendered":"<p><a href=\"https:\/\/ubanews.com\/site\/wp-content\/uploads\/2021\/03\/fa79bed6-0113-4816-a71c-d31ddc5844b9.jpg\"><img decoding=\"async\" class=\"aligncenter size-full wp-image-19321 lazyload\" data-src=\"https:\/\/ubanews.com\/site\/wp-content\/uploads\/2021\/03\/fa79bed6-0113-4816-a71c-d31ddc5844b9.jpg\" alt=\"\" width=\"1280\" height=\"960\" data-srcset=\"https:\/\/ubanews.com\/site\/wp-content\/uploads\/2021\/03\/fa79bed6-0113-4816-a71c-d31ddc5844b9.jpg 1280w, https:\/\/ubanews.com\/site\/wp-content\/uploads\/2021\/03\/fa79bed6-0113-4816-a71c-d31ddc5844b9-300x225.jpg 300w, https:\/\/ubanews.com\/site\/wp-content\/uploads\/2021\/03\/fa79bed6-0113-4816-a71c-d31ddc5844b9-1024x768.jpg 1024w, https:\/\/ubanews.com\/site\/wp-content\/uploads\/2021\/03\/fa79bed6-0113-4816-a71c-d31ddc5844b9-768x576.jpg 768w\" data-sizes=\"(max-width: 1280px) 100vw, 1280px\" src=\"data:image\/svg+xml;base64,PHN2ZyB3aWR0aD0iMSIgaGVpZ2h0PSIxIiB4bWxucz0iaHR0cDovL3d3dy53My5vcmcvMjAwMC9zdmciPjwvc3ZnPg==\" style=\"--smush-placeholder-width: 1280px; --smush-placeholder-aspect-ratio: 1280\/960;\" \/><\/a><\/p>\n<p>A Escola Municipal Governador Ozanam Coelho situada \u00e0 Pra\u00e7a Francisco Parma, no mesmo pr\u00e9dio onde acontecem as reuni\u00f5es do Rotary Club de Ub\u00e1, amanheceu com a parede da frente pichada, o que causou rep\u00fadio entre os moradores da comunidade e adjac\u00eancias.<br \/>\nDizem que uma imagem vale mais do que mil palavras, por\u00e9m para contar os detalhes que a nossa reportagem colheu atrav\u00e9s de um telefonema de uma m\u00e3e revoltada neste s\u00e1bado (13) bem cedinho, s\u00f3 mesmo em texto bem expl\u00edcito!<\/p>\n<div id=\"metaslider-id-17652\" style=\"max-width: 1000px;\" class=\"ml-slider-3-106-0 metaslider metaslider-nivo metaslider-17652 ml-slider ms-theme-outline\" role=\"region\" aria-label=\"Texto\" data-height=\"200\" data-width=\"1000\">\n    <div id=\"metaslider_container_17652\">\n        <div class='slider-wrapper theme-default'><div class='ribbon'><\/div><div id='metaslider_17652' class='nivoSlider'><\/div><\/div>\n        \n    <\/div>\n<\/div>\n<p>Isso n\u00e3o \u00e9 arte, como muitos poderiam dizer, para mim isso \u00e9 obra de vandalismo &#8211; desabafou a m\u00e3e inconformada. Na Escola Municipal Governador Ozanam Coelho j\u00e1 passaram muitas crian\u00e7as que hoje s\u00e3o jovens, na sua grande maioria, pessoas bem sucedidas e empreendedoras. Essa n\u00e3o significa apenas uma edifica\u00e7\u00e3o feita com tijolos, areia, cimento, argila e ferro por profissionais da constru\u00e7\u00e3o civil, mas por ali passam todos os dias gente que sonha, seres que vibram, algu\u00e9m que se emociona com cada conquista. Apesar de tantas incertezas na economia, na seguran\u00e7a, na gera\u00e7\u00e3o de emprego e renda, na chegada de grande quantidade para abastecer o pa\u00eds; apesar de toda inseguran\u00e7a que vive o povo brasileiro 99% de todas as almas que por ali passaram se tornaram cidad\u00e3os de verdade. Isso s\u00f3 foi poss\u00edvel porque havia na condu\u00e7\u00e3o dos trabalhos uma equipe preparada e bem orientada para a forma\u00e7\u00e3o dos nossos filhos e filhas.<br \/>\nPreservar e proteger as nossas escolas \u00e9 um dever de cada um de n\u00f3s. Isso chama-se cidadania!<\/p>\n<p>Cobertura completa e exclusiva do Portal Ub\u00e1 News.<\/p>\n<div style=\"width: 840px;\" class=\"wp-video\"><video class=\"wp-video-shortcode\" id=\"video-19315-1\" width=\"840\" height=\"473\" autoplay preload=\"auto\" controls=\"controls\"><source type=\"video\/mp4\" src=\"https:\/\/ubanews.com\/site\/wp-content\/uploads\/2020\/12\/01020002.00_00_53_25.mp4?_=1\" \/><a href=\"https:\/\/ubanews.com\/site\/wp-content\/uploads\/2020\/12\/01020002.00_00_53_25.mp4\">https:\/\/ubanews.com\/site\/wp-content\/uploads\/2020\/12\/01020002.00_00_53_25.mp4<\/a><\/video><\/div>\n","protected":false},"excerpt":{"rendered":"<p>A Escola Municipal Governador Ozanam Coelho situada \u00e0 Pra\u00e7a Francisco<\/p>\n","protected":false},"author":2,"featured_media":19322,"comment_status":"open","ping_status":"open","sticky":false,"template":"","format":"standard","meta":{"footnotes":""},"categories":[1],"tags":[],"class_list":["post-19315","post","type-post","status-publish","format-standard","has-post-thumbnail","hentry","category-sem-categoria"],"yoast_head":"<!-- This site is optimized with the Yoast SEO plugin v27.2 - https:\/\/yoast.com\/product\/yoast-seo-wordpress\/ -->\n<title>V\u00c2NDALO PICHA FRENTE DE ESCOLA E CAUSA REVOLTA NA COMUNIDADE - Ub\u00e1 News<\/title>\n<meta name=\"robots\" content=\"index, follow, max-snippet:-1, max-image-preview:large, max-video-preview:-1\" \/>\n<link rel=\"canonical\" href=\"https:\/\/ubanews.com\/site\/2021\/03\/14\/vandalo-picha-frente-de-escola-e-causa-revolta-na-comunidade\/\" \/>\n<meta property=\"og:locale\" content=\"pt_BR\" \/>\n<meta property=\"og:type\" content=\"article\" \/>\n<meta property=\"og:title\" content=\"V\u00c2NDALO PICHA FRENTE DE ESCOLA E CAUSA REVOLTA NA COMUNIDADE - Ub\u00e1 News\" \/>\n<meta property=\"og:description\" content=\"A Escola Municipal Governador Ozanam Coelho situada \u00e0 Pra\u00e7a Francisco\" \/>\n<meta property=\"og:url\" content=\"https:\/\/ubanews.com\/site\/2021\/03\/14\/vandalo-picha-frente-de-escola-e-causa-revolta-na-comunidade\/\" \/>\n<meta property=\"og:site_name\" content=\"Ub\u00e1 News\" \/>\n<meta property=\"article:publisher\" content=\"https:\/\/www.facebook.com\/Ub%c3%a1News-Carlos-Roberto-Sodr%c3%a9-418778301977370\" \/>\n<meta property=\"article:author\" content=\"https:\/\/www.facebook.com\/carosroberto.sodre.5\/\" \/>\n<meta property=\"article:published_time\" content=\"2021-03-14T17:30:05+00:00\" \/>\n<meta property=\"article:modified_time\" content=\"2021-03-15T20:29:30+00:00\" \/>\n<meta property=\"og:image\" content=\"https:\/\/ubanews.com\/site\/wp-content\/uploads\/2021\/03\/0001-1.jpg\" \/>\n\t<meta property=\"og:image:width\" content=\"1000\" \/>\n\t<meta property=\"og:image:height\" content=\"500\" \/>\n\t<meta property=\"og:image:type\" content=\"image\/jpeg\" \/>\n<meta name=\"author\" content=\"Sodr\u00e9\" \/>\n<meta name=\"twitter:card\" content=\"summary_large_image\" \/>\n<meta name=\"twitter:label1\" content=\"Escrito por\" \/>\n\t<meta name=\"twitter:data1\" content=\"Sodr\u00e9\" \/>\n\t<meta name=\"twitter:label2\" content=\"Est. tempo de leitura\" \/>\n\t<meta name=\"twitter:data2\" content=\"2 minutos\" \/>\n<script type=\"application\/ld+json\" class=\"yoast-schema-graph\">{\"@context\":\"https:\/\/schema.org\",\"@graph\":[{\"@type\":\"Article\",\"@id\":\"https:\/\/ubanews.com\/site\/2021\/03\/14\/vandalo-picha-frente-de-escola-e-causa-revolta-na-comunidade\/#article\",\"isPartOf\":{\"@id\":\"https:\/\/ubanews.com\/site\/2021\/03\/14\/vandalo-picha-frente-de-escola-e-causa-revolta-na-comunidade\/\"},\"author\":{\"name\":\"Sodr\u00e9\",\"@id\":\"https:\/\/ubanews.com\/site\/#\/schema\/person\/d90c9e47252fbb63dcc969fe4c8b9d10\"},\"headline\":\"V\u00c2NDALO PICHA FRENTE DE ESCOLA E CAUSA REVOLTA NA COMUNIDADE\",\"datePublished\":\"2021-03-14T17:30:05+00:00\",\"dateModified\":\"2021-03-15T20:29:30+00:00\",\"mainEntityOfPage\":{\"@id\":\"https:\/\/ubanews.com\/site\/2021\/03\/14\/vandalo-picha-frente-de-escola-e-causa-revolta-na-comunidade\/\"},\"wordCount\":307,\"commentCount\":0,\"publisher\":{\"@id\":\"https:\/\/ubanews.com\/site\/#organization\"},\"image\":{\"@id\":\"https:\/\/ubanews.com\/site\/2021\/03\/14\/vandalo-picha-frente-de-escola-e-causa-revolta-na-comunidade\/#primaryimage\"},\"thumbnailUrl\":\"https:\/\/ubanews.com\/site\/wp-content\/uploads\/2021\/03\/0001-1.jpg\",\"articleSection\":[\"Geral\"],\"inLanguage\":\"pt-BR\",\"potentialAction\":[{\"@type\":\"CommentAction\",\"name\":\"Comment\",\"target\":[\"https:\/\/ubanews.com\/site\/2021\/03\/14\/vandalo-picha-frente-de-escola-e-causa-revolta-na-comunidade\/#respond\"]}]},{\"@type\":\"WebPage\",\"@id\":\"https:\/\/ubanews.com\/site\/2021\/03\/14\/vandalo-picha-frente-de-escola-e-causa-revolta-na-comunidade\/\",\"url\":\"https:\/\/ubanews.com\/site\/2021\/03\/14\/vandalo-picha-frente-de-escola-e-causa-revolta-na-comunidade\/\",\"name\":\"V\u00c2NDALO PICHA FRENTE DE ESCOLA E CAUSA REVOLTA NA COMUNIDADE - Ub\u00e1 News\",\"isPartOf\":{\"@id\":\"https:\/\/ubanews.com\/site\/#website\"},\"primaryImageOfPage\":{\"@id\":\"https:\/\/ubanews.com\/site\/2021\/03\/14\/vandalo-picha-frente-de-escola-e-causa-revolta-na-comunidade\/#primaryimage\"},\"image\":{\"@id\":\"https:\/\/ubanews.com\/site\/2021\/03\/14\/vandalo-picha-frente-de-escola-e-causa-revolta-na-comunidade\/#primaryimage\"},\"thumbnailUrl\":\"https:\/\/ubanews.com\/site\/wp-content\/uploads\/2021\/03\/0001-1.jpg\",\"datePublished\":\"2021-03-14T17:30:05+00:00\",\"dateModified\":\"2021-03-15T20:29:30+00:00\",\"breadcrumb\":{\"@id\":\"https:\/\/ubanews.com\/site\/2021\/03\/14\/vandalo-picha-frente-de-escola-e-causa-revolta-na-comunidade\/#breadcrumb\"},\"inLanguage\":\"pt-BR\",\"potentialAction\":[{\"@type\":\"ReadAction\",\"target\":[\"https:\/\/ubanews.com\/site\/2021\/03\/14\/vandalo-picha-frente-de-escola-e-causa-revolta-na-comunidade\/\"]}]},{\"@type\":\"ImageObject\",\"inLanguage\":\"pt-BR\",\"@id\":\"https:\/\/ubanews.com\/site\/2021\/03\/14\/vandalo-picha-frente-de-escola-e-causa-revolta-na-comunidade\/#primaryimage\",\"url\":\"https:\/\/ubanews.com\/site\/wp-content\/uploads\/2021\/03\/0001-1.jpg\",\"contentUrl\":\"https:\/\/ubanews.com\/site\/wp-content\/uploads\/2021\/03\/0001-1.jpg\",\"width\":1000,\"height\":500},{\"@type\":\"BreadcrumbList\",\"@id\":\"https:\/\/ubanews.com\/site\/2021\/03\/14\/vandalo-picha-frente-de-escola-e-causa-revolta-na-comunidade\/#breadcrumb\",\"itemListElement\":[{\"@type\":\"ListItem\",\"position\":1,\"name\":\"Home\",\"item\":\"https:\/\/ubanews.com\/site\/\"},{\"@type\":\"ListItem\",\"position\":2,\"name\":\"V\u00c2NDALO PICHA FRENTE DE ESCOLA E CAUSA REVOLTA NA COMUNIDADE\"}]},{\"@type\":\"WebSite\",\"@id\":\"https:\/\/ubanews.com\/site\/#website\",\"url\":\"https:\/\/ubanews.com\/site\/\",\"name\":\"Ub\u00e1 News\",\"description\":\"\",\"publisher\":{\"@id\":\"https:\/\/ubanews.com\/site\/#organization\"},\"potentialAction\":[{\"@type\":\"SearchAction\",\"target\":{\"@type\":\"EntryPoint\",\"urlTemplate\":\"https:\/\/ubanews.com\/site\/?s={search_term_string}\"},\"query-input\":{\"@type\":\"PropertyValueSpecification\",\"valueRequired\":true,\"valueName\":\"search_term_string\"}}],\"inLanguage\":\"pt-BR\"},{\"@type\":\"Organization\",\"@id\":\"https:\/\/ubanews.com\/site\/#organization\",\"name\":\"Ub\u00e1 News\",\"url\":\"https:\/\/ubanews.com\/site\/\",\"logo\":{\"@type\":\"ImageObject\",\"inLanguage\":\"pt-BR\",\"@id\":\"https:\/\/ubanews.com\/site\/#\/schema\/logo\/image\/\",\"url\":\"https:\/\/ubanews.com\/site\/wp-content\/uploads\/2018\/01\/logoubanews.png\",\"contentUrl\":\"https:\/\/ubanews.com\/site\/wp-content\/uploads\/2018\/01\/logoubanews.png\",\"width\":261,\"height\":99,\"caption\":\"Ub\u00e1 News\"},\"image\":{\"@id\":\"https:\/\/ubanews.com\/site\/#\/schema\/logo\/image\/\"},\"sameAs\":[\"https:\/\/www.facebook.com\/Ub\u00e1News-Carlos-Roberto-Sodr\u00e9-418778301977370\"]},{\"@type\":\"Person\",\"@id\":\"https:\/\/ubanews.com\/site\/#\/schema\/person\/d90c9e47252fbb63dcc969fe4c8b9d10\",\"name\":\"Sodr\u00e9\",\"image\":{\"@type\":\"ImageObject\",\"inLanguage\":\"pt-BR\",\"@id\":\"https:\/\/secure.gravatar.com\/avatar\/5ba2793f0590b9dbfad3fdec4ee714485b3eef211c9b32ee53d414060454a56c?s=96&d=mm&r=g\",\"url\":\"https:\/\/secure.gravatar.com\/avatar\/5ba2793f0590b9dbfad3fdec4ee714485b3eef211c9b32ee53d414060454a56c?s=96&d=mm&r=g\",\"contentUrl\":\"https:\/\/secure.gravatar.com\/avatar\/5ba2793f0590b9dbfad3fdec4ee714485b3eef211c9b32ee53d414060454a56c?s=96&d=mm&r=g\",\"caption\":\"Sodr\u00e9\"},\"sameAs\":[\"https:\/\/www.facebook.com\/carosroberto.sodre.5\/\"],\"url\":\"https:\/\/ubanews.com\/site\/author\/felipe\/\"}]}<\/script>\n<!-- \/ Yoast SEO plugin. -->","yoast_head_json":{"title":"V\u00c2NDALO PICHA FRENTE DE ESCOLA E CAUSA REVOLTA NA COMUNIDADE - Ub\u00e1 News","robots":{"index":"index","follow":"follow","max-snippet":"max-snippet:-1","max-image-preview":"max-image-preview:large","max-video-preview":"max-video-preview:-1"},"canonical":"https:\/\/ubanews.com\/site\/2021\/03\/14\/vandalo-picha-frente-de-escola-e-causa-revolta-na-comunidade\/","og_locale":"pt_BR","og_type":"article","og_title":"V\u00c2NDALO PICHA FRENTE DE ESCOLA E CAUSA REVOLTA NA COMUNIDADE - Ub\u00e1 News","og_description":"A Escola Municipal Governador Ozanam Coelho situada \u00e0 Pra\u00e7a Francisco","og_url":"https:\/\/ubanews.com\/site\/2021\/03\/14\/vandalo-picha-frente-de-escola-e-causa-revolta-na-comunidade\/","og_site_name":"Ub\u00e1 News","article_publisher":"https:\/\/www.facebook.com\/Ub%c3%a1News-Carlos-Roberto-Sodr%c3%a9-418778301977370","article_author":"https:\/\/www.facebook.com\/carosroberto.sodre.5\/","article_published_time":"2021-03-14T17:30:05+00:00","article_modified_time":"2021-03-15T20:29:30+00:00","og_image":[{"width":1000,"height":500,"url":"https:\/\/ubanews.com\/site\/wp-content\/uploads\/2021\/03\/0001-1.jpg","type":"image\/jpeg"}],"author":"Sodr\u00e9","twitter_card":"summary_large_image","twitter_misc":{"Escrito por":"Sodr\u00e9","Est. tempo de leitura":"2 minutos"},"schema":{"@context":"https:\/\/schema.org","@graph":[{"@type":"Article","@id":"https:\/\/ubanews.com\/site\/2021\/03\/14\/vandalo-picha-frente-de-escola-e-causa-revolta-na-comunidade\/#article","isPartOf":{"@id":"https:\/\/ubanews.com\/site\/2021\/03\/14\/vandalo-picha-frente-de-escola-e-causa-revolta-na-comunidade\/"},"author":{"name":"Sodr\u00e9","@id":"https:\/\/ubanews.com\/site\/#\/schema\/person\/d90c9e47252fbb63dcc969fe4c8b9d10"},"headline":"V\u00c2NDALO PICHA FRENTE DE ESCOLA E CAUSA REVOLTA NA COMUNIDADE","datePublished":"2021-03-14T17:30:05+00:00","dateModified":"2021-03-15T20:29:30+00:00","mainEntityOfPage":{"@id":"https:\/\/ubanews.com\/site\/2021\/03\/14\/vandalo-picha-frente-de-escola-e-causa-revolta-na-comunidade\/"},"wordCount":307,"commentCount":0,"publisher":{"@id":"https:\/\/ubanews.com\/site\/#organization"},"image":{"@id":"https:\/\/ubanews.com\/site\/2021\/03\/14\/vandalo-picha-frente-de-escola-e-causa-revolta-na-comunidade\/#primaryimage"},"thumbnailUrl":"https:\/\/ubanews.com\/site\/wp-content\/uploads\/2021\/03\/0001-1.jpg","articleSection":["Geral"],"inLanguage":"pt-BR","potentialAction":[{"@type":"CommentAction","name":"Comment","target":["https:\/\/ubanews.com\/site\/2021\/03\/14\/vandalo-picha-frente-de-escola-e-causa-revolta-na-comunidade\/#respond"]}]},{"@type":"WebPage","@id":"https:\/\/ubanews.com\/site\/2021\/03\/14\/vandalo-picha-frente-de-escola-e-causa-revolta-na-comunidade\/","url":"https:\/\/ubanews.com\/site\/2021\/03\/14\/vandalo-picha-frente-de-escola-e-causa-revolta-na-comunidade\/","name":"V\u00c2NDALO PICHA FRENTE DE ESCOLA E CAUSA REVOLTA NA COMUNIDADE - Ub\u00e1 News","isPartOf":{"@id":"https:\/\/ubanews.com\/site\/#website"},"primaryImageOfPage":{"@id":"https:\/\/ubanews.com\/site\/2021\/03\/14\/vandalo-picha-frente-de-escola-e-causa-revolta-na-comunidade\/#primaryimage"},"image":{"@id":"https:\/\/ubanews.com\/site\/2021\/03\/14\/vandalo-picha-frente-de-escola-e-causa-revolta-na-comunidade\/#primaryimage"},"thumbnailUrl":"https:\/\/ubanews.com\/site\/wp-content\/uploads\/2021\/03\/0001-1.jpg","datePublished":"2021-03-14T17:30:05+00:00","dateModified":"2021-03-15T20:29:30+00:00","breadcrumb":{"@id":"https:\/\/ubanews.com\/site\/2021\/03\/14\/vandalo-picha-frente-de-escola-e-causa-revolta-na-comunidade\/#breadcrumb"},"inLanguage":"pt-BR","potentialAction":[{"@type":"ReadAction","target":["https:\/\/ubanews.com\/site\/2021\/03\/14\/vandalo-picha-frente-de-escola-e-causa-revolta-na-comunidade\/"]}]},{"@type":"ImageObject","inLanguage":"pt-BR","@id":"https:\/\/ubanews.com\/site\/2021\/03\/14\/vandalo-picha-frente-de-escola-e-causa-revolta-na-comunidade\/#primaryimage","url":"https:\/\/ubanews.com\/site\/wp-content\/uploads\/2021\/03\/0001-1.jpg","contentUrl":"https:\/\/ubanews.com\/site\/wp-content\/uploads\/2021\/03\/0001-1.jpg","width":1000,"height":500},{"@type":"BreadcrumbList","@id":"https:\/\/ubanews.com\/site\/2021\/03\/14\/vandalo-picha-frente-de-escola-e-causa-revolta-na-comunidade\/#breadcrumb","itemListElement":[{"@type":"ListItem","position":1,"name":"Home","item":"https:\/\/ubanews.com\/site\/"},{"@type":"ListItem","position":2,"name":"V\u00c2NDALO PICHA FRENTE DE ESCOLA E CAUSA REVOLTA NA COMUNIDADE"}]},{"@type":"WebSite","@id":"https:\/\/ubanews.com\/site\/#website","url":"https:\/\/ubanews.com\/site\/","name":"Ub\u00e1 News","description":"","publisher":{"@id":"https:\/\/ubanews.com\/site\/#organization"},"potentialAction":[{"@type":"SearchAction","target":{"@type":"EntryPoint","urlTemplate":"https:\/\/ubanews.com\/site\/?s={search_term_string}"},"query-input":{"@type":"PropertyValueSpecification","valueRequired":true,"valueName":"search_term_string"}}],"inLanguage":"pt-BR"},{"@type":"Organization","@id":"https:\/\/ubanews.com\/site\/#organization","name":"Ub\u00e1 News","url":"https:\/\/ubanews.com\/site\/","logo":{"@type":"ImageObject","inLanguage":"pt-BR","@id":"https:\/\/ubanews.com\/site\/#\/schema\/logo\/image\/","url":"https:\/\/ubanews.com\/site\/wp-content\/uploads\/2018\/01\/logoubanews.png","contentUrl":"https:\/\/ubanews.com\/site\/wp-content\/uploads\/2018\/01\/logoubanews.png","width":261,"height":99,"caption":"Ub\u00e1 News"},"image":{"@id":"https:\/\/ubanews.com\/site\/#\/schema\/logo\/image\/"},"sameAs":["https:\/\/www.facebook.com\/Ub\u00e1News-Carlos-Roberto-Sodr\u00e9-418778301977370"]},{"@type":"Person","@id":"https:\/\/ubanews.com\/site\/#\/schema\/person\/d90c9e47252fbb63dcc969fe4c8b9d10","name":"Sodr\u00e9","image":{"@type":"ImageObject","inLanguage":"pt-BR","@id":"https:\/\/secure.gravatar.com\/avatar\/5ba2793f0590b9dbfad3fdec4ee714485b3eef211c9b32ee53d414060454a56c?s=96&d=mm&r=g","url":"https:\/\/secure.gravatar.com\/avatar\/5ba2793f0590b9dbfad3fdec4ee714485b3eef211c9b32ee53d414060454a56c?s=96&d=mm&r=g","contentUrl":"https:\/\/secure.gravatar.com\/avatar\/5ba2793f0590b9dbfad3fdec4ee714485b3eef211c9b32ee53d414060454a56c?s=96&d=mm&r=g","caption":"Sodr\u00e9"},"sameAs":["https:\/\/www.facebook.com\/carosroberto.sodre.5\/"],"url":"https:\/\/ubanews.com\/site\/author\/felipe\/"}]}},"_links":{"self":[{"href":"https:\/\/ubanews.com\/site\/wp-json\/wp\/v2\/posts\/19315","targetHints":{"allow":["GET"]}}],"collection":[{"href":"https:\/\/ubanews.com\/site\/wp-json\/wp\/v2\/posts"}],"about":[{"href":"https:\/\/ubanews.com\/site\/wp-json\/wp\/v2\/types\/post"}],"author":[{"embeddable":true,"href":"https:\/\/ubanews.com\/site\/wp-json\/wp\/v2\/users\/2"}],"replies":[{"embeddable":true,"href":"https:\/\/ubanews.com\/site\/wp-json\/wp\/v2\/comments?post=19315"}],"version-history":[{"count":0,"href":"https:\/\/ubanews.com\/site\/wp-json\/wp\/v2\/posts\/19315\/revisions"}],"wp:featuredmedia":[{"embeddable":true,"href":"https:\/\/ubanews.com\/site\/wp-json\/wp\/v2\/media\/19322"}],"wp:attachment":[{"href":"https:\/\/ubanews.com\/site\/wp-json\/wp\/v2\/media?parent=19315"}],"wp:term":[{"taxonomy":"category","embeddable":true,"href":"https:\/\/ubanews.com\/site\/wp-json\/wp\/v2\/categories?post=19315"},{"taxonomy":"post_tag","embeddable":true,"href":"https:\/\/ubanews.com\/site\/wp-json\/wp\/v2\/tags?post=19315"}],"curies":[{"name":"wp","href":"https:\/\/api.w.org\/{rel}","templated":true}]}}