{"id":19132,"date":"2021-02-10T14:38:54","date_gmt":"2021-02-10T17:38:54","guid":{"rendered":"http:\/\/ubanews.com\/site\/?p=19132"},"modified":"2021-02-12T14:41:19","modified_gmt":"2021-02-12T17:41:19","slug":"realizada-reuniao-da-defesa-civil-com-o-prefeito-municipal","status":"publish","type":"post","link":"https:\/\/ubanews.com\/site\/2021\/02\/10\/realizada-reuniao-da-defesa-civil-com-o-prefeito-municipal\/","title":{"rendered":"REALIZADA REUNI\u00c3O DA DEFESA CIVIL COM O PREFEITO MUNICIPAL"},"content":{"rendered":"<p class=\"western\"><span style=\"font-family: Arial, sans-serif;\"><span style=\"font-size: medium;\">Na manh\u00e3 do dia 10 de Fevereiro, foi realizada na cidade de Ub\u00e1, uma reuni\u00e3o para tratar dos temas relativos \u00e0 Defesa Civil do Munic\u00edpio. A reuni\u00e3o contou com a presen\u00e7a do Prefeito Municipal, Dr Edson Teixeira Filho, do Agente Regional da Defesa Civil da 4\u00aa RPM, Sub Ten Jer\u00f4nimo Dami\u00e3o dos Santos, do Coordenador da Defesa Civil do munic\u00edpio de Ub\u00e1, Sr Gilger Menezes, do Assessor de Comunica\u00e7\u00e3o Organizacional do 21\u00ba BPM, 1\u00ba Ten PM Emerson dos Santos e da Representante da Defesa Civil do munic\u00edpio de Guidoval, Sra. Joyce.<\/span><\/span><\/p>\n<div id=\"metaslider-id-17652\" style=\"max-width: 1000px;\" class=\"ml-slider-3-110-0 metaslider metaslider-nivo metaslider-17652 ml-slider ms-theme-outline\" role=\"region\" aria-label=\"Texto\" data-height=\"200\" data-width=\"1000\">\n    <div id=\"metaslider_container_17652\">\n        <div class='slider-wrapper theme-default'><div class='ribbon'><\/div><div id='metaslider_17652' class='nivoSlider'><\/div><\/div>\n        \n    <\/div>\n<\/div>\n<p class=\"western\"><span style=\"font-family: Arial, sans-serif;\"><span style=\"font-size: medium;\">Entre os assuntos abordados, o destaque foi a estrutura da Coordenadoria Estadual em Defesa Civil \u2013 CEDEC \u2013 dirigida atualmente pelo Coronel PM&nbsp;<\/span><\/span><strong><span style=\"font-family: Arial, sans-serif;\"><span style=\"font-size: medium;\">Osvaldo de Souza Marques, ainda foi falado sobre a Portaria 3033 de 04\/02\/2020, que trata sobre repasse de verbas para projetos preventivos a desastres<\/span><\/span><\/strong><span style=\"font-family: Arial, sans-serif;\"><span style=\"font-size: medium;\">, tendo inclusive,&nbsp;<\/span><\/span><span style=\"font-family: Arial, sans-serif;\"><span style=\"font-size: medium;\">o Prefeito Municipal, relatado sobre licita\u00e7\u00f5es realizadas pela Prefeitura em obras de reparo e reconstru\u00e7\u00e3o, com verbas oriundas dos trabalhos realizados pela Defesa Civil.<\/span><\/span><\/p>\n<p class=\"western\"><span style=\"font-family: Arial, sans-serif;\"><span style=\"font-size: medium;\">Ao final da reuni\u00e3o, o Prefeito Municipal prop\u00f4s a cria\u00e7\u00e3o de um sistema de Defesa Civil Integrado para a regi\u00e3o de Ub\u00e1.<\/span><\/span><\/p>\n<p><strong>ASSESSORIA DE COMUNICA\u00c7\u00c3O ORGANIZACIONAL<\/strong><br \/>\n<strong>Vig\u00e9simo Primeiro Batalh\u00e3o de Pol\u00edcia Militar<\/strong><\/p>\n<p><a href=\"https:\/\/www.youtube.com\/channel\/UCm0EcguUF8_FXRnrYtA_1qg\" target=\"_blank\" rel=\"noopener noreferrer\"><img loading=\"lazy\" decoding=\"async\" class=\"aligncenter wp-image-8297 size-full\" src=\"https:\/\/ubanews.com\/site\/wp-content\/uploads\/2018\/10\/inscreva-se-no-You-Tube.jpg\" alt=\"\" width=\"800\" height=\"100\" srcset=\"https:\/\/ubanews.com\/site\/wp-content\/uploads\/2018\/10\/inscreva-se-no-You-Tube.jpg 800w, https:\/\/ubanews.com\/site\/wp-content\/uploads\/2018\/10\/inscreva-se-no-You-Tube-300x38.jpg 300w, https:\/\/ubanews.com\/site\/wp-content\/uploads\/2018\/10\/inscreva-se-no-You-Tube-768x96.jpg 768w\" sizes=\"auto, (max-width: 800px) 100vw, 800px\" \/><\/a><\/p>\n","protected":false},"excerpt":{"rendered":"<p>Na manh\u00e3 do dia 10 de Fevereiro, foi realizada na<\/p>\n","protected":false},"author":2,"featured_media":19133,"comment_status":"open","ping_status":"open","sticky":false,"template":"","format":"standard","meta":{"footnotes":""},"categories":[13],"tags":[],"class_list":["post-19132","post","type-post","status-publish","format-standard","has-post-thumbnail","hentry","category-sintese-das-ocorrencias"],"_links":{"self":[{"href":"https:\/\/ubanews.com\/site\/wp-json\/wp\/v2\/posts\/19132","targetHints":{"allow":["GET"]}}],"collection":[{"href":"https:\/\/ubanews.com\/site\/wp-json\/wp\/v2\/posts"}],"about":[{"href":"https:\/\/ubanews.com\/site\/wp-json\/wp\/v2\/types\/post"}],"author":[{"embeddable":true,"href":"https:\/\/ubanews.com\/site\/wp-json\/wp\/v2\/users\/2"}],"replies":[{"embeddable":true,"href":"https:\/\/ubanews.com\/site\/wp-json\/wp\/v2\/comments?post=19132"}],"version-history":[{"count":0,"href":"https:\/\/ubanews.com\/site\/wp-json\/wp\/v2\/posts\/19132\/revisions"}],"wp:featuredmedia":[{"embeddable":true,"href":"https:\/\/ubanews.com\/site\/wp-json\/wp\/v2\/media\/19133"}],"wp:attachment":[{"href":"https:\/\/ubanews.com\/site\/wp-json\/wp\/v2\/media?parent=19132"}],"wp:term":[{"taxonomy":"category","embeddable":true,"href":"https:\/\/ubanews.com\/site\/wp-json\/wp\/v2\/categories?post=19132"},{"taxonomy":"post_tag","embeddable":true,"href":"https:\/\/ubanews.com\/site\/wp-json\/wp\/v2\/tags?post=19132"}],"curies":[{"name":"wp","href":"https:\/\/api.w.org\/{rel}","templated":true}]}}