{"id":19131,"date":"2021-02-11T18:35:54","date_gmt":"2021-02-11T21:35:54","guid":{"rendered":"http:\/\/ubanews.com\/site\/?p=19131"},"modified":"2021-02-12T14:41:51","modified_gmt":"2021-02-12T17:41:51","slug":"acao-conjunta-prende-suspeitos-de-roubo-a-casa-loterica-em-miradouro","status":"publish","type":"post","link":"https:\/\/ubanews.com\/site\/2021\/02\/11\/acao-conjunta-prende-suspeitos-de-roubo-a-casa-loterica-em-miradouro\/","title":{"rendered":"A\u00e7\u00e3o conjunta prende suspeitos de roubo a casa lot\u00e9rica em Miradouro"},"content":{"rendered":"<p class=\"titulo_noticia\">Na quarta-feira (10\/2), uma a\u00e7\u00e3o conjunta entre as Pol\u00edcias Civil e Militar na Zona Rural do munic\u00edpio de Miradouro, na Zona da Mata mineira, resultou na pris\u00e3o de dois homens, de 20 e 28 anos, suspeitos de praticarem um roubo \u00e0 m\u00e3o armada, ocorrido em uma casa lot\u00e9rica, no dia 5 de fevereiro, na cidade.<\/p>\n<div id=\"metaslider-id-17652\" style=\"max-width: 1000px;\" class=\"ml-slider-3-110-0 metaslider metaslider-nivo metaslider-17652 ml-slider ms-theme-outline\" role=\"region\" aria-label=\"Texto\" data-height=\"200\" data-width=\"1000\">\n    <div id=\"metaslider_container_17652\">\n        <div class='slider-wrapper theme-default'><div class='ribbon'><\/div><div id='metaslider_17652' class='nivoSlider'><\/div><\/div>\n        \n    <\/div>\n<\/div>\n<p><main class=\"texto_noticia\">Na data do crime, os homens teriam estacionado uma motocicleta em frente ao estabelecimento e foram at\u00e9 o local armados, anunciando o assalto. Em seguida, empreenderam fuga. Inicialmente, investiga\u00e7\u00f5es realizadas pela Delegacia em Miradouro, com apoio da Ag\u00eancia de Intelig\u00eancia da 4\u00aa Delegacia Regional em Muria\u00e9, revelaram que, ap\u00f3s a conduta criminosa, os investigados teriam abandonado o ve\u00edculo em uma estrada rural. \u201cOs trabalhos investigativos continuaram, resultando na a\u00e7\u00e3o deflagrada ontem e na pris\u00e3o dos suspeitos\u201d, concluiu o delegado Bernardo Barros Machado.<\/main><strong>Assessoria de Comunica\u00e7\u00e3o Pol\u00edcia Civil de Minas Gerais<\/strong><\/p>\n<p>&nbsp;<\/p>\n","protected":false},"excerpt":{"rendered":"<p>Na quarta-feira (10\/2), uma a\u00e7\u00e3o conjunta entre as Pol\u00edcias Civil<\/p>\n","protected":false},"author":2,"featured_media":11163,"comment_status":"open","ping_status":"open","sticky":false,"template":"","format":"standard","meta":{"footnotes":""},"categories":[13],"tags":[],"class_list":["post-19131","post","type-post","status-publish","format-standard","has-post-thumbnail","hentry","category-sintese-das-ocorrencias"],"_links":{"self":[{"href":"https:\/\/ubanews.com\/site\/wp-json\/wp\/v2\/posts\/19131","targetHints":{"allow":["GET"]}}],"collection":[{"href":"https:\/\/ubanews.com\/site\/wp-json\/wp\/v2\/posts"}],"about":[{"href":"https:\/\/ubanews.com\/site\/wp-json\/wp\/v2\/types\/post"}],"author":[{"embeddable":true,"href":"https:\/\/ubanews.com\/site\/wp-json\/wp\/v2\/users\/2"}],"replies":[{"embeddable":true,"href":"https:\/\/ubanews.com\/site\/wp-json\/wp\/v2\/comments?post=19131"}],"version-history":[{"count":0,"href":"https:\/\/ubanews.com\/site\/wp-json\/wp\/v2\/posts\/19131\/revisions"}],"wp:featuredmedia":[{"embeddable":true,"href":"https:\/\/ubanews.com\/site\/wp-json\/wp\/v2\/media\/11163"}],"wp:attachment":[{"href":"https:\/\/ubanews.com\/site\/wp-json\/wp\/v2\/media?parent=19131"}],"wp:term":[{"taxonomy":"category","embeddable":true,"href":"https:\/\/ubanews.com\/site\/wp-json\/wp\/v2\/categories?post=19131"},{"taxonomy":"post_tag","embeddable":true,"href":"https:\/\/ubanews.com\/site\/wp-json\/wp\/v2\/tags?post=19131"}],"curies":[{"name":"wp","href":"https:\/\/api.w.org\/{rel}","templated":true}]}}