{"id":19054,"date":"2021-01-18T08:48:03","date_gmt":"2021-01-18T11:48:03","guid":{"rendered":"http:\/\/ubanews.com\/site\/?p=19054"},"modified":"2021-01-18T08:48:03","modified_gmt":"2021-01-18T11:48:03","slug":"edital-do-loteamento-correa-distrito-de-monte-celeste-sao-geraldo","status":"publish","type":"post","link":"https:\/\/ubanews.com\/site\/2021\/01\/18\/edital-do-loteamento-correa-distrito-de-monte-celeste-sao-geraldo\/","title":{"rendered":"EDITAL DO LOTEAMENTO CORR\u00caA, DISTRITO DE MONTE CELESTE, S\u00c3O GERALDO"},"content":{"rendered":"<p>Renato Drummond Costa, Oficial do Registro de Im\u00f3veis da comarca de Visconde do Rio Branco, MG, faz saber, a quantos este virem ou dele tiverem conhecimento que por Cl\u00e1udi Ara\u00fajo Teixeira Magalh\u00e3es, brasileira, professora, CPF n\u00ba 026.465.496-01 e RG-5.364.570 da PC-MG e <u>Jo\u00e3o Teixeira de Magalh\u00e3es<\/u>, brasileiro, agriculto, CPF n\u00ba 612.730.666-34 e RG MG-22.044.356 da PC-MG, foi Requerido a esta serventia o Registro do Loteamento denominado \u201c<strong>LOTEAMENTO CORR\u00caA\u201d<\/strong>, SITUADO NO EM Santa Rosa, Distrito de Monte Celeste, em S\u00e3o Geraldo-MG, nesta Comarca, com \u00e1rea urbana de total 59.420,00m\u00b2, com Registro no Livro 02 de registro Geral sob o n\u00ba 29432, sendo 115 lotes em 6 quadras, com \u00e1rea total de Lotes de 33.016,00m\u00b2; 13217,00m\u00b2 de \u00c1rea verde; 1963,00m\u00b2 de \u00e1rea institucional; 10748,00m\u00b2 em \u00e1reas de Rua; 477,00m\u00b2 em \u00e1rea de servid\u00e3o, conforme Plana apresentada ART. 14202000000005892558. Tudo conforme Lei 6.766\/79. As impugna\u00e7\u00f5es porventura surgidas dever\u00e3o ser apresentadas nesta serventia, Localizada na Pra\u00e7a 28 de Setembro, n\u00ba 250, loja 04, Centro, no Edif\u00edcio Comercial Rio Branco, em at\u00e9 15 dias contados da 3\u00aa publica\u00e7\u00f5es deste edital. Visconde do Rio Branco, MG.<\/p>\n<p><a href=\"https:\/\/ubanews.com\/site\/wp-content\/uploads\/2021\/01\/0001-1.jpg\"><img decoding=\"async\" class=\"aligncenter size-full wp-image-19055 lazyload\" data-src=\"https:\/\/ubanews.com\/site\/wp-content\/uploads\/2021\/01\/0001-1.jpg\" alt=\"\" width=\"1250\" height=\"842\" data-srcset=\"https:\/\/ubanews.com\/site\/wp-content\/uploads\/2021\/01\/0001-1.jpg 1250w, https:\/\/ubanews.com\/site\/wp-content\/uploads\/2021\/01\/0001-1-300x202.jpg 300w, https:\/\/ubanews.com\/site\/wp-content\/uploads\/2021\/01\/0001-1-1024x690.jpg 1024w, https:\/\/ubanews.com\/site\/wp-content\/uploads\/2021\/01\/0001-1-768x517.jpg 768w, https:\/\/ubanews.com\/site\/wp-content\/uploads\/2021\/01\/0001-1-120x80.jpg 120w\" data-sizes=\"(max-width: 1250px) 100vw, 1250px\" src=\"data:image\/svg+xml;base64,PHN2ZyB3aWR0aD0iMSIgaGVpZ2h0PSIxIiB4bWxucz0iaHR0cDovL3d3dy53My5vcmcvMjAwMC9zdmciPjwvc3ZnPg==\" style=\"--smush-placeholder-width: 1250px; --smush-placeholder-aspect-ratio: 1250\/842;\" \/><\/a><\/p>\n<p><a href=\"https:\/\/ubanews.com\/site\/wp-content\/uploads\/2021\/01\/CamScanner-01-13-2021-10.29.pdf\">Clique aqui para baixar o documento original.<\/a><\/p>\n","protected":false},"excerpt":{"rendered":"<p>Renato Drummond Costa, Oficial do Registro de Im\u00f3veis da comarca<\/p>\n","protected":false},"author":2,"featured_media":19057,"comment_status":"open","ping_status":"open","sticky":false,"template":"","format":"standard","meta":{"footnotes":""},"categories":[1],"tags":[],"class_list":["post-19054","post","type-post","status-publish","format-standard","has-post-thumbnail","hentry","category-sem-categoria"],"yoast_head":"<!-- This site is optimized with the Yoast SEO plugin v27.2 - https:\/\/yoast.com\/product\/yoast-seo-wordpress\/ -->\n<title>EDITAL DO LOTEAMENTO CORR\u00caA, DISTRITO DE MONTE CELESTE, S\u00c3O GERALDO - Ub\u00e1 News<\/title>\n<meta name=\"robots\" content=\"index, follow, max-snippet:-1, max-image-preview:large, max-video-preview:-1\" \/>\n<link rel=\"canonical\" href=\"https:\/\/ubanews.com\/site\/2021\/01\/18\/edital-do-loteamento-correa-distrito-de-monte-celeste-sao-geraldo\/\" \/>\n<meta property=\"og:locale\" content=\"pt_BR\" \/>\n<meta property=\"og:type\" content=\"article\" \/>\n<meta property=\"og:title\" content=\"EDITAL DO LOTEAMENTO CORR\u00caA, DISTRITO DE MONTE CELESTE, S\u00c3O GERALDO - Ub\u00e1 News\" \/>\n<meta property=\"og:description\" content=\"Renato Drummond Costa, Oficial do Registro de Im\u00f3veis da comarca\" \/>\n<meta property=\"og:url\" content=\"https:\/\/ubanews.com\/site\/2021\/01\/18\/edital-do-loteamento-correa-distrito-de-monte-celeste-sao-geraldo\/\" \/>\n<meta property=\"og:site_name\" content=\"Ub\u00e1 News\" \/>\n<meta property=\"article:publisher\" content=\"https:\/\/www.facebook.com\/Ub%c3%a1News-Carlos-Roberto-Sodr%c3%a9-418778301977370\" \/>\n<meta property=\"article:author\" content=\"https:\/\/www.facebook.com\/carosroberto.sodre.5\/\" \/>\n<meta property=\"article:published_time\" content=\"2021-01-18T11:48:03+00:00\" \/>\n<meta property=\"og:image\" content=\"https:\/\/ubanews.com\/site\/wp-content\/uploads\/2021\/01\/0002.jpg\" \/>\n\t<meta property=\"og:image:width\" content=\"1000\" \/>\n\t<meta property=\"og:image:height\" content=\"500\" \/>\n\t<meta property=\"og:image:type\" content=\"image\/jpeg\" \/>\n<meta name=\"author\" content=\"Sodr\u00e9\" \/>\n<meta name=\"twitter:card\" content=\"summary_large_image\" \/>\n<meta name=\"twitter:label1\" content=\"Escrito por\" \/>\n\t<meta name=\"twitter:data1\" content=\"Sodr\u00e9\" \/>\n\t<meta name=\"twitter:label2\" content=\"Est. tempo de leitura\" \/>\n\t<meta name=\"twitter:data2\" content=\"2 minutos\" \/>\n<script type=\"application\/ld+json\" class=\"yoast-schema-graph\">{\"@context\":\"https:\/\/schema.org\",\"@graph\":[{\"@type\":\"Article\",\"@id\":\"https:\/\/ubanews.com\/site\/2021\/01\/18\/edital-do-loteamento-correa-distrito-de-monte-celeste-sao-geraldo\/#article\",\"isPartOf\":{\"@id\":\"https:\/\/ubanews.com\/site\/2021\/01\/18\/edital-do-loteamento-correa-distrito-de-monte-celeste-sao-geraldo\/\"},\"author\":{\"name\":\"Sodr\u00e9\",\"@id\":\"https:\/\/ubanews.com\/site\/#\/schema\/person\/d90c9e47252fbb63dcc969fe4c8b9d10\"},\"headline\":\"EDITAL DO LOTEAMENTO CORR\u00caA, DISTRITO DE MONTE CELESTE, S\u00c3O GERALDO\",\"datePublished\":\"2021-01-18T11:48:03+00:00\",\"mainEntityOfPage\":{\"@id\":\"https:\/\/ubanews.com\/site\/2021\/01\/18\/edital-do-loteamento-correa-distrito-de-monte-celeste-sao-geraldo\/\"},\"wordCount\":202,\"commentCount\":0,\"publisher\":{\"@id\":\"https:\/\/ubanews.com\/site\/#organization\"},\"image\":{\"@id\":\"https:\/\/ubanews.com\/site\/2021\/01\/18\/edital-do-loteamento-correa-distrito-de-monte-celeste-sao-geraldo\/#primaryimage\"},\"thumbnailUrl\":\"https:\/\/ubanews.com\/site\/wp-content\/uploads\/2021\/01\/0002.jpg\",\"articleSection\":[\"Geral\"],\"inLanguage\":\"pt-BR\",\"potentialAction\":[{\"@type\":\"CommentAction\",\"name\":\"Comment\",\"target\":[\"https:\/\/ubanews.com\/site\/2021\/01\/18\/edital-do-loteamento-correa-distrito-de-monte-celeste-sao-geraldo\/#respond\"]}]},{\"@type\":\"WebPage\",\"@id\":\"https:\/\/ubanews.com\/site\/2021\/01\/18\/edital-do-loteamento-correa-distrito-de-monte-celeste-sao-geraldo\/\",\"url\":\"https:\/\/ubanews.com\/site\/2021\/01\/18\/edital-do-loteamento-correa-distrito-de-monte-celeste-sao-geraldo\/\",\"name\":\"EDITAL DO LOTEAMENTO CORR\u00caA, DISTRITO DE MONTE CELESTE, S\u00c3O GERALDO - Ub\u00e1 News\",\"isPartOf\":{\"@id\":\"https:\/\/ubanews.com\/site\/#website\"},\"primaryImageOfPage\":{\"@id\":\"https:\/\/ubanews.com\/site\/2021\/01\/18\/edital-do-loteamento-correa-distrito-de-monte-celeste-sao-geraldo\/#primaryimage\"},\"image\":{\"@id\":\"https:\/\/ubanews.com\/site\/2021\/01\/18\/edital-do-loteamento-correa-distrito-de-monte-celeste-sao-geraldo\/#primaryimage\"},\"thumbnailUrl\":\"https:\/\/ubanews.com\/site\/wp-content\/uploads\/2021\/01\/0002.jpg\",\"datePublished\":\"2021-01-18T11:48:03+00:00\",\"breadcrumb\":{\"@id\":\"https:\/\/ubanews.com\/site\/2021\/01\/18\/edital-do-loteamento-correa-distrito-de-monte-celeste-sao-geraldo\/#breadcrumb\"},\"inLanguage\":\"pt-BR\",\"potentialAction\":[{\"@type\":\"ReadAction\",\"target\":[\"https:\/\/ubanews.com\/site\/2021\/01\/18\/edital-do-loteamento-correa-distrito-de-monte-celeste-sao-geraldo\/\"]}]},{\"@type\":\"ImageObject\",\"inLanguage\":\"pt-BR\",\"@id\":\"https:\/\/ubanews.com\/site\/2021\/01\/18\/edital-do-loteamento-correa-distrito-de-monte-celeste-sao-geraldo\/#primaryimage\",\"url\":\"https:\/\/ubanews.com\/site\/wp-content\/uploads\/2021\/01\/0002.jpg\",\"contentUrl\":\"https:\/\/ubanews.com\/site\/wp-content\/uploads\/2021\/01\/0002.jpg\",\"width\":1000,\"height\":500},{\"@type\":\"BreadcrumbList\",\"@id\":\"https:\/\/ubanews.com\/site\/2021\/01\/18\/edital-do-loteamento-correa-distrito-de-monte-celeste-sao-geraldo\/#breadcrumb\",\"itemListElement\":[{\"@type\":\"ListItem\",\"position\":1,\"name\":\"Home\",\"item\":\"https:\/\/ubanews.com\/site\/\"},{\"@type\":\"ListItem\",\"position\":2,\"name\":\"EDITAL DO LOTEAMENTO CORR\u00caA, DISTRITO DE MONTE CELESTE, S\u00c3O GERALDO\"}]},{\"@type\":\"WebSite\",\"@id\":\"https:\/\/ubanews.com\/site\/#website\",\"url\":\"https:\/\/ubanews.com\/site\/\",\"name\":\"Ub\u00e1 News\",\"description\":\"\",\"publisher\":{\"@id\":\"https:\/\/ubanews.com\/site\/#organization\"},\"potentialAction\":[{\"@type\":\"SearchAction\",\"target\":{\"@type\":\"EntryPoint\",\"urlTemplate\":\"https:\/\/ubanews.com\/site\/?s={search_term_string}\"},\"query-input\":{\"@type\":\"PropertyValueSpecification\",\"valueRequired\":true,\"valueName\":\"search_term_string\"}}],\"inLanguage\":\"pt-BR\"},{\"@type\":\"Organization\",\"@id\":\"https:\/\/ubanews.com\/site\/#organization\",\"name\":\"Ub\u00e1 News\",\"url\":\"https:\/\/ubanews.com\/site\/\",\"logo\":{\"@type\":\"ImageObject\",\"inLanguage\":\"pt-BR\",\"@id\":\"https:\/\/ubanews.com\/site\/#\/schema\/logo\/image\/\",\"url\":\"https:\/\/ubanews.com\/site\/wp-content\/uploads\/2018\/01\/logoubanews.png\",\"contentUrl\":\"https:\/\/ubanews.com\/site\/wp-content\/uploads\/2018\/01\/logoubanews.png\",\"width\":261,\"height\":99,\"caption\":\"Ub\u00e1 News\"},\"image\":{\"@id\":\"https:\/\/ubanews.com\/site\/#\/schema\/logo\/image\/\"},\"sameAs\":[\"https:\/\/www.facebook.com\/Ub\u00e1News-Carlos-Roberto-Sodr\u00e9-418778301977370\"]},{\"@type\":\"Person\",\"@id\":\"https:\/\/ubanews.com\/site\/#\/schema\/person\/d90c9e47252fbb63dcc969fe4c8b9d10\",\"name\":\"Sodr\u00e9\",\"image\":{\"@type\":\"ImageObject\",\"inLanguage\":\"pt-BR\",\"@id\":\"https:\/\/secure.gravatar.com\/avatar\/5ba2793f0590b9dbfad3fdec4ee714485b3eef211c9b32ee53d414060454a56c?s=96&d=mm&r=g\",\"url\":\"https:\/\/secure.gravatar.com\/avatar\/5ba2793f0590b9dbfad3fdec4ee714485b3eef211c9b32ee53d414060454a56c?s=96&d=mm&r=g\",\"contentUrl\":\"https:\/\/secure.gravatar.com\/avatar\/5ba2793f0590b9dbfad3fdec4ee714485b3eef211c9b32ee53d414060454a56c?s=96&d=mm&r=g\",\"caption\":\"Sodr\u00e9\"},\"sameAs\":[\"https:\/\/www.facebook.com\/carosroberto.sodre.5\/\"],\"url\":\"https:\/\/ubanews.com\/site\/author\/felipe\/\"}]}<\/script>\n<!-- \/ Yoast SEO plugin. -->","yoast_head_json":{"title":"EDITAL DO LOTEAMENTO CORR\u00caA, DISTRITO DE MONTE CELESTE, S\u00c3O GERALDO - Ub\u00e1 News","robots":{"index":"index","follow":"follow","max-snippet":"max-snippet:-1","max-image-preview":"max-image-preview:large","max-video-preview":"max-video-preview:-1"},"canonical":"https:\/\/ubanews.com\/site\/2021\/01\/18\/edital-do-loteamento-correa-distrito-de-monte-celeste-sao-geraldo\/","og_locale":"pt_BR","og_type":"article","og_title":"EDITAL DO LOTEAMENTO CORR\u00caA, DISTRITO DE MONTE CELESTE, S\u00c3O GERALDO - Ub\u00e1 News","og_description":"Renato Drummond Costa, Oficial do Registro de Im\u00f3veis da comarca","og_url":"https:\/\/ubanews.com\/site\/2021\/01\/18\/edital-do-loteamento-correa-distrito-de-monte-celeste-sao-geraldo\/","og_site_name":"Ub\u00e1 News","article_publisher":"https:\/\/www.facebook.com\/Ub%c3%a1News-Carlos-Roberto-Sodr%c3%a9-418778301977370","article_author":"https:\/\/www.facebook.com\/carosroberto.sodre.5\/","article_published_time":"2021-01-18T11:48:03+00:00","og_image":[{"width":1000,"height":500,"url":"https:\/\/ubanews.com\/site\/wp-content\/uploads\/2021\/01\/0002.jpg","type":"image\/jpeg"}],"author":"Sodr\u00e9","twitter_card":"summary_large_image","twitter_misc":{"Escrito por":"Sodr\u00e9","Est. tempo de leitura":"2 minutos"},"schema":{"@context":"https:\/\/schema.org","@graph":[{"@type":"Article","@id":"https:\/\/ubanews.com\/site\/2021\/01\/18\/edital-do-loteamento-correa-distrito-de-monte-celeste-sao-geraldo\/#article","isPartOf":{"@id":"https:\/\/ubanews.com\/site\/2021\/01\/18\/edital-do-loteamento-correa-distrito-de-monte-celeste-sao-geraldo\/"},"author":{"name":"Sodr\u00e9","@id":"https:\/\/ubanews.com\/site\/#\/schema\/person\/d90c9e47252fbb63dcc969fe4c8b9d10"},"headline":"EDITAL DO LOTEAMENTO CORR\u00caA, DISTRITO DE MONTE CELESTE, S\u00c3O GERALDO","datePublished":"2021-01-18T11:48:03+00:00","mainEntityOfPage":{"@id":"https:\/\/ubanews.com\/site\/2021\/01\/18\/edital-do-loteamento-correa-distrito-de-monte-celeste-sao-geraldo\/"},"wordCount":202,"commentCount":0,"publisher":{"@id":"https:\/\/ubanews.com\/site\/#organization"},"image":{"@id":"https:\/\/ubanews.com\/site\/2021\/01\/18\/edital-do-loteamento-correa-distrito-de-monte-celeste-sao-geraldo\/#primaryimage"},"thumbnailUrl":"https:\/\/ubanews.com\/site\/wp-content\/uploads\/2021\/01\/0002.jpg","articleSection":["Geral"],"inLanguage":"pt-BR","potentialAction":[{"@type":"CommentAction","name":"Comment","target":["https:\/\/ubanews.com\/site\/2021\/01\/18\/edital-do-loteamento-correa-distrito-de-monte-celeste-sao-geraldo\/#respond"]}]},{"@type":"WebPage","@id":"https:\/\/ubanews.com\/site\/2021\/01\/18\/edital-do-loteamento-correa-distrito-de-monte-celeste-sao-geraldo\/","url":"https:\/\/ubanews.com\/site\/2021\/01\/18\/edital-do-loteamento-correa-distrito-de-monte-celeste-sao-geraldo\/","name":"EDITAL DO LOTEAMENTO CORR\u00caA, DISTRITO DE MONTE CELESTE, S\u00c3O GERALDO - Ub\u00e1 News","isPartOf":{"@id":"https:\/\/ubanews.com\/site\/#website"},"primaryImageOfPage":{"@id":"https:\/\/ubanews.com\/site\/2021\/01\/18\/edital-do-loteamento-correa-distrito-de-monte-celeste-sao-geraldo\/#primaryimage"},"image":{"@id":"https:\/\/ubanews.com\/site\/2021\/01\/18\/edital-do-loteamento-correa-distrito-de-monte-celeste-sao-geraldo\/#primaryimage"},"thumbnailUrl":"https:\/\/ubanews.com\/site\/wp-content\/uploads\/2021\/01\/0002.jpg","datePublished":"2021-01-18T11:48:03+00:00","breadcrumb":{"@id":"https:\/\/ubanews.com\/site\/2021\/01\/18\/edital-do-loteamento-correa-distrito-de-monte-celeste-sao-geraldo\/#breadcrumb"},"inLanguage":"pt-BR","potentialAction":[{"@type":"ReadAction","target":["https:\/\/ubanews.com\/site\/2021\/01\/18\/edital-do-loteamento-correa-distrito-de-monte-celeste-sao-geraldo\/"]}]},{"@type":"ImageObject","inLanguage":"pt-BR","@id":"https:\/\/ubanews.com\/site\/2021\/01\/18\/edital-do-loteamento-correa-distrito-de-monte-celeste-sao-geraldo\/#primaryimage","url":"https:\/\/ubanews.com\/site\/wp-content\/uploads\/2021\/01\/0002.jpg","contentUrl":"https:\/\/ubanews.com\/site\/wp-content\/uploads\/2021\/01\/0002.jpg","width":1000,"height":500},{"@type":"BreadcrumbList","@id":"https:\/\/ubanews.com\/site\/2021\/01\/18\/edital-do-loteamento-correa-distrito-de-monte-celeste-sao-geraldo\/#breadcrumb","itemListElement":[{"@type":"ListItem","position":1,"name":"Home","item":"https:\/\/ubanews.com\/site\/"},{"@type":"ListItem","position":2,"name":"EDITAL DO LOTEAMENTO CORR\u00caA, DISTRITO DE MONTE CELESTE, S\u00c3O GERALDO"}]},{"@type":"WebSite","@id":"https:\/\/ubanews.com\/site\/#website","url":"https:\/\/ubanews.com\/site\/","name":"Ub\u00e1 News","description":"","publisher":{"@id":"https:\/\/ubanews.com\/site\/#organization"},"potentialAction":[{"@type":"SearchAction","target":{"@type":"EntryPoint","urlTemplate":"https:\/\/ubanews.com\/site\/?s={search_term_string}"},"query-input":{"@type":"PropertyValueSpecification","valueRequired":true,"valueName":"search_term_string"}}],"inLanguage":"pt-BR"},{"@type":"Organization","@id":"https:\/\/ubanews.com\/site\/#organization","name":"Ub\u00e1 News","url":"https:\/\/ubanews.com\/site\/","logo":{"@type":"ImageObject","inLanguage":"pt-BR","@id":"https:\/\/ubanews.com\/site\/#\/schema\/logo\/image\/","url":"https:\/\/ubanews.com\/site\/wp-content\/uploads\/2018\/01\/logoubanews.png","contentUrl":"https:\/\/ubanews.com\/site\/wp-content\/uploads\/2018\/01\/logoubanews.png","width":261,"height":99,"caption":"Ub\u00e1 News"},"image":{"@id":"https:\/\/ubanews.com\/site\/#\/schema\/logo\/image\/"},"sameAs":["https:\/\/www.facebook.com\/Ub\u00e1News-Carlos-Roberto-Sodr\u00e9-418778301977370"]},{"@type":"Person","@id":"https:\/\/ubanews.com\/site\/#\/schema\/person\/d90c9e47252fbb63dcc969fe4c8b9d10","name":"Sodr\u00e9","image":{"@type":"ImageObject","inLanguage":"pt-BR","@id":"https:\/\/secure.gravatar.com\/avatar\/5ba2793f0590b9dbfad3fdec4ee714485b3eef211c9b32ee53d414060454a56c?s=96&d=mm&r=g","url":"https:\/\/secure.gravatar.com\/avatar\/5ba2793f0590b9dbfad3fdec4ee714485b3eef211c9b32ee53d414060454a56c?s=96&d=mm&r=g","contentUrl":"https:\/\/secure.gravatar.com\/avatar\/5ba2793f0590b9dbfad3fdec4ee714485b3eef211c9b32ee53d414060454a56c?s=96&d=mm&r=g","caption":"Sodr\u00e9"},"sameAs":["https:\/\/www.facebook.com\/carosroberto.sodre.5\/"],"url":"https:\/\/ubanews.com\/site\/author\/felipe\/"}]}},"_links":{"self":[{"href":"https:\/\/ubanews.com\/site\/wp-json\/wp\/v2\/posts\/19054","targetHints":{"allow":["GET"]}}],"collection":[{"href":"https:\/\/ubanews.com\/site\/wp-json\/wp\/v2\/posts"}],"about":[{"href":"https:\/\/ubanews.com\/site\/wp-json\/wp\/v2\/types\/post"}],"author":[{"embeddable":true,"href":"https:\/\/ubanews.com\/site\/wp-json\/wp\/v2\/users\/2"}],"replies":[{"embeddable":true,"href":"https:\/\/ubanews.com\/site\/wp-json\/wp\/v2\/comments?post=19054"}],"version-history":[{"count":0,"href":"https:\/\/ubanews.com\/site\/wp-json\/wp\/v2\/posts\/19054\/revisions"}],"wp:featuredmedia":[{"embeddable":true,"href":"https:\/\/ubanews.com\/site\/wp-json\/wp\/v2\/media\/19057"}],"wp:attachment":[{"href":"https:\/\/ubanews.com\/site\/wp-json\/wp\/v2\/media?parent=19054"}],"wp:term":[{"taxonomy":"category","embeddable":true,"href":"https:\/\/ubanews.com\/site\/wp-json\/wp\/v2\/categories?post=19054"},{"taxonomy":"post_tag","embeddable":true,"href":"https:\/\/ubanews.com\/site\/wp-json\/wp\/v2\/tags?post=19054"}],"curies":[{"name":"wp","href":"https:\/\/api.w.org\/{rel}","templated":true}]}}