{"id":19047,"date":"2021-01-14T16:34:31","date_gmt":"2021-01-14T19:34:31","guid":{"rendered":"http:\/\/ubanews.com\/site\/?p=19047"},"modified":"2021-01-14T16:34:31","modified_gmt":"2021-01-14T19:34:31","slug":"com-o-portao-fechado-para-o-publico-externo-21o-bpm-promove-evento-de-passagem-de-comando","status":"publish","type":"post","link":"https:\/\/ubanews.com\/site\/2021\/01\/14\/com-o-portao-fechado-para-o-publico-externo-21o-bpm-promove-evento-de-passagem-de-comando\/","title":{"rendered":"COM O PORT\u00c3O FECHADO PARA O P\u00daBLICO EXTERNO 21\u00ba BPM PROMOVE EVENTO DE PASSAGEM DE COMANDO"},"content":{"rendered":"<p>Em uma cerim\u00f4nia realizada na sede do Vig\u00e9simo Primeiro Batalh\u00e3o de Pol\u00edcia Militar, apenas para o p\u00fablico interno, por causa da pandemia, \u00e0s 15h, desta ter\u00e7a-feira (12), aconteceu o evento de passagem de comando da unidade (Sentinela da Zona da Mata). Foram exatos tr\u00eas anos \u00e0 frente do comando da tropa. O Tenente Coronel PM Giovani do Carmo Ramos sai para a chegada do Tenente Coronel PM Jov\u00e2nio Campos Miranda. Os dois s\u00e3o amigos desde inf\u00e2ncia. Ali\u00e1s, eles s\u00e3o conterr\u00e2neos (nascidos em Guarani\/MG) e contempor\u00e2neos da Pol\u00edcia Militar.<\/p>\n<div id=\"metaslider-id-17652\" style=\"max-width: 1000px;\" class=\"ml-slider-3-106-0 metaslider metaslider-nivo metaslider-17652 ml-slider ms-theme-outline\" role=\"region\" aria-label=\"Texto\" data-height=\"200\" data-width=\"1000\">\n    <div id=\"metaslider_container_17652\">\n        <div class='slider-wrapper theme-default'><div class='ribbon'><\/div><div id='metaslider_17652' class='nivoSlider'><\/div><\/div>\n        \n    <\/div>\n<\/div>\n<p>Tenente Coronel Ramos, em seu \u00faltimo dia \u00e0 frente da unidade, recebeu a nossa reportagem para uma entrevista exclusiva. O tempo todo o militar se mostrou satisfeito com o tempo que permaneceu no comando do maior batalh\u00e3o do Estado de Minas Gerais. O momento foi oportuno para recordarmos que antes de ser o principal nome da tropa ele foi subcomandante, ocasi\u00e3o que o comando pertencia ao senhor, na \u00e9poca, Tenente Coronel PM L\u00facio Mauro Campos Silva, hoje Coronel. A maior parte da vida do militar Tenente Coronel Ramos foi vivida aqui na cidade de Ub\u00e1, o que ele conta com orgulho e muito carinho: \u201cdeixo o comando com a sensa\u00e7\u00e3o de n\u00e3o ter podido feito mais, mas a minha vida praticamente foi quase toda constru\u00edda aqui em Ub\u00e1, o carinho que tenho por esse munic\u00edpio e todo esse povo me d\u00e1 a certeza de que eu quero retornar para morar aqui, em agosto ou setembro eu entro para a reserva, enquanto isso ou ficar na ponte a\u00e9rea Ub\u00e1\/Juiz de Fora, onde irei assumir uma Subcorregedoria da Quarta Regi\u00e3o Militar\u201d. Entre os dois principais cargos ocupados pelo Tenente Coronel Ramos aqui em Ub\u00e1 \u00e0 frente da tropa, ele foi comandante da Companhia Independente de Leopoldina, h\u00e1 tr\u00eas anos.<\/p>\n<p>Tenente Coronel PM Giovani do Carmo Ramos fez v\u00e1rios agradecimentos. Entre os principais destacou os pais o senhor Sebasti\u00e3o e a dona Gracinha, a esposa e os filhos, o Subcomandante Major Cleiton, os oficiais e pra\u00e7as e a imprensa local. Puxando pela mem\u00f3ria mais recente, estivemos muito bem de comando aqui no Sentinela da Zona da Mata. Somos mesmo um povo de sorte, pois tivemos \u00f3timas informa\u00e7\u00f5es do comandante que acaba de assumir. Seja bem-vindo, Tenente Coronel PM Jov\u00e2nio Campos Miranda. E ao senhor Tenente Coronel PM Giovani do Carmo Ramos nosso muito obrigado pelo excelente servi\u00e7o prestado aos 27 munic\u00edpios que comp\u00f5em a \u00e1rea de abrang\u00eancia do 21\u00ba BPM da Gloriosa Pol\u00edcia Militar do Estado de Minas Gerais.<\/p>\n<p>Reportagem exclusiva do Portal Ub\u00e1 News<\/p>\n<p style=\"text-align: center;\"><iframe data-src=\"https:\/\/www.youtube.com\/embed\/jEHAUP2XNgg\" width=\"560\" height=\"315\" frameborder=\"0\" allowfullscreen=\"allowfullscreen\" src=\"data:image\/svg+xml;base64,PHN2ZyB3aWR0aD0iMSIgaGVpZ2h0PSIxIiB4bWxucz0iaHR0cDovL3d3dy53My5vcmcvMjAwMC9zdmciPjwvc3ZnPg==\" class=\"lazyload\" data-load-mode=\"1\"><\/iframe>&nbsp;<\/p>\n","protected":false},"excerpt":{"rendered":"<p>Em uma cerim\u00f4nia realizada na sede do Vig\u00e9simo Primeiro Batalh\u00e3o<\/p>\n","protected":false},"author":2,"featured_media":19048,"comment_status":"open","ping_status":"open","sticky":false,"template":"","format":"standard","meta":{"footnotes":""},"categories":[1],"tags":[],"class_list":["post-19047","post","type-post","status-publish","format-standard","has-post-thumbnail","hentry","category-sem-categoria"],"yoast_head":"<!-- This site is optimized with the Yoast SEO plugin v27.2 - https:\/\/yoast.com\/product\/yoast-seo-wordpress\/ -->\n<title>COM O PORT\u00c3O FECHADO PARA O P\u00daBLICO EXTERNO 21\u00ba BPM PROMOVE EVENTO DE PASSAGEM DE COMANDO - Ub\u00e1 News<\/title>\n<meta name=\"robots\" content=\"index, follow, max-snippet:-1, max-image-preview:large, max-video-preview:-1\" \/>\n<link rel=\"canonical\" href=\"https:\/\/ubanews.com\/site\/2021\/01\/14\/com-o-portao-fechado-para-o-publico-externo-21o-bpm-promove-evento-de-passagem-de-comando\/\" \/>\n<meta property=\"og:locale\" content=\"pt_BR\" \/>\n<meta property=\"og:type\" content=\"article\" \/>\n<meta property=\"og:title\" content=\"COM O PORT\u00c3O FECHADO PARA O P\u00daBLICO EXTERNO 21\u00ba BPM PROMOVE EVENTO DE PASSAGEM DE COMANDO - Ub\u00e1 News\" \/>\n<meta property=\"og:description\" content=\"Em uma cerim\u00f4nia realizada na sede do Vig\u00e9simo Primeiro Batalh\u00e3o\" \/>\n<meta property=\"og:url\" content=\"https:\/\/ubanews.com\/site\/2021\/01\/14\/com-o-portao-fechado-para-o-publico-externo-21o-bpm-promove-evento-de-passagem-de-comando\/\" \/>\n<meta property=\"og:site_name\" content=\"Ub\u00e1 News\" \/>\n<meta property=\"article:publisher\" content=\"https:\/\/www.facebook.com\/Ub%c3%a1News-Carlos-Roberto-Sodr%c3%a9-418778301977370\" \/>\n<meta property=\"article:author\" content=\"https:\/\/www.facebook.com\/carosroberto.sodre.5\/\" \/>\n<meta property=\"article:published_time\" content=\"2021-01-14T19:34:31+00:00\" \/>\n<meta property=\"og:image\" content=\"https:\/\/ubanews.com\/site\/wp-content\/uploads\/2021\/01\/0001.jpg\" \/>\n\t<meta property=\"og:image:width\" content=\"1000\" \/>\n\t<meta property=\"og:image:height\" content=\"500\" \/>\n\t<meta property=\"og:image:type\" content=\"image\/jpeg\" \/>\n<meta name=\"author\" content=\"Sodr\u00e9\" \/>\n<meta name=\"twitter:card\" content=\"summary_large_image\" \/>\n<meta name=\"twitter:label1\" content=\"Escrito por\" \/>\n\t<meta name=\"twitter:data1\" content=\"Sodr\u00e9\" \/>\n\t<meta name=\"twitter:label2\" content=\"Est. tempo de leitura\" \/>\n\t<meta name=\"twitter:data2\" content=\"2 minutos\" \/>\n<script type=\"application\/ld+json\" class=\"yoast-schema-graph\">{\"@context\":\"https:\/\/schema.org\",\"@graph\":[{\"@type\":\"Article\",\"@id\":\"https:\/\/ubanews.com\/site\/2021\/01\/14\/com-o-portao-fechado-para-o-publico-externo-21o-bpm-promove-evento-de-passagem-de-comando\/#article\",\"isPartOf\":{\"@id\":\"https:\/\/ubanews.com\/site\/2021\/01\/14\/com-o-portao-fechado-para-o-publico-externo-21o-bpm-promove-evento-de-passagem-de-comando\/\"},\"author\":{\"name\":\"Sodr\u00e9\",\"@id\":\"https:\/\/ubanews.com\/site\/#\/schema\/person\/d90c9e47252fbb63dcc969fe4c8b9d10\"},\"headline\":\"COM O PORT\u00c3O FECHADO PARA O P\u00daBLICO EXTERNO 21\u00ba BPM PROMOVE EVENTO DE PASSAGEM DE COMANDO\",\"datePublished\":\"2021-01-14T19:34:31+00:00\",\"mainEntityOfPage\":{\"@id\":\"https:\/\/ubanews.com\/site\/2021\/01\/14\/com-o-portao-fechado-para-o-publico-externo-21o-bpm-promove-evento-de-passagem-de-comando\/\"},\"wordCount\":472,\"commentCount\":0,\"publisher\":{\"@id\":\"https:\/\/ubanews.com\/site\/#organization\"},\"image\":{\"@id\":\"https:\/\/ubanews.com\/site\/2021\/01\/14\/com-o-portao-fechado-para-o-publico-externo-21o-bpm-promove-evento-de-passagem-de-comando\/#primaryimage\"},\"thumbnailUrl\":\"https:\/\/ubanews.com\/site\/wp-content\/uploads\/2021\/01\/0001.jpg\",\"articleSection\":[\"Geral\"],\"inLanguage\":\"pt-BR\",\"potentialAction\":[{\"@type\":\"CommentAction\",\"name\":\"Comment\",\"target\":[\"https:\/\/ubanews.com\/site\/2021\/01\/14\/com-o-portao-fechado-para-o-publico-externo-21o-bpm-promove-evento-de-passagem-de-comando\/#respond\"]}]},{\"@type\":\"WebPage\",\"@id\":\"https:\/\/ubanews.com\/site\/2021\/01\/14\/com-o-portao-fechado-para-o-publico-externo-21o-bpm-promove-evento-de-passagem-de-comando\/\",\"url\":\"https:\/\/ubanews.com\/site\/2021\/01\/14\/com-o-portao-fechado-para-o-publico-externo-21o-bpm-promove-evento-de-passagem-de-comando\/\",\"name\":\"COM O PORT\u00c3O FECHADO PARA O P\u00daBLICO EXTERNO 21\u00ba BPM PROMOVE EVENTO DE PASSAGEM DE COMANDO - Ub\u00e1 News\",\"isPartOf\":{\"@id\":\"https:\/\/ubanews.com\/site\/#website\"},\"primaryImageOfPage\":{\"@id\":\"https:\/\/ubanews.com\/site\/2021\/01\/14\/com-o-portao-fechado-para-o-publico-externo-21o-bpm-promove-evento-de-passagem-de-comando\/#primaryimage\"},\"image\":{\"@id\":\"https:\/\/ubanews.com\/site\/2021\/01\/14\/com-o-portao-fechado-para-o-publico-externo-21o-bpm-promove-evento-de-passagem-de-comando\/#primaryimage\"},\"thumbnailUrl\":\"https:\/\/ubanews.com\/site\/wp-content\/uploads\/2021\/01\/0001.jpg\",\"datePublished\":\"2021-01-14T19:34:31+00:00\",\"breadcrumb\":{\"@id\":\"https:\/\/ubanews.com\/site\/2021\/01\/14\/com-o-portao-fechado-para-o-publico-externo-21o-bpm-promove-evento-de-passagem-de-comando\/#breadcrumb\"},\"inLanguage\":\"pt-BR\",\"potentialAction\":[{\"@type\":\"ReadAction\",\"target\":[\"https:\/\/ubanews.com\/site\/2021\/01\/14\/com-o-portao-fechado-para-o-publico-externo-21o-bpm-promove-evento-de-passagem-de-comando\/\"]}]},{\"@type\":\"ImageObject\",\"inLanguage\":\"pt-BR\",\"@id\":\"https:\/\/ubanews.com\/site\/2021\/01\/14\/com-o-portao-fechado-para-o-publico-externo-21o-bpm-promove-evento-de-passagem-de-comando\/#primaryimage\",\"url\":\"https:\/\/ubanews.com\/site\/wp-content\/uploads\/2021\/01\/0001.jpg\",\"contentUrl\":\"https:\/\/ubanews.com\/site\/wp-content\/uploads\/2021\/01\/0001.jpg\",\"width\":1000,\"height\":500},{\"@type\":\"BreadcrumbList\",\"@id\":\"https:\/\/ubanews.com\/site\/2021\/01\/14\/com-o-portao-fechado-para-o-publico-externo-21o-bpm-promove-evento-de-passagem-de-comando\/#breadcrumb\",\"itemListElement\":[{\"@type\":\"ListItem\",\"position\":1,\"name\":\"Home\",\"item\":\"https:\/\/ubanews.com\/site\/\"},{\"@type\":\"ListItem\",\"position\":2,\"name\":\"COM O PORT\u00c3O FECHADO PARA O P\u00daBLICO EXTERNO 21\u00ba BPM PROMOVE EVENTO DE PASSAGEM DE COMANDO\"}]},{\"@type\":\"WebSite\",\"@id\":\"https:\/\/ubanews.com\/site\/#website\",\"url\":\"https:\/\/ubanews.com\/site\/\",\"name\":\"Ub\u00e1 News\",\"description\":\"\",\"publisher\":{\"@id\":\"https:\/\/ubanews.com\/site\/#organization\"},\"potentialAction\":[{\"@type\":\"SearchAction\",\"target\":{\"@type\":\"EntryPoint\",\"urlTemplate\":\"https:\/\/ubanews.com\/site\/?s={search_term_string}\"},\"query-input\":{\"@type\":\"PropertyValueSpecification\",\"valueRequired\":true,\"valueName\":\"search_term_string\"}}],\"inLanguage\":\"pt-BR\"},{\"@type\":\"Organization\",\"@id\":\"https:\/\/ubanews.com\/site\/#organization\",\"name\":\"Ub\u00e1 News\",\"url\":\"https:\/\/ubanews.com\/site\/\",\"logo\":{\"@type\":\"ImageObject\",\"inLanguage\":\"pt-BR\",\"@id\":\"https:\/\/ubanews.com\/site\/#\/schema\/logo\/image\/\",\"url\":\"https:\/\/ubanews.com\/site\/wp-content\/uploads\/2018\/01\/logoubanews.png\",\"contentUrl\":\"https:\/\/ubanews.com\/site\/wp-content\/uploads\/2018\/01\/logoubanews.png\",\"width\":261,\"height\":99,\"caption\":\"Ub\u00e1 News\"},\"image\":{\"@id\":\"https:\/\/ubanews.com\/site\/#\/schema\/logo\/image\/\"},\"sameAs\":[\"https:\/\/www.facebook.com\/Ub\u00e1News-Carlos-Roberto-Sodr\u00e9-418778301977370\"]},{\"@type\":\"Person\",\"@id\":\"https:\/\/ubanews.com\/site\/#\/schema\/person\/d90c9e47252fbb63dcc969fe4c8b9d10\",\"name\":\"Sodr\u00e9\",\"image\":{\"@type\":\"ImageObject\",\"inLanguage\":\"pt-BR\",\"@id\":\"https:\/\/secure.gravatar.com\/avatar\/5ba2793f0590b9dbfad3fdec4ee714485b3eef211c9b32ee53d414060454a56c?s=96&d=mm&r=g\",\"url\":\"https:\/\/secure.gravatar.com\/avatar\/5ba2793f0590b9dbfad3fdec4ee714485b3eef211c9b32ee53d414060454a56c?s=96&d=mm&r=g\",\"contentUrl\":\"https:\/\/secure.gravatar.com\/avatar\/5ba2793f0590b9dbfad3fdec4ee714485b3eef211c9b32ee53d414060454a56c?s=96&d=mm&r=g\",\"caption\":\"Sodr\u00e9\"},\"sameAs\":[\"https:\/\/www.facebook.com\/carosroberto.sodre.5\/\"],\"url\":\"https:\/\/ubanews.com\/site\/author\/felipe\/\"}]}<\/script>\n<!-- \/ Yoast SEO plugin. -->","yoast_head_json":{"title":"COM O PORT\u00c3O FECHADO PARA O P\u00daBLICO EXTERNO 21\u00ba BPM PROMOVE EVENTO DE PASSAGEM DE COMANDO - Ub\u00e1 News","robots":{"index":"index","follow":"follow","max-snippet":"max-snippet:-1","max-image-preview":"max-image-preview:large","max-video-preview":"max-video-preview:-1"},"canonical":"https:\/\/ubanews.com\/site\/2021\/01\/14\/com-o-portao-fechado-para-o-publico-externo-21o-bpm-promove-evento-de-passagem-de-comando\/","og_locale":"pt_BR","og_type":"article","og_title":"COM O PORT\u00c3O FECHADO PARA O P\u00daBLICO EXTERNO 21\u00ba BPM PROMOVE EVENTO DE PASSAGEM DE COMANDO - Ub\u00e1 News","og_description":"Em uma cerim\u00f4nia realizada na sede do Vig\u00e9simo Primeiro Batalh\u00e3o","og_url":"https:\/\/ubanews.com\/site\/2021\/01\/14\/com-o-portao-fechado-para-o-publico-externo-21o-bpm-promove-evento-de-passagem-de-comando\/","og_site_name":"Ub\u00e1 News","article_publisher":"https:\/\/www.facebook.com\/Ub%c3%a1News-Carlos-Roberto-Sodr%c3%a9-418778301977370","article_author":"https:\/\/www.facebook.com\/carosroberto.sodre.5\/","article_published_time":"2021-01-14T19:34:31+00:00","og_image":[{"width":1000,"height":500,"url":"https:\/\/ubanews.com\/site\/wp-content\/uploads\/2021\/01\/0001.jpg","type":"image\/jpeg"}],"author":"Sodr\u00e9","twitter_card":"summary_large_image","twitter_misc":{"Escrito por":"Sodr\u00e9","Est. tempo de leitura":"2 minutos"},"schema":{"@context":"https:\/\/schema.org","@graph":[{"@type":"Article","@id":"https:\/\/ubanews.com\/site\/2021\/01\/14\/com-o-portao-fechado-para-o-publico-externo-21o-bpm-promove-evento-de-passagem-de-comando\/#article","isPartOf":{"@id":"https:\/\/ubanews.com\/site\/2021\/01\/14\/com-o-portao-fechado-para-o-publico-externo-21o-bpm-promove-evento-de-passagem-de-comando\/"},"author":{"name":"Sodr\u00e9","@id":"https:\/\/ubanews.com\/site\/#\/schema\/person\/d90c9e47252fbb63dcc969fe4c8b9d10"},"headline":"COM O PORT\u00c3O FECHADO PARA O P\u00daBLICO EXTERNO 21\u00ba BPM PROMOVE EVENTO DE PASSAGEM DE COMANDO","datePublished":"2021-01-14T19:34:31+00:00","mainEntityOfPage":{"@id":"https:\/\/ubanews.com\/site\/2021\/01\/14\/com-o-portao-fechado-para-o-publico-externo-21o-bpm-promove-evento-de-passagem-de-comando\/"},"wordCount":472,"commentCount":0,"publisher":{"@id":"https:\/\/ubanews.com\/site\/#organization"},"image":{"@id":"https:\/\/ubanews.com\/site\/2021\/01\/14\/com-o-portao-fechado-para-o-publico-externo-21o-bpm-promove-evento-de-passagem-de-comando\/#primaryimage"},"thumbnailUrl":"https:\/\/ubanews.com\/site\/wp-content\/uploads\/2021\/01\/0001.jpg","articleSection":["Geral"],"inLanguage":"pt-BR","potentialAction":[{"@type":"CommentAction","name":"Comment","target":["https:\/\/ubanews.com\/site\/2021\/01\/14\/com-o-portao-fechado-para-o-publico-externo-21o-bpm-promove-evento-de-passagem-de-comando\/#respond"]}]},{"@type":"WebPage","@id":"https:\/\/ubanews.com\/site\/2021\/01\/14\/com-o-portao-fechado-para-o-publico-externo-21o-bpm-promove-evento-de-passagem-de-comando\/","url":"https:\/\/ubanews.com\/site\/2021\/01\/14\/com-o-portao-fechado-para-o-publico-externo-21o-bpm-promove-evento-de-passagem-de-comando\/","name":"COM O PORT\u00c3O FECHADO PARA O P\u00daBLICO EXTERNO 21\u00ba BPM PROMOVE EVENTO DE PASSAGEM DE COMANDO - Ub\u00e1 News","isPartOf":{"@id":"https:\/\/ubanews.com\/site\/#website"},"primaryImageOfPage":{"@id":"https:\/\/ubanews.com\/site\/2021\/01\/14\/com-o-portao-fechado-para-o-publico-externo-21o-bpm-promove-evento-de-passagem-de-comando\/#primaryimage"},"image":{"@id":"https:\/\/ubanews.com\/site\/2021\/01\/14\/com-o-portao-fechado-para-o-publico-externo-21o-bpm-promove-evento-de-passagem-de-comando\/#primaryimage"},"thumbnailUrl":"https:\/\/ubanews.com\/site\/wp-content\/uploads\/2021\/01\/0001.jpg","datePublished":"2021-01-14T19:34:31+00:00","breadcrumb":{"@id":"https:\/\/ubanews.com\/site\/2021\/01\/14\/com-o-portao-fechado-para-o-publico-externo-21o-bpm-promove-evento-de-passagem-de-comando\/#breadcrumb"},"inLanguage":"pt-BR","potentialAction":[{"@type":"ReadAction","target":["https:\/\/ubanews.com\/site\/2021\/01\/14\/com-o-portao-fechado-para-o-publico-externo-21o-bpm-promove-evento-de-passagem-de-comando\/"]}]},{"@type":"ImageObject","inLanguage":"pt-BR","@id":"https:\/\/ubanews.com\/site\/2021\/01\/14\/com-o-portao-fechado-para-o-publico-externo-21o-bpm-promove-evento-de-passagem-de-comando\/#primaryimage","url":"https:\/\/ubanews.com\/site\/wp-content\/uploads\/2021\/01\/0001.jpg","contentUrl":"https:\/\/ubanews.com\/site\/wp-content\/uploads\/2021\/01\/0001.jpg","width":1000,"height":500},{"@type":"BreadcrumbList","@id":"https:\/\/ubanews.com\/site\/2021\/01\/14\/com-o-portao-fechado-para-o-publico-externo-21o-bpm-promove-evento-de-passagem-de-comando\/#breadcrumb","itemListElement":[{"@type":"ListItem","position":1,"name":"Home","item":"https:\/\/ubanews.com\/site\/"},{"@type":"ListItem","position":2,"name":"COM O PORT\u00c3O FECHADO PARA O P\u00daBLICO EXTERNO 21\u00ba BPM PROMOVE EVENTO DE PASSAGEM DE COMANDO"}]},{"@type":"WebSite","@id":"https:\/\/ubanews.com\/site\/#website","url":"https:\/\/ubanews.com\/site\/","name":"Ub\u00e1 News","description":"","publisher":{"@id":"https:\/\/ubanews.com\/site\/#organization"},"potentialAction":[{"@type":"SearchAction","target":{"@type":"EntryPoint","urlTemplate":"https:\/\/ubanews.com\/site\/?s={search_term_string}"},"query-input":{"@type":"PropertyValueSpecification","valueRequired":true,"valueName":"search_term_string"}}],"inLanguage":"pt-BR"},{"@type":"Organization","@id":"https:\/\/ubanews.com\/site\/#organization","name":"Ub\u00e1 News","url":"https:\/\/ubanews.com\/site\/","logo":{"@type":"ImageObject","inLanguage":"pt-BR","@id":"https:\/\/ubanews.com\/site\/#\/schema\/logo\/image\/","url":"https:\/\/ubanews.com\/site\/wp-content\/uploads\/2018\/01\/logoubanews.png","contentUrl":"https:\/\/ubanews.com\/site\/wp-content\/uploads\/2018\/01\/logoubanews.png","width":261,"height":99,"caption":"Ub\u00e1 News"},"image":{"@id":"https:\/\/ubanews.com\/site\/#\/schema\/logo\/image\/"},"sameAs":["https:\/\/www.facebook.com\/Ub\u00e1News-Carlos-Roberto-Sodr\u00e9-418778301977370"]},{"@type":"Person","@id":"https:\/\/ubanews.com\/site\/#\/schema\/person\/d90c9e47252fbb63dcc969fe4c8b9d10","name":"Sodr\u00e9","image":{"@type":"ImageObject","inLanguage":"pt-BR","@id":"https:\/\/secure.gravatar.com\/avatar\/5ba2793f0590b9dbfad3fdec4ee714485b3eef211c9b32ee53d414060454a56c?s=96&d=mm&r=g","url":"https:\/\/secure.gravatar.com\/avatar\/5ba2793f0590b9dbfad3fdec4ee714485b3eef211c9b32ee53d414060454a56c?s=96&d=mm&r=g","contentUrl":"https:\/\/secure.gravatar.com\/avatar\/5ba2793f0590b9dbfad3fdec4ee714485b3eef211c9b32ee53d414060454a56c?s=96&d=mm&r=g","caption":"Sodr\u00e9"},"sameAs":["https:\/\/www.facebook.com\/carosroberto.sodre.5\/"],"url":"https:\/\/ubanews.com\/site\/author\/felipe\/"}]}},"_links":{"self":[{"href":"https:\/\/ubanews.com\/site\/wp-json\/wp\/v2\/posts\/19047","targetHints":{"allow":["GET"]}}],"collection":[{"href":"https:\/\/ubanews.com\/site\/wp-json\/wp\/v2\/posts"}],"about":[{"href":"https:\/\/ubanews.com\/site\/wp-json\/wp\/v2\/types\/post"}],"author":[{"embeddable":true,"href":"https:\/\/ubanews.com\/site\/wp-json\/wp\/v2\/users\/2"}],"replies":[{"embeddable":true,"href":"https:\/\/ubanews.com\/site\/wp-json\/wp\/v2\/comments?post=19047"}],"version-history":[{"count":0,"href":"https:\/\/ubanews.com\/site\/wp-json\/wp\/v2\/posts\/19047\/revisions"}],"wp:featuredmedia":[{"embeddable":true,"href":"https:\/\/ubanews.com\/site\/wp-json\/wp\/v2\/media\/19048"}],"wp:attachment":[{"href":"https:\/\/ubanews.com\/site\/wp-json\/wp\/v2\/media?parent=19047"}],"wp:term":[{"taxonomy":"category","embeddable":true,"href":"https:\/\/ubanews.com\/site\/wp-json\/wp\/v2\/categories?post=19047"},{"taxonomy":"post_tag","embeddable":true,"href":"https:\/\/ubanews.com\/site\/wp-json\/wp\/v2\/tags?post=19047"}],"curies":[{"name":"wp","href":"https:\/\/api.w.org\/{rel}","templated":true}]}}