{"id":18935,"date":"2020-12-03T18:04:00","date_gmt":"2020-12-03T21:04:00","guid":{"rendered":"http:\/\/ubanews.com\/site\/?p=18935"},"modified":"2020-12-08T15:05:29","modified_gmt":"2020-12-08T18:05:29","slug":"boletim-epidemiologico-de-uba-atualizado-em-03-de-dezembro-de-2020","status":"publish","type":"post","link":"https:\/\/ubanews.com\/site\/2020\/12\/03\/boletim-epidemiologico-de-uba-atualizado-em-03-de-dezembro-de-2020\/","title":{"rendered":"Boletim Epidemiol\u00f3gico de Ub\u00e1, atualizado em 03 de dezembro de 2020"},"content":{"rendered":"<p><span style=\"font-family: arial, sans-serif;\">&#8211; Total de casos confirmados: 2944<br \/>\n(Soma dos casos confirmados de COVID-19 em pacientes residentes em Ub\u00e1)<\/p>\n<p>&#8211; Casos confirmados em acompanhamento: 363<br \/>\n(casos confirmados de COVID-19 cuja condi\u00e7\u00e3o cl\u00ednica permanece sendo acompanhada)<\/p>\n<p>&#8211; Casos recuperados: 2507<br \/>\n(casos confirmados de COVID-19 que receberam alta hospitalar e\/ou cumpriram isolamento domiciliar de 10 dias sem intercorr\u00eancias e est\u00e3o h\u00e1, no m\u00ednimo, 72 horas assintom\u00e1ticos e sem a utiliza\u00e7\u00e3o de medicamentos.)<\/p>\n<p>&#8211; \u00d3bitos confirmados: 74<\/p>\n<p>&#8211; \u00d3bitos suspeitos\/investigados: 1<br \/>\n(soma dos casos de pacientes com suspeita de COVID-19 que vieram a \u00f3bito, cujo resultado do exame ainda \u00e9 aguardado.)<\/p>\n<p>&#8211; Casos Notificados: 12.963<br \/>\n(total de casos analisados, dentre monitorados, confirmados e descartados desde 15\/03\/20)<\/p>\n<p>&#8211; Casos em monitoramento por s\u00edndrome gripal: 6439<br \/>\n(casos de pacientes monitorados com s\u00edndrome gripais que n\u00e3o se enquadram para coleta do teste)<\/p>\n<p>&#8211; Casos em investiga\u00e7\u00e3o: 432<br \/>\n(casos suspeitos de pacientes aguardando resultado do teste.)<\/p>\n<p>&#8211; Pacientes internados em leito cl\u00ednico: 3<br \/>\n(pacientes com caso suspeito ou confirmado de COVID-19 que encontram-se internados em leito cl\u00ednico de isolamento.)<\/span><\/p>\n<p><span style=\"font-family: arial, sans-serif;\"><div id=\"metaslider-id-17652\" style=\"max-width: 1000px;\" class=\"ml-slider-3-106-0 metaslider metaslider-nivo metaslider-17652 ml-slider ms-theme-outline\" role=\"region\" aria-label=\"Texto\" data-height=\"200\" data-width=\"1000\">\n    <div id=\"metaslider_container_17652\">\n        <div class='slider-wrapper theme-default'><div class='ribbon'><\/div><div id='metaslider_17652' class='nivoSlider'><\/div><\/div>\n        \n    <\/div>\n<\/div><\/p>\n<p>&#8211; Pacientes internados em leito de UTI: 5<br \/>\n(pacientes com caso suspeito ou confirmado de COVID-19 que encontram-se internados em leito de UTI.)<\/p>\n<p>&#8211; Pacientes internados na Unidade de Atendimento Municipal COVID: 1<br \/>\n(pacientes com caso confirmado de COVID-19 que encontram-se acolhidos na Unidade de Atendimento Municipal COVID\/Casa de Ora\u00e7\u00e3o.)<\/p>\n<p><b>Sobre os novos casos confirmados (59):<\/b><\/p>\n<p>Pacientes do sexo feminino:<br \/>\nFaixa et\u00e1ria de 10 a 15 anos de idade: 1<br \/>\nFaixa et\u00e1ria de 15 a 20 anos de idade: 1<br \/>\nFaixa et\u00e1ria de 20 a 25 anos de idade: 1<br \/>\nFaixa et\u00e1ria de 25 a 30 anos de idade: 8 &nbsp;<br \/>\nFaixa et\u00e1ria de 30 a 35 anos de idade: 3<br \/>\nFaixa et\u00e1ria de 35 a 40 anos de idade: 1<br \/>\nFaixa et\u00e1ria de 40 a 45 anos de idade: 3<br \/>\nFaixa et\u00e1ria de 45 a 50 anos de idade: 2<br \/>\nFaixa et\u00e1ria de 50 a 55 anos de idade: 3<br \/>\nFaixa et\u00e1ria de 55 a 60 anos de idade: 1<\/p>\n<p>Pacientes do sexo masculino:<br \/>\nFaixa et\u00e1ria de 20 a 25 anos de idade: 4<br \/>\nFaixa et\u00e1ria de 25 a 30 anos de idade: 4<br \/>\nFaixa et\u00e1ria de 30 a 35 anos de idade: 3<br \/>\nFaixa et\u00e1ria de 35 a 40 anos de idade: 7<br \/>\nFaixa et\u00e1ria de 40 a 45 anos de idade: 3<br \/>\nFaixa et\u00e1ria de 45 a 50 anos de idade: 1<br \/>\nFaixa et\u00e1ria de 50 a 55 anos de idade: 3<br \/>\nFaixa et\u00e1ria de 55 a 60 anos de idade: 4 &nbsp;<br \/>\nFaixa et\u00e1ria de 60 a 65 anos de idade: 2<br \/>\nFaixa et\u00e1ria de 65 a 70 anos de idade: 2<br \/>\nFaixa et\u00e1ria de 75 a 80 anos de idade: 2 &nbsp;<\/p>\n<p><b>Sobre o novo \u00f3bito suspeito:<\/b><br \/>\nPaciente do sexo masculino, faixa et\u00e1ria de 60 a 65 anos de idade. Internado em 27\/11, sem comorbidades. \u00d3bito em 02\/12.<\/p>\n<p>Ub\u00e1 est\u00e1 na Onda Amarela<br \/>\nUb\u00e1 est\u00e1 na ONDA AMARELA do Programa Minas Consciente. Para saber sobre as atividades econ\u00f4micas permitidas e protocolos sanit\u00e1rios obrigat\u00f3rios: acesse&nbsp;<a href=\"https:\/\/www.mg.gov.br\/minasconsciente\" target=\"_blank\" rel=\"noopener\" data-saferedirecturl=\"https:\/\/www.google.com\/url?q=https:\/\/www.mg.gov.br\/minasconsciente&amp;source=gmail&amp;ust=1607536757099000&amp;usg=AFQjCNGHPvP1j_ak74Ltt6wZCH5-JV7Dsg\">https:\/\/www.mg.gov.br\/<wbr>minasconsciente<\/a>. Para conhecer as regras impostas pelo Decreto Municipal, dias e hor\u00e1rios permitidos e os protocolos sanit\u00e1rios para determinadas atividades, acesse o site&nbsp;<a href=\"http:\/\/uba.mg.gov.br\/legislacao\" target=\"_blank\" rel=\"noopener\" data-saferedirecturl=\"https:\/\/www.google.com\/url?q=http:\/\/uba.mg.gov.br\/legislacao&amp;source=gmail&amp;ust=1607536757099000&amp;usg=AFQjCNHVwzHXe_pjOc47Fm7N-wDsOeExsA\">uba.mg.gov.br\/legislacao<\/a>, selecione o Tipo: &#8220;Decreto&#8221; e consulte o decreto municipal 6.393\/2020.<br \/>\nFiscaliza\u00e7\u00e3o<br \/>\nPara den\u00fancias: Unidade Integrada de Fiscaliza\u00e7\u00e3o recebe e atende as demandas de den\u00fancias somente online, atrav\u00e9s do endere\u00e7o&nbsp;<a href=\"http:\/\/www.uba.mg.gov.br\/ouvidoria\" target=\"_blank\" rel=\"noopener\" data-saferedirecturl=\"https:\/\/www.google.com\/url?q=http:\/\/www.uba.mg.gov.br\/ouvidoria&amp;source=gmail&amp;ust=1607536757099000&amp;usg=AFQjCNFp8lbrnYwxesjTawuodkvkk1V1TQ\">www.uba.mg.gov.br\/ouvidoria<\/a><\/p>\n<p>Orienta\u00e7\u00f5es \u00e0 comunidade<br \/>\nFa\u00e7am distanciamento social, atrav\u00e9s de isolamento domiciliar. Aten\u00e7\u00e3o redobrada aos pacientes do grupo de risco.<\/p>\n<p>Se voc\u00ea apresenta sintomas de s\u00edndrome gripal, caracterizados por sensa\u00e7\u00e3o febril ou febre, acompanhada de tosse OU dor de garganta OU coriza OU dificuldade respirat\u00f3ria procure a Unidade B\u00e1sica a Sa\u00fade do seu bairro (segunda a sexta, de 7h \u00e0s 16h) ou um dos Pronto Atendimentos Municipais 24h, instalados no Hospital S\u00e3o Vicente de Paulo e no Hospital Santa Isabel. \u00c9 obrigat\u00f3rio o uso de m\u00e1scara ao sair de casa.<\/p>\n<p><\/span><\/p>\n<div><span style=\"font-family: arial, sans-serif;\">Em caso de sintomas leves: Informe o setor de Epidemiologia ou a Unidade de Sa\u00fade mais pr\u00f3xima, permane\u00e7a em casa por 14 dias, siga rigorosamente todas as orienta\u00e7\u00f5es de higiene, n\u00e3o receba visitas, fa\u00e7a repouso, beba bastante \u00e1gua, evite permanecer em ambientes compartilhados da casa, como cozinha\/ sala de estar, use m\u00e1scara. O contato deve ser feito atrav\u00e9s da Central de Atendimento Covid-19, que atende a popula\u00e7\u00e3o por meio dos n\u00fameros 3531-9236 e 3531-6496 (todos os dias, de 7h \u00e0s 19h) ou pelo whatsapp 3301-6503 e 3301-6508.&nbsp;<\/span><\/p>\n<div class=\"yj6qo\">&nbsp;<\/div>\n<div class=\"adL\"><strong>Assessoria de Comunica\u00e7\u00e3o Prefeitura de Ub\u00e1<\/strong><\/div>\n<\/div>\n","protected":false},"excerpt":{"rendered":"<p>&#8211; Total de casos confirmados: 2944 (Soma dos casos confirmados<\/p>\n","protected":false},"author":2,"featured_media":18936,"comment_status":"open","ping_status":"open","sticky":false,"template":"","format":"standard","meta":{"footnotes":""},"categories":[15],"tags":[],"class_list":["post-18935","post","type-post","status-publish","format-standard","has-post-thumbnail","hentry","category-prefeitura-municipal"],"yoast_head":"<!-- This site is optimized with the Yoast SEO plugin v27.2 - https:\/\/yoast.com\/product\/yoast-seo-wordpress\/ -->\n<title>Boletim Epidemiol\u00f3gico de Ub\u00e1, atualizado em 03 de dezembro de 2020 - Ub\u00e1 News<\/title>\n<meta name=\"robots\" content=\"index, follow, max-snippet:-1, max-image-preview:large, max-video-preview:-1\" \/>\n<link rel=\"canonical\" href=\"https:\/\/ubanews.com\/site\/2020\/12\/03\/boletim-epidemiologico-de-uba-atualizado-em-03-de-dezembro-de-2020\/\" \/>\n<meta property=\"og:locale\" content=\"pt_BR\" \/>\n<meta property=\"og:type\" content=\"article\" \/>\n<meta property=\"og:title\" content=\"Boletim Epidemiol\u00f3gico de Ub\u00e1, atualizado em 03 de dezembro de 2020 - Ub\u00e1 News\" \/>\n<meta property=\"og:description\" content=\"&#8211; Total de casos confirmados: 2944 (Soma dos casos confirmados\" \/>\n<meta property=\"og:url\" content=\"https:\/\/ubanews.com\/site\/2020\/12\/03\/boletim-epidemiologico-de-uba-atualizado-em-03-de-dezembro-de-2020\/\" \/>\n<meta property=\"og:site_name\" content=\"Ub\u00e1 News\" \/>\n<meta property=\"article:publisher\" content=\"https:\/\/www.facebook.com\/Ub%c3%a1News-Carlos-Roberto-Sodr%c3%a9-418778301977370\" \/>\n<meta property=\"article:author\" content=\"https:\/\/www.facebook.com\/carosroberto.sodre.5\/\" \/>\n<meta property=\"article:published_time\" content=\"2020-12-03T21:04:00+00:00\" \/>\n<meta property=\"article:modified_time\" content=\"2020-12-08T18:05:29+00:00\" \/>\n<meta property=\"og:image\" content=\"https:\/\/ubanews.com\/site\/wp-content\/uploads\/2020\/12\/03-12.jpg\" \/>\n\t<meta property=\"og:image:width\" content=\"1000\" \/>\n\t<meta property=\"og:image:height\" content=\"500\" \/>\n\t<meta property=\"og:image:type\" content=\"image\/jpeg\" \/>\n<meta name=\"author\" content=\"Sodr\u00e9\" \/>\n<meta name=\"twitter:card\" content=\"summary_large_image\" \/>\n<meta name=\"twitter:label1\" content=\"Escrito por\" \/>\n\t<meta name=\"twitter:data1\" content=\"Sodr\u00e9\" \/>\n\t<meta name=\"twitter:label2\" content=\"Est. tempo de leitura\" \/>\n\t<meta name=\"twitter:data2\" content=\"4 minutos\" \/>\n<script type=\"application\/ld+json\" class=\"yoast-schema-graph\">{\"@context\":\"https:\/\/schema.org\",\"@graph\":[{\"@type\":\"Article\",\"@id\":\"https:\/\/ubanews.com\/site\/2020\/12\/03\/boletim-epidemiologico-de-uba-atualizado-em-03-de-dezembro-de-2020\/#article\",\"isPartOf\":{\"@id\":\"https:\/\/ubanews.com\/site\/2020\/12\/03\/boletim-epidemiologico-de-uba-atualizado-em-03-de-dezembro-de-2020\/\"},\"author\":{\"name\":\"Sodr\u00e9\",\"@id\":\"https:\/\/ubanews.com\/site\/#\/schema\/person\/d90c9e47252fbb63dcc969fe4c8b9d10\"},\"headline\":\"Boletim Epidemiol\u00f3gico de Ub\u00e1, atualizado em 03 de dezembro de 2020\",\"datePublished\":\"2020-12-03T21:04:00+00:00\",\"dateModified\":\"2020-12-08T18:05:29+00:00\",\"mainEntityOfPage\":{\"@id\":\"https:\/\/ubanews.com\/site\/2020\/12\/03\/boletim-epidemiologico-de-uba-atualizado-em-03-de-dezembro-de-2020\/\"},\"wordCount\":751,\"commentCount\":0,\"publisher\":{\"@id\":\"https:\/\/ubanews.com\/site\/#organization\"},\"image\":{\"@id\":\"https:\/\/ubanews.com\/site\/2020\/12\/03\/boletim-epidemiologico-de-uba-atualizado-em-03-de-dezembro-de-2020\/#primaryimage\"},\"thumbnailUrl\":\"https:\/\/ubanews.com\/site\/wp-content\/uploads\/2020\/12\/03-12.jpg\",\"articleSection\":[\"Prefeitura Municipal\"],\"inLanguage\":\"pt-BR\",\"potentialAction\":[{\"@type\":\"CommentAction\",\"name\":\"Comment\",\"target\":[\"https:\/\/ubanews.com\/site\/2020\/12\/03\/boletim-epidemiologico-de-uba-atualizado-em-03-de-dezembro-de-2020\/#respond\"]}]},{\"@type\":\"WebPage\",\"@id\":\"https:\/\/ubanews.com\/site\/2020\/12\/03\/boletim-epidemiologico-de-uba-atualizado-em-03-de-dezembro-de-2020\/\",\"url\":\"https:\/\/ubanews.com\/site\/2020\/12\/03\/boletim-epidemiologico-de-uba-atualizado-em-03-de-dezembro-de-2020\/\",\"name\":\"Boletim Epidemiol\u00f3gico de Ub\u00e1, atualizado em 03 de dezembro de 2020 - Ub\u00e1 News\",\"isPartOf\":{\"@id\":\"https:\/\/ubanews.com\/site\/#website\"},\"primaryImageOfPage\":{\"@id\":\"https:\/\/ubanews.com\/site\/2020\/12\/03\/boletim-epidemiologico-de-uba-atualizado-em-03-de-dezembro-de-2020\/#primaryimage\"},\"image\":{\"@id\":\"https:\/\/ubanews.com\/site\/2020\/12\/03\/boletim-epidemiologico-de-uba-atualizado-em-03-de-dezembro-de-2020\/#primaryimage\"},\"thumbnailUrl\":\"https:\/\/ubanews.com\/site\/wp-content\/uploads\/2020\/12\/03-12.jpg\",\"datePublished\":\"2020-12-03T21:04:00+00:00\",\"dateModified\":\"2020-12-08T18:05:29+00:00\",\"breadcrumb\":{\"@id\":\"https:\/\/ubanews.com\/site\/2020\/12\/03\/boletim-epidemiologico-de-uba-atualizado-em-03-de-dezembro-de-2020\/#breadcrumb\"},\"inLanguage\":\"pt-BR\",\"potentialAction\":[{\"@type\":\"ReadAction\",\"target\":[\"https:\/\/ubanews.com\/site\/2020\/12\/03\/boletim-epidemiologico-de-uba-atualizado-em-03-de-dezembro-de-2020\/\"]}]},{\"@type\":\"ImageObject\",\"inLanguage\":\"pt-BR\",\"@id\":\"https:\/\/ubanews.com\/site\/2020\/12\/03\/boletim-epidemiologico-de-uba-atualizado-em-03-de-dezembro-de-2020\/#primaryimage\",\"url\":\"https:\/\/ubanews.com\/site\/wp-content\/uploads\/2020\/12\/03-12.jpg\",\"contentUrl\":\"https:\/\/ubanews.com\/site\/wp-content\/uploads\/2020\/12\/03-12.jpg\",\"width\":1000,\"height\":500},{\"@type\":\"BreadcrumbList\",\"@id\":\"https:\/\/ubanews.com\/site\/2020\/12\/03\/boletim-epidemiologico-de-uba-atualizado-em-03-de-dezembro-de-2020\/#breadcrumb\",\"itemListElement\":[{\"@type\":\"ListItem\",\"position\":1,\"name\":\"Home\",\"item\":\"https:\/\/ubanews.com\/site\/\"},{\"@type\":\"ListItem\",\"position\":2,\"name\":\"Boletim Epidemiol\u00f3gico de Ub\u00e1, atualizado em 03 de dezembro de 2020\"}]},{\"@type\":\"WebSite\",\"@id\":\"https:\/\/ubanews.com\/site\/#website\",\"url\":\"https:\/\/ubanews.com\/site\/\",\"name\":\"Ub\u00e1 News\",\"description\":\"\",\"publisher\":{\"@id\":\"https:\/\/ubanews.com\/site\/#organization\"},\"potentialAction\":[{\"@type\":\"SearchAction\",\"target\":{\"@type\":\"EntryPoint\",\"urlTemplate\":\"https:\/\/ubanews.com\/site\/?s={search_term_string}\"},\"query-input\":{\"@type\":\"PropertyValueSpecification\",\"valueRequired\":true,\"valueName\":\"search_term_string\"}}],\"inLanguage\":\"pt-BR\"},{\"@type\":\"Organization\",\"@id\":\"https:\/\/ubanews.com\/site\/#organization\",\"name\":\"Ub\u00e1 News\",\"url\":\"https:\/\/ubanews.com\/site\/\",\"logo\":{\"@type\":\"ImageObject\",\"inLanguage\":\"pt-BR\",\"@id\":\"https:\/\/ubanews.com\/site\/#\/schema\/logo\/image\/\",\"url\":\"https:\/\/ubanews.com\/site\/wp-content\/uploads\/2018\/01\/logoubanews.png\",\"contentUrl\":\"https:\/\/ubanews.com\/site\/wp-content\/uploads\/2018\/01\/logoubanews.png\",\"width\":261,\"height\":99,\"caption\":\"Ub\u00e1 News\"},\"image\":{\"@id\":\"https:\/\/ubanews.com\/site\/#\/schema\/logo\/image\/\"},\"sameAs\":[\"https:\/\/www.facebook.com\/Ub\u00e1News-Carlos-Roberto-Sodr\u00e9-418778301977370\"]},{\"@type\":\"Person\",\"@id\":\"https:\/\/ubanews.com\/site\/#\/schema\/person\/d90c9e47252fbb63dcc969fe4c8b9d10\",\"name\":\"Sodr\u00e9\",\"image\":{\"@type\":\"ImageObject\",\"inLanguage\":\"pt-BR\",\"@id\":\"https:\/\/secure.gravatar.com\/avatar\/5ba2793f0590b9dbfad3fdec4ee714485b3eef211c9b32ee53d414060454a56c?s=96&d=mm&r=g\",\"url\":\"https:\/\/secure.gravatar.com\/avatar\/5ba2793f0590b9dbfad3fdec4ee714485b3eef211c9b32ee53d414060454a56c?s=96&d=mm&r=g\",\"contentUrl\":\"https:\/\/secure.gravatar.com\/avatar\/5ba2793f0590b9dbfad3fdec4ee714485b3eef211c9b32ee53d414060454a56c?s=96&d=mm&r=g\",\"caption\":\"Sodr\u00e9\"},\"sameAs\":[\"https:\/\/www.facebook.com\/carosroberto.sodre.5\/\"],\"url\":\"https:\/\/ubanews.com\/site\/author\/felipe\/\"}]}<\/script>\n<!-- \/ Yoast SEO plugin. -->","yoast_head_json":{"title":"Boletim Epidemiol\u00f3gico de Ub\u00e1, atualizado em 03 de dezembro de 2020 - Ub\u00e1 News","robots":{"index":"index","follow":"follow","max-snippet":"max-snippet:-1","max-image-preview":"max-image-preview:large","max-video-preview":"max-video-preview:-1"},"canonical":"https:\/\/ubanews.com\/site\/2020\/12\/03\/boletim-epidemiologico-de-uba-atualizado-em-03-de-dezembro-de-2020\/","og_locale":"pt_BR","og_type":"article","og_title":"Boletim Epidemiol\u00f3gico de Ub\u00e1, atualizado em 03 de dezembro de 2020 - Ub\u00e1 News","og_description":"&#8211; Total de casos confirmados: 2944 (Soma dos casos confirmados","og_url":"https:\/\/ubanews.com\/site\/2020\/12\/03\/boletim-epidemiologico-de-uba-atualizado-em-03-de-dezembro-de-2020\/","og_site_name":"Ub\u00e1 News","article_publisher":"https:\/\/www.facebook.com\/Ub%c3%a1News-Carlos-Roberto-Sodr%c3%a9-418778301977370","article_author":"https:\/\/www.facebook.com\/carosroberto.sodre.5\/","article_published_time":"2020-12-03T21:04:00+00:00","article_modified_time":"2020-12-08T18:05:29+00:00","og_image":[{"width":1000,"height":500,"url":"https:\/\/ubanews.com\/site\/wp-content\/uploads\/2020\/12\/03-12.jpg","type":"image\/jpeg"}],"author":"Sodr\u00e9","twitter_card":"summary_large_image","twitter_misc":{"Escrito por":"Sodr\u00e9","Est. tempo de leitura":"4 minutos"},"schema":{"@context":"https:\/\/schema.org","@graph":[{"@type":"Article","@id":"https:\/\/ubanews.com\/site\/2020\/12\/03\/boletim-epidemiologico-de-uba-atualizado-em-03-de-dezembro-de-2020\/#article","isPartOf":{"@id":"https:\/\/ubanews.com\/site\/2020\/12\/03\/boletim-epidemiologico-de-uba-atualizado-em-03-de-dezembro-de-2020\/"},"author":{"name":"Sodr\u00e9","@id":"https:\/\/ubanews.com\/site\/#\/schema\/person\/d90c9e47252fbb63dcc969fe4c8b9d10"},"headline":"Boletim Epidemiol\u00f3gico de Ub\u00e1, atualizado em 03 de dezembro de 2020","datePublished":"2020-12-03T21:04:00+00:00","dateModified":"2020-12-08T18:05:29+00:00","mainEntityOfPage":{"@id":"https:\/\/ubanews.com\/site\/2020\/12\/03\/boletim-epidemiologico-de-uba-atualizado-em-03-de-dezembro-de-2020\/"},"wordCount":751,"commentCount":0,"publisher":{"@id":"https:\/\/ubanews.com\/site\/#organization"},"image":{"@id":"https:\/\/ubanews.com\/site\/2020\/12\/03\/boletim-epidemiologico-de-uba-atualizado-em-03-de-dezembro-de-2020\/#primaryimage"},"thumbnailUrl":"https:\/\/ubanews.com\/site\/wp-content\/uploads\/2020\/12\/03-12.jpg","articleSection":["Prefeitura Municipal"],"inLanguage":"pt-BR","potentialAction":[{"@type":"CommentAction","name":"Comment","target":["https:\/\/ubanews.com\/site\/2020\/12\/03\/boletim-epidemiologico-de-uba-atualizado-em-03-de-dezembro-de-2020\/#respond"]}]},{"@type":"WebPage","@id":"https:\/\/ubanews.com\/site\/2020\/12\/03\/boletim-epidemiologico-de-uba-atualizado-em-03-de-dezembro-de-2020\/","url":"https:\/\/ubanews.com\/site\/2020\/12\/03\/boletim-epidemiologico-de-uba-atualizado-em-03-de-dezembro-de-2020\/","name":"Boletim Epidemiol\u00f3gico de Ub\u00e1, atualizado em 03 de dezembro de 2020 - Ub\u00e1 News","isPartOf":{"@id":"https:\/\/ubanews.com\/site\/#website"},"primaryImageOfPage":{"@id":"https:\/\/ubanews.com\/site\/2020\/12\/03\/boletim-epidemiologico-de-uba-atualizado-em-03-de-dezembro-de-2020\/#primaryimage"},"image":{"@id":"https:\/\/ubanews.com\/site\/2020\/12\/03\/boletim-epidemiologico-de-uba-atualizado-em-03-de-dezembro-de-2020\/#primaryimage"},"thumbnailUrl":"https:\/\/ubanews.com\/site\/wp-content\/uploads\/2020\/12\/03-12.jpg","datePublished":"2020-12-03T21:04:00+00:00","dateModified":"2020-12-08T18:05:29+00:00","breadcrumb":{"@id":"https:\/\/ubanews.com\/site\/2020\/12\/03\/boletim-epidemiologico-de-uba-atualizado-em-03-de-dezembro-de-2020\/#breadcrumb"},"inLanguage":"pt-BR","potentialAction":[{"@type":"ReadAction","target":["https:\/\/ubanews.com\/site\/2020\/12\/03\/boletim-epidemiologico-de-uba-atualizado-em-03-de-dezembro-de-2020\/"]}]},{"@type":"ImageObject","inLanguage":"pt-BR","@id":"https:\/\/ubanews.com\/site\/2020\/12\/03\/boletim-epidemiologico-de-uba-atualizado-em-03-de-dezembro-de-2020\/#primaryimage","url":"https:\/\/ubanews.com\/site\/wp-content\/uploads\/2020\/12\/03-12.jpg","contentUrl":"https:\/\/ubanews.com\/site\/wp-content\/uploads\/2020\/12\/03-12.jpg","width":1000,"height":500},{"@type":"BreadcrumbList","@id":"https:\/\/ubanews.com\/site\/2020\/12\/03\/boletim-epidemiologico-de-uba-atualizado-em-03-de-dezembro-de-2020\/#breadcrumb","itemListElement":[{"@type":"ListItem","position":1,"name":"Home","item":"https:\/\/ubanews.com\/site\/"},{"@type":"ListItem","position":2,"name":"Boletim Epidemiol\u00f3gico de Ub\u00e1, atualizado em 03 de dezembro de 2020"}]},{"@type":"WebSite","@id":"https:\/\/ubanews.com\/site\/#website","url":"https:\/\/ubanews.com\/site\/","name":"Ub\u00e1 News","description":"","publisher":{"@id":"https:\/\/ubanews.com\/site\/#organization"},"potentialAction":[{"@type":"SearchAction","target":{"@type":"EntryPoint","urlTemplate":"https:\/\/ubanews.com\/site\/?s={search_term_string}"},"query-input":{"@type":"PropertyValueSpecification","valueRequired":true,"valueName":"search_term_string"}}],"inLanguage":"pt-BR"},{"@type":"Organization","@id":"https:\/\/ubanews.com\/site\/#organization","name":"Ub\u00e1 News","url":"https:\/\/ubanews.com\/site\/","logo":{"@type":"ImageObject","inLanguage":"pt-BR","@id":"https:\/\/ubanews.com\/site\/#\/schema\/logo\/image\/","url":"https:\/\/ubanews.com\/site\/wp-content\/uploads\/2018\/01\/logoubanews.png","contentUrl":"https:\/\/ubanews.com\/site\/wp-content\/uploads\/2018\/01\/logoubanews.png","width":261,"height":99,"caption":"Ub\u00e1 News"},"image":{"@id":"https:\/\/ubanews.com\/site\/#\/schema\/logo\/image\/"},"sameAs":["https:\/\/www.facebook.com\/Ub\u00e1News-Carlos-Roberto-Sodr\u00e9-418778301977370"]},{"@type":"Person","@id":"https:\/\/ubanews.com\/site\/#\/schema\/person\/d90c9e47252fbb63dcc969fe4c8b9d10","name":"Sodr\u00e9","image":{"@type":"ImageObject","inLanguage":"pt-BR","@id":"https:\/\/secure.gravatar.com\/avatar\/5ba2793f0590b9dbfad3fdec4ee714485b3eef211c9b32ee53d414060454a56c?s=96&d=mm&r=g","url":"https:\/\/secure.gravatar.com\/avatar\/5ba2793f0590b9dbfad3fdec4ee714485b3eef211c9b32ee53d414060454a56c?s=96&d=mm&r=g","contentUrl":"https:\/\/secure.gravatar.com\/avatar\/5ba2793f0590b9dbfad3fdec4ee714485b3eef211c9b32ee53d414060454a56c?s=96&d=mm&r=g","caption":"Sodr\u00e9"},"sameAs":["https:\/\/www.facebook.com\/carosroberto.sodre.5\/"],"url":"https:\/\/ubanews.com\/site\/author\/felipe\/"}]}},"_links":{"self":[{"href":"https:\/\/ubanews.com\/site\/wp-json\/wp\/v2\/posts\/18935","targetHints":{"allow":["GET"]}}],"collection":[{"href":"https:\/\/ubanews.com\/site\/wp-json\/wp\/v2\/posts"}],"about":[{"href":"https:\/\/ubanews.com\/site\/wp-json\/wp\/v2\/types\/post"}],"author":[{"embeddable":true,"href":"https:\/\/ubanews.com\/site\/wp-json\/wp\/v2\/users\/2"}],"replies":[{"embeddable":true,"href":"https:\/\/ubanews.com\/site\/wp-json\/wp\/v2\/comments?post=18935"}],"version-history":[{"count":0,"href":"https:\/\/ubanews.com\/site\/wp-json\/wp\/v2\/posts\/18935\/revisions"}],"wp:featuredmedia":[{"embeddable":true,"href":"https:\/\/ubanews.com\/site\/wp-json\/wp\/v2\/media\/18936"}],"wp:attachment":[{"href":"https:\/\/ubanews.com\/site\/wp-json\/wp\/v2\/media?parent=18935"}],"wp:term":[{"taxonomy":"category","embeddable":true,"href":"https:\/\/ubanews.com\/site\/wp-json\/wp\/v2\/categories?post=18935"},{"taxonomy":"post_tag","embeddable":true,"href":"https:\/\/ubanews.com\/site\/wp-json\/wp\/v2\/tags?post=18935"}],"curies":[{"name":"wp","href":"https:\/\/api.w.org\/{rel}","templated":true}]}}