{"id":18912,"date":"2020-12-03T14:59:09","date_gmt":"2020-12-03T17:59:09","guid":{"rendered":"http:\/\/ubanews.com\/site\/?p=18912"},"modified":"2020-12-03T14:59:09","modified_gmt":"2020-12-03T17:59:09","slug":"acao-conjunta-prende-casal-suspeito-de-matar-e-de-ocultar-corpo-de-homem-em-lima-duarte","status":"publish","type":"post","link":"https:\/\/ubanews.com\/site\/2020\/12\/03\/acao-conjunta-prende-casal-suspeito-de-matar-e-de-ocultar-corpo-de-homem-em-lima-duarte\/","title":{"rendered":"A\u00e7\u00e3o conjunta prende casal suspeito de matar e de ocultar corpo de homem em Lima Duarte"},"content":{"rendered":"<p><em>A pris\u00e3o em flagrante dos investigados foi realizada por policiais civis e militares na cidade de Juiz de Fora.<\/em><\/p>\n<p>Na ter\u00e7a-feira (1\/12), as Pol\u00edcias Civil e Militar deflagraram uma a\u00e7\u00e3o conjunta que resultou na pris\u00e3o em flagrante de um casal, 24 anos, suspeito de ter assassinado e ocultado o corpo de um homem de 43 anos, crime ocorrido no munic\u00edpio de Lima Duarte, na Zona da Mata mineira. Os investigados foram localizados na cidade de Juiz de Fora.<\/p>\n<p>&nbsp;Conforme informa\u00e7\u00f5es do delegado Jos\u00e9 M\u00e1rcio de Almeida Lopes, ontem, a Pol\u00edcia Militar recebeu uma den\u00fancia de que um casal havia matado uma pessoa e teria ocultado o corpo no fundo do quintal da resid\u00eancia. \u201cA PM se deslocou at\u00e9 o local e, ap\u00f3s efetuar uma busca nos fundos da casa, o corpo foi localizado. Os suspeitos evadiram do local, momentos antes. Na ocasi\u00e3o, uma equipe da Pol\u00edcia Civil tamb\u00e9m foi ao local dos fatos e a per\u00edcia criminal realizou os levantamentos. Ap\u00f3s a libera\u00e7\u00e3o, o corpo foi encaminhado ao Instituto M\u00e9dico Legal\u201d, explicou.<\/p>\n<div id=\"metaslider-id-17652\" style=\"max-width: 1000px;\" class=\"ml-slider-3-106-0 metaslider metaslider-nivo metaslider-17652 ml-slider ms-theme-outline\" role=\"region\" aria-label=\"Texto\" data-height=\"200\" data-width=\"1000\">\n    <div id=\"metaslider_container_17652\">\n        <div class='slider-wrapper theme-default'><div class='ribbon'><\/div><div id='metaslider_17652' class='nivoSlider'><\/div><\/div>\n        \n    <\/div>\n<\/div>\n<p>&nbsp;Segundo ele, os policiais civis e militares passaram a diligenciar com o objetivo de localizar os suspeitos, que foram presos no final da tarde, na cidade de Juiz de Fora. Em seguida, o casal foi encaminhado \u00e0 delegacia, onde teve a pris\u00e3o em flagrante ratificada pela pr\u00e1tica dos crimes de homic\u00eddio qualificado e de oculta\u00e7\u00e3o de cad\u00e1ver.<\/p>\n<p>&nbsp;Os investigados foram conduzidos ao sistema prisional, permanecendo \u00e0 disposi\u00e7\u00e3o da Justi\u00e7a. \u201cDilig\u00eancias como essa e conjuntas est\u00e3o propiciando respostas r\u00e1pidas a crimes violentos na cidade, com a pris\u00e3o em flagrante dos autores\u201d, concluiu o delegado.<\/p>\n<p><a href=\"https:\/\/ubanews.com\/site\/wp-content\/uploads\/2020\/12\/81c09cc7-ef04-4fc8-ae52-0a4d658bd7e7.jpg\"><img decoding=\"async\" class=\"aligncenter size-full wp-image-18913 lazyload\" data-src=\"https:\/\/ubanews.com\/site\/wp-content\/uploads\/2020\/12\/81c09cc7-ef04-4fc8-ae52-0a4d658bd7e7.jpg\" alt=\"\" width=\"1280\" height=\"960\" data-srcset=\"https:\/\/ubanews.com\/site\/wp-content\/uploads\/2020\/12\/81c09cc7-ef04-4fc8-ae52-0a4d658bd7e7.jpg 1280w, https:\/\/ubanews.com\/site\/wp-content\/uploads\/2020\/12\/81c09cc7-ef04-4fc8-ae52-0a4d658bd7e7-300x225.jpg 300w, https:\/\/ubanews.com\/site\/wp-content\/uploads\/2020\/12\/81c09cc7-ef04-4fc8-ae52-0a4d658bd7e7-768x576.jpg 768w, https:\/\/ubanews.com\/site\/wp-content\/uploads\/2020\/12\/81c09cc7-ef04-4fc8-ae52-0a4d658bd7e7-1024x768.jpg 1024w\" data-sizes=\"(max-width: 1280px) 100vw, 1280px\" src=\"data:image\/svg+xml;base64,PHN2ZyB3aWR0aD0iMSIgaGVpZ2h0PSIxIiB4bWxucz0iaHR0cDovL3d3dy53My5vcmcvMjAwMC9zdmciPjwvc3ZnPg==\" style=\"--smush-placeholder-width: 1280px; --smush-placeholder-aspect-ratio: 1280\/960;\" \/><\/a><\/p>\n<p><strong>Assessoria de Comunica\u00e7\u00e3o Pol\u00edcia Civil de Minas Gerais<\/strong><\/p>\n","protected":false},"excerpt":{"rendered":"<p>A pris\u00e3o em flagrante dos investigados foi realizada por policiais<\/p>\n","protected":false},"author":2,"featured_media":18914,"comment_status":"open","ping_status":"open","sticky":false,"template":"","format":"standard","meta":{"footnotes":""},"categories":[13],"tags":[],"class_list":["post-18912","post","type-post","status-publish","format-standard","has-post-thumbnail","hentry","category-sintese-das-ocorrencias"],"yoast_head":"<!-- This site is optimized with the Yoast SEO plugin v27.2 - https:\/\/yoast.com\/product\/yoast-seo-wordpress\/ -->\n<title>A\u00e7\u00e3o conjunta prende casal suspeito de matar e de ocultar corpo de homem em Lima Duarte - Ub\u00e1 News<\/title>\n<meta name=\"robots\" content=\"index, follow, max-snippet:-1, max-image-preview:large, max-video-preview:-1\" \/>\n<link rel=\"canonical\" href=\"https:\/\/ubanews.com\/site\/2020\/12\/03\/acao-conjunta-prende-casal-suspeito-de-matar-e-de-ocultar-corpo-de-homem-em-lima-duarte\/\" \/>\n<meta property=\"og:locale\" content=\"pt_BR\" \/>\n<meta property=\"og:type\" content=\"article\" \/>\n<meta property=\"og:title\" content=\"A\u00e7\u00e3o conjunta prende casal suspeito de matar e de ocultar corpo de homem em Lima Duarte - Ub\u00e1 News\" \/>\n<meta property=\"og:description\" content=\"A pris\u00e3o em flagrante dos investigados foi realizada por policiais\" \/>\n<meta property=\"og:url\" content=\"https:\/\/ubanews.com\/site\/2020\/12\/03\/acao-conjunta-prende-casal-suspeito-de-matar-e-de-ocultar-corpo-de-homem-em-lima-duarte\/\" \/>\n<meta property=\"og:site_name\" content=\"Ub\u00e1 News\" \/>\n<meta property=\"article:publisher\" content=\"https:\/\/www.facebook.com\/Ub%c3%a1News-Carlos-Roberto-Sodr%c3%a9-418778301977370\" \/>\n<meta property=\"article:author\" content=\"https:\/\/www.facebook.com\/carosroberto.sodre.5\/\" \/>\n<meta property=\"article:published_time\" content=\"2020-12-03T17:59:09+00:00\" \/>\n<meta property=\"og:image\" content=\"https:\/\/ubanews.com\/site\/wp-content\/uploads\/2020\/12\/f2dcc1d6-658c-4675-946a-070ee433dcce.jpg\" \/>\n\t<meta property=\"og:image:width\" content=\"1000\" \/>\n\t<meta property=\"og:image:height\" content=\"500\" \/>\n\t<meta property=\"og:image:type\" content=\"image\/jpeg\" \/>\n<meta name=\"author\" content=\"Sodr\u00e9\" \/>\n<meta name=\"twitter:card\" content=\"summary_large_image\" \/>\n<meta name=\"twitter:label1\" content=\"Escrito por\" \/>\n\t<meta name=\"twitter:data1\" content=\"Sodr\u00e9\" \/>\n\t<meta name=\"twitter:label2\" content=\"Est. tempo de leitura\" \/>\n\t<meta name=\"twitter:data2\" content=\"2 minutos\" \/>\n<script type=\"application\/ld+json\" class=\"yoast-schema-graph\">{\"@context\":\"https:\/\/schema.org\",\"@graph\":[{\"@type\":\"Article\",\"@id\":\"https:\/\/ubanews.com\/site\/2020\/12\/03\/acao-conjunta-prende-casal-suspeito-de-matar-e-de-ocultar-corpo-de-homem-em-lima-duarte\/#article\",\"isPartOf\":{\"@id\":\"https:\/\/ubanews.com\/site\/2020\/12\/03\/acao-conjunta-prende-casal-suspeito-de-matar-e-de-ocultar-corpo-de-homem-em-lima-duarte\/\"},\"author\":{\"name\":\"Sodr\u00e9\",\"@id\":\"https:\/\/ubanews.com\/site\/#\/schema\/person\/d90c9e47252fbb63dcc969fe4c8b9d10\"},\"headline\":\"A\u00e7\u00e3o conjunta prende casal suspeito de matar e de ocultar corpo de homem em Lima Duarte\",\"datePublished\":\"2020-12-03T17:59:09+00:00\",\"mainEntityOfPage\":{\"@id\":\"https:\/\/ubanews.com\/site\/2020\/12\/03\/acao-conjunta-prende-casal-suspeito-de-matar-e-de-ocultar-corpo-de-homem-em-lima-duarte\/\"},\"wordCount\":322,\"commentCount\":0,\"publisher\":{\"@id\":\"https:\/\/ubanews.com\/site\/#organization\"},\"image\":{\"@id\":\"https:\/\/ubanews.com\/site\/2020\/12\/03\/acao-conjunta-prende-casal-suspeito-de-matar-e-de-ocultar-corpo-de-homem-em-lima-duarte\/#primaryimage\"},\"thumbnailUrl\":\"https:\/\/ubanews.com\/site\/wp-content\/uploads\/2020\/12\/f2dcc1d6-658c-4675-946a-070ee433dcce.jpg\",\"articleSection\":[\"S\u00edntese das Ocorr\u00eancias\"],\"inLanguage\":\"pt-BR\",\"potentialAction\":[{\"@type\":\"CommentAction\",\"name\":\"Comment\",\"target\":[\"https:\/\/ubanews.com\/site\/2020\/12\/03\/acao-conjunta-prende-casal-suspeito-de-matar-e-de-ocultar-corpo-de-homem-em-lima-duarte\/#respond\"]}]},{\"@type\":\"WebPage\",\"@id\":\"https:\/\/ubanews.com\/site\/2020\/12\/03\/acao-conjunta-prende-casal-suspeito-de-matar-e-de-ocultar-corpo-de-homem-em-lima-duarte\/\",\"url\":\"https:\/\/ubanews.com\/site\/2020\/12\/03\/acao-conjunta-prende-casal-suspeito-de-matar-e-de-ocultar-corpo-de-homem-em-lima-duarte\/\",\"name\":\"A\u00e7\u00e3o conjunta prende casal suspeito de matar e de ocultar corpo de homem em Lima Duarte - Ub\u00e1 News\",\"isPartOf\":{\"@id\":\"https:\/\/ubanews.com\/site\/#website\"},\"primaryImageOfPage\":{\"@id\":\"https:\/\/ubanews.com\/site\/2020\/12\/03\/acao-conjunta-prende-casal-suspeito-de-matar-e-de-ocultar-corpo-de-homem-em-lima-duarte\/#primaryimage\"},\"image\":{\"@id\":\"https:\/\/ubanews.com\/site\/2020\/12\/03\/acao-conjunta-prende-casal-suspeito-de-matar-e-de-ocultar-corpo-de-homem-em-lima-duarte\/#primaryimage\"},\"thumbnailUrl\":\"https:\/\/ubanews.com\/site\/wp-content\/uploads\/2020\/12\/f2dcc1d6-658c-4675-946a-070ee433dcce.jpg\",\"datePublished\":\"2020-12-03T17:59:09+00:00\",\"breadcrumb\":{\"@id\":\"https:\/\/ubanews.com\/site\/2020\/12\/03\/acao-conjunta-prende-casal-suspeito-de-matar-e-de-ocultar-corpo-de-homem-em-lima-duarte\/#breadcrumb\"},\"inLanguage\":\"pt-BR\",\"potentialAction\":[{\"@type\":\"ReadAction\",\"target\":[\"https:\/\/ubanews.com\/site\/2020\/12\/03\/acao-conjunta-prende-casal-suspeito-de-matar-e-de-ocultar-corpo-de-homem-em-lima-duarte\/\"]}]},{\"@type\":\"ImageObject\",\"inLanguage\":\"pt-BR\",\"@id\":\"https:\/\/ubanews.com\/site\/2020\/12\/03\/acao-conjunta-prende-casal-suspeito-de-matar-e-de-ocultar-corpo-de-homem-em-lima-duarte\/#primaryimage\",\"url\":\"https:\/\/ubanews.com\/site\/wp-content\/uploads\/2020\/12\/f2dcc1d6-658c-4675-946a-070ee433dcce.jpg\",\"contentUrl\":\"https:\/\/ubanews.com\/site\/wp-content\/uploads\/2020\/12\/f2dcc1d6-658c-4675-946a-070ee433dcce.jpg\",\"width\":1000,\"height\":500},{\"@type\":\"BreadcrumbList\",\"@id\":\"https:\/\/ubanews.com\/site\/2020\/12\/03\/acao-conjunta-prende-casal-suspeito-de-matar-e-de-ocultar-corpo-de-homem-em-lima-duarte\/#breadcrumb\",\"itemListElement\":[{\"@type\":\"ListItem\",\"position\":1,\"name\":\"Home\",\"item\":\"https:\/\/ubanews.com\/site\/\"},{\"@type\":\"ListItem\",\"position\":2,\"name\":\"A\u00e7\u00e3o conjunta prende casal suspeito de matar e de ocultar corpo de homem em Lima Duarte\"}]},{\"@type\":\"WebSite\",\"@id\":\"https:\/\/ubanews.com\/site\/#website\",\"url\":\"https:\/\/ubanews.com\/site\/\",\"name\":\"Ub\u00e1 News\",\"description\":\"\",\"publisher\":{\"@id\":\"https:\/\/ubanews.com\/site\/#organization\"},\"potentialAction\":[{\"@type\":\"SearchAction\",\"target\":{\"@type\":\"EntryPoint\",\"urlTemplate\":\"https:\/\/ubanews.com\/site\/?s={search_term_string}\"},\"query-input\":{\"@type\":\"PropertyValueSpecification\",\"valueRequired\":true,\"valueName\":\"search_term_string\"}}],\"inLanguage\":\"pt-BR\"},{\"@type\":\"Organization\",\"@id\":\"https:\/\/ubanews.com\/site\/#organization\",\"name\":\"Ub\u00e1 News\",\"url\":\"https:\/\/ubanews.com\/site\/\",\"logo\":{\"@type\":\"ImageObject\",\"inLanguage\":\"pt-BR\",\"@id\":\"https:\/\/ubanews.com\/site\/#\/schema\/logo\/image\/\",\"url\":\"https:\/\/ubanews.com\/site\/wp-content\/uploads\/2018\/01\/logoubanews.png\",\"contentUrl\":\"https:\/\/ubanews.com\/site\/wp-content\/uploads\/2018\/01\/logoubanews.png\",\"width\":261,\"height\":99,\"caption\":\"Ub\u00e1 News\"},\"image\":{\"@id\":\"https:\/\/ubanews.com\/site\/#\/schema\/logo\/image\/\"},\"sameAs\":[\"https:\/\/www.facebook.com\/Ub\u00e1News-Carlos-Roberto-Sodr\u00e9-418778301977370\"]},{\"@type\":\"Person\",\"@id\":\"https:\/\/ubanews.com\/site\/#\/schema\/person\/d90c9e47252fbb63dcc969fe4c8b9d10\",\"name\":\"Sodr\u00e9\",\"image\":{\"@type\":\"ImageObject\",\"inLanguage\":\"pt-BR\",\"@id\":\"https:\/\/secure.gravatar.com\/avatar\/5ba2793f0590b9dbfad3fdec4ee714485b3eef211c9b32ee53d414060454a56c?s=96&d=mm&r=g\",\"url\":\"https:\/\/secure.gravatar.com\/avatar\/5ba2793f0590b9dbfad3fdec4ee714485b3eef211c9b32ee53d414060454a56c?s=96&d=mm&r=g\",\"contentUrl\":\"https:\/\/secure.gravatar.com\/avatar\/5ba2793f0590b9dbfad3fdec4ee714485b3eef211c9b32ee53d414060454a56c?s=96&d=mm&r=g\",\"caption\":\"Sodr\u00e9\"},\"sameAs\":[\"https:\/\/www.facebook.com\/carosroberto.sodre.5\/\"],\"url\":\"https:\/\/ubanews.com\/site\/author\/felipe\/\"}]}<\/script>\n<!-- \/ Yoast SEO plugin. -->","yoast_head_json":{"title":"A\u00e7\u00e3o conjunta prende casal suspeito de matar e de ocultar corpo de homem em Lima Duarte - Ub\u00e1 News","robots":{"index":"index","follow":"follow","max-snippet":"max-snippet:-1","max-image-preview":"max-image-preview:large","max-video-preview":"max-video-preview:-1"},"canonical":"https:\/\/ubanews.com\/site\/2020\/12\/03\/acao-conjunta-prende-casal-suspeito-de-matar-e-de-ocultar-corpo-de-homem-em-lima-duarte\/","og_locale":"pt_BR","og_type":"article","og_title":"A\u00e7\u00e3o conjunta prende casal suspeito de matar e de ocultar corpo de homem em Lima Duarte - Ub\u00e1 News","og_description":"A pris\u00e3o em flagrante dos investigados foi realizada por policiais","og_url":"https:\/\/ubanews.com\/site\/2020\/12\/03\/acao-conjunta-prende-casal-suspeito-de-matar-e-de-ocultar-corpo-de-homem-em-lima-duarte\/","og_site_name":"Ub\u00e1 News","article_publisher":"https:\/\/www.facebook.com\/Ub%c3%a1News-Carlos-Roberto-Sodr%c3%a9-418778301977370","article_author":"https:\/\/www.facebook.com\/carosroberto.sodre.5\/","article_published_time":"2020-12-03T17:59:09+00:00","og_image":[{"width":1000,"height":500,"url":"https:\/\/ubanews.com\/site\/wp-content\/uploads\/2020\/12\/f2dcc1d6-658c-4675-946a-070ee433dcce.jpg","type":"image\/jpeg"}],"author":"Sodr\u00e9","twitter_card":"summary_large_image","twitter_misc":{"Escrito por":"Sodr\u00e9","Est. tempo de leitura":"2 minutos"},"schema":{"@context":"https:\/\/schema.org","@graph":[{"@type":"Article","@id":"https:\/\/ubanews.com\/site\/2020\/12\/03\/acao-conjunta-prende-casal-suspeito-de-matar-e-de-ocultar-corpo-de-homem-em-lima-duarte\/#article","isPartOf":{"@id":"https:\/\/ubanews.com\/site\/2020\/12\/03\/acao-conjunta-prende-casal-suspeito-de-matar-e-de-ocultar-corpo-de-homem-em-lima-duarte\/"},"author":{"name":"Sodr\u00e9","@id":"https:\/\/ubanews.com\/site\/#\/schema\/person\/d90c9e47252fbb63dcc969fe4c8b9d10"},"headline":"A\u00e7\u00e3o conjunta prende casal suspeito de matar e de ocultar corpo de homem em Lima Duarte","datePublished":"2020-12-03T17:59:09+00:00","mainEntityOfPage":{"@id":"https:\/\/ubanews.com\/site\/2020\/12\/03\/acao-conjunta-prende-casal-suspeito-de-matar-e-de-ocultar-corpo-de-homem-em-lima-duarte\/"},"wordCount":322,"commentCount":0,"publisher":{"@id":"https:\/\/ubanews.com\/site\/#organization"},"image":{"@id":"https:\/\/ubanews.com\/site\/2020\/12\/03\/acao-conjunta-prende-casal-suspeito-de-matar-e-de-ocultar-corpo-de-homem-em-lima-duarte\/#primaryimage"},"thumbnailUrl":"https:\/\/ubanews.com\/site\/wp-content\/uploads\/2020\/12\/f2dcc1d6-658c-4675-946a-070ee433dcce.jpg","articleSection":["S\u00edntese das Ocorr\u00eancias"],"inLanguage":"pt-BR","potentialAction":[{"@type":"CommentAction","name":"Comment","target":["https:\/\/ubanews.com\/site\/2020\/12\/03\/acao-conjunta-prende-casal-suspeito-de-matar-e-de-ocultar-corpo-de-homem-em-lima-duarte\/#respond"]}]},{"@type":"WebPage","@id":"https:\/\/ubanews.com\/site\/2020\/12\/03\/acao-conjunta-prende-casal-suspeito-de-matar-e-de-ocultar-corpo-de-homem-em-lima-duarte\/","url":"https:\/\/ubanews.com\/site\/2020\/12\/03\/acao-conjunta-prende-casal-suspeito-de-matar-e-de-ocultar-corpo-de-homem-em-lima-duarte\/","name":"A\u00e7\u00e3o conjunta prende casal suspeito de matar e de ocultar corpo de homem em Lima Duarte - Ub\u00e1 News","isPartOf":{"@id":"https:\/\/ubanews.com\/site\/#website"},"primaryImageOfPage":{"@id":"https:\/\/ubanews.com\/site\/2020\/12\/03\/acao-conjunta-prende-casal-suspeito-de-matar-e-de-ocultar-corpo-de-homem-em-lima-duarte\/#primaryimage"},"image":{"@id":"https:\/\/ubanews.com\/site\/2020\/12\/03\/acao-conjunta-prende-casal-suspeito-de-matar-e-de-ocultar-corpo-de-homem-em-lima-duarte\/#primaryimage"},"thumbnailUrl":"https:\/\/ubanews.com\/site\/wp-content\/uploads\/2020\/12\/f2dcc1d6-658c-4675-946a-070ee433dcce.jpg","datePublished":"2020-12-03T17:59:09+00:00","breadcrumb":{"@id":"https:\/\/ubanews.com\/site\/2020\/12\/03\/acao-conjunta-prende-casal-suspeito-de-matar-e-de-ocultar-corpo-de-homem-em-lima-duarte\/#breadcrumb"},"inLanguage":"pt-BR","potentialAction":[{"@type":"ReadAction","target":["https:\/\/ubanews.com\/site\/2020\/12\/03\/acao-conjunta-prende-casal-suspeito-de-matar-e-de-ocultar-corpo-de-homem-em-lima-duarte\/"]}]},{"@type":"ImageObject","inLanguage":"pt-BR","@id":"https:\/\/ubanews.com\/site\/2020\/12\/03\/acao-conjunta-prende-casal-suspeito-de-matar-e-de-ocultar-corpo-de-homem-em-lima-duarte\/#primaryimage","url":"https:\/\/ubanews.com\/site\/wp-content\/uploads\/2020\/12\/f2dcc1d6-658c-4675-946a-070ee433dcce.jpg","contentUrl":"https:\/\/ubanews.com\/site\/wp-content\/uploads\/2020\/12\/f2dcc1d6-658c-4675-946a-070ee433dcce.jpg","width":1000,"height":500},{"@type":"BreadcrumbList","@id":"https:\/\/ubanews.com\/site\/2020\/12\/03\/acao-conjunta-prende-casal-suspeito-de-matar-e-de-ocultar-corpo-de-homem-em-lima-duarte\/#breadcrumb","itemListElement":[{"@type":"ListItem","position":1,"name":"Home","item":"https:\/\/ubanews.com\/site\/"},{"@type":"ListItem","position":2,"name":"A\u00e7\u00e3o conjunta prende casal suspeito de matar e de ocultar corpo de homem em Lima Duarte"}]},{"@type":"WebSite","@id":"https:\/\/ubanews.com\/site\/#website","url":"https:\/\/ubanews.com\/site\/","name":"Ub\u00e1 News","description":"","publisher":{"@id":"https:\/\/ubanews.com\/site\/#organization"},"potentialAction":[{"@type":"SearchAction","target":{"@type":"EntryPoint","urlTemplate":"https:\/\/ubanews.com\/site\/?s={search_term_string}"},"query-input":{"@type":"PropertyValueSpecification","valueRequired":true,"valueName":"search_term_string"}}],"inLanguage":"pt-BR"},{"@type":"Organization","@id":"https:\/\/ubanews.com\/site\/#organization","name":"Ub\u00e1 News","url":"https:\/\/ubanews.com\/site\/","logo":{"@type":"ImageObject","inLanguage":"pt-BR","@id":"https:\/\/ubanews.com\/site\/#\/schema\/logo\/image\/","url":"https:\/\/ubanews.com\/site\/wp-content\/uploads\/2018\/01\/logoubanews.png","contentUrl":"https:\/\/ubanews.com\/site\/wp-content\/uploads\/2018\/01\/logoubanews.png","width":261,"height":99,"caption":"Ub\u00e1 News"},"image":{"@id":"https:\/\/ubanews.com\/site\/#\/schema\/logo\/image\/"},"sameAs":["https:\/\/www.facebook.com\/Ub\u00e1News-Carlos-Roberto-Sodr\u00e9-418778301977370"]},{"@type":"Person","@id":"https:\/\/ubanews.com\/site\/#\/schema\/person\/d90c9e47252fbb63dcc969fe4c8b9d10","name":"Sodr\u00e9","image":{"@type":"ImageObject","inLanguage":"pt-BR","@id":"https:\/\/secure.gravatar.com\/avatar\/5ba2793f0590b9dbfad3fdec4ee714485b3eef211c9b32ee53d414060454a56c?s=96&d=mm&r=g","url":"https:\/\/secure.gravatar.com\/avatar\/5ba2793f0590b9dbfad3fdec4ee714485b3eef211c9b32ee53d414060454a56c?s=96&d=mm&r=g","contentUrl":"https:\/\/secure.gravatar.com\/avatar\/5ba2793f0590b9dbfad3fdec4ee714485b3eef211c9b32ee53d414060454a56c?s=96&d=mm&r=g","caption":"Sodr\u00e9"},"sameAs":["https:\/\/www.facebook.com\/carosroberto.sodre.5\/"],"url":"https:\/\/ubanews.com\/site\/author\/felipe\/"}]}},"_links":{"self":[{"href":"https:\/\/ubanews.com\/site\/wp-json\/wp\/v2\/posts\/18912","targetHints":{"allow":["GET"]}}],"collection":[{"href":"https:\/\/ubanews.com\/site\/wp-json\/wp\/v2\/posts"}],"about":[{"href":"https:\/\/ubanews.com\/site\/wp-json\/wp\/v2\/types\/post"}],"author":[{"embeddable":true,"href":"https:\/\/ubanews.com\/site\/wp-json\/wp\/v2\/users\/2"}],"replies":[{"embeddable":true,"href":"https:\/\/ubanews.com\/site\/wp-json\/wp\/v2\/comments?post=18912"}],"version-history":[{"count":0,"href":"https:\/\/ubanews.com\/site\/wp-json\/wp\/v2\/posts\/18912\/revisions"}],"wp:featuredmedia":[{"embeddable":true,"href":"https:\/\/ubanews.com\/site\/wp-json\/wp\/v2\/media\/18914"}],"wp:attachment":[{"href":"https:\/\/ubanews.com\/site\/wp-json\/wp\/v2\/media?parent=18912"}],"wp:term":[{"taxonomy":"category","embeddable":true,"href":"https:\/\/ubanews.com\/site\/wp-json\/wp\/v2\/categories?post=18912"},{"taxonomy":"post_tag","embeddable":true,"href":"https:\/\/ubanews.com\/site\/wp-json\/wp\/v2\/tags?post=18912"}],"curies":[{"name":"wp","href":"https:\/\/api.w.org\/{rel}","templated":true}]}}