{"id":18891,"date":"2020-11-30T17:30:25","date_gmt":"2020-11-30T20:30:25","guid":{"rendered":"http:\/\/ubanews.com\/site\/?p=18891"},"modified":"2020-11-30T17:30:25","modified_gmt":"2020-11-30T20:30:25","slug":"rio-preto-acao-conjunta-prende-suspeito-de-cometer-estupro-de-vulneravel","status":"publish","type":"post","link":"https:\/\/ubanews.com\/site\/2020\/11\/30\/rio-preto-acao-conjunta-prende-suspeito-de-cometer-estupro-de-vulneravel\/","title":{"rendered":"Rio Preto: a\u00e7\u00e3o conjunta prende suspeito de cometer estupro de vulner\u00e1vel"},"content":{"rendered":"<p><em>Policiais civis de Minas Gerais e do Rio de Janeiro, bem como policiais militares, participaram da a\u00e7\u00e3o que resultou na pris\u00e3o de um homem de 38 anos, no munic\u00edpio da Zona da Mata mineira.<\/em><\/p>\n<p>Na sexta-feira (27\/11), policiais civis de Minas Gerais e do Rio de Janeiro, bem como policiais militares, participaram de uma a\u00e7\u00e3o conjunta no munic\u00edpio de Rio Preto, na Zona da Mata mineira, que resultou no cumprimento de um mandado de pris\u00e3o em desfavor de um homem de 38 anos, suspeito de ter estuprado uma garota, na cidade de Rio das Flores, no estado do RJ, e de ter praticado tr\u00e1fico de drogas. O crime teria ocorrido em junho, quando a v\u00edtima tinha 12 anos.<\/p>\n<div id=\"metaslider-id-17652\" style=\"max-width: 1000px;\" class=\"ml-slider-3-106-0 metaslider metaslider-nivo metaslider-17652 ml-slider ms-theme-outline\" role=\"region\" aria-label=\"Texto\" data-height=\"200\" data-width=\"1000\">\n    <div id=\"metaslider_container_17652\">\n        <div class='slider-wrapper theme-default'><div class='ribbon'><\/div><div id='metaslider_17652' class='nivoSlider'><\/div><\/div>\n        \n    <\/div>\n<\/div>\n<p>Conforme o delegado Thiago Soares Marty, o investigado foi preso no Bairro Atalaia, depois de uma tentativa de fuga. \u201cSegundo informa\u00e7\u00f5es repassadas pela Pol\u00edcia Civil do estado do Rio de Janeiro (PCERJ), por meio do delegado de Rio das Flores, Rodolfo Atala, o homem teria invadido a casa da menina, de fam\u00edlia humilde, na cidade, onde morou por cerca de quatro meses e teria abusado sexualmente da v\u00edtima. Durante tal per\u00edodo, teria constrangido a fam\u00edlia e transformado a resid\u00eancia em uma \u2018boca de fumo\u2019. Cabe ressaltar, ainda, que tais informa\u00e7\u00f5es d\u00e3o conta de que os moradores n\u00e3o tiveram coragem de denunciar o fato \u00e0 Pol\u00edcia, em raz\u00e3o do indiv\u00edduo ser extremamente violento na localidade\u201d, explicou, complementando que, ainda de acordo com as informa\u00e7\u00f5es, \u201cassim que a Pol\u00edcia tomou conhecimento dos fatos, libertou a fam\u00edlia, mas o suspeito fugiu, na ocasi\u00e3o\u201d.<\/p>\n<p>Ap\u00f3s a a\u00e7\u00e3o, o preso, por quest\u00f5es de produ\u00e7\u00e3o de provas e de processo criminal, foi posteriormente encaminhado \u00e0 Delegacia de Pol\u00edcia Civil em Rio das Flores, onde responder\u00e1 por estupro de vulner\u00e1vel e tr\u00e1fico de drogas, cujas penas somadas chegam a 30 anos de reclus\u00e3o. \u201cEle possui antecedentes criminais por outro caso de estupro e tamb\u00e9m por tr\u00e1fico de drogas, associa\u00e7\u00e3o para o tr\u00e1fico, porte ilegal de arma de fogo, estelionato, amea\u00e7a e les\u00e3o corporal\u201d, concluiu.<\/p>\n<p>Segundo a autoridade policial, a v\u00edtima &#8211; que agora possui 13 anos &#8211; est\u00e1 recebendo tratamento psicol\u00f3gico pelos \u00f3rg\u00e3os de assist\u00eancia social.<\/p>\n<p><a href=\"https:\/\/ubanews.com\/site\/wp-content\/uploads\/2020\/11\/6bd6f99f-001a-4599-9d63-b49622f1caaf.jpg\"><img decoding=\"async\" class=\"aligncenter size-full wp-image-18893 lazyload\" data-src=\"https:\/\/ubanews.com\/site\/wp-content\/uploads\/2020\/11\/6bd6f99f-001a-4599-9d63-b49622f1caaf.jpg\" alt=\"\" width=\"1280\" height=\"1280\" data-srcset=\"https:\/\/ubanews.com\/site\/wp-content\/uploads\/2020\/11\/6bd6f99f-001a-4599-9d63-b49622f1caaf.jpg 1280w, https:\/\/ubanews.com\/site\/wp-content\/uploads\/2020\/11\/6bd6f99f-001a-4599-9d63-b49622f1caaf-150x150.jpg 150w, https:\/\/ubanews.com\/site\/wp-content\/uploads\/2020\/11\/6bd6f99f-001a-4599-9d63-b49622f1caaf-300x300.jpg 300w, https:\/\/ubanews.com\/site\/wp-content\/uploads\/2020\/11\/6bd6f99f-001a-4599-9d63-b49622f1caaf-768x768.jpg 768w, https:\/\/ubanews.com\/site\/wp-content\/uploads\/2020\/11\/6bd6f99f-001a-4599-9d63-b49622f1caaf-1024x1024.jpg 1024w\" data-sizes=\"(max-width: 1280px) 100vw, 1280px\" src=\"data:image\/svg+xml;base64,PHN2ZyB3aWR0aD0iMSIgaGVpZ2h0PSIxIiB4bWxucz0iaHR0cDovL3d3dy53My5vcmcvMjAwMC9zdmciPjwvc3ZnPg==\" style=\"--smush-placeholder-width: 1280px; --smush-placeholder-aspect-ratio: 1280\/1280;\" \/><\/a><\/p>\n<p><a href=\"https:\/\/ubanews.com\/site\/wp-content\/uploads\/2020\/11\/f133622b-7a6f-4a94-a677-9a5e04ea73d1.jpg\"><img decoding=\"async\" class=\"aligncenter size-full wp-image-18894 lazyload\" data-src=\"https:\/\/ubanews.com\/site\/wp-content\/uploads\/2020\/11\/f133622b-7a6f-4a94-a677-9a5e04ea73d1.jpg\" alt=\"\" width=\"1280\" height=\"1280\" data-srcset=\"https:\/\/ubanews.com\/site\/wp-content\/uploads\/2020\/11\/f133622b-7a6f-4a94-a677-9a5e04ea73d1.jpg 1280w, https:\/\/ubanews.com\/site\/wp-content\/uploads\/2020\/11\/f133622b-7a6f-4a94-a677-9a5e04ea73d1-150x150.jpg 150w, https:\/\/ubanews.com\/site\/wp-content\/uploads\/2020\/11\/f133622b-7a6f-4a94-a677-9a5e04ea73d1-300x300.jpg 300w, https:\/\/ubanews.com\/site\/wp-content\/uploads\/2020\/11\/f133622b-7a6f-4a94-a677-9a5e04ea73d1-768x768.jpg 768w, https:\/\/ubanews.com\/site\/wp-content\/uploads\/2020\/11\/f133622b-7a6f-4a94-a677-9a5e04ea73d1-1024x1024.jpg 1024w\" data-sizes=\"(max-width: 1280px) 100vw, 1280px\" src=\"data:image\/svg+xml;base64,PHN2ZyB3aWR0aD0iMSIgaGVpZ2h0PSIxIiB4bWxucz0iaHR0cDovL3d3dy53My5vcmcvMjAwMC9zdmciPjwvc3ZnPg==\" style=\"--smush-placeholder-width: 1280px; --smush-placeholder-aspect-ratio: 1280\/1280;\" \/><\/a><\/p>\n<p><strong>Assessoria de Comunica\u00e7\u00e3o Pol\u00edcia Civil de Minas Gerais<\/strong><\/p>\n","protected":false},"excerpt":{"rendered":"<p>Policiais civis de Minas Gerais e do Rio de Janeiro,<\/p>\n","protected":false},"author":2,"featured_media":18892,"comment_status":"open","ping_status":"open","sticky":false,"template":"","format":"standard","meta":{"footnotes":""},"categories":[13],"tags":[],"class_list":["post-18891","post","type-post","status-publish","format-standard","has-post-thumbnail","hentry","category-sintese-das-ocorrencias"],"yoast_head":"<!-- This site is optimized with the Yoast SEO plugin v27.2 - https:\/\/yoast.com\/product\/yoast-seo-wordpress\/ -->\n<title>Rio Preto: a\u00e7\u00e3o conjunta prende suspeito de cometer estupro de vulner\u00e1vel - Ub\u00e1 News<\/title>\n<meta name=\"robots\" content=\"index, follow, max-snippet:-1, max-image-preview:large, max-video-preview:-1\" \/>\n<link rel=\"canonical\" href=\"https:\/\/ubanews.com\/site\/2020\/11\/30\/rio-preto-acao-conjunta-prende-suspeito-de-cometer-estupro-de-vulneravel\/\" \/>\n<meta property=\"og:locale\" content=\"pt_BR\" \/>\n<meta property=\"og:type\" content=\"article\" \/>\n<meta property=\"og:title\" content=\"Rio Preto: a\u00e7\u00e3o conjunta prende suspeito de cometer estupro de vulner\u00e1vel - Ub\u00e1 News\" \/>\n<meta property=\"og:description\" content=\"Policiais civis de Minas Gerais e do Rio de Janeiro,\" \/>\n<meta property=\"og:url\" content=\"https:\/\/ubanews.com\/site\/2020\/11\/30\/rio-preto-acao-conjunta-prende-suspeito-de-cometer-estupro-de-vulneravel\/\" \/>\n<meta property=\"og:site_name\" content=\"Ub\u00e1 News\" \/>\n<meta property=\"article:publisher\" content=\"https:\/\/www.facebook.com\/Ub%c3%a1News-Carlos-Roberto-Sodr%c3%a9-418778301977370\" \/>\n<meta property=\"article:author\" content=\"https:\/\/www.facebook.com\/carosroberto.sodre.5\/\" \/>\n<meta property=\"article:published_time\" content=\"2020-11-30T20:30:25+00:00\" \/>\n<meta property=\"og:image\" content=\"https:\/\/ubanews.com\/site\/wp-content\/uploads\/2020\/11\/1dadc085-f503-4115-8e9d-486fdc233916.jpg\" \/>\n\t<meta property=\"og:image:width\" content=\"1000\" \/>\n\t<meta property=\"og:image:height\" content=\"500\" \/>\n\t<meta property=\"og:image:type\" content=\"image\/jpeg\" \/>\n<meta name=\"author\" content=\"Sodr\u00e9\" \/>\n<meta name=\"twitter:card\" content=\"summary_large_image\" \/>\n<meta name=\"twitter:label1\" content=\"Escrito por\" \/>\n\t<meta name=\"twitter:data1\" content=\"Sodr\u00e9\" \/>\n\t<meta name=\"twitter:label2\" content=\"Est. tempo de leitura\" \/>\n\t<meta name=\"twitter:data2\" content=\"2 minutos\" \/>\n<script type=\"application\/ld+json\" class=\"yoast-schema-graph\">{\"@context\":\"https:\/\/schema.org\",\"@graph\":[{\"@type\":\"Article\",\"@id\":\"https:\/\/ubanews.com\/site\/2020\/11\/30\/rio-preto-acao-conjunta-prende-suspeito-de-cometer-estupro-de-vulneravel\/#article\",\"isPartOf\":{\"@id\":\"https:\/\/ubanews.com\/site\/2020\/11\/30\/rio-preto-acao-conjunta-prende-suspeito-de-cometer-estupro-de-vulneravel\/\"},\"author\":{\"name\":\"Sodr\u00e9\",\"@id\":\"https:\/\/ubanews.com\/site\/#\/schema\/person\/d90c9e47252fbb63dcc969fe4c8b9d10\"},\"headline\":\"Rio Preto: a\u00e7\u00e3o conjunta prende suspeito de cometer estupro de vulner\u00e1vel\",\"datePublished\":\"2020-11-30T20:30:25+00:00\",\"mainEntityOfPage\":{\"@id\":\"https:\/\/ubanews.com\/site\/2020\/11\/30\/rio-preto-acao-conjunta-prende-suspeito-de-cometer-estupro-de-vulneravel\/\"},\"wordCount\":417,\"commentCount\":0,\"publisher\":{\"@id\":\"https:\/\/ubanews.com\/site\/#organization\"},\"image\":{\"@id\":\"https:\/\/ubanews.com\/site\/2020\/11\/30\/rio-preto-acao-conjunta-prende-suspeito-de-cometer-estupro-de-vulneravel\/#primaryimage\"},\"thumbnailUrl\":\"https:\/\/ubanews.com\/site\/wp-content\/uploads\/2020\/11\/1dadc085-f503-4115-8e9d-486fdc233916.jpg\",\"articleSection\":[\"S\u00edntese das Ocorr\u00eancias\"],\"inLanguage\":\"pt-BR\",\"potentialAction\":[{\"@type\":\"CommentAction\",\"name\":\"Comment\",\"target\":[\"https:\/\/ubanews.com\/site\/2020\/11\/30\/rio-preto-acao-conjunta-prende-suspeito-de-cometer-estupro-de-vulneravel\/#respond\"]}]},{\"@type\":\"WebPage\",\"@id\":\"https:\/\/ubanews.com\/site\/2020\/11\/30\/rio-preto-acao-conjunta-prende-suspeito-de-cometer-estupro-de-vulneravel\/\",\"url\":\"https:\/\/ubanews.com\/site\/2020\/11\/30\/rio-preto-acao-conjunta-prende-suspeito-de-cometer-estupro-de-vulneravel\/\",\"name\":\"Rio Preto: a\u00e7\u00e3o conjunta prende suspeito de cometer estupro de vulner\u00e1vel - Ub\u00e1 News\",\"isPartOf\":{\"@id\":\"https:\/\/ubanews.com\/site\/#website\"},\"primaryImageOfPage\":{\"@id\":\"https:\/\/ubanews.com\/site\/2020\/11\/30\/rio-preto-acao-conjunta-prende-suspeito-de-cometer-estupro-de-vulneravel\/#primaryimage\"},\"image\":{\"@id\":\"https:\/\/ubanews.com\/site\/2020\/11\/30\/rio-preto-acao-conjunta-prende-suspeito-de-cometer-estupro-de-vulneravel\/#primaryimage\"},\"thumbnailUrl\":\"https:\/\/ubanews.com\/site\/wp-content\/uploads\/2020\/11\/1dadc085-f503-4115-8e9d-486fdc233916.jpg\",\"datePublished\":\"2020-11-30T20:30:25+00:00\",\"breadcrumb\":{\"@id\":\"https:\/\/ubanews.com\/site\/2020\/11\/30\/rio-preto-acao-conjunta-prende-suspeito-de-cometer-estupro-de-vulneravel\/#breadcrumb\"},\"inLanguage\":\"pt-BR\",\"potentialAction\":[{\"@type\":\"ReadAction\",\"target\":[\"https:\/\/ubanews.com\/site\/2020\/11\/30\/rio-preto-acao-conjunta-prende-suspeito-de-cometer-estupro-de-vulneravel\/\"]}]},{\"@type\":\"ImageObject\",\"inLanguage\":\"pt-BR\",\"@id\":\"https:\/\/ubanews.com\/site\/2020\/11\/30\/rio-preto-acao-conjunta-prende-suspeito-de-cometer-estupro-de-vulneravel\/#primaryimage\",\"url\":\"https:\/\/ubanews.com\/site\/wp-content\/uploads\/2020\/11\/1dadc085-f503-4115-8e9d-486fdc233916.jpg\",\"contentUrl\":\"https:\/\/ubanews.com\/site\/wp-content\/uploads\/2020\/11\/1dadc085-f503-4115-8e9d-486fdc233916.jpg\",\"width\":1000,\"height\":500},{\"@type\":\"BreadcrumbList\",\"@id\":\"https:\/\/ubanews.com\/site\/2020\/11\/30\/rio-preto-acao-conjunta-prende-suspeito-de-cometer-estupro-de-vulneravel\/#breadcrumb\",\"itemListElement\":[{\"@type\":\"ListItem\",\"position\":1,\"name\":\"Home\",\"item\":\"https:\/\/ubanews.com\/site\/\"},{\"@type\":\"ListItem\",\"position\":2,\"name\":\"Rio Preto: a\u00e7\u00e3o conjunta prende suspeito de cometer estupro de vulner\u00e1vel\"}]},{\"@type\":\"WebSite\",\"@id\":\"https:\/\/ubanews.com\/site\/#website\",\"url\":\"https:\/\/ubanews.com\/site\/\",\"name\":\"Ub\u00e1 News\",\"description\":\"\",\"publisher\":{\"@id\":\"https:\/\/ubanews.com\/site\/#organization\"},\"potentialAction\":[{\"@type\":\"SearchAction\",\"target\":{\"@type\":\"EntryPoint\",\"urlTemplate\":\"https:\/\/ubanews.com\/site\/?s={search_term_string}\"},\"query-input\":{\"@type\":\"PropertyValueSpecification\",\"valueRequired\":true,\"valueName\":\"search_term_string\"}}],\"inLanguage\":\"pt-BR\"},{\"@type\":\"Organization\",\"@id\":\"https:\/\/ubanews.com\/site\/#organization\",\"name\":\"Ub\u00e1 News\",\"url\":\"https:\/\/ubanews.com\/site\/\",\"logo\":{\"@type\":\"ImageObject\",\"inLanguage\":\"pt-BR\",\"@id\":\"https:\/\/ubanews.com\/site\/#\/schema\/logo\/image\/\",\"url\":\"https:\/\/ubanews.com\/site\/wp-content\/uploads\/2018\/01\/logoubanews.png\",\"contentUrl\":\"https:\/\/ubanews.com\/site\/wp-content\/uploads\/2018\/01\/logoubanews.png\",\"width\":261,\"height\":99,\"caption\":\"Ub\u00e1 News\"},\"image\":{\"@id\":\"https:\/\/ubanews.com\/site\/#\/schema\/logo\/image\/\"},\"sameAs\":[\"https:\/\/www.facebook.com\/Ub\u00e1News-Carlos-Roberto-Sodr\u00e9-418778301977370\"]},{\"@type\":\"Person\",\"@id\":\"https:\/\/ubanews.com\/site\/#\/schema\/person\/d90c9e47252fbb63dcc969fe4c8b9d10\",\"name\":\"Sodr\u00e9\",\"image\":{\"@type\":\"ImageObject\",\"inLanguage\":\"pt-BR\",\"@id\":\"https:\/\/secure.gravatar.com\/avatar\/5ba2793f0590b9dbfad3fdec4ee714485b3eef211c9b32ee53d414060454a56c?s=96&d=mm&r=g\",\"url\":\"https:\/\/secure.gravatar.com\/avatar\/5ba2793f0590b9dbfad3fdec4ee714485b3eef211c9b32ee53d414060454a56c?s=96&d=mm&r=g\",\"contentUrl\":\"https:\/\/secure.gravatar.com\/avatar\/5ba2793f0590b9dbfad3fdec4ee714485b3eef211c9b32ee53d414060454a56c?s=96&d=mm&r=g\",\"caption\":\"Sodr\u00e9\"},\"sameAs\":[\"https:\/\/www.facebook.com\/carosroberto.sodre.5\/\"],\"url\":\"https:\/\/ubanews.com\/site\/author\/felipe\/\"}]}<\/script>\n<!-- \/ Yoast SEO plugin. -->","yoast_head_json":{"title":"Rio Preto: a\u00e7\u00e3o conjunta prende suspeito de cometer estupro de vulner\u00e1vel - Ub\u00e1 News","robots":{"index":"index","follow":"follow","max-snippet":"max-snippet:-1","max-image-preview":"max-image-preview:large","max-video-preview":"max-video-preview:-1"},"canonical":"https:\/\/ubanews.com\/site\/2020\/11\/30\/rio-preto-acao-conjunta-prende-suspeito-de-cometer-estupro-de-vulneravel\/","og_locale":"pt_BR","og_type":"article","og_title":"Rio Preto: a\u00e7\u00e3o conjunta prende suspeito de cometer estupro de vulner\u00e1vel - Ub\u00e1 News","og_description":"Policiais civis de Minas Gerais e do Rio de Janeiro,","og_url":"https:\/\/ubanews.com\/site\/2020\/11\/30\/rio-preto-acao-conjunta-prende-suspeito-de-cometer-estupro-de-vulneravel\/","og_site_name":"Ub\u00e1 News","article_publisher":"https:\/\/www.facebook.com\/Ub%c3%a1News-Carlos-Roberto-Sodr%c3%a9-418778301977370","article_author":"https:\/\/www.facebook.com\/carosroberto.sodre.5\/","article_published_time":"2020-11-30T20:30:25+00:00","og_image":[{"width":1000,"height":500,"url":"https:\/\/ubanews.com\/site\/wp-content\/uploads\/2020\/11\/1dadc085-f503-4115-8e9d-486fdc233916.jpg","type":"image\/jpeg"}],"author":"Sodr\u00e9","twitter_card":"summary_large_image","twitter_misc":{"Escrito por":"Sodr\u00e9","Est. tempo de leitura":"2 minutos"},"schema":{"@context":"https:\/\/schema.org","@graph":[{"@type":"Article","@id":"https:\/\/ubanews.com\/site\/2020\/11\/30\/rio-preto-acao-conjunta-prende-suspeito-de-cometer-estupro-de-vulneravel\/#article","isPartOf":{"@id":"https:\/\/ubanews.com\/site\/2020\/11\/30\/rio-preto-acao-conjunta-prende-suspeito-de-cometer-estupro-de-vulneravel\/"},"author":{"name":"Sodr\u00e9","@id":"https:\/\/ubanews.com\/site\/#\/schema\/person\/d90c9e47252fbb63dcc969fe4c8b9d10"},"headline":"Rio Preto: a\u00e7\u00e3o conjunta prende suspeito de cometer estupro de vulner\u00e1vel","datePublished":"2020-11-30T20:30:25+00:00","mainEntityOfPage":{"@id":"https:\/\/ubanews.com\/site\/2020\/11\/30\/rio-preto-acao-conjunta-prende-suspeito-de-cometer-estupro-de-vulneravel\/"},"wordCount":417,"commentCount":0,"publisher":{"@id":"https:\/\/ubanews.com\/site\/#organization"},"image":{"@id":"https:\/\/ubanews.com\/site\/2020\/11\/30\/rio-preto-acao-conjunta-prende-suspeito-de-cometer-estupro-de-vulneravel\/#primaryimage"},"thumbnailUrl":"https:\/\/ubanews.com\/site\/wp-content\/uploads\/2020\/11\/1dadc085-f503-4115-8e9d-486fdc233916.jpg","articleSection":["S\u00edntese das Ocorr\u00eancias"],"inLanguage":"pt-BR","potentialAction":[{"@type":"CommentAction","name":"Comment","target":["https:\/\/ubanews.com\/site\/2020\/11\/30\/rio-preto-acao-conjunta-prende-suspeito-de-cometer-estupro-de-vulneravel\/#respond"]}]},{"@type":"WebPage","@id":"https:\/\/ubanews.com\/site\/2020\/11\/30\/rio-preto-acao-conjunta-prende-suspeito-de-cometer-estupro-de-vulneravel\/","url":"https:\/\/ubanews.com\/site\/2020\/11\/30\/rio-preto-acao-conjunta-prende-suspeito-de-cometer-estupro-de-vulneravel\/","name":"Rio Preto: a\u00e7\u00e3o conjunta prende suspeito de cometer estupro de vulner\u00e1vel - Ub\u00e1 News","isPartOf":{"@id":"https:\/\/ubanews.com\/site\/#website"},"primaryImageOfPage":{"@id":"https:\/\/ubanews.com\/site\/2020\/11\/30\/rio-preto-acao-conjunta-prende-suspeito-de-cometer-estupro-de-vulneravel\/#primaryimage"},"image":{"@id":"https:\/\/ubanews.com\/site\/2020\/11\/30\/rio-preto-acao-conjunta-prende-suspeito-de-cometer-estupro-de-vulneravel\/#primaryimage"},"thumbnailUrl":"https:\/\/ubanews.com\/site\/wp-content\/uploads\/2020\/11\/1dadc085-f503-4115-8e9d-486fdc233916.jpg","datePublished":"2020-11-30T20:30:25+00:00","breadcrumb":{"@id":"https:\/\/ubanews.com\/site\/2020\/11\/30\/rio-preto-acao-conjunta-prende-suspeito-de-cometer-estupro-de-vulneravel\/#breadcrumb"},"inLanguage":"pt-BR","potentialAction":[{"@type":"ReadAction","target":["https:\/\/ubanews.com\/site\/2020\/11\/30\/rio-preto-acao-conjunta-prende-suspeito-de-cometer-estupro-de-vulneravel\/"]}]},{"@type":"ImageObject","inLanguage":"pt-BR","@id":"https:\/\/ubanews.com\/site\/2020\/11\/30\/rio-preto-acao-conjunta-prende-suspeito-de-cometer-estupro-de-vulneravel\/#primaryimage","url":"https:\/\/ubanews.com\/site\/wp-content\/uploads\/2020\/11\/1dadc085-f503-4115-8e9d-486fdc233916.jpg","contentUrl":"https:\/\/ubanews.com\/site\/wp-content\/uploads\/2020\/11\/1dadc085-f503-4115-8e9d-486fdc233916.jpg","width":1000,"height":500},{"@type":"BreadcrumbList","@id":"https:\/\/ubanews.com\/site\/2020\/11\/30\/rio-preto-acao-conjunta-prende-suspeito-de-cometer-estupro-de-vulneravel\/#breadcrumb","itemListElement":[{"@type":"ListItem","position":1,"name":"Home","item":"https:\/\/ubanews.com\/site\/"},{"@type":"ListItem","position":2,"name":"Rio Preto: a\u00e7\u00e3o conjunta prende suspeito de cometer estupro de vulner\u00e1vel"}]},{"@type":"WebSite","@id":"https:\/\/ubanews.com\/site\/#website","url":"https:\/\/ubanews.com\/site\/","name":"Ub\u00e1 News","description":"","publisher":{"@id":"https:\/\/ubanews.com\/site\/#organization"},"potentialAction":[{"@type":"SearchAction","target":{"@type":"EntryPoint","urlTemplate":"https:\/\/ubanews.com\/site\/?s={search_term_string}"},"query-input":{"@type":"PropertyValueSpecification","valueRequired":true,"valueName":"search_term_string"}}],"inLanguage":"pt-BR"},{"@type":"Organization","@id":"https:\/\/ubanews.com\/site\/#organization","name":"Ub\u00e1 News","url":"https:\/\/ubanews.com\/site\/","logo":{"@type":"ImageObject","inLanguage":"pt-BR","@id":"https:\/\/ubanews.com\/site\/#\/schema\/logo\/image\/","url":"https:\/\/ubanews.com\/site\/wp-content\/uploads\/2018\/01\/logoubanews.png","contentUrl":"https:\/\/ubanews.com\/site\/wp-content\/uploads\/2018\/01\/logoubanews.png","width":261,"height":99,"caption":"Ub\u00e1 News"},"image":{"@id":"https:\/\/ubanews.com\/site\/#\/schema\/logo\/image\/"},"sameAs":["https:\/\/www.facebook.com\/Ub\u00e1News-Carlos-Roberto-Sodr\u00e9-418778301977370"]},{"@type":"Person","@id":"https:\/\/ubanews.com\/site\/#\/schema\/person\/d90c9e47252fbb63dcc969fe4c8b9d10","name":"Sodr\u00e9","image":{"@type":"ImageObject","inLanguage":"pt-BR","@id":"https:\/\/secure.gravatar.com\/avatar\/5ba2793f0590b9dbfad3fdec4ee714485b3eef211c9b32ee53d414060454a56c?s=96&d=mm&r=g","url":"https:\/\/secure.gravatar.com\/avatar\/5ba2793f0590b9dbfad3fdec4ee714485b3eef211c9b32ee53d414060454a56c?s=96&d=mm&r=g","contentUrl":"https:\/\/secure.gravatar.com\/avatar\/5ba2793f0590b9dbfad3fdec4ee714485b3eef211c9b32ee53d414060454a56c?s=96&d=mm&r=g","caption":"Sodr\u00e9"},"sameAs":["https:\/\/www.facebook.com\/carosroberto.sodre.5\/"],"url":"https:\/\/ubanews.com\/site\/author\/felipe\/"}]}},"_links":{"self":[{"href":"https:\/\/ubanews.com\/site\/wp-json\/wp\/v2\/posts\/18891","targetHints":{"allow":["GET"]}}],"collection":[{"href":"https:\/\/ubanews.com\/site\/wp-json\/wp\/v2\/posts"}],"about":[{"href":"https:\/\/ubanews.com\/site\/wp-json\/wp\/v2\/types\/post"}],"author":[{"embeddable":true,"href":"https:\/\/ubanews.com\/site\/wp-json\/wp\/v2\/users\/2"}],"replies":[{"embeddable":true,"href":"https:\/\/ubanews.com\/site\/wp-json\/wp\/v2\/comments?post=18891"}],"version-history":[{"count":0,"href":"https:\/\/ubanews.com\/site\/wp-json\/wp\/v2\/posts\/18891\/revisions"}],"wp:featuredmedia":[{"embeddable":true,"href":"https:\/\/ubanews.com\/site\/wp-json\/wp\/v2\/media\/18892"}],"wp:attachment":[{"href":"https:\/\/ubanews.com\/site\/wp-json\/wp\/v2\/media?parent=18891"}],"wp:term":[{"taxonomy":"category","embeddable":true,"href":"https:\/\/ubanews.com\/site\/wp-json\/wp\/v2\/categories?post=18891"},{"taxonomy":"post_tag","embeddable":true,"href":"https:\/\/ubanews.com\/site\/wp-json\/wp\/v2\/tags?post=18891"}],"curies":[{"name":"wp","href":"https:\/\/api.w.org\/{rel}","templated":true}]}}