{"id":18838,"date":"2020-11-19T18:04:13","date_gmt":"2020-11-19T21:04:13","guid":{"rendered":"http:\/\/ubanews.com\/site\/?p=18838"},"modified":"2020-11-19T18:04:13","modified_gmt":"2020-11-19T21:04:13","slug":"pcmg-prende-suspeito-de-atear-fogo-na-companheira-em-juiz-de-fora","status":"publish","type":"post","link":"https:\/\/ubanews.com\/site\/2020\/11\/19\/pcmg-prende-suspeito-de-atear-fogo-na-companheira-em-juiz-de-fora\/","title":{"rendered":"PCMG prende suspeito de atear fogo na companheira em Juiz de Fora"},"content":{"rendered":"<p><em>O mandado de pris\u00e3o preventiva foi cumprido em desfavor do investigado, de 41 anos, na Zona Rural da cidade.<\/em><\/p>\n<p>Nesta quarta-feira (18), a Pol\u00edcia Civil de Minas Gerais cumpriu mandado de pris\u00e3o preventiva em desfavor de um homem de 41 anos, suspeito de ter ateado fogo na companheira, 24 anos, ap\u00f3s uma discuss\u00e3o, no dia 27 de setembro. A a\u00e7\u00e3o foi realizada pela equipe da Delegacia Especializada de Atendimento \u00e0 Mulher, com apoio da inspetoria da 1\u00aa Delegacia Regional, na localidade de Toledos, na Zona Rural do munic\u00edpio de Juiz de Fora, na Zona da Mata mineira.<\/p>\n<div id=\"metaslider-id-17652\" style=\"max-width: 1000px;\" class=\"ml-slider-3-106-0 metaslider metaslider-nivo metaslider-17652 ml-slider ms-theme-outline\" role=\"region\" aria-label=\"Texto\" data-height=\"200\" data-width=\"1000\">\n    <div id=\"metaslider_container_17652\">\n        <div class='slider-wrapper theme-default'><div class='ribbon'><\/div><div id='metaslider_17652' class='nivoSlider'><\/div><\/div>\n        \n    <\/div>\n<\/div>\n<p>Conforme informa\u00e7\u00f5es da delegada Larissa Mar\u00e7al, a m\u00e3e da v\u00edtima chegou a procurar a unidade policial para denunciar a agress\u00e3o sofrida pela jovem, informando que a filha da v\u00edtima, de 4 anos, teria presenciado os fatos, na ocasi\u00e3o. Segundo ela, a mulher sofreu queimaduras graves pelo corpo. \u201cEla foi atendida pelo Servi\u00e7o de Atendimento M\u00f3vel de Urg\u00eancia (SAMU) e encaminhada ao Hospital de Pronto Socorro Doutor Mozart Teixeira (HPS), onde ficou internada na unidade intensiva vindo a falecer alguns dias depois, em decorr\u00eancia das les\u00f5es sofridas\u201d, explicou, complementando que foram realizados diversos trabalhos investigativos, oitivas e exames periciais que resultaram na representa\u00e7\u00e3o da delegada pela pris\u00e3o preventiva do homem.<\/p>\n<p>O suspeito foi encaminhado ao sistema prisional, permanecendo \u00e0 disposi\u00e7\u00e3o da Justi\u00e7a.<\/p>\n<p><strong>Assessoria de Comunica\u00e7\u00e3o Pol\u00edcia Civil de Minas Gerais<\/strong><\/p>\n","protected":false},"excerpt":{"rendered":"<p>O mandado de pris\u00e3o preventiva foi cumprido em desfavor do<\/p>\n","protected":false},"author":2,"featured_media":18839,"comment_status":"open","ping_status":"open","sticky":false,"template":"","format":"standard","meta":{"footnotes":""},"categories":[13],"tags":[],"class_list":["post-18838","post","type-post","status-publish","format-standard","has-post-thumbnail","hentry","category-sintese-das-ocorrencias"],"yoast_head":"<!-- This site is optimized with the Yoast SEO plugin v27.2 - https:\/\/yoast.com\/product\/yoast-seo-wordpress\/ -->\n<title>PCMG prende suspeito de atear fogo na companheira em Juiz de Fora - Ub\u00e1 News<\/title>\n<meta name=\"robots\" content=\"index, follow, max-snippet:-1, max-image-preview:large, max-video-preview:-1\" \/>\n<link rel=\"canonical\" href=\"https:\/\/ubanews.com\/site\/2020\/11\/19\/pcmg-prende-suspeito-de-atear-fogo-na-companheira-em-juiz-de-fora\/\" \/>\n<meta property=\"og:locale\" content=\"pt_BR\" \/>\n<meta property=\"og:type\" content=\"article\" \/>\n<meta property=\"og:title\" content=\"PCMG prende suspeito de atear fogo na companheira em Juiz de Fora - Ub\u00e1 News\" \/>\n<meta property=\"og:description\" content=\"O mandado de pris\u00e3o preventiva foi cumprido em desfavor do\" \/>\n<meta property=\"og:url\" content=\"https:\/\/ubanews.com\/site\/2020\/11\/19\/pcmg-prende-suspeito-de-atear-fogo-na-companheira-em-juiz-de-fora\/\" \/>\n<meta property=\"og:site_name\" content=\"Ub\u00e1 News\" \/>\n<meta property=\"article:publisher\" content=\"https:\/\/www.facebook.com\/Ub%c3%a1News-Carlos-Roberto-Sodr%c3%a9-418778301977370\" \/>\n<meta property=\"article:author\" content=\"https:\/\/www.facebook.com\/carosroberto.sodre.5\/\" \/>\n<meta property=\"article:published_time\" content=\"2020-11-19T21:04:13+00:00\" \/>\n<meta property=\"og:image\" content=\"https:\/\/ubanews.com\/site\/wp-content\/uploads\/2020\/11\/20201118_080952.jpg\" \/>\n\t<meta property=\"og:image:width\" content=\"1000\" \/>\n\t<meta property=\"og:image:height\" content=\"500\" \/>\n\t<meta property=\"og:image:type\" content=\"image\/jpeg\" \/>\n<meta name=\"author\" content=\"Sodr\u00e9\" \/>\n<meta name=\"twitter:card\" content=\"summary_large_image\" \/>\n<meta name=\"twitter:label1\" content=\"Escrito por\" \/>\n\t<meta name=\"twitter:data1\" content=\"Sodr\u00e9\" \/>\n\t<meta name=\"twitter:label2\" content=\"Est. tempo de leitura\" \/>\n\t<meta name=\"twitter:data2\" content=\"1 minuto\" \/>\n<script type=\"application\/ld+json\" class=\"yoast-schema-graph\">{\"@context\":\"https:\/\/schema.org\",\"@graph\":[{\"@type\":\"Article\",\"@id\":\"https:\/\/ubanews.com\/site\/2020\/11\/19\/pcmg-prende-suspeito-de-atear-fogo-na-companheira-em-juiz-de-fora\/#article\",\"isPartOf\":{\"@id\":\"https:\/\/ubanews.com\/site\/2020\/11\/19\/pcmg-prende-suspeito-de-atear-fogo-na-companheira-em-juiz-de-fora\/\"},\"author\":{\"name\":\"Sodr\u00e9\",\"@id\":\"https:\/\/ubanews.com\/site\/#\/schema\/person\/d90c9e47252fbb63dcc969fe4c8b9d10\"},\"headline\":\"PCMG prende suspeito de atear fogo na companheira em Juiz de Fora\",\"datePublished\":\"2020-11-19T21:04:13+00:00\",\"mainEntityOfPage\":{\"@id\":\"https:\/\/ubanews.com\/site\/2020\/11\/19\/pcmg-prende-suspeito-de-atear-fogo-na-companheira-em-juiz-de-fora\/\"},\"wordCount\":256,\"commentCount\":0,\"publisher\":{\"@id\":\"https:\/\/ubanews.com\/site\/#organization\"},\"image\":{\"@id\":\"https:\/\/ubanews.com\/site\/2020\/11\/19\/pcmg-prende-suspeito-de-atear-fogo-na-companheira-em-juiz-de-fora\/#primaryimage\"},\"thumbnailUrl\":\"https:\/\/ubanews.com\/site\/wp-content\/uploads\/2020\/11\/20201118_080952.jpg\",\"articleSection\":[\"S\u00edntese das Ocorr\u00eancias\"],\"inLanguage\":\"pt-BR\",\"potentialAction\":[{\"@type\":\"CommentAction\",\"name\":\"Comment\",\"target\":[\"https:\/\/ubanews.com\/site\/2020\/11\/19\/pcmg-prende-suspeito-de-atear-fogo-na-companheira-em-juiz-de-fora\/#respond\"]}]},{\"@type\":\"WebPage\",\"@id\":\"https:\/\/ubanews.com\/site\/2020\/11\/19\/pcmg-prende-suspeito-de-atear-fogo-na-companheira-em-juiz-de-fora\/\",\"url\":\"https:\/\/ubanews.com\/site\/2020\/11\/19\/pcmg-prende-suspeito-de-atear-fogo-na-companheira-em-juiz-de-fora\/\",\"name\":\"PCMG prende suspeito de atear fogo na companheira em Juiz de Fora - Ub\u00e1 News\",\"isPartOf\":{\"@id\":\"https:\/\/ubanews.com\/site\/#website\"},\"primaryImageOfPage\":{\"@id\":\"https:\/\/ubanews.com\/site\/2020\/11\/19\/pcmg-prende-suspeito-de-atear-fogo-na-companheira-em-juiz-de-fora\/#primaryimage\"},\"image\":{\"@id\":\"https:\/\/ubanews.com\/site\/2020\/11\/19\/pcmg-prende-suspeito-de-atear-fogo-na-companheira-em-juiz-de-fora\/#primaryimage\"},\"thumbnailUrl\":\"https:\/\/ubanews.com\/site\/wp-content\/uploads\/2020\/11\/20201118_080952.jpg\",\"datePublished\":\"2020-11-19T21:04:13+00:00\",\"breadcrumb\":{\"@id\":\"https:\/\/ubanews.com\/site\/2020\/11\/19\/pcmg-prende-suspeito-de-atear-fogo-na-companheira-em-juiz-de-fora\/#breadcrumb\"},\"inLanguage\":\"pt-BR\",\"potentialAction\":[{\"@type\":\"ReadAction\",\"target\":[\"https:\/\/ubanews.com\/site\/2020\/11\/19\/pcmg-prende-suspeito-de-atear-fogo-na-companheira-em-juiz-de-fora\/\"]}]},{\"@type\":\"ImageObject\",\"inLanguage\":\"pt-BR\",\"@id\":\"https:\/\/ubanews.com\/site\/2020\/11\/19\/pcmg-prende-suspeito-de-atear-fogo-na-companheira-em-juiz-de-fora\/#primaryimage\",\"url\":\"https:\/\/ubanews.com\/site\/wp-content\/uploads\/2020\/11\/20201118_080952.jpg\",\"contentUrl\":\"https:\/\/ubanews.com\/site\/wp-content\/uploads\/2020\/11\/20201118_080952.jpg\",\"width\":1000,\"height\":500},{\"@type\":\"BreadcrumbList\",\"@id\":\"https:\/\/ubanews.com\/site\/2020\/11\/19\/pcmg-prende-suspeito-de-atear-fogo-na-companheira-em-juiz-de-fora\/#breadcrumb\",\"itemListElement\":[{\"@type\":\"ListItem\",\"position\":1,\"name\":\"Home\",\"item\":\"https:\/\/ubanews.com\/site\/\"},{\"@type\":\"ListItem\",\"position\":2,\"name\":\"PCMG prende suspeito de atear fogo na companheira em Juiz de Fora\"}]},{\"@type\":\"WebSite\",\"@id\":\"https:\/\/ubanews.com\/site\/#website\",\"url\":\"https:\/\/ubanews.com\/site\/\",\"name\":\"Ub\u00e1 News\",\"description\":\"\",\"publisher\":{\"@id\":\"https:\/\/ubanews.com\/site\/#organization\"},\"potentialAction\":[{\"@type\":\"SearchAction\",\"target\":{\"@type\":\"EntryPoint\",\"urlTemplate\":\"https:\/\/ubanews.com\/site\/?s={search_term_string}\"},\"query-input\":{\"@type\":\"PropertyValueSpecification\",\"valueRequired\":true,\"valueName\":\"search_term_string\"}}],\"inLanguage\":\"pt-BR\"},{\"@type\":\"Organization\",\"@id\":\"https:\/\/ubanews.com\/site\/#organization\",\"name\":\"Ub\u00e1 News\",\"url\":\"https:\/\/ubanews.com\/site\/\",\"logo\":{\"@type\":\"ImageObject\",\"inLanguage\":\"pt-BR\",\"@id\":\"https:\/\/ubanews.com\/site\/#\/schema\/logo\/image\/\",\"url\":\"https:\/\/ubanews.com\/site\/wp-content\/uploads\/2018\/01\/logoubanews.png\",\"contentUrl\":\"https:\/\/ubanews.com\/site\/wp-content\/uploads\/2018\/01\/logoubanews.png\",\"width\":261,\"height\":99,\"caption\":\"Ub\u00e1 News\"},\"image\":{\"@id\":\"https:\/\/ubanews.com\/site\/#\/schema\/logo\/image\/\"},\"sameAs\":[\"https:\/\/www.facebook.com\/Ub\u00e1News-Carlos-Roberto-Sodr\u00e9-418778301977370\"]},{\"@type\":\"Person\",\"@id\":\"https:\/\/ubanews.com\/site\/#\/schema\/person\/d90c9e47252fbb63dcc969fe4c8b9d10\",\"name\":\"Sodr\u00e9\",\"image\":{\"@type\":\"ImageObject\",\"inLanguage\":\"pt-BR\",\"@id\":\"https:\/\/secure.gravatar.com\/avatar\/5ba2793f0590b9dbfad3fdec4ee714485b3eef211c9b32ee53d414060454a56c?s=96&d=mm&r=g\",\"url\":\"https:\/\/secure.gravatar.com\/avatar\/5ba2793f0590b9dbfad3fdec4ee714485b3eef211c9b32ee53d414060454a56c?s=96&d=mm&r=g\",\"contentUrl\":\"https:\/\/secure.gravatar.com\/avatar\/5ba2793f0590b9dbfad3fdec4ee714485b3eef211c9b32ee53d414060454a56c?s=96&d=mm&r=g\",\"caption\":\"Sodr\u00e9\"},\"sameAs\":[\"https:\/\/www.facebook.com\/carosroberto.sodre.5\/\"],\"url\":\"https:\/\/ubanews.com\/site\/author\/felipe\/\"}]}<\/script>\n<!-- \/ Yoast SEO plugin. -->","yoast_head_json":{"title":"PCMG prende suspeito de atear fogo na companheira em Juiz de Fora - Ub\u00e1 News","robots":{"index":"index","follow":"follow","max-snippet":"max-snippet:-1","max-image-preview":"max-image-preview:large","max-video-preview":"max-video-preview:-1"},"canonical":"https:\/\/ubanews.com\/site\/2020\/11\/19\/pcmg-prende-suspeito-de-atear-fogo-na-companheira-em-juiz-de-fora\/","og_locale":"pt_BR","og_type":"article","og_title":"PCMG prende suspeito de atear fogo na companheira em Juiz de Fora - Ub\u00e1 News","og_description":"O mandado de pris\u00e3o preventiva foi cumprido em desfavor do","og_url":"https:\/\/ubanews.com\/site\/2020\/11\/19\/pcmg-prende-suspeito-de-atear-fogo-na-companheira-em-juiz-de-fora\/","og_site_name":"Ub\u00e1 News","article_publisher":"https:\/\/www.facebook.com\/Ub%c3%a1News-Carlos-Roberto-Sodr%c3%a9-418778301977370","article_author":"https:\/\/www.facebook.com\/carosroberto.sodre.5\/","article_published_time":"2020-11-19T21:04:13+00:00","og_image":[{"width":1000,"height":500,"url":"https:\/\/ubanews.com\/site\/wp-content\/uploads\/2020\/11\/20201118_080952.jpg","type":"image\/jpeg"}],"author":"Sodr\u00e9","twitter_card":"summary_large_image","twitter_misc":{"Escrito por":"Sodr\u00e9","Est. tempo de leitura":"1 minuto"},"schema":{"@context":"https:\/\/schema.org","@graph":[{"@type":"Article","@id":"https:\/\/ubanews.com\/site\/2020\/11\/19\/pcmg-prende-suspeito-de-atear-fogo-na-companheira-em-juiz-de-fora\/#article","isPartOf":{"@id":"https:\/\/ubanews.com\/site\/2020\/11\/19\/pcmg-prende-suspeito-de-atear-fogo-na-companheira-em-juiz-de-fora\/"},"author":{"name":"Sodr\u00e9","@id":"https:\/\/ubanews.com\/site\/#\/schema\/person\/d90c9e47252fbb63dcc969fe4c8b9d10"},"headline":"PCMG prende suspeito de atear fogo na companheira em Juiz de Fora","datePublished":"2020-11-19T21:04:13+00:00","mainEntityOfPage":{"@id":"https:\/\/ubanews.com\/site\/2020\/11\/19\/pcmg-prende-suspeito-de-atear-fogo-na-companheira-em-juiz-de-fora\/"},"wordCount":256,"commentCount":0,"publisher":{"@id":"https:\/\/ubanews.com\/site\/#organization"},"image":{"@id":"https:\/\/ubanews.com\/site\/2020\/11\/19\/pcmg-prende-suspeito-de-atear-fogo-na-companheira-em-juiz-de-fora\/#primaryimage"},"thumbnailUrl":"https:\/\/ubanews.com\/site\/wp-content\/uploads\/2020\/11\/20201118_080952.jpg","articleSection":["S\u00edntese das Ocorr\u00eancias"],"inLanguage":"pt-BR","potentialAction":[{"@type":"CommentAction","name":"Comment","target":["https:\/\/ubanews.com\/site\/2020\/11\/19\/pcmg-prende-suspeito-de-atear-fogo-na-companheira-em-juiz-de-fora\/#respond"]}]},{"@type":"WebPage","@id":"https:\/\/ubanews.com\/site\/2020\/11\/19\/pcmg-prende-suspeito-de-atear-fogo-na-companheira-em-juiz-de-fora\/","url":"https:\/\/ubanews.com\/site\/2020\/11\/19\/pcmg-prende-suspeito-de-atear-fogo-na-companheira-em-juiz-de-fora\/","name":"PCMG prende suspeito de atear fogo na companheira em Juiz de Fora - Ub\u00e1 News","isPartOf":{"@id":"https:\/\/ubanews.com\/site\/#website"},"primaryImageOfPage":{"@id":"https:\/\/ubanews.com\/site\/2020\/11\/19\/pcmg-prende-suspeito-de-atear-fogo-na-companheira-em-juiz-de-fora\/#primaryimage"},"image":{"@id":"https:\/\/ubanews.com\/site\/2020\/11\/19\/pcmg-prende-suspeito-de-atear-fogo-na-companheira-em-juiz-de-fora\/#primaryimage"},"thumbnailUrl":"https:\/\/ubanews.com\/site\/wp-content\/uploads\/2020\/11\/20201118_080952.jpg","datePublished":"2020-11-19T21:04:13+00:00","breadcrumb":{"@id":"https:\/\/ubanews.com\/site\/2020\/11\/19\/pcmg-prende-suspeito-de-atear-fogo-na-companheira-em-juiz-de-fora\/#breadcrumb"},"inLanguage":"pt-BR","potentialAction":[{"@type":"ReadAction","target":["https:\/\/ubanews.com\/site\/2020\/11\/19\/pcmg-prende-suspeito-de-atear-fogo-na-companheira-em-juiz-de-fora\/"]}]},{"@type":"ImageObject","inLanguage":"pt-BR","@id":"https:\/\/ubanews.com\/site\/2020\/11\/19\/pcmg-prende-suspeito-de-atear-fogo-na-companheira-em-juiz-de-fora\/#primaryimage","url":"https:\/\/ubanews.com\/site\/wp-content\/uploads\/2020\/11\/20201118_080952.jpg","contentUrl":"https:\/\/ubanews.com\/site\/wp-content\/uploads\/2020\/11\/20201118_080952.jpg","width":1000,"height":500},{"@type":"BreadcrumbList","@id":"https:\/\/ubanews.com\/site\/2020\/11\/19\/pcmg-prende-suspeito-de-atear-fogo-na-companheira-em-juiz-de-fora\/#breadcrumb","itemListElement":[{"@type":"ListItem","position":1,"name":"Home","item":"https:\/\/ubanews.com\/site\/"},{"@type":"ListItem","position":2,"name":"PCMG prende suspeito de atear fogo na companheira em Juiz de Fora"}]},{"@type":"WebSite","@id":"https:\/\/ubanews.com\/site\/#website","url":"https:\/\/ubanews.com\/site\/","name":"Ub\u00e1 News","description":"","publisher":{"@id":"https:\/\/ubanews.com\/site\/#organization"},"potentialAction":[{"@type":"SearchAction","target":{"@type":"EntryPoint","urlTemplate":"https:\/\/ubanews.com\/site\/?s={search_term_string}"},"query-input":{"@type":"PropertyValueSpecification","valueRequired":true,"valueName":"search_term_string"}}],"inLanguage":"pt-BR"},{"@type":"Organization","@id":"https:\/\/ubanews.com\/site\/#organization","name":"Ub\u00e1 News","url":"https:\/\/ubanews.com\/site\/","logo":{"@type":"ImageObject","inLanguage":"pt-BR","@id":"https:\/\/ubanews.com\/site\/#\/schema\/logo\/image\/","url":"https:\/\/ubanews.com\/site\/wp-content\/uploads\/2018\/01\/logoubanews.png","contentUrl":"https:\/\/ubanews.com\/site\/wp-content\/uploads\/2018\/01\/logoubanews.png","width":261,"height":99,"caption":"Ub\u00e1 News"},"image":{"@id":"https:\/\/ubanews.com\/site\/#\/schema\/logo\/image\/"},"sameAs":["https:\/\/www.facebook.com\/Ub\u00e1News-Carlos-Roberto-Sodr\u00e9-418778301977370"]},{"@type":"Person","@id":"https:\/\/ubanews.com\/site\/#\/schema\/person\/d90c9e47252fbb63dcc969fe4c8b9d10","name":"Sodr\u00e9","image":{"@type":"ImageObject","inLanguage":"pt-BR","@id":"https:\/\/secure.gravatar.com\/avatar\/5ba2793f0590b9dbfad3fdec4ee714485b3eef211c9b32ee53d414060454a56c?s=96&d=mm&r=g","url":"https:\/\/secure.gravatar.com\/avatar\/5ba2793f0590b9dbfad3fdec4ee714485b3eef211c9b32ee53d414060454a56c?s=96&d=mm&r=g","contentUrl":"https:\/\/secure.gravatar.com\/avatar\/5ba2793f0590b9dbfad3fdec4ee714485b3eef211c9b32ee53d414060454a56c?s=96&d=mm&r=g","caption":"Sodr\u00e9"},"sameAs":["https:\/\/www.facebook.com\/carosroberto.sodre.5\/"],"url":"https:\/\/ubanews.com\/site\/author\/felipe\/"}]}},"_links":{"self":[{"href":"https:\/\/ubanews.com\/site\/wp-json\/wp\/v2\/posts\/18838","targetHints":{"allow":["GET"]}}],"collection":[{"href":"https:\/\/ubanews.com\/site\/wp-json\/wp\/v2\/posts"}],"about":[{"href":"https:\/\/ubanews.com\/site\/wp-json\/wp\/v2\/types\/post"}],"author":[{"embeddable":true,"href":"https:\/\/ubanews.com\/site\/wp-json\/wp\/v2\/users\/2"}],"replies":[{"embeddable":true,"href":"https:\/\/ubanews.com\/site\/wp-json\/wp\/v2\/comments?post=18838"}],"version-history":[{"count":0,"href":"https:\/\/ubanews.com\/site\/wp-json\/wp\/v2\/posts\/18838\/revisions"}],"wp:featuredmedia":[{"embeddable":true,"href":"https:\/\/ubanews.com\/site\/wp-json\/wp\/v2\/media\/18839"}],"wp:attachment":[{"href":"https:\/\/ubanews.com\/site\/wp-json\/wp\/v2\/media?parent=18838"}],"wp:term":[{"taxonomy":"category","embeddable":true,"href":"https:\/\/ubanews.com\/site\/wp-json\/wp\/v2\/categories?post=18838"},{"taxonomy":"post_tag","embeddable":true,"href":"https:\/\/ubanews.com\/site\/wp-json\/wp\/v2\/tags?post=18838"}],"curies":[{"name":"wp","href":"https:\/\/api.w.org\/{rel}","templated":true}]}}