{"id":18817,"date":"2020-11-18T15:04:14","date_gmt":"2020-11-18T18:04:14","guid":{"rendered":"http:\/\/ubanews.com\/site\/?p=18817"},"modified":"2020-11-18T15:04:14","modified_gmt":"2020-11-18T18:04:14","slug":"nota-oficial-resposta-as-chuvas-de-17-11-2020","status":"publish","type":"post","link":"https:\/\/ubanews.com\/site\/2020\/11\/18\/nota-oficial-resposta-as-chuvas-de-17-11-2020\/","title":{"rendered":"Nota Oficial &#8211; Resposta \u00e0s chuvas de 17\/11\/2020"},"content":{"rendered":"<div>A Coordenadoria Municipal de Defesa Civil informa que o munic\u00edpio de Ub\u00e1 registrou pontos de alagamento em diversos locais da cidade durante a forte chuva que caiu na noite desta ter\u00e7a-feira (17). A chuva intensa durou cerca de duas horas.&nbsp;<\/p>\n<p>Dentre os locais afetados est\u00e3o: Centro, Waldemar de Castro, Primavera, Santa Edwiges, Eldorado e Bom Pastor.<\/p>\n<p>Apesar de ainda n\u00e3o estarem conclu\u00eddas, as obras de drenagem do entorno do Hospital S\u00e3o Vicente de Paulo (bairros Eldorado, Centro e Bom Pastor) e Waldemar de Castro contribu\u00edram para que os alagamentos nestes locais fossem escoados mais rapidamente. As referidas obras continuam para que o objetivo das mesmas possa ser alcan\u00e7ado o quanto antes.<\/p><\/div>\n<div>&nbsp;<\/div>\n<div><div id=\"metaslider-id-17652\" style=\"max-width: 1000px;\" class=\"ml-slider-3-106-0 metaslider metaslider-nivo metaslider-17652 ml-slider ms-theme-outline\" role=\"region\" aria-label=\"Texto\" data-height=\"200\" data-width=\"1000\">\n    <div id=\"metaslider_container_17652\">\n        <div class='slider-wrapper theme-default'><div class='ribbon'><\/div><div id='metaslider_17652' class='nivoSlider'><\/div><\/div>\n        \n    <\/div>\n<\/div><\/p>\n<p>Equipes de limpeza, das Secretarias de Ambiente e Obras, atuam desde as primeiras horas do dia na retirada de lama das ruas \u00c2ngelo Porto, Jer\u00f4nimo Salgado, Angelo Barleta, Camilo dos Santos, XV de Novembro, Luizinha Faeda de Freitas, Itaperuna, Elp\u00eddia da Silva Fagundes, Av. Governador Valadares, Pra\u00e7a Agenor Barbosa e Bairro Waldemar de Castro\/Beco do Sapo.<\/p>\n<p>\u00c0 tarde, equipes da Secretaria de Obras v\u00e3o realizar a constru\u00e7\u00e3o de um bueiro na estrada da Miragaia e a corre\u00e7\u00e3o da estrada do C\u00f3rrego dos Braguinhas, para a conclus\u00e3o do cal\u00e7amento do local.<\/p>\n<p>Um muro caiu na Rua Nossa Sra. da Sa\u00fade, mas ningu\u00e9m se feriu. A Prefeitura j\u00e1 est\u00e1 apurando os motivos do desabamento e as a\u00e7\u00f5es de restabelecimento ser\u00e3o iniciadas em seguida.<\/p>\n<p>Uma equipe da Secretaria de Desenvolvimento Social est\u00e1 realizando levantamento do n\u00famero de fam\u00edlias afetadas, principalmente no Bairro Waldemar de Castro, para distribui\u00e7\u00e3o de ajuda humanit\u00e1ria, com kits de limpeza e cestas b\u00e1sicas.<\/p>\n<p>At\u00e9 o momento, n\u00e3o h\u00e1 registro de v\u00edtimas e de desalojados.<\/p><\/div>\n","protected":false},"excerpt":{"rendered":"<p>A Coordenadoria Municipal de Defesa Civil informa que o munic\u00edpio<\/p>\n","protected":false},"author":2,"featured_media":14796,"comment_status":"open","ping_status":"open","sticky":false,"template":"","format":"standard","meta":{"footnotes":""},"categories":[15],"tags":[],"class_list":["post-18817","post","type-post","status-publish","format-standard","has-post-thumbnail","hentry","category-prefeitura-municipal"],"yoast_head":"<!-- This site is optimized with the Yoast SEO plugin v27.2 - https:\/\/yoast.com\/product\/yoast-seo-wordpress\/ -->\n<title>Nota Oficial - Resposta \u00e0s chuvas de 17\/11\/2020 - Ub\u00e1 News<\/title>\n<meta name=\"robots\" content=\"index, follow, max-snippet:-1, max-image-preview:large, max-video-preview:-1\" \/>\n<link rel=\"canonical\" href=\"https:\/\/ubanews.com\/site\/2020\/11\/18\/nota-oficial-resposta-as-chuvas-de-17-11-2020\/\" \/>\n<meta property=\"og:locale\" content=\"pt_BR\" \/>\n<meta property=\"og:type\" content=\"article\" \/>\n<meta property=\"og:title\" content=\"Nota Oficial - Resposta \u00e0s chuvas de 17\/11\/2020 - Ub\u00e1 News\" \/>\n<meta property=\"og:description\" content=\"A Coordenadoria Municipal de Defesa Civil informa que o munic\u00edpio\" \/>\n<meta property=\"og:url\" content=\"https:\/\/ubanews.com\/site\/2020\/11\/18\/nota-oficial-resposta-as-chuvas-de-17-11-2020\/\" \/>\n<meta property=\"og:site_name\" content=\"Ub\u00e1 News\" \/>\n<meta property=\"article:publisher\" content=\"https:\/\/www.facebook.com\/Ub%c3%a1News-Carlos-Roberto-Sodr%c3%a9-418778301977370\" \/>\n<meta property=\"article:author\" content=\"https:\/\/www.facebook.com\/carosroberto.sodre.5\/\" \/>\n<meta property=\"article:published_time\" content=\"2020-11-18T18:04:14+00:00\" \/>\n<meta property=\"og:image\" content=\"https:\/\/ubanews.com\/site\/wp-content\/uploads\/2020\/01\/chuva-1.jpg\" \/>\n\t<meta property=\"og:image:width\" content=\"800\" \/>\n\t<meta property=\"og:image:height\" content=\"389\" \/>\n\t<meta property=\"og:image:type\" content=\"image\/jpeg\" \/>\n<meta name=\"author\" content=\"Sodr\u00e9\" \/>\n<meta name=\"twitter:card\" content=\"summary_large_image\" \/>\n<meta name=\"twitter:label1\" content=\"Escrito por\" \/>\n\t<meta name=\"twitter:data1\" content=\"Sodr\u00e9\" \/>\n\t<meta name=\"twitter:label2\" content=\"Est. tempo de leitura\" \/>\n\t<meta name=\"twitter:data2\" content=\"2 minutos\" \/>\n<script type=\"application\/ld+json\" class=\"yoast-schema-graph\">{\"@context\":\"https:\/\/schema.org\",\"@graph\":[{\"@type\":\"Article\",\"@id\":\"https:\/\/ubanews.com\/site\/2020\/11\/18\/nota-oficial-resposta-as-chuvas-de-17-11-2020\/#article\",\"isPartOf\":{\"@id\":\"https:\/\/ubanews.com\/site\/2020\/11\/18\/nota-oficial-resposta-as-chuvas-de-17-11-2020\/\"},\"author\":{\"name\":\"Sodr\u00e9\",\"@id\":\"https:\/\/ubanews.com\/site\/#\/schema\/person\/d90c9e47252fbb63dcc969fe4c8b9d10\"},\"headline\":\"Nota Oficial &#8211; Resposta \u00e0s chuvas de 17\/11\/2020\",\"datePublished\":\"2020-11-18T18:04:14+00:00\",\"mainEntityOfPage\":{\"@id\":\"https:\/\/ubanews.com\/site\/2020\/11\/18\/nota-oficial-resposta-as-chuvas-de-17-11-2020\/\"},\"wordCount\":314,\"commentCount\":0,\"publisher\":{\"@id\":\"https:\/\/ubanews.com\/site\/#organization\"},\"image\":{\"@id\":\"https:\/\/ubanews.com\/site\/2020\/11\/18\/nota-oficial-resposta-as-chuvas-de-17-11-2020\/#primaryimage\"},\"thumbnailUrl\":\"https:\/\/ubanews.com\/site\/wp-content\/uploads\/2020\/01\/chuva-1.jpg\",\"articleSection\":[\"Prefeitura Municipal\"],\"inLanguage\":\"pt-BR\",\"potentialAction\":[{\"@type\":\"CommentAction\",\"name\":\"Comment\",\"target\":[\"https:\/\/ubanews.com\/site\/2020\/11\/18\/nota-oficial-resposta-as-chuvas-de-17-11-2020\/#respond\"]}]},{\"@type\":\"WebPage\",\"@id\":\"https:\/\/ubanews.com\/site\/2020\/11\/18\/nota-oficial-resposta-as-chuvas-de-17-11-2020\/\",\"url\":\"https:\/\/ubanews.com\/site\/2020\/11\/18\/nota-oficial-resposta-as-chuvas-de-17-11-2020\/\",\"name\":\"Nota Oficial - Resposta \u00e0s chuvas de 17\/11\/2020 - Ub\u00e1 News\",\"isPartOf\":{\"@id\":\"https:\/\/ubanews.com\/site\/#website\"},\"primaryImageOfPage\":{\"@id\":\"https:\/\/ubanews.com\/site\/2020\/11\/18\/nota-oficial-resposta-as-chuvas-de-17-11-2020\/#primaryimage\"},\"image\":{\"@id\":\"https:\/\/ubanews.com\/site\/2020\/11\/18\/nota-oficial-resposta-as-chuvas-de-17-11-2020\/#primaryimage\"},\"thumbnailUrl\":\"https:\/\/ubanews.com\/site\/wp-content\/uploads\/2020\/01\/chuva-1.jpg\",\"datePublished\":\"2020-11-18T18:04:14+00:00\",\"breadcrumb\":{\"@id\":\"https:\/\/ubanews.com\/site\/2020\/11\/18\/nota-oficial-resposta-as-chuvas-de-17-11-2020\/#breadcrumb\"},\"inLanguage\":\"pt-BR\",\"potentialAction\":[{\"@type\":\"ReadAction\",\"target\":[\"https:\/\/ubanews.com\/site\/2020\/11\/18\/nota-oficial-resposta-as-chuvas-de-17-11-2020\/\"]}]},{\"@type\":\"ImageObject\",\"inLanguage\":\"pt-BR\",\"@id\":\"https:\/\/ubanews.com\/site\/2020\/11\/18\/nota-oficial-resposta-as-chuvas-de-17-11-2020\/#primaryimage\",\"url\":\"https:\/\/ubanews.com\/site\/wp-content\/uploads\/2020\/01\/chuva-1.jpg\",\"contentUrl\":\"https:\/\/ubanews.com\/site\/wp-content\/uploads\/2020\/01\/chuva-1.jpg\",\"width\":800,\"height\":389},{\"@type\":\"BreadcrumbList\",\"@id\":\"https:\/\/ubanews.com\/site\/2020\/11\/18\/nota-oficial-resposta-as-chuvas-de-17-11-2020\/#breadcrumb\",\"itemListElement\":[{\"@type\":\"ListItem\",\"position\":1,\"name\":\"Home\",\"item\":\"https:\/\/ubanews.com\/site\/\"},{\"@type\":\"ListItem\",\"position\":2,\"name\":\"Nota Oficial &#8211; Resposta \u00e0s chuvas de 17\/11\/2020\"}]},{\"@type\":\"WebSite\",\"@id\":\"https:\/\/ubanews.com\/site\/#website\",\"url\":\"https:\/\/ubanews.com\/site\/\",\"name\":\"Ub\u00e1 News\",\"description\":\"\",\"publisher\":{\"@id\":\"https:\/\/ubanews.com\/site\/#organization\"},\"potentialAction\":[{\"@type\":\"SearchAction\",\"target\":{\"@type\":\"EntryPoint\",\"urlTemplate\":\"https:\/\/ubanews.com\/site\/?s={search_term_string}\"},\"query-input\":{\"@type\":\"PropertyValueSpecification\",\"valueRequired\":true,\"valueName\":\"search_term_string\"}}],\"inLanguage\":\"pt-BR\"},{\"@type\":\"Organization\",\"@id\":\"https:\/\/ubanews.com\/site\/#organization\",\"name\":\"Ub\u00e1 News\",\"url\":\"https:\/\/ubanews.com\/site\/\",\"logo\":{\"@type\":\"ImageObject\",\"inLanguage\":\"pt-BR\",\"@id\":\"https:\/\/ubanews.com\/site\/#\/schema\/logo\/image\/\",\"url\":\"https:\/\/ubanews.com\/site\/wp-content\/uploads\/2018\/01\/logoubanews.png\",\"contentUrl\":\"https:\/\/ubanews.com\/site\/wp-content\/uploads\/2018\/01\/logoubanews.png\",\"width\":261,\"height\":99,\"caption\":\"Ub\u00e1 News\"},\"image\":{\"@id\":\"https:\/\/ubanews.com\/site\/#\/schema\/logo\/image\/\"},\"sameAs\":[\"https:\/\/www.facebook.com\/Ub\u00e1News-Carlos-Roberto-Sodr\u00e9-418778301977370\"]},{\"@type\":\"Person\",\"@id\":\"https:\/\/ubanews.com\/site\/#\/schema\/person\/d90c9e47252fbb63dcc969fe4c8b9d10\",\"name\":\"Sodr\u00e9\",\"image\":{\"@type\":\"ImageObject\",\"inLanguage\":\"pt-BR\",\"@id\":\"https:\/\/secure.gravatar.com\/avatar\/5ba2793f0590b9dbfad3fdec4ee714485b3eef211c9b32ee53d414060454a56c?s=96&d=mm&r=g\",\"url\":\"https:\/\/secure.gravatar.com\/avatar\/5ba2793f0590b9dbfad3fdec4ee714485b3eef211c9b32ee53d414060454a56c?s=96&d=mm&r=g\",\"contentUrl\":\"https:\/\/secure.gravatar.com\/avatar\/5ba2793f0590b9dbfad3fdec4ee714485b3eef211c9b32ee53d414060454a56c?s=96&d=mm&r=g\",\"caption\":\"Sodr\u00e9\"},\"sameAs\":[\"https:\/\/www.facebook.com\/carosroberto.sodre.5\/\"],\"url\":\"https:\/\/ubanews.com\/site\/author\/felipe\/\"}]}<\/script>\n<!-- \/ Yoast SEO plugin. -->","yoast_head_json":{"title":"Nota Oficial - Resposta \u00e0s chuvas de 17\/11\/2020 - Ub\u00e1 News","robots":{"index":"index","follow":"follow","max-snippet":"max-snippet:-1","max-image-preview":"max-image-preview:large","max-video-preview":"max-video-preview:-1"},"canonical":"https:\/\/ubanews.com\/site\/2020\/11\/18\/nota-oficial-resposta-as-chuvas-de-17-11-2020\/","og_locale":"pt_BR","og_type":"article","og_title":"Nota Oficial - Resposta \u00e0s chuvas de 17\/11\/2020 - Ub\u00e1 News","og_description":"A Coordenadoria Municipal de Defesa Civil informa que o munic\u00edpio","og_url":"https:\/\/ubanews.com\/site\/2020\/11\/18\/nota-oficial-resposta-as-chuvas-de-17-11-2020\/","og_site_name":"Ub\u00e1 News","article_publisher":"https:\/\/www.facebook.com\/Ub%c3%a1News-Carlos-Roberto-Sodr%c3%a9-418778301977370","article_author":"https:\/\/www.facebook.com\/carosroberto.sodre.5\/","article_published_time":"2020-11-18T18:04:14+00:00","og_image":[{"width":800,"height":389,"url":"https:\/\/ubanews.com\/site\/wp-content\/uploads\/2020\/01\/chuva-1.jpg","type":"image\/jpeg"}],"author":"Sodr\u00e9","twitter_card":"summary_large_image","twitter_misc":{"Escrito por":"Sodr\u00e9","Est. tempo de leitura":"2 minutos"},"schema":{"@context":"https:\/\/schema.org","@graph":[{"@type":"Article","@id":"https:\/\/ubanews.com\/site\/2020\/11\/18\/nota-oficial-resposta-as-chuvas-de-17-11-2020\/#article","isPartOf":{"@id":"https:\/\/ubanews.com\/site\/2020\/11\/18\/nota-oficial-resposta-as-chuvas-de-17-11-2020\/"},"author":{"name":"Sodr\u00e9","@id":"https:\/\/ubanews.com\/site\/#\/schema\/person\/d90c9e47252fbb63dcc969fe4c8b9d10"},"headline":"Nota Oficial &#8211; Resposta \u00e0s chuvas de 17\/11\/2020","datePublished":"2020-11-18T18:04:14+00:00","mainEntityOfPage":{"@id":"https:\/\/ubanews.com\/site\/2020\/11\/18\/nota-oficial-resposta-as-chuvas-de-17-11-2020\/"},"wordCount":314,"commentCount":0,"publisher":{"@id":"https:\/\/ubanews.com\/site\/#organization"},"image":{"@id":"https:\/\/ubanews.com\/site\/2020\/11\/18\/nota-oficial-resposta-as-chuvas-de-17-11-2020\/#primaryimage"},"thumbnailUrl":"https:\/\/ubanews.com\/site\/wp-content\/uploads\/2020\/01\/chuva-1.jpg","articleSection":["Prefeitura Municipal"],"inLanguage":"pt-BR","potentialAction":[{"@type":"CommentAction","name":"Comment","target":["https:\/\/ubanews.com\/site\/2020\/11\/18\/nota-oficial-resposta-as-chuvas-de-17-11-2020\/#respond"]}]},{"@type":"WebPage","@id":"https:\/\/ubanews.com\/site\/2020\/11\/18\/nota-oficial-resposta-as-chuvas-de-17-11-2020\/","url":"https:\/\/ubanews.com\/site\/2020\/11\/18\/nota-oficial-resposta-as-chuvas-de-17-11-2020\/","name":"Nota Oficial - Resposta \u00e0s chuvas de 17\/11\/2020 - Ub\u00e1 News","isPartOf":{"@id":"https:\/\/ubanews.com\/site\/#website"},"primaryImageOfPage":{"@id":"https:\/\/ubanews.com\/site\/2020\/11\/18\/nota-oficial-resposta-as-chuvas-de-17-11-2020\/#primaryimage"},"image":{"@id":"https:\/\/ubanews.com\/site\/2020\/11\/18\/nota-oficial-resposta-as-chuvas-de-17-11-2020\/#primaryimage"},"thumbnailUrl":"https:\/\/ubanews.com\/site\/wp-content\/uploads\/2020\/01\/chuva-1.jpg","datePublished":"2020-11-18T18:04:14+00:00","breadcrumb":{"@id":"https:\/\/ubanews.com\/site\/2020\/11\/18\/nota-oficial-resposta-as-chuvas-de-17-11-2020\/#breadcrumb"},"inLanguage":"pt-BR","potentialAction":[{"@type":"ReadAction","target":["https:\/\/ubanews.com\/site\/2020\/11\/18\/nota-oficial-resposta-as-chuvas-de-17-11-2020\/"]}]},{"@type":"ImageObject","inLanguage":"pt-BR","@id":"https:\/\/ubanews.com\/site\/2020\/11\/18\/nota-oficial-resposta-as-chuvas-de-17-11-2020\/#primaryimage","url":"https:\/\/ubanews.com\/site\/wp-content\/uploads\/2020\/01\/chuva-1.jpg","contentUrl":"https:\/\/ubanews.com\/site\/wp-content\/uploads\/2020\/01\/chuva-1.jpg","width":800,"height":389},{"@type":"BreadcrumbList","@id":"https:\/\/ubanews.com\/site\/2020\/11\/18\/nota-oficial-resposta-as-chuvas-de-17-11-2020\/#breadcrumb","itemListElement":[{"@type":"ListItem","position":1,"name":"Home","item":"https:\/\/ubanews.com\/site\/"},{"@type":"ListItem","position":2,"name":"Nota Oficial &#8211; Resposta \u00e0s chuvas de 17\/11\/2020"}]},{"@type":"WebSite","@id":"https:\/\/ubanews.com\/site\/#website","url":"https:\/\/ubanews.com\/site\/","name":"Ub\u00e1 News","description":"","publisher":{"@id":"https:\/\/ubanews.com\/site\/#organization"},"potentialAction":[{"@type":"SearchAction","target":{"@type":"EntryPoint","urlTemplate":"https:\/\/ubanews.com\/site\/?s={search_term_string}"},"query-input":{"@type":"PropertyValueSpecification","valueRequired":true,"valueName":"search_term_string"}}],"inLanguage":"pt-BR"},{"@type":"Organization","@id":"https:\/\/ubanews.com\/site\/#organization","name":"Ub\u00e1 News","url":"https:\/\/ubanews.com\/site\/","logo":{"@type":"ImageObject","inLanguage":"pt-BR","@id":"https:\/\/ubanews.com\/site\/#\/schema\/logo\/image\/","url":"https:\/\/ubanews.com\/site\/wp-content\/uploads\/2018\/01\/logoubanews.png","contentUrl":"https:\/\/ubanews.com\/site\/wp-content\/uploads\/2018\/01\/logoubanews.png","width":261,"height":99,"caption":"Ub\u00e1 News"},"image":{"@id":"https:\/\/ubanews.com\/site\/#\/schema\/logo\/image\/"},"sameAs":["https:\/\/www.facebook.com\/Ub\u00e1News-Carlos-Roberto-Sodr\u00e9-418778301977370"]},{"@type":"Person","@id":"https:\/\/ubanews.com\/site\/#\/schema\/person\/d90c9e47252fbb63dcc969fe4c8b9d10","name":"Sodr\u00e9","image":{"@type":"ImageObject","inLanguage":"pt-BR","@id":"https:\/\/secure.gravatar.com\/avatar\/5ba2793f0590b9dbfad3fdec4ee714485b3eef211c9b32ee53d414060454a56c?s=96&d=mm&r=g","url":"https:\/\/secure.gravatar.com\/avatar\/5ba2793f0590b9dbfad3fdec4ee714485b3eef211c9b32ee53d414060454a56c?s=96&d=mm&r=g","contentUrl":"https:\/\/secure.gravatar.com\/avatar\/5ba2793f0590b9dbfad3fdec4ee714485b3eef211c9b32ee53d414060454a56c?s=96&d=mm&r=g","caption":"Sodr\u00e9"},"sameAs":["https:\/\/www.facebook.com\/carosroberto.sodre.5\/"],"url":"https:\/\/ubanews.com\/site\/author\/felipe\/"}]}},"_links":{"self":[{"href":"https:\/\/ubanews.com\/site\/wp-json\/wp\/v2\/posts\/18817","targetHints":{"allow":["GET"]}}],"collection":[{"href":"https:\/\/ubanews.com\/site\/wp-json\/wp\/v2\/posts"}],"about":[{"href":"https:\/\/ubanews.com\/site\/wp-json\/wp\/v2\/types\/post"}],"author":[{"embeddable":true,"href":"https:\/\/ubanews.com\/site\/wp-json\/wp\/v2\/users\/2"}],"replies":[{"embeddable":true,"href":"https:\/\/ubanews.com\/site\/wp-json\/wp\/v2\/comments?post=18817"}],"version-history":[{"count":0,"href":"https:\/\/ubanews.com\/site\/wp-json\/wp\/v2\/posts\/18817\/revisions"}],"wp:featuredmedia":[{"embeddable":true,"href":"https:\/\/ubanews.com\/site\/wp-json\/wp\/v2\/media\/14796"}],"wp:attachment":[{"href":"https:\/\/ubanews.com\/site\/wp-json\/wp\/v2\/media?parent=18817"}],"wp:term":[{"taxonomy":"category","embeddable":true,"href":"https:\/\/ubanews.com\/site\/wp-json\/wp\/v2\/categories?post=18817"},{"taxonomy":"post_tag","embeddable":true,"href":"https:\/\/ubanews.com\/site\/wp-json\/wp\/v2\/tags?post=18817"}],"curies":[{"name":"wp","href":"https:\/\/api.w.org\/{rel}","templated":true}]}}