{"id":18806,"date":"2020-11-17T18:05:57","date_gmt":"2020-11-17T21:05:57","guid":{"rendered":"http:\/\/ubanews.com\/site\/?p=18806"},"modified":"2020-11-17T18:05:57","modified_gmt":"2020-11-17T21:05:57","slug":"cadastramento-escolar-para-vagas-a-partir-do-ensino-fundamental","status":"publish","type":"post","link":"https:\/\/ubanews.com\/site\/2020\/11\/17\/cadastramento-escolar-para-vagas-a-partir-do-ensino-fundamental\/","title":{"rendered":"Cadastramento escolar para vagas a partir do Ensino Fundamental"},"content":{"rendered":"<div><span style=\"font-family: arial, sans-serif; font-size: 1.0625rem;\">A Secretaria de Educa\u00e7\u00e3o realiza at\u00e9 o dia 11 de dezembro o cadastro escolar dos estudantes para uma vaga&nbsp;a partir do 1\u00ba Ano do Ensino Fundamental, nas escolas da rede municipal de ensino para 2021. Neste ano, o cadastramento ser\u00e1 efetuado em parceria com a Secretaria de Estado de Educa\u00e7\u00e3o de Minas Gerais atrav\u00e9s do Sistema \u00danico de Cadastro e Encaminhamento para Matr\u00edcula (SUCEM).<\/span><\/div>\n<div>\n<p align=\"justify\"><span style=\"font-family: arial, sans-serif;\">O cadastramento ser\u00e1 online atrav\u00e9s do endere\u00e7o&nbsp;<a href=\"https:\/\/cadastroescolar.educacao.mg.gov.br\/\" target=\"_blank\" rel=\"noopener\" data-saferedirecturl=\"https:\/\/www.google.com\/url?q=https:\/\/cadastroescolar.educacao.mg.gov.br\/&amp;source=gmail&amp;ust=1605732436675000&amp;usg=AFQjCNGWGGk1MoA5nrWQ_m112yg4zDZ8Wg\">www.cadastroescolar.<wbr>educacao.mg.gov.br<\/a>. Caso pais e\/ou respons\u00e1veis n\u00e3o possuam meios digitais para o cadastro escolar, eles devem procurar as escolas p\u00fablicas (municipais ou estaduais) para realizar a inscri\u00e7\u00e3o, adotando todas as medidas de seguran\u00e7a: uso de m\u00e1scara, distanciamento social, \u00e1lcool em gel, a fim de evitar a transmiss\u00e3o da covid-19.<\/span><\/p>\n<p align=\"justify\"><span style=\"font-family: arial, sans-serif;\">&nbsp;<div id=\"metaslider-id-17652\" style=\"max-width: 1000px;\" class=\"ml-slider-3-106-0 metaslider metaslider-nivo metaslider-17652 ml-slider ms-theme-outline\" role=\"region\" aria-label=\"Texto\" data-height=\"200\" data-width=\"1000\">\n    <div id=\"metaslider_container_17652\">\n        <div class='slider-wrapper theme-default'><div class='ribbon'><\/div><div id='metaslider_17652' class='nivoSlider'><\/div><\/div>\n        \n    <\/div>\n<\/div><\/span><\/p>\n<p align=\"justify\"><strong><span style=\"font-family: arial, sans-serif;\">Quem deve se cadastrar no SUCEM?<\/span><\/strong><\/p>\n<p align=\"justify\"><span style=\"font-family: arial, sans-serif;\">&#8211; candidatos (alunos) \u00e0s vagas no ensino fundamental e ensino m\u00e9dio para ingresso no ano de 2021 na rede p\u00fablica de ensino de Minas Gerais, especificamente:<\/span><\/p>\n<p align=\"justify\"><span style=\"font-family: arial, sans-serif;\">&#8211; crian\u00e7a com 6 (seis) anos de idade completos ou a completar at\u00e9 31 de mar\u00e7o de 2021, assegurando-se, excepcionalmente o direito de continuidade e prosseguimento de estudos sem reten\u00e7\u00e3o aos alunos que se encontravam matriculados e frequentando institui\u00e7\u00f5es de educa\u00e7\u00e3o infantil (Resolu\u00e7\u00e3o CNE\/CEB n\u00ba 2\/2018);<\/span><\/p>\n<p align=\"justify\"><span style=\"font-family: arial, sans-serif;\">&#8211; alunos que ir\u00e3o ingressar nos demais anos de escolaridade da educa\u00e7\u00e3o b\u00e1sica, advindo de outras redes que n\u00e3o a rede municipal Ub\u00e1;<\/span><\/p>\n<p align=\"justify\"><span style=\"font-family: arial, sans-serif;\">&#8211; estudantes j\u00e1 matriculados na rede p\u00fablica em 2020, mas em escola que n\u00e3o oferecer\u00e1 em 2021 o n\u00edvel de ensino ou ano de escolaridade subsequente, exemplo: 5\u00ba Ano para 6\u00ba Ano;<\/span><\/p>\n<p align=\"justify\"><span style=\"font-family: arial, sans-serif;\">&#8211; p\u00fablico que pretenda retornar aos estudos, incluindo ensino fundamental, ensino m\u00e9dio e EJA;<\/span><\/p>\n<p align=\"justify\"><span style=\"font-family: arial, sans-serif;\">&#8211; estudantes j\u00e1 matriculados na rede p\u00fablica do Estado ou do Munic\u00edpio, mas n\u00e3o renovou matr\u00edcula por algum motivo.<\/span><\/p>\n<p align=\"justify\"><span style=\"font-family: arial, sans-serif;\">&nbsp;<\/span><\/p>\n<p align=\"justify\"><span style=\"font-family: arial, sans-serif;\">Como deve ser feita a inscri\u00e7\u00e3o no SUCEM?<\/span><\/p>\n<p align=\"justify\"><span style=\"font-family: arial, sans-serif;\">A inscri\u00e7\u00e3o \u00e9 online, no endere\u00e7o:&nbsp;<a href=\"http:\/\/cadastroescolar.educacao.mg.gov.br\/\" target=\"_blank\" rel=\"noopener\" data-saferedirecturl=\"https:\/\/www.google.com\/url?q=http:\/\/cadastroescolar.educacao.mg.gov.br&amp;source=gmail&amp;ust=1605732436675000&amp;usg=AFQjCNFUAd26sOOsoNa2Az_lgDgzid8S0A\">cadastroescolar.educacao.mg.<wbr>gov.br<\/a>&nbsp;e deve ser feita at\u00e9 o dia 11 de dezembro de 2020. No ato da inscri\u00e7\u00e3o no SUCEM \u00e9 necess\u00e1rio preencher diversas informa\u00e7\u00f5es relativas aos estudantes. Dentre elas:<\/span><\/p>\n<p align=\"justify\"><span style=\"font-family: arial, sans-serif;\">&#8211; Informa\u00e7\u00f5es sobre a certid\u00e3o de nascimento do candidato\/aluno (livro, folha, termo, registro, Munic\u00edpio onde foi lavradas a Certid\u00e3o de Nascimento e a unidade federativa do cart\u00f3rio);<\/span><\/p>\n<p align=\"justify\"><span style=\"font-family: arial, sans-serif;\">&#8211; Endere\u00e7o completo com CEP;<\/span><\/p>\n<p align=\"justify\"><span style=\"font-family: arial, sans-serif;\">&#8211; N\u00famero da carteira de identidade, com \u00f3rg\u00e3o expedidor, e do CPF, se o candidato\/aluno possuir;<\/span><\/p>\n<p align=\"justify\"><span style=\"font-family: arial, sans-serif;\">&#8211; N\u00famero da carteira de identidade, com \u00f3rg\u00e3o expedidor, e do CPF, do respons\u00e1vel legal;<\/span><\/p>\n<p align=\"justify\"><span style=\"font-family: arial, sans-serif;\">&#8211; No ato da inscri\u00e7\u00e3o, o respons\u00e1vel deve indicar at\u00e9 3 escolas, dentro do zoneamento escolar (escolas pr\u00f3ximas \u00e0 resid\u00eancia do aluno). A exce\u00e7\u00e3o ao zoneamento se d\u00e1 no cadastramento para escola estadual de tempo integral e EJA.<\/span><\/p>\n<\/div>\n","protected":false},"excerpt":{"rendered":"<p>A Secretaria de Educa\u00e7\u00e3o realiza at\u00e9 o dia 11 de<\/p>\n","protected":false},"author":2,"featured_media":18807,"comment_status":"open","ping_status":"open","sticky":false,"template":"","format":"standard","meta":{"footnotes":""},"categories":[15],"tags":[],"class_list":["post-18806","post","type-post","status-publish","format-standard","has-post-thumbnail","hentry","category-prefeitura-municipal"],"yoast_head":"<!-- This site is optimized with the Yoast SEO plugin v27.2 - https:\/\/yoast.com\/product\/yoast-seo-wordpress\/ -->\n<title>Cadastramento escolar para vagas a partir do Ensino Fundamental - Ub\u00e1 News<\/title>\n<meta name=\"robots\" content=\"index, follow, max-snippet:-1, max-image-preview:large, max-video-preview:-1\" \/>\n<link rel=\"canonical\" href=\"https:\/\/ubanews.com\/site\/2020\/11\/17\/cadastramento-escolar-para-vagas-a-partir-do-ensino-fundamental\/\" \/>\n<meta property=\"og:locale\" content=\"pt_BR\" \/>\n<meta property=\"og:type\" content=\"article\" \/>\n<meta property=\"og:title\" content=\"Cadastramento escolar para vagas a partir do Ensino Fundamental - Ub\u00e1 News\" \/>\n<meta property=\"og:description\" content=\"A Secretaria de Educa\u00e7\u00e3o realiza at\u00e9 o dia 11 de\" \/>\n<meta property=\"og:url\" content=\"https:\/\/ubanews.com\/site\/2020\/11\/17\/cadastramento-escolar-para-vagas-a-partir-do-ensino-fundamental\/\" \/>\n<meta property=\"og:site_name\" content=\"Ub\u00e1 News\" \/>\n<meta property=\"article:publisher\" content=\"https:\/\/www.facebook.com\/Ub%c3%a1News-Carlos-Roberto-Sodr%c3%a9-418778301977370\" \/>\n<meta property=\"article:author\" content=\"https:\/\/www.facebook.com\/carosroberto.sodre.5\/\" \/>\n<meta property=\"article:published_time\" content=\"2020-11-17T21:05:57+00:00\" \/>\n<meta property=\"og:image\" content=\"https:\/\/ubanews.com\/site\/wp-content\/uploads\/2020\/11\/Cadastramento-Escolar-Ensino-Fundamental.jpg\" \/>\n\t<meta property=\"og:image:width\" content=\"1000\" \/>\n\t<meta property=\"og:image:height\" content=\"500\" \/>\n\t<meta property=\"og:image:type\" content=\"image\/jpeg\" \/>\n<meta name=\"author\" content=\"Sodr\u00e9\" \/>\n<meta name=\"twitter:card\" content=\"summary_large_image\" \/>\n<meta name=\"twitter:label1\" content=\"Escrito por\" \/>\n\t<meta name=\"twitter:data1\" content=\"Sodr\u00e9\" \/>\n\t<meta name=\"twitter:label2\" content=\"Est. tempo de leitura\" \/>\n\t<meta name=\"twitter:data2\" content=\"2 minutos\" \/>\n<script type=\"application\/ld+json\" class=\"yoast-schema-graph\">{\"@context\":\"https:\/\/schema.org\",\"@graph\":[{\"@type\":\"Article\",\"@id\":\"https:\/\/ubanews.com\/site\/2020\/11\/17\/cadastramento-escolar-para-vagas-a-partir-do-ensino-fundamental\/#article\",\"isPartOf\":{\"@id\":\"https:\/\/ubanews.com\/site\/2020\/11\/17\/cadastramento-escolar-para-vagas-a-partir-do-ensino-fundamental\/\"},\"author\":{\"name\":\"Sodr\u00e9\",\"@id\":\"https:\/\/ubanews.com\/site\/#\/schema\/person\/d90c9e47252fbb63dcc969fe4c8b9d10\"},\"headline\":\"Cadastramento escolar para vagas a partir do Ensino Fundamental\",\"datePublished\":\"2020-11-17T21:05:57+00:00\",\"mainEntityOfPage\":{\"@id\":\"https:\/\/ubanews.com\/site\/2020\/11\/17\/cadastramento-escolar-para-vagas-a-partir-do-ensino-fundamental\/\"},\"wordCount\":498,\"commentCount\":0,\"publisher\":{\"@id\":\"https:\/\/ubanews.com\/site\/#organization\"},\"image\":{\"@id\":\"https:\/\/ubanews.com\/site\/2020\/11\/17\/cadastramento-escolar-para-vagas-a-partir-do-ensino-fundamental\/#primaryimage\"},\"thumbnailUrl\":\"https:\/\/ubanews.com\/site\/wp-content\/uploads\/2020\/11\/Cadastramento-Escolar-Ensino-Fundamental.jpg\",\"articleSection\":[\"Prefeitura Municipal\"],\"inLanguage\":\"pt-BR\",\"potentialAction\":[{\"@type\":\"CommentAction\",\"name\":\"Comment\",\"target\":[\"https:\/\/ubanews.com\/site\/2020\/11\/17\/cadastramento-escolar-para-vagas-a-partir-do-ensino-fundamental\/#respond\"]}]},{\"@type\":\"WebPage\",\"@id\":\"https:\/\/ubanews.com\/site\/2020\/11\/17\/cadastramento-escolar-para-vagas-a-partir-do-ensino-fundamental\/\",\"url\":\"https:\/\/ubanews.com\/site\/2020\/11\/17\/cadastramento-escolar-para-vagas-a-partir-do-ensino-fundamental\/\",\"name\":\"Cadastramento escolar para vagas a partir do Ensino Fundamental - Ub\u00e1 News\",\"isPartOf\":{\"@id\":\"https:\/\/ubanews.com\/site\/#website\"},\"primaryImageOfPage\":{\"@id\":\"https:\/\/ubanews.com\/site\/2020\/11\/17\/cadastramento-escolar-para-vagas-a-partir-do-ensino-fundamental\/#primaryimage\"},\"image\":{\"@id\":\"https:\/\/ubanews.com\/site\/2020\/11\/17\/cadastramento-escolar-para-vagas-a-partir-do-ensino-fundamental\/#primaryimage\"},\"thumbnailUrl\":\"https:\/\/ubanews.com\/site\/wp-content\/uploads\/2020\/11\/Cadastramento-Escolar-Ensino-Fundamental.jpg\",\"datePublished\":\"2020-11-17T21:05:57+00:00\",\"breadcrumb\":{\"@id\":\"https:\/\/ubanews.com\/site\/2020\/11\/17\/cadastramento-escolar-para-vagas-a-partir-do-ensino-fundamental\/#breadcrumb\"},\"inLanguage\":\"pt-BR\",\"potentialAction\":[{\"@type\":\"ReadAction\",\"target\":[\"https:\/\/ubanews.com\/site\/2020\/11\/17\/cadastramento-escolar-para-vagas-a-partir-do-ensino-fundamental\/\"]}]},{\"@type\":\"ImageObject\",\"inLanguage\":\"pt-BR\",\"@id\":\"https:\/\/ubanews.com\/site\/2020\/11\/17\/cadastramento-escolar-para-vagas-a-partir-do-ensino-fundamental\/#primaryimage\",\"url\":\"https:\/\/ubanews.com\/site\/wp-content\/uploads\/2020\/11\/Cadastramento-Escolar-Ensino-Fundamental.jpg\",\"contentUrl\":\"https:\/\/ubanews.com\/site\/wp-content\/uploads\/2020\/11\/Cadastramento-Escolar-Ensino-Fundamental.jpg\",\"width\":1000,\"height\":500},{\"@type\":\"BreadcrumbList\",\"@id\":\"https:\/\/ubanews.com\/site\/2020\/11\/17\/cadastramento-escolar-para-vagas-a-partir-do-ensino-fundamental\/#breadcrumb\",\"itemListElement\":[{\"@type\":\"ListItem\",\"position\":1,\"name\":\"Home\",\"item\":\"https:\/\/ubanews.com\/site\/\"},{\"@type\":\"ListItem\",\"position\":2,\"name\":\"Cadastramento escolar para vagas a partir do Ensino Fundamental\"}]},{\"@type\":\"WebSite\",\"@id\":\"https:\/\/ubanews.com\/site\/#website\",\"url\":\"https:\/\/ubanews.com\/site\/\",\"name\":\"Ub\u00e1 News\",\"description\":\"\",\"publisher\":{\"@id\":\"https:\/\/ubanews.com\/site\/#organization\"},\"potentialAction\":[{\"@type\":\"SearchAction\",\"target\":{\"@type\":\"EntryPoint\",\"urlTemplate\":\"https:\/\/ubanews.com\/site\/?s={search_term_string}\"},\"query-input\":{\"@type\":\"PropertyValueSpecification\",\"valueRequired\":true,\"valueName\":\"search_term_string\"}}],\"inLanguage\":\"pt-BR\"},{\"@type\":\"Organization\",\"@id\":\"https:\/\/ubanews.com\/site\/#organization\",\"name\":\"Ub\u00e1 News\",\"url\":\"https:\/\/ubanews.com\/site\/\",\"logo\":{\"@type\":\"ImageObject\",\"inLanguage\":\"pt-BR\",\"@id\":\"https:\/\/ubanews.com\/site\/#\/schema\/logo\/image\/\",\"url\":\"https:\/\/ubanews.com\/site\/wp-content\/uploads\/2018\/01\/logoubanews.png\",\"contentUrl\":\"https:\/\/ubanews.com\/site\/wp-content\/uploads\/2018\/01\/logoubanews.png\",\"width\":261,\"height\":99,\"caption\":\"Ub\u00e1 News\"},\"image\":{\"@id\":\"https:\/\/ubanews.com\/site\/#\/schema\/logo\/image\/\"},\"sameAs\":[\"https:\/\/www.facebook.com\/Ub\u00e1News-Carlos-Roberto-Sodr\u00e9-418778301977370\"]},{\"@type\":\"Person\",\"@id\":\"https:\/\/ubanews.com\/site\/#\/schema\/person\/d90c9e47252fbb63dcc969fe4c8b9d10\",\"name\":\"Sodr\u00e9\",\"image\":{\"@type\":\"ImageObject\",\"inLanguage\":\"pt-BR\",\"@id\":\"https:\/\/secure.gravatar.com\/avatar\/5ba2793f0590b9dbfad3fdec4ee714485b3eef211c9b32ee53d414060454a56c?s=96&d=mm&r=g\",\"url\":\"https:\/\/secure.gravatar.com\/avatar\/5ba2793f0590b9dbfad3fdec4ee714485b3eef211c9b32ee53d414060454a56c?s=96&d=mm&r=g\",\"contentUrl\":\"https:\/\/secure.gravatar.com\/avatar\/5ba2793f0590b9dbfad3fdec4ee714485b3eef211c9b32ee53d414060454a56c?s=96&d=mm&r=g\",\"caption\":\"Sodr\u00e9\"},\"sameAs\":[\"https:\/\/www.facebook.com\/carosroberto.sodre.5\/\"],\"url\":\"https:\/\/ubanews.com\/site\/author\/felipe\/\"}]}<\/script>\n<!-- \/ Yoast SEO plugin. -->","yoast_head_json":{"title":"Cadastramento escolar para vagas a partir do Ensino Fundamental - Ub\u00e1 News","robots":{"index":"index","follow":"follow","max-snippet":"max-snippet:-1","max-image-preview":"max-image-preview:large","max-video-preview":"max-video-preview:-1"},"canonical":"https:\/\/ubanews.com\/site\/2020\/11\/17\/cadastramento-escolar-para-vagas-a-partir-do-ensino-fundamental\/","og_locale":"pt_BR","og_type":"article","og_title":"Cadastramento escolar para vagas a partir do Ensino Fundamental - Ub\u00e1 News","og_description":"A Secretaria de Educa\u00e7\u00e3o realiza at\u00e9 o dia 11 de","og_url":"https:\/\/ubanews.com\/site\/2020\/11\/17\/cadastramento-escolar-para-vagas-a-partir-do-ensino-fundamental\/","og_site_name":"Ub\u00e1 News","article_publisher":"https:\/\/www.facebook.com\/Ub%c3%a1News-Carlos-Roberto-Sodr%c3%a9-418778301977370","article_author":"https:\/\/www.facebook.com\/carosroberto.sodre.5\/","article_published_time":"2020-11-17T21:05:57+00:00","og_image":[{"width":1000,"height":500,"url":"https:\/\/ubanews.com\/site\/wp-content\/uploads\/2020\/11\/Cadastramento-Escolar-Ensino-Fundamental.jpg","type":"image\/jpeg"}],"author":"Sodr\u00e9","twitter_card":"summary_large_image","twitter_misc":{"Escrito por":"Sodr\u00e9","Est. tempo de leitura":"2 minutos"},"schema":{"@context":"https:\/\/schema.org","@graph":[{"@type":"Article","@id":"https:\/\/ubanews.com\/site\/2020\/11\/17\/cadastramento-escolar-para-vagas-a-partir-do-ensino-fundamental\/#article","isPartOf":{"@id":"https:\/\/ubanews.com\/site\/2020\/11\/17\/cadastramento-escolar-para-vagas-a-partir-do-ensino-fundamental\/"},"author":{"name":"Sodr\u00e9","@id":"https:\/\/ubanews.com\/site\/#\/schema\/person\/d90c9e47252fbb63dcc969fe4c8b9d10"},"headline":"Cadastramento escolar para vagas a partir do Ensino Fundamental","datePublished":"2020-11-17T21:05:57+00:00","mainEntityOfPage":{"@id":"https:\/\/ubanews.com\/site\/2020\/11\/17\/cadastramento-escolar-para-vagas-a-partir-do-ensino-fundamental\/"},"wordCount":498,"commentCount":0,"publisher":{"@id":"https:\/\/ubanews.com\/site\/#organization"},"image":{"@id":"https:\/\/ubanews.com\/site\/2020\/11\/17\/cadastramento-escolar-para-vagas-a-partir-do-ensino-fundamental\/#primaryimage"},"thumbnailUrl":"https:\/\/ubanews.com\/site\/wp-content\/uploads\/2020\/11\/Cadastramento-Escolar-Ensino-Fundamental.jpg","articleSection":["Prefeitura Municipal"],"inLanguage":"pt-BR","potentialAction":[{"@type":"CommentAction","name":"Comment","target":["https:\/\/ubanews.com\/site\/2020\/11\/17\/cadastramento-escolar-para-vagas-a-partir-do-ensino-fundamental\/#respond"]}]},{"@type":"WebPage","@id":"https:\/\/ubanews.com\/site\/2020\/11\/17\/cadastramento-escolar-para-vagas-a-partir-do-ensino-fundamental\/","url":"https:\/\/ubanews.com\/site\/2020\/11\/17\/cadastramento-escolar-para-vagas-a-partir-do-ensino-fundamental\/","name":"Cadastramento escolar para vagas a partir do Ensino Fundamental - Ub\u00e1 News","isPartOf":{"@id":"https:\/\/ubanews.com\/site\/#website"},"primaryImageOfPage":{"@id":"https:\/\/ubanews.com\/site\/2020\/11\/17\/cadastramento-escolar-para-vagas-a-partir-do-ensino-fundamental\/#primaryimage"},"image":{"@id":"https:\/\/ubanews.com\/site\/2020\/11\/17\/cadastramento-escolar-para-vagas-a-partir-do-ensino-fundamental\/#primaryimage"},"thumbnailUrl":"https:\/\/ubanews.com\/site\/wp-content\/uploads\/2020\/11\/Cadastramento-Escolar-Ensino-Fundamental.jpg","datePublished":"2020-11-17T21:05:57+00:00","breadcrumb":{"@id":"https:\/\/ubanews.com\/site\/2020\/11\/17\/cadastramento-escolar-para-vagas-a-partir-do-ensino-fundamental\/#breadcrumb"},"inLanguage":"pt-BR","potentialAction":[{"@type":"ReadAction","target":["https:\/\/ubanews.com\/site\/2020\/11\/17\/cadastramento-escolar-para-vagas-a-partir-do-ensino-fundamental\/"]}]},{"@type":"ImageObject","inLanguage":"pt-BR","@id":"https:\/\/ubanews.com\/site\/2020\/11\/17\/cadastramento-escolar-para-vagas-a-partir-do-ensino-fundamental\/#primaryimage","url":"https:\/\/ubanews.com\/site\/wp-content\/uploads\/2020\/11\/Cadastramento-Escolar-Ensino-Fundamental.jpg","contentUrl":"https:\/\/ubanews.com\/site\/wp-content\/uploads\/2020\/11\/Cadastramento-Escolar-Ensino-Fundamental.jpg","width":1000,"height":500},{"@type":"BreadcrumbList","@id":"https:\/\/ubanews.com\/site\/2020\/11\/17\/cadastramento-escolar-para-vagas-a-partir-do-ensino-fundamental\/#breadcrumb","itemListElement":[{"@type":"ListItem","position":1,"name":"Home","item":"https:\/\/ubanews.com\/site\/"},{"@type":"ListItem","position":2,"name":"Cadastramento escolar para vagas a partir do Ensino Fundamental"}]},{"@type":"WebSite","@id":"https:\/\/ubanews.com\/site\/#website","url":"https:\/\/ubanews.com\/site\/","name":"Ub\u00e1 News","description":"","publisher":{"@id":"https:\/\/ubanews.com\/site\/#organization"},"potentialAction":[{"@type":"SearchAction","target":{"@type":"EntryPoint","urlTemplate":"https:\/\/ubanews.com\/site\/?s={search_term_string}"},"query-input":{"@type":"PropertyValueSpecification","valueRequired":true,"valueName":"search_term_string"}}],"inLanguage":"pt-BR"},{"@type":"Organization","@id":"https:\/\/ubanews.com\/site\/#organization","name":"Ub\u00e1 News","url":"https:\/\/ubanews.com\/site\/","logo":{"@type":"ImageObject","inLanguage":"pt-BR","@id":"https:\/\/ubanews.com\/site\/#\/schema\/logo\/image\/","url":"https:\/\/ubanews.com\/site\/wp-content\/uploads\/2018\/01\/logoubanews.png","contentUrl":"https:\/\/ubanews.com\/site\/wp-content\/uploads\/2018\/01\/logoubanews.png","width":261,"height":99,"caption":"Ub\u00e1 News"},"image":{"@id":"https:\/\/ubanews.com\/site\/#\/schema\/logo\/image\/"},"sameAs":["https:\/\/www.facebook.com\/Ub\u00e1News-Carlos-Roberto-Sodr\u00e9-418778301977370"]},{"@type":"Person","@id":"https:\/\/ubanews.com\/site\/#\/schema\/person\/d90c9e47252fbb63dcc969fe4c8b9d10","name":"Sodr\u00e9","image":{"@type":"ImageObject","inLanguage":"pt-BR","@id":"https:\/\/secure.gravatar.com\/avatar\/5ba2793f0590b9dbfad3fdec4ee714485b3eef211c9b32ee53d414060454a56c?s=96&d=mm&r=g","url":"https:\/\/secure.gravatar.com\/avatar\/5ba2793f0590b9dbfad3fdec4ee714485b3eef211c9b32ee53d414060454a56c?s=96&d=mm&r=g","contentUrl":"https:\/\/secure.gravatar.com\/avatar\/5ba2793f0590b9dbfad3fdec4ee714485b3eef211c9b32ee53d414060454a56c?s=96&d=mm&r=g","caption":"Sodr\u00e9"},"sameAs":["https:\/\/www.facebook.com\/carosroberto.sodre.5\/"],"url":"https:\/\/ubanews.com\/site\/author\/felipe\/"}]}},"_links":{"self":[{"href":"https:\/\/ubanews.com\/site\/wp-json\/wp\/v2\/posts\/18806","targetHints":{"allow":["GET"]}}],"collection":[{"href":"https:\/\/ubanews.com\/site\/wp-json\/wp\/v2\/posts"}],"about":[{"href":"https:\/\/ubanews.com\/site\/wp-json\/wp\/v2\/types\/post"}],"author":[{"embeddable":true,"href":"https:\/\/ubanews.com\/site\/wp-json\/wp\/v2\/users\/2"}],"replies":[{"embeddable":true,"href":"https:\/\/ubanews.com\/site\/wp-json\/wp\/v2\/comments?post=18806"}],"version-history":[{"count":0,"href":"https:\/\/ubanews.com\/site\/wp-json\/wp\/v2\/posts\/18806\/revisions"}],"wp:featuredmedia":[{"embeddable":true,"href":"https:\/\/ubanews.com\/site\/wp-json\/wp\/v2\/media\/18807"}],"wp:attachment":[{"href":"https:\/\/ubanews.com\/site\/wp-json\/wp\/v2\/media?parent=18806"}],"wp:term":[{"taxonomy":"category","embeddable":true,"href":"https:\/\/ubanews.com\/site\/wp-json\/wp\/v2\/categories?post=18806"},{"taxonomy":"post_tag","embeddable":true,"href":"https:\/\/ubanews.com\/site\/wp-json\/wp\/v2\/tags?post=18806"}],"curies":[{"name":"wp","href":"https:\/\/api.w.org\/{rel}","templated":true}]}}