{"id":18805,"date":"2020-11-17T18:00:07","date_gmt":"2020-11-17T21:00:07","guid":{"rendered":"http:\/\/ubanews.com\/site\/?p=18805"},"modified":"2020-11-17T18:00:07","modified_gmt":"2020-11-17T21:00:07","slug":"boletim-epidemiologico-do-municipio-de-rodeiro-sobre-coronavirus-atualizado-em-17-11-2020","status":"publish","type":"post","link":"https:\/\/ubanews.com\/site\/2020\/11\/17\/boletim-epidemiologico-do-municipio-de-rodeiro-sobre-coronavirus-atualizado-em-17-11-2020\/","title":{"rendered":"Boletim Epidemiolo\u0301gico do Munici\u0301pio de Rodeiro sobre coronavi\u0301rus, atualizado em 17\/11\/2020."},"content":{"rendered":"<div class=\"kvgmc6g5 cxmmr5t8 oygrvhab hcukyx3x c1et5uql ii04i59q\">\n<div dir=\"auto\"><span style=\"font-size: 1.0625rem;\">A Secretaria de Sa\u00fade informa a descri\u00e7\u00e3o dos pacientes que testaram positivo para covid-19 e est\u00e3o sendo monitorados pela equipe de sa\u00fade.<\/span><\/div>\n<\/div>\n<div class=\"o9v6fnle cxmmr5t8 oygrvhab hcukyx3x c1et5uql ii04i59q\">\n<div dir=\"auto\">Caso 192: Paciente do sexo masculino faixa et\u00e1ria de 25 a 30 anos.<\/div>\n<div dir=\"auto\">Caso 193: Paciente do sexo masculino faixa et\u00e1ria de 20 a 25 anos.<\/div>\n<div dir=\"auto\">Caso 194: Paciente do sexo feminino faixa et\u00e1ria de 30 a 35 anos.<\/div>\n<div dir=\"auto\">Caso 195: Paciente do sexo masculino faixa et\u00e1ria de 70 a 75 anos.<\/div>\n<div dir=\"auto\">Caso 196: Paciente do sexo feminino faixa et\u00e1ria de 70 a 71 anos.<\/div>\n<div dir=\"auto\">Caso 197: Paciente do sexo feminino faixa et\u00e1ria de 40 a 45 anos.<\/div>\n<div dir=\"auto\">Caso 198: Paciente do sexo feminino faixa et\u00e1ria de 40 a 45 anos.<\/div>\n<div dir=\"auto\">Caso 199: Paciente do sexo feminino faixa et\u00e1ria de 25 a 30 anos.<\/div>\n<div dir=\"auto\">Caso 200: Paciente do sexo feminino faixa et\u00e1ria de 10a 15 anos.<\/div>\n<div dir=\"auto\">Caso 201: Paciente do sexo feminino faixa et\u00e1ria de 20 a 24 anos.<\/div>\n<div dir=\"auto\">Caso 202: Paciente do sexo masculino faixa et\u00e1ria de 30 a 35 anos.<\/div>\n<\/div>\n<div class=\"o9v6fnle cxmmr5t8 oygrvhab hcukyx3x c1et5uql ii04i59q\">\n<div dir=\"auto\">Informamos que dos 202 casos que testaram positivo para covid-19, 190 pacientes se recuperaram cumpriram o isolamento domiciliar e passam bem. 11 pacientes est\u00e3o sendo monitorados pela equipe de sa\u00fade, 1 caso veio a \u00f3bito.<\/div>\n<\/div>\n<div class=\"o9v6fnle cxmmr5t8 oygrvhab hcukyx3x c1et5uql ii04i59q\">\n<div dir=\"auto\">A luta contra o coronav\u00edrus ainda n\u00e3o acabou. Vamos redobrar os cuidados de preven\u00e7\u00e3o. Lavar as m\u00e3os com frequ\u00eancia com \u00e1gua e sab\u00e3o ou usar \u00e1lcool em gel 70%.<\/div>\n<\/div>\n<div class=\"o9v6fnle cxmmr5t8 oygrvhab hcukyx3x c1et5uql ii04i59q\">\n<div dir=\"auto\">Mantenha o distanciamento social e caso seja necess\u00e1rio sair de casa, use m\u00e1scara. Essas medidas s\u00e3o essenciais para combater a doen\u00e7a. Fa\u00e7a a sua parte!<\/div>\n<\/div>\n<div dir=\"auto\">&nbsp;<\/div>\n<div dir=\"auto\"><strong>Assessoria de Comunica\u00e7\u00e3o Prefeitura de Rodeiro<\/strong><\/div>\n","protected":false},"excerpt":{"rendered":"<p>A Secretaria de Sa\u00fade informa a descri\u00e7\u00e3o dos pacientes que<\/p>\n","protected":false},"author":2,"featured_media":16697,"comment_status":"open","ping_status":"open","sticky":false,"template":"","format":"standard","meta":{"footnotes":""},"categories":[15],"tags":[],"class_list":["post-18805","post","type-post","status-publish","format-standard","has-post-thumbnail","hentry","category-prefeitura-municipal"],"yoast_head":"<!-- This site is optimized with the Yoast SEO plugin v27.2 - https:\/\/yoast.com\/product\/yoast-seo-wordpress\/ -->\n<title>Boletim Epidemiolo\u0301gico do Munici\u0301pio de Rodeiro sobre coronavi\u0301rus, atualizado em 17\/11\/2020. - Ub\u00e1 News<\/title>\n<meta name=\"robots\" content=\"index, follow, max-snippet:-1, max-image-preview:large, max-video-preview:-1\" \/>\n<link rel=\"canonical\" href=\"https:\/\/ubanews.com\/site\/2020\/11\/17\/boletim-epidemiologico-do-municipio-de-rodeiro-sobre-coronavirus-atualizado-em-17-11-2020\/\" \/>\n<meta property=\"og:locale\" content=\"pt_BR\" \/>\n<meta property=\"og:type\" content=\"article\" \/>\n<meta property=\"og:title\" content=\"Boletim Epidemiolo\u0301gico do Munici\u0301pio de Rodeiro sobre coronavi\u0301rus, atualizado em 17\/11\/2020. - Ub\u00e1 News\" \/>\n<meta property=\"og:description\" content=\"A Secretaria de Sa\u00fade informa a descri\u00e7\u00e3o dos pacientes que\" \/>\n<meta property=\"og:url\" content=\"https:\/\/ubanews.com\/site\/2020\/11\/17\/boletim-epidemiologico-do-municipio-de-rodeiro-sobre-coronavirus-atualizado-em-17-11-2020\/\" \/>\n<meta property=\"og:site_name\" content=\"Ub\u00e1 News\" \/>\n<meta property=\"article:publisher\" content=\"https:\/\/www.facebook.com\/Ub%c3%a1News-Carlos-Roberto-Sodr%c3%a9-418778301977370\" \/>\n<meta property=\"article:author\" content=\"https:\/\/www.facebook.com\/carosroberto.sodre.5\/\" \/>\n<meta property=\"article:published_time\" content=\"2020-11-17T21:00:07+00:00\" \/>\n<meta property=\"og:image\" content=\"https:\/\/ubanews.com\/site\/wp-content\/uploads\/2020\/05\/Rodeiro.jpg\" \/>\n\t<meta property=\"og:image:width\" content=\"1000\" \/>\n\t<meta property=\"og:image:height\" content=\"500\" \/>\n\t<meta property=\"og:image:type\" content=\"image\/jpeg\" \/>\n<meta name=\"author\" content=\"Sodr\u00e9\" \/>\n<meta name=\"twitter:card\" content=\"summary_large_image\" \/>\n<meta name=\"twitter:label1\" content=\"Escrito por\" \/>\n\t<meta name=\"twitter:data1\" content=\"Sodr\u00e9\" \/>\n\t<meta name=\"twitter:label2\" content=\"Est. tempo de leitura\" \/>\n\t<meta name=\"twitter:data2\" content=\"1 minuto\" \/>\n<script type=\"application\/ld+json\" class=\"yoast-schema-graph\">{\"@context\":\"https:\/\/schema.org\",\"@graph\":[{\"@type\":\"Article\",\"@id\":\"https:\/\/ubanews.com\/site\/2020\/11\/17\/boletim-epidemiologico-do-municipio-de-rodeiro-sobre-coronavirus-atualizado-em-17-11-2020\/#article\",\"isPartOf\":{\"@id\":\"https:\/\/ubanews.com\/site\/2020\/11\/17\/boletim-epidemiologico-do-municipio-de-rodeiro-sobre-coronavirus-atualizado-em-17-11-2020\/\"},\"author\":{\"name\":\"Sodr\u00e9\",\"@id\":\"https:\/\/ubanews.com\/site\/#\/schema\/person\/d90c9e47252fbb63dcc969fe4c8b9d10\"},\"headline\":\"Boletim Epidemiolo\u0301gico do Munici\u0301pio de Rodeiro sobre coronavi\u0301rus, atualizado em 17\/11\/2020.\",\"datePublished\":\"2020-11-17T21:00:07+00:00\",\"mainEntityOfPage\":{\"@id\":\"https:\/\/ubanews.com\/site\/2020\/11\/17\/boletim-epidemiologico-do-municipio-de-rodeiro-sobre-coronavirus-atualizado-em-17-11-2020\/\"},\"wordCount\":265,\"commentCount\":0,\"publisher\":{\"@id\":\"https:\/\/ubanews.com\/site\/#organization\"},\"image\":{\"@id\":\"https:\/\/ubanews.com\/site\/2020\/11\/17\/boletim-epidemiologico-do-municipio-de-rodeiro-sobre-coronavirus-atualizado-em-17-11-2020\/#primaryimage\"},\"thumbnailUrl\":\"https:\/\/ubanews.com\/site\/wp-content\/uploads\/2020\/05\/Rodeiro.jpg\",\"articleSection\":[\"Prefeitura Municipal\"],\"inLanguage\":\"pt-BR\",\"potentialAction\":[{\"@type\":\"CommentAction\",\"name\":\"Comment\",\"target\":[\"https:\/\/ubanews.com\/site\/2020\/11\/17\/boletim-epidemiologico-do-municipio-de-rodeiro-sobre-coronavirus-atualizado-em-17-11-2020\/#respond\"]}]},{\"@type\":\"WebPage\",\"@id\":\"https:\/\/ubanews.com\/site\/2020\/11\/17\/boletim-epidemiologico-do-municipio-de-rodeiro-sobre-coronavirus-atualizado-em-17-11-2020\/\",\"url\":\"https:\/\/ubanews.com\/site\/2020\/11\/17\/boletim-epidemiologico-do-municipio-de-rodeiro-sobre-coronavirus-atualizado-em-17-11-2020\/\",\"name\":\"Boletim Epidemiolo\u0301gico do Munici\u0301pio de Rodeiro sobre coronavi\u0301rus, atualizado em 17\/11\/2020. - Ub\u00e1 News\",\"isPartOf\":{\"@id\":\"https:\/\/ubanews.com\/site\/#website\"},\"primaryImageOfPage\":{\"@id\":\"https:\/\/ubanews.com\/site\/2020\/11\/17\/boletim-epidemiologico-do-municipio-de-rodeiro-sobre-coronavirus-atualizado-em-17-11-2020\/#primaryimage\"},\"image\":{\"@id\":\"https:\/\/ubanews.com\/site\/2020\/11\/17\/boletim-epidemiologico-do-municipio-de-rodeiro-sobre-coronavirus-atualizado-em-17-11-2020\/#primaryimage\"},\"thumbnailUrl\":\"https:\/\/ubanews.com\/site\/wp-content\/uploads\/2020\/05\/Rodeiro.jpg\",\"datePublished\":\"2020-11-17T21:00:07+00:00\",\"breadcrumb\":{\"@id\":\"https:\/\/ubanews.com\/site\/2020\/11\/17\/boletim-epidemiologico-do-municipio-de-rodeiro-sobre-coronavirus-atualizado-em-17-11-2020\/#breadcrumb\"},\"inLanguage\":\"pt-BR\",\"potentialAction\":[{\"@type\":\"ReadAction\",\"target\":[\"https:\/\/ubanews.com\/site\/2020\/11\/17\/boletim-epidemiologico-do-municipio-de-rodeiro-sobre-coronavirus-atualizado-em-17-11-2020\/\"]}]},{\"@type\":\"ImageObject\",\"inLanguage\":\"pt-BR\",\"@id\":\"https:\/\/ubanews.com\/site\/2020\/11\/17\/boletim-epidemiologico-do-municipio-de-rodeiro-sobre-coronavirus-atualizado-em-17-11-2020\/#primaryimage\",\"url\":\"https:\/\/ubanews.com\/site\/wp-content\/uploads\/2020\/05\/Rodeiro.jpg\",\"contentUrl\":\"https:\/\/ubanews.com\/site\/wp-content\/uploads\/2020\/05\/Rodeiro.jpg\",\"width\":1000,\"height\":500},{\"@type\":\"BreadcrumbList\",\"@id\":\"https:\/\/ubanews.com\/site\/2020\/11\/17\/boletim-epidemiologico-do-municipio-de-rodeiro-sobre-coronavirus-atualizado-em-17-11-2020\/#breadcrumb\",\"itemListElement\":[{\"@type\":\"ListItem\",\"position\":1,\"name\":\"Home\",\"item\":\"https:\/\/ubanews.com\/site\/\"},{\"@type\":\"ListItem\",\"position\":2,\"name\":\"Boletim Epidemiolo\u0301gico do Munici\u0301pio de Rodeiro sobre coronavi\u0301rus, atualizado em 17\/11\/2020.\"}]},{\"@type\":\"WebSite\",\"@id\":\"https:\/\/ubanews.com\/site\/#website\",\"url\":\"https:\/\/ubanews.com\/site\/\",\"name\":\"Ub\u00e1 News\",\"description\":\"\",\"publisher\":{\"@id\":\"https:\/\/ubanews.com\/site\/#organization\"},\"potentialAction\":[{\"@type\":\"SearchAction\",\"target\":{\"@type\":\"EntryPoint\",\"urlTemplate\":\"https:\/\/ubanews.com\/site\/?s={search_term_string}\"},\"query-input\":{\"@type\":\"PropertyValueSpecification\",\"valueRequired\":true,\"valueName\":\"search_term_string\"}}],\"inLanguage\":\"pt-BR\"},{\"@type\":\"Organization\",\"@id\":\"https:\/\/ubanews.com\/site\/#organization\",\"name\":\"Ub\u00e1 News\",\"url\":\"https:\/\/ubanews.com\/site\/\",\"logo\":{\"@type\":\"ImageObject\",\"inLanguage\":\"pt-BR\",\"@id\":\"https:\/\/ubanews.com\/site\/#\/schema\/logo\/image\/\",\"url\":\"https:\/\/ubanews.com\/site\/wp-content\/uploads\/2018\/01\/logoubanews.png\",\"contentUrl\":\"https:\/\/ubanews.com\/site\/wp-content\/uploads\/2018\/01\/logoubanews.png\",\"width\":261,\"height\":99,\"caption\":\"Ub\u00e1 News\"},\"image\":{\"@id\":\"https:\/\/ubanews.com\/site\/#\/schema\/logo\/image\/\"},\"sameAs\":[\"https:\/\/www.facebook.com\/Ub\u00e1News-Carlos-Roberto-Sodr\u00e9-418778301977370\"]},{\"@type\":\"Person\",\"@id\":\"https:\/\/ubanews.com\/site\/#\/schema\/person\/d90c9e47252fbb63dcc969fe4c8b9d10\",\"name\":\"Sodr\u00e9\",\"image\":{\"@type\":\"ImageObject\",\"inLanguage\":\"pt-BR\",\"@id\":\"https:\/\/secure.gravatar.com\/avatar\/5ba2793f0590b9dbfad3fdec4ee714485b3eef211c9b32ee53d414060454a56c?s=96&d=mm&r=g\",\"url\":\"https:\/\/secure.gravatar.com\/avatar\/5ba2793f0590b9dbfad3fdec4ee714485b3eef211c9b32ee53d414060454a56c?s=96&d=mm&r=g\",\"contentUrl\":\"https:\/\/secure.gravatar.com\/avatar\/5ba2793f0590b9dbfad3fdec4ee714485b3eef211c9b32ee53d414060454a56c?s=96&d=mm&r=g\",\"caption\":\"Sodr\u00e9\"},\"sameAs\":[\"https:\/\/www.facebook.com\/carosroberto.sodre.5\/\"],\"url\":\"https:\/\/ubanews.com\/site\/author\/felipe\/\"}]}<\/script>\n<!-- \/ Yoast SEO plugin. -->","yoast_head_json":{"title":"Boletim Epidemiolo\u0301gico do Munici\u0301pio de Rodeiro sobre coronavi\u0301rus, atualizado em 17\/11\/2020. - Ub\u00e1 News","robots":{"index":"index","follow":"follow","max-snippet":"max-snippet:-1","max-image-preview":"max-image-preview:large","max-video-preview":"max-video-preview:-1"},"canonical":"https:\/\/ubanews.com\/site\/2020\/11\/17\/boletim-epidemiologico-do-municipio-de-rodeiro-sobre-coronavirus-atualizado-em-17-11-2020\/","og_locale":"pt_BR","og_type":"article","og_title":"Boletim Epidemiolo\u0301gico do Munici\u0301pio de Rodeiro sobre coronavi\u0301rus, atualizado em 17\/11\/2020. - Ub\u00e1 News","og_description":"A Secretaria de Sa\u00fade informa a descri\u00e7\u00e3o dos pacientes que","og_url":"https:\/\/ubanews.com\/site\/2020\/11\/17\/boletim-epidemiologico-do-municipio-de-rodeiro-sobre-coronavirus-atualizado-em-17-11-2020\/","og_site_name":"Ub\u00e1 News","article_publisher":"https:\/\/www.facebook.com\/Ub%c3%a1News-Carlos-Roberto-Sodr%c3%a9-418778301977370","article_author":"https:\/\/www.facebook.com\/carosroberto.sodre.5\/","article_published_time":"2020-11-17T21:00:07+00:00","og_image":[{"width":1000,"height":500,"url":"https:\/\/ubanews.com\/site\/wp-content\/uploads\/2020\/05\/Rodeiro.jpg","type":"image\/jpeg"}],"author":"Sodr\u00e9","twitter_card":"summary_large_image","twitter_misc":{"Escrito por":"Sodr\u00e9","Est. tempo de leitura":"1 minuto"},"schema":{"@context":"https:\/\/schema.org","@graph":[{"@type":"Article","@id":"https:\/\/ubanews.com\/site\/2020\/11\/17\/boletim-epidemiologico-do-municipio-de-rodeiro-sobre-coronavirus-atualizado-em-17-11-2020\/#article","isPartOf":{"@id":"https:\/\/ubanews.com\/site\/2020\/11\/17\/boletim-epidemiologico-do-municipio-de-rodeiro-sobre-coronavirus-atualizado-em-17-11-2020\/"},"author":{"name":"Sodr\u00e9","@id":"https:\/\/ubanews.com\/site\/#\/schema\/person\/d90c9e47252fbb63dcc969fe4c8b9d10"},"headline":"Boletim Epidemiolo\u0301gico do Munici\u0301pio de Rodeiro sobre coronavi\u0301rus, atualizado em 17\/11\/2020.","datePublished":"2020-11-17T21:00:07+00:00","mainEntityOfPage":{"@id":"https:\/\/ubanews.com\/site\/2020\/11\/17\/boletim-epidemiologico-do-municipio-de-rodeiro-sobre-coronavirus-atualizado-em-17-11-2020\/"},"wordCount":265,"commentCount":0,"publisher":{"@id":"https:\/\/ubanews.com\/site\/#organization"},"image":{"@id":"https:\/\/ubanews.com\/site\/2020\/11\/17\/boletim-epidemiologico-do-municipio-de-rodeiro-sobre-coronavirus-atualizado-em-17-11-2020\/#primaryimage"},"thumbnailUrl":"https:\/\/ubanews.com\/site\/wp-content\/uploads\/2020\/05\/Rodeiro.jpg","articleSection":["Prefeitura Municipal"],"inLanguage":"pt-BR","potentialAction":[{"@type":"CommentAction","name":"Comment","target":["https:\/\/ubanews.com\/site\/2020\/11\/17\/boletim-epidemiologico-do-municipio-de-rodeiro-sobre-coronavirus-atualizado-em-17-11-2020\/#respond"]}]},{"@type":"WebPage","@id":"https:\/\/ubanews.com\/site\/2020\/11\/17\/boletim-epidemiologico-do-municipio-de-rodeiro-sobre-coronavirus-atualizado-em-17-11-2020\/","url":"https:\/\/ubanews.com\/site\/2020\/11\/17\/boletim-epidemiologico-do-municipio-de-rodeiro-sobre-coronavirus-atualizado-em-17-11-2020\/","name":"Boletim Epidemiolo\u0301gico do Munici\u0301pio de Rodeiro sobre coronavi\u0301rus, atualizado em 17\/11\/2020. - Ub\u00e1 News","isPartOf":{"@id":"https:\/\/ubanews.com\/site\/#website"},"primaryImageOfPage":{"@id":"https:\/\/ubanews.com\/site\/2020\/11\/17\/boletim-epidemiologico-do-municipio-de-rodeiro-sobre-coronavirus-atualizado-em-17-11-2020\/#primaryimage"},"image":{"@id":"https:\/\/ubanews.com\/site\/2020\/11\/17\/boletim-epidemiologico-do-municipio-de-rodeiro-sobre-coronavirus-atualizado-em-17-11-2020\/#primaryimage"},"thumbnailUrl":"https:\/\/ubanews.com\/site\/wp-content\/uploads\/2020\/05\/Rodeiro.jpg","datePublished":"2020-11-17T21:00:07+00:00","breadcrumb":{"@id":"https:\/\/ubanews.com\/site\/2020\/11\/17\/boletim-epidemiologico-do-municipio-de-rodeiro-sobre-coronavirus-atualizado-em-17-11-2020\/#breadcrumb"},"inLanguage":"pt-BR","potentialAction":[{"@type":"ReadAction","target":["https:\/\/ubanews.com\/site\/2020\/11\/17\/boletim-epidemiologico-do-municipio-de-rodeiro-sobre-coronavirus-atualizado-em-17-11-2020\/"]}]},{"@type":"ImageObject","inLanguage":"pt-BR","@id":"https:\/\/ubanews.com\/site\/2020\/11\/17\/boletim-epidemiologico-do-municipio-de-rodeiro-sobre-coronavirus-atualizado-em-17-11-2020\/#primaryimage","url":"https:\/\/ubanews.com\/site\/wp-content\/uploads\/2020\/05\/Rodeiro.jpg","contentUrl":"https:\/\/ubanews.com\/site\/wp-content\/uploads\/2020\/05\/Rodeiro.jpg","width":1000,"height":500},{"@type":"BreadcrumbList","@id":"https:\/\/ubanews.com\/site\/2020\/11\/17\/boletim-epidemiologico-do-municipio-de-rodeiro-sobre-coronavirus-atualizado-em-17-11-2020\/#breadcrumb","itemListElement":[{"@type":"ListItem","position":1,"name":"Home","item":"https:\/\/ubanews.com\/site\/"},{"@type":"ListItem","position":2,"name":"Boletim Epidemiolo\u0301gico do Munici\u0301pio de Rodeiro sobre coronavi\u0301rus, atualizado em 17\/11\/2020."}]},{"@type":"WebSite","@id":"https:\/\/ubanews.com\/site\/#website","url":"https:\/\/ubanews.com\/site\/","name":"Ub\u00e1 News","description":"","publisher":{"@id":"https:\/\/ubanews.com\/site\/#organization"},"potentialAction":[{"@type":"SearchAction","target":{"@type":"EntryPoint","urlTemplate":"https:\/\/ubanews.com\/site\/?s={search_term_string}"},"query-input":{"@type":"PropertyValueSpecification","valueRequired":true,"valueName":"search_term_string"}}],"inLanguage":"pt-BR"},{"@type":"Organization","@id":"https:\/\/ubanews.com\/site\/#organization","name":"Ub\u00e1 News","url":"https:\/\/ubanews.com\/site\/","logo":{"@type":"ImageObject","inLanguage":"pt-BR","@id":"https:\/\/ubanews.com\/site\/#\/schema\/logo\/image\/","url":"https:\/\/ubanews.com\/site\/wp-content\/uploads\/2018\/01\/logoubanews.png","contentUrl":"https:\/\/ubanews.com\/site\/wp-content\/uploads\/2018\/01\/logoubanews.png","width":261,"height":99,"caption":"Ub\u00e1 News"},"image":{"@id":"https:\/\/ubanews.com\/site\/#\/schema\/logo\/image\/"},"sameAs":["https:\/\/www.facebook.com\/Ub\u00e1News-Carlos-Roberto-Sodr\u00e9-418778301977370"]},{"@type":"Person","@id":"https:\/\/ubanews.com\/site\/#\/schema\/person\/d90c9e47252fbb63dcc969fe4c8b9d10","name":"Sodr\u00e9","image":{"@type":"ImageObject","inLanguage":"pt-BR","@id":"https:\/\/secure.gravatar.com\/avatar\/5ba2793f0590b9dbfad3fdec4ee714485b3eef211c9b32ee53d414060454a56c?s=96&d=mm&r=g","url":"https:\/\/secure.gravatar.com\/avatar\/5ba2793f0590b9dbfad3fdec4ee714485b3eef211c9b32ee53d414060454a56c?s=96&d=mm&r=g","contentUrl":"https:\/\/secure.gravatar.com\/avatar\/5ba2793f0590b9dbfad3fdec4ee714485b3eef211c9b32ee53d414060454a56c?s=96&d=mm&r=g","caption":"Sodr\u00e9"},"sameAs":["https:\/\/www.facebook.com\/carosroberto.sodre.5\/"],"url":"https:\/\/ubanews.com\/site\/author\/felipe\/"}]}},"_links":{"self":[{"href":"https:\/\/ubanews.com\/site\/wp-json\/wp\/v2\/posts\/18805","targetHints":{"allow":["GET"]}}],"collection":[{"href":"https:\/\/ubanews.com\/site\/wp-json\/wp\/v2\/posts"}],"about":[{"href":"https:\/\/ubanews.com\/site\/wp-json\/wp\/v2\/types\/post"}],"author":[{"embeddable":true,"href":"https:\/\/ubanews.com\/site\/wp-json\/wp\/v2\/users\/2"}],"replies":[{"embeddable":true,"href":"https:\/\/ubanews.com\/site\/wp-json\/wp\/v2\/comments?post=18805"}],"version-history":[{"count":0,"href":"https:\/\/ubanews.com\/site\/wp-json\/wp\/v2\/posts\/18805\/revisions"}],"wp:featuredmedia":[{"embeddable":true,"href":"https:\/\/ubanews.com\/site\/wp-json\/wp\/v2\/media\/16697"}],"wp:attachment":[{"href":"https:\/\/ubanews.com\/site\/wp-json\/wp\/v2\/media?parent=18805"}],"wp:term":[{"taxonomy":"category","embeddable":true,"href":"https:\/\/ubanews.com\/site\/wp-json\/wp\/v2\/categories?post=18805"},{"taxonomy":"post_tag","embeddable":true,"href":"https:\/\/ubanews.com\/site\/wp-json\/wp\/v2\/tags?post=18805"}],"curies":[{"name":"wp","href":"https:\/\/api.w.org\/{rel}","templated":true}]}}