{"id":18566,"date":"2020-10-14T11:57:06","date_gmt":"2020-10-14T14:57:06","guid":{"rendered":"http:\/\/ubanews.com\/site\/?p=18566"},"modified":"2020-10-14T11:57:06","modified_gmt":"2020-10-14T14:57:06","slug":"trecho-da-beira-rio-sera-interditada-temporariamente-a-partir-das-12h30-do-dia-14-de-outubro","status":"publish","type":"post","link":"https:\/\/ubanews.com\/site\/2020\/10\/14\/trecho-da-beira-rio-sera-interditada-temporariamente-a-partir-das-12h30-do-dia-14-de-outubro\/","title":{"rendered":"TRECHO DA BEIRA RIO SER\u00c1 INTERDITADA  TEMPORARIAMENTE A PARTIR DAS 12H30 DO DIA 14 DE OUTUBRO"},"content":{"rendered":"<p>A Prefeitura de Ub\u00e1 informa que o tr\u00e2nsito da Av. Comendador Jacinto Soares de Souza Lima (Beira-rio), a partir da ponte do Posto D&#8217; Lucca (rua Coronel Bernardino Carneiro), ser\u00e1 interditado emergencialmente, hoje (14), a partir das 12h30, em raz\u00e3o da obra de recupera\u00e7\u00e3o p\u00f3s enchente realizada pr\u00f3ximo a Ponte da Bandeira (em frente ao dep\u00f3sito de g\u00e1s). Visando resguardar a seguran\u00e7a durante a execu\u00e7\u00e3o dos servi\u00e7os, ser\u00e1 necess\u00e1rio interromper temporariamente o tr\u00e1fego de ve\u00edculos no local. Moradores e usu\u00e1rios de garagem neste trecho ter\u00e3o acesso permitido. A previs\u00e3o \u00e9 que a interdi\u00e7\u00e3o dure cerca de 10 dias.<\/p>\n<p>A Ponte da Bandeira n\u00e3o ser\u00e1 afetada, e seguir\u00e1 com tr\u00e2nsito normal.<\/p>\n<p>Alternativa<br \/>\nPara quem segue pela Beira-Rio ou pela Rua Coronel Bernardino Carneiro em dire\u00e7\u00e3o a Ponte da Bandeira: Ser\u00e1 necess\u00e1rio atravessar a ponte do Posto D&#8217;Lucca, acessar a Av. Governador Valadares e descer pela rua da Bandeira.<\/p>\n<p>A Divis\u00e3o de Tr\u00e2nsito orienta aos condutores que dirijam com cautela e respeitem a sinaliza\u00e7\u00e3o.<\/p>\n<p><strong>Assessoria de Comunica\u00e7\u00e3o Prefeitura de Ub\u00e1<\/strong><\/p>\n","protected":false},"excerpt":{"rendered":"<p>A Prefeitura de Ub\u00e1 informa que o tr\u00e2nsito da Av.<\/p>\n","protected":false},"author":2,"featured_media":18567,"comment_status":"open","ping_status":"open","sticky":false,"template":"","format":"standard","meta":{"footnotes":""},"categories":[15],"tags":[],"class_list":["post-18566","post","type-post","status-publish","format-standard","has-post-thumbnail","hentry","category-prefeitura-municipal"],"_links":{"self":[{"href":"https:\/\/ubanews.com\/site\/wp-json\/wp\/v2\/posts\/18566","targetHints":{"allow":["GET"]}}],"collection":[{"href":"https:\/\/ubanews.com\/site\/wp-json\/wp\/v2\/posts"}],"about":[{"href":"https:\/\/ubanews.com\/site\/wp-json\/wp\/v2\/types\/post"}],"author":[{"embeddable":true,"href":"https:\/\/ubanews.com\/site\/wp-json\/wp\/v2\/users\/2"}],"replies":[{"embeddable":true,"href":"https:\/\/ubanews.com\/site\/wp-json\/wp\/v2\/comments?post=18566"}],"version-history":[{"count":0,"href":"https:\/\/ubanews.com\/site\/wp-json\/wp\/v2\/posts\/18566\/revisions"}],"wp:featuredmedia":[{"embeddable":true,"href":"https:\/\/ubanews.com\/site\/wp-json\/wp\/v2\/media\/18567"}],"wp:attachment":[{"href":"https:\/\/ubanews.com\/site\/wp-json\/wp\/v2\/media?parent=18566"}],"wp:term":[{"taxonomy":"category","embeddable":true,"href":"https:\/\/ubanews.com\/site\/wp-json\/wp\/v2\/categories?post=18566"},{"taxonomy":"post_tag","embeddable":true,"href":"https:\/\/ubanews.com\/site\/wp-json\/wp\/v2\/tags?post=18566"}],"curies":[{"name":"wp","href":"https:\/\/api.w.org\/{rel}","templated":true}]}}